{"id":63657,"date":"2023-02-07T09:08:48","date_gmt":"2023-02-07T12:08:48","guid":{"rendered":"https:\/\/dana.com.br\/canaldana\/?p=63657"},"modified":"2023-02-07T09:08:48","modified_gmt":"2023-02-07T12:08:48","slug":"vendas-do-setor-de-maquinas-e-equipamentos-caem-59-em-2022","status":"publish","type":"post","link":"https:\/\/dana.com.br\/canaldana\/2023\/02\/07\/vendas-do-setor-de-maquinas-e-equipamentos-caem-59-em-2022\/","title":{"rendered":"Vendas do setor de m\u00e1quinas e equipamentos caem 5,9% em 2022"},"content":{"rendered":"<p><em>Portal Borracha Atual<\/em><\/p>\n<p>&nbsp;<\/p>\n<p>Em dezembro de 2022 a ind\u00fastria brasileira de m\u00e1quinas e equipamentos registrou nova queda na sua receita l\u00edquida de venda em rela\u00e7\u00e3o ao mesmo m\u00eas do ano anterior, a s\u00e9tima consecutiva neste tipo de an\u00e1lise. Com isso, no ano de 2022, o setor registrou queda de 5,9% nas vendas. A ind\u00fastria de m\u00e1quinas iniciou o ano com queda da ordem de 4% nas vendas, na ocasi\u00e3o havia a expectativa de arrefecimento do quadro na segunda metade do ano, o que n\u00e3o se confirmou. O \u00faltimo semestre, e mais intensamente o \u00faltimo trimestre do ano, veio acompanhado de onda de incertezas que reduziu ainda mais as vendas m\u00e1quinas e equipamentos.<\/p>\n<p>&nbsp;<\/p>\n<p><strong>Receita l\u00edquida<\/strong><\/p>\n<p>&nbsp;<\/p>\n<p>No \u00faltimo m\u00eas do ano, at\u00e9 mesmo as exporta\u00e7\u00f5es de m\u00e1quinas e equipamentos, com boa performance em quantidade de vendas ao longo do ano, contribu\u00edram negativamente nos resultados medidos em reais pelo setor (-1,2%). J\u00e1 as vendas no mercado interno, embora tenham reduzido a queda em rela\u00e7\u00e3o ao in\u00edcio do ano, ficaram 7% abaixo no n\u00edvel de 2021. Com este resultado, o setor fabricante de m\u00e1quinas e equipamentos registrou queda de 5,9% nas receitas de vendas em 2022, interrompendo o ciclo de 4 anos consecutivos de crescimento que gerou a recupera\u00e7\u00e3o de 38,1% nas vendas em rela\u00e7\u00e3o a 2017, mas antes de atingir o seu melhor n\u00edvel de vendas que ocorreu no per\u00edodo 2010-2013.<\/p>\n<p>&nbsp;<\/p>\n<p><strong>Exporta\u00e7\u00f5es<\/strong><\/p>\n<p>&nbsp;<\/p>\n<p>Em dezembro de 2022 o setor exportou US$ 1,2 bilh\u00e3o em m\u00e1quinas e equipamentos, segundo maior resultado do ano. Houve em 2022 oito meses em que as vendas externas apresentam resultado superior a US$ 1 bilh\u00e3o, valores s\u00f3 observados em meados de 2012. Com isso, no ano (2022), as exporta\u00e7\u00f5es do setor atingiram US$ 12,2 bilh\u00f5es, um crescimento de 21% sobre o ano de 2021, mais de 20% da receita total do setor. No ano houve crescimento tamb\u00e9m na quantidade de bens exportadas, mas em patamar relativamente menor (6,5%).<\/p>\n<p>&nbsp;<\/p>\n<p><strong>Consumo aparente<\/strong><\/p>\n<p>&nbsp;<\/p>\n<p>A piora observada nas atividades da ind\u00fastria extrativa, de transforma\u00e7\u00e3o e tamb\u00e9m no setor agr\u00edcola em 2022, levaram a uma contra\u00e7\u00e3o nos investimentos em m\u00e1quinas e equipamentos no per\u00edodo. O consumo aparente, resultado da soma das m\u00e1quinas importadas com as produzidas localmente e direcionadas ao mercado interno, registrou queda de 6,8% em rela\u00e7\u00e3o ao ano de 2021. No m\u00eas de dezembro a queda foi da ordem de 8,3% ante o mesmo m\u00eas do ano anterior, a 12\u00aa no ano neste tipo de an\u00e1lise. No per\u00edodo as importa\u00e7\u00f5es ganharam 0,2 p.p do mercado local, passando a representar 36,9% das m\u00e1quinas consumidas no pa\u00eds. (Portal Borracha Atual)<\/p>\n","protected":false},"excerpt":{"rendered":"<p>Portal Borracha Atual &nbsp; Em dezembro de 2022 a ind\u00fastria brasileira de m\u00e1quinas e equipamentos registrou nova queda na sua receita l\u00edquida de venda em rela\u00e7\u00e3o ao mesmo m\u00eas do ano anterior, a s\u00e9tima consecutiva neste tipo de an\u00e1lise. Com isso, no ano de 2022, o setor registrou queda de 5,9% nas vendas. A ind\u00fastria\u2026 <a class=\"readmore\" href=\"https:\/\/dana.com.br\/canaldana\/2023\/02\/07\/vendas-do-setor-de-maquinas-e-equipamentos-caem-59-em-2022\/\">Leia mais \u00bb<\/a><\/p>\n","protected":false},"author":3,"featured_media":0,"comment_status":"closed","ping_status":"closed","sticky":false,"template":"","format":"standard","meta":{"_acf_changed":false,"footnotes":""},"categories":[79],"tags":[],"class_list":["post-63657","post","type-post","status-publish","format-standard","hentry","category-mercado"],"acf":[],"yoast_head":"<!-- This site is optimized with the Yoast SEO plugin v27.3 - https:\/\/yoast.com\/product\/yoast-seo-wordpress\/ -->\n<title>Vendas do setor de m\u00e1quinas e equipamentos caem 5,9% em 2022 - Canal Dana<\/title>\n<meta name=\"robots\" content=\"index, follow, max-snippet:-1, max-image-preview:large, max-video-preview:-1\" \/>\n<link rel=\"canonical\" href=\"https:\/\/dana.com.br\/canaldana\/2023\/02\/07\/vendas-do-setor-de-maquinas-e-equipamentos-caem-59-em-2022\/\" \/>\n<meta property=\"og:locale\" content=\"pt_BR\" \/>\n<meta property=\"og:type\" content=\"article\" \/>\n<meta property=\"og:title\" content=\"Vendas do setor de m\u00e1quinas e equipamentos caem 5,9% em 2022 - Canal Dana\" \/>\n<meta property=\"og:description\" content=\"Portal Borracha Atual &nbsp; Em dezembro de 2022 a ind\u00fastria brasileira de m\u00e1quinas e equipamentos registrou nova queda na sua receita l\u00edquida de venda em rela\u00e7\u00e3o ao mesmo m\u00eas do ano anterior, a s\u00e9tima consecutiva neste tipo de an\u00e1lise. Com isso, no ano de 2022, o setor registrou queda de 5,9% nas vendas. A ind\u00fastria\u2026 Leia mais \u00bb\" \/>\n<meta property=\"og:url\" content=\"https:\/\/dana.com.br\/canaldana\/2023\/02\/07\/vendas-do-setor-de-maquinas-e-equipamentos-caem-59-em-2022\/\" \/>\n<meta property=\"og:site_name\" content=\"Canal Dana\" \/>\n<meta property=\"article:published_time\" content=\"2023-02-07T12:08:48+00:00\" \/>\n<meta name=\"author\" content=\"Canal Dana\" \/>\n<meta name=\"twitter:card\" content=\"summary_large_image\" \/>\n<meta name=\"twitter:label1\" content=\"Escrito por\" \/>\n\t<meta name=\"twitter:data1\" content=\"Canal Dana\" \/>\n\t<meta name=\"twitter:label2\" content=\"Est. tempo de leitura\" \/>\n\t<meta name=\"twitter:data2\" content=\"3 minutos\" \/>\n<script type=\"application\/ld+json\" class=\"yoast-schema-graph\">{\"@context\":\"https:\\\/\\\/schema.org\",\"@graph\":[{\"@type\":\"Article\",\"@id\":\"https:\\\/\\\/dana.com.br\\\/canaldana\\\/2023\\\/02\\\/07\\\/vendas-do-setor-de-maquinas-e-equipamentos-caem-59-em-2022\\\/#article\",\"isPartOf\":{\"@id\":\"https:\\\/\\\/dana.com.br\\\/canaldana\\\/2023\\\/02\\\/07\\\/vendas-do-setor-de-maquinas-e-equipamentos-caem-59-em-2022\\\/\"},\"author\":{\"name\":\"Canal Dana\",\"@id\":\"https:\\\/\\\/dana.com.br\\\/canaldana\\\/#\\\/schema\\\/person\\\/3c21f22f56fcf3bc46b94bc60ea4fef6\"},\"headline\":\"Vendas do setor de m\u00e1quinas e equipamentos caem 5,9% em 2022\",\"datePublished\":\"2023-02-07T12:08:48+00:00\",\"mainEntityOfPage\":{\"@id\":\"https:\\\/\\\/dana.com.br\\\/canaldana\\\/2023\\\/02\\\/07\\\/vendas-do-setor-de-maquinas-e-equipamentos-caem-59-em-2022\\\/\"},\"wordCount\":462,\"articleSection\":[\"Mercado\"],\"inLanguage\":\"pt-BR\"},{\"@type\":\"WebPage\",\"@id\":\"https:\\\/\\\/dana.com.br\\\/canaldana\\\/2023\\\/02\\\/07\\\/vendas-do-setor-de-maquinas-e-equipamentos-caem-59-em-2022\\\/\",\"url\":\"https:\\\/\\\/dana.com.br\\\/canaldana\\\/2023\\\/02\\\/07\\\/vendas-do-setor-de-maquinas-e-equipamentos-caem-59-em-2022\\\/\",\"name\":\"Vendas do setor de m\u00e1quinas e equipamentos caem 5,9% em 2022 - Canal Dana\",\"isPartOf\":{\"@id\":\"https:\\\/\\\/dana.com.br\\\/canaldana\\\/#website\"},\"datePublished\":\"2023-02-07T12:08:48+00:00\",\"author\":{\"@id\":\"https:\\\/\\\/dana.com.br\\\/canaldana\\\/#\\\/schema\\\/person\\\/3c21f22f56fcf3bc46b94bc60ea4fef6\"},\"breadcrumb\":{\"@id\":\"https:\\\/\\\/dana.com.br\\\/canaldana\\\/2023\\\/02\\\/07\\\/vendas-do-setor-de-maquinas-e-equipamentos-caem-59-em-2022\\\/#breadcrumb\"},\"inLanguage\":\"pt-BR\",\"potentialAction\":[{\"@type\":\"ReadAction\",\"target\":[\"https:\\\/\\\/dana.com.br\\\/canaldana\\\/2023\\\/02\\\/07\\\/vendas-do-setor-de-maquinas-e-equipamentos-caem-59-em-2022\\\/\"]}]},{\"@type\":\"BreadcrumbList\",\"@id\":\"https:\\\/\\\/dana.com.br\\\/canaldana\\\/2023\\\/02\\\/07\\\/vendas-do-setor-de-maquinas-e-equipamentos-caem-59-em-2022\\\/#breadcrumb\",\"itemListElement\":[{\"@type\":\"ListItem\",\"position\":1,\"name\":\"Home\",\"item\":\"https:\\\/\\\/dana.com.br\\\/canaldana\\\/\"},{\"@type\":\"ListItem\",\"position\":2,\"name\":\"Mercado\",\"item\":\"https:\\\/\\\/dana.com.br\\\/canaldana\\\/mercado\\\/\"},{\"@type\":\"ListItem\",\"position\":3,\"name\":\"Vendas do setor de m\u00e1quinas e equipamentos caem 5,9% em 2022\"}]},{\"@type\":\"WebSite\",\"@id\":\"https:\\\/\\\/dana.com.br\\\/canaldana\\\/#website\",\"url\":\"https:\\\/\\\/dana.com.br\\\/canaldana\\\/\",\"name\":\"Canal Dana\",\"description\":\"Informativo com as principais not\u00edcias da ind\u00fastria automotiva\",\"potentialAction\":[{\"@type\":\"SearchAction\",\"target\":{\"@type\":\"EntryPoint\",\"urlTemplate\":\"https:\\\/\\\/dana.com.br\\\/canaldana\\\/?s={search_term_string}\"},\"query-input\":{\"@type\":\"PropertyValueSpecification\",\"valueRequired\":true,\"valueName\":\"search_term_string\"}}],\"inLanguage\":\"pt-BR\"},{\"@type\":\"Person\",\"@id\":\"https:\\\/\\\/dana.com.br\\\/canaldana\\\/#\\\/schema\\\/person\\\/3c21f22f56fcf3bc46b94bc60ea4fef6\",\"name\":\"Canal Dana\",\"image\":{\"@type\":\"ImageObject\",\"inLanguage\":\"pt-BR\",\"@id\":\"https:\\\/\\\/secure.gravatar.com\\\/avatar\\\/420aaf9278582877d9018637c6817617705899d2858d7572ef0fe59a6b6454b4?s=96&d=mm&r=g\",\"url\":\"https:\\\/\\\/secure.gravatar.com\\\/avatar\\\/420aaf9278582877d9018637c6817617705899d2858d7572ef0fe59a6b6454b4?s=96&d=mm&r=g\",\"contentUrl\":\"https:\\\/\\\/secure.gravatar.com\\\/avatar\\\/420aaf9278582877d9018637c6817617705899d2858d7572ef0fe59a6b6454b4?s=96&d=mm&r=g\",\"caption\":\"Canal Dana\"},\"url\":\"https:\\\/\\\/dana.com.br\\\/canaldana\\\/author\\\/cdeditor\\\/\"}]}<\/script>\n<!-- \/ Yoast SEO plugin. -->","yoast_head_json":{"title":"Vendas do setor de m\u00e1quinas e equipamentos caem 5,9% em 2022 - Canal Dana","robots":{"index":"index","follow":"follow","max-snippet":"max-snippet:-1","max-image-preview":"max-image-preview:large","max-video-preview":"max-video-preview:-1"},"canonical":"https:\/\/dana.com.br\/canaldana\/2023\/02\/07\/vendas-do-setor-de-maquinas-e-equipamentos-caem-59-em-2022\/","og_locale":"pt_BR","og_type":"article","og_title":"Vendas do setor de m\u00e1quinas e equipamentos caem 5,9% em 2022 - Canal Dana","og_description":"Portal Borracha Atual &nbsp; Em dezembro de 2022 a ind\u00fastria brasileira de m\u00e1quinas e equipamentos registrou nova queda na sua receita l\u00edquida de venda em rela\u00e7\u00e3o ao mesmo m\u00eas do ano anterior, a s\u00e9tima consecutiva neste tipo de an\u00e1lise. Com isso, no ano de 2022, o setor registrou queda de 5,9% nas vendas. A ind\u00fastria\u2026 Leia mais \u00bb","og_url":"https:\/\/dana.com.br\/canaldana\/2023\/02\/07\/vendas-do-setor-de-maquinas-e-equipamentos-caem-59-em-2022\/","og_site_name":"Canal Dana","article_published_time":"2023-02-07T12:08:48+00:00","author":"Canal Dana","twitter_card":"summary_large_image","twitter_misc":{"Escrito por":"Canal Dana","Est. tempo de leitura":"3 minutos"},"schema":{"@context":"https:\/\/schema.org","@graph":[{"@type":"Article","@id":"https:\/\/dana.com.br\/canaldana\/2023\/02\/07\/vendas-do-setor-de-maquinas-e-equipamentos-caem-59-em-2022\/#article","isPartOf":{"@id":"https:\/\/dana.com.br\/canaldana\/2023\/02\/07\/vendas-do-setor-de-maquinas-e-equipamentos-caem-59-em-2022\/"},"author":{"name":"Canal Dana","@id":"https:\/\/dana.com.br\/canaldana\/#\/schema\/person\/3c21f22f56fcf3bc46b94bc60ea4fef6"},"headline":"Vendas do setor de m\u00e1quinas e equipamentos caem 5,9% em 2022","datePublished":"2023-02-07T12:08:48+00:00","mainEntityOfPage":{"@id":"https:\/\/dana.com.br\/canaldana\/2023\/02\/07\/vendas-do-setor-de-maquinas-e-equipamentos-caem-59-em-2022\/"},"wordCount":462,"articleSection":["Mercado"],"inLanguage":"pt-BR"},{"@type":"WebPage","@id":"https:\/\/dana.com.br\/canaldana\/2023\/02\/07\/vendas-do-setor-de-maquinas-e-equipamentos-caem-59-em-2022\/","url":"https:\/\/dana.com.br\/canaldana\/2023\/02\/07\/vendas-do-setor-de-maquinas-e-equipamentos-caem-59-em-2022\/","name":"Vendas do setor de m\u00e1quinas e equipamentos caem 5,9% em 2022 - Canal Dana","isPartOf":{"@id":"https:\/\/dana.com.br\/canaldana\/#website"},"datePublished":"2023-02-07T12:08:48+00:00","author":{"@id":"https:\/\/dana.com.br\/canaldana\/#\/schema\/person\/3c21f22f56fcf3bc46b94bc60ea4fef6"},"breadcrumb":{"@id":"https:\/\/dana.com.br\/canaldana\/2023\/02\/07\/vendas-do-setor-de-maquinas-e-equipamentos-caem-59-em-2022\/#breadcrumb"},"inLanguage":"pt-BR","potentialAction":[{"@type":"ReadAction","target":["https:\/\/dana.com.br\/canaldana\/2023\/02\/07\/vendas-do-setor-de-maquinas-e-equipamentos-caem-59-em-2022\/"]}]},{"@type":"BreadcrumbList","@id":"https:\/\/dana.com.br\/canaldana\/2023\/02\/07\/vendas-do-setor-de-maquinas-e-equipamentos-caem-59-em-2022\/#breadcrumb","itemListElement":[{"@type":"ListItem","position":1,"name":"Home","item":"https:\/\/dana.com.br\/canaldana\/"},{"@type":"ListItem","position":2,"name":"Mercado","item":"https:\/\/dana.com.br\/canaldana\/mercado\/"},{"@type":"ListItem","position":3,"name":"Vendas do setor de m\u00e1quinas e equipamentos caem 5,9% em 2022"}]},{"@type":"WebSite","@id":"https:\/\/dana.com.br\/canaldana\/#website","url":"https:\/\/dana.com.br\/canaldana\/","name":"Canal Dana","description":"Informativo com as principais not\u00edcias da ind\u00fastria automotiva","potentialAction":[{"@type":"SearchAction","target":{"@type":"EntryPoint","urlTemplate":"https:\/\/dana.com.br\/canaldana\/?s={search_term_string}"},"query-input":{"@type":"PropertyValueSpecification","valueRequired":true,"valueName":"search_term_string"}}],"inLanguage":"pt-BR"},{"@type":"Person","@id":"https:\/\/dana.com.br\/canaldana\/#\/schema\/person\/3c21f22f56fcf3bc46b94bc60ea4fef6","name":"Canal Dana","image":{"@type":"ImageObject","inLanguage":"pt-BR","@id":"https:\/\/secure.gravatar.com\/avatar\/420aaf9278582877d9018637c6817617705899d2858d7572ef0fe59a6b6454b4?s=96&d=mm&r=g","url":"https:\/\/secure.gravatar.com\/avatar\/420aaf9278582877d9018637c6817617705899d2858d7572ef0fe59a6b6454b4?s=96&d=mm&r=g","contentUrl":"https:\/\/secure.gravatar.com\/avatar\/420aaf9278582877d9018637c6817617705899d2858d7572ef0fe59a6b6454b4?s=96&d=mm&r=g","caption":"Canal Dana"},"url":"https:\/\/dana.com.br\/canaldana\/author\/cdeditor\/"}]}},"_links":{"self":[{"href":"https:\/\/dana.com.br\/canaldana\/wp-json\/wp\/v2\/posts\/63657","targetHints":{"allow":["GET"]}}],"collection":[{"href":"https:\/\/dana.com.br\/canaldana\/wp-json\/wp\/v2\/posts"}],"about":[{"href":"https:\/\/dana.com.br\/canaldana\/wp-json\/wp\/v2\/types\/post"}],"author":[{"embeddable":true,"href":"https:\/\/dana.com.br\/canaldana\/wp-json\/wp\/v2\/users\/3"}],"replies":[{"embeddable":true,"href":"https:\/\/dana.com.br\/canaldana\/wp-json\/wp\/v2\/comments?post=63657"}],"version-history":[{"count":0,"href":"https:\/\/dana.com.br\/canaldana\/wp-json\/wp\/v2\/posts\/63657\/revisions"}],"wp:attachment":[{"href":"https:\/\/dana.com.br\/canaldana\/wp-json\/wp\/v2\/media?parent=63657"}],"wp:term":[{"taxonomy":"category","embeddable":true,"href":"https:\/\/dana.com.br\/canaldana\/wp-json\/wp\/v2\/categories?post=63657"},{"taxonomy":"post_tag","embeddable":true,"href":"https:\/\/dana.com.br\/canaldana\/wp-json\/wp\/v2\/tags?post=63657"}],"curies":[{"name":"wp","href":"https:\/\/api.w.org\/{rel}","templated":true}]}}