{"id":63647,"date":"2023-02-07T08:58:23","date_gmt":"2023-02-07T11:58:23","guid":{"rendered":"https:\/\/dana.com.br\/canaldana\/?p=63647"},"modified":"2023-02-07T08:58:23","modified_gmt":"2023-02-07T11:58:23","slug":"empresa-sao-francisco-adquire-30-onibus-urbanos-mercedes-benz","status":"publish","type":"post","link":"https:\/\/dana.com.br\/canaldana\/2023\/02\/07\/empresa-sao-francisco-adquire-30-onibus-urbanos-mercedes-benz\/","title":{"rendered":"Empresa S\u00e3o Francisco adquire 30 \u00f4nibus urbanos Mercedes-Benz"},"content":{"rendered":"<p><em>Portal R\u00e1dio \u00d4nibus<\/em><\/p>\n<p>&nbsp;<\/p>\n<p>O chassi de \u00f4nibus urbano Mercedes-Benz OF 1721 mais uma vez foi o escolhido para renova\u00e7\u00e3o de frota da Empresa S\u00e3o Francisco, operadora do Sistema Integrado de Mobilidade de Macei\u00f3 (SIMM), capital de Alagoas. O cliente adquiriu, junto ao concession\u00e1rio Alagoas Diesel, 30 unidades do modelo, 10 j\u00e1 entregues e 20 que est\u00e3o em processo de encarro\u00e7amento.<\/p>\n<p>&nbsp;<\/p>\n<p>O grande destaque dessa renova\u00e7\u00e3o \u00e9 que os novos \u00f4nibus s\u00e3o equipados com ar condicionado, oferecendo maior conforto aos usu\u00e1rios do transporte coletivo urbano local. Esse diferencial \u00e9 fruto de um subs\u00eddio concedido em licita\u00e7\u00e3o pela Prefeitura Municipal, que incentivou assim a inclus\u00e3o do ar condicionado na frota para melhorar a presta\u00e7\u00e3o de servi\u00e7os \u00e0 popula\u00e7\u00e3o e aos turistas que frequentam a cidade.<\/p>\n<p>&nbsp;<\/p>\n<p>&#8220;O transporte p\u00fablico de Macei\u00f3 tem avan\u00e7ado de forma consistente nos \u00faltimos anos, com a implanta\u00e7\u00e3o da bilhetagem eletr\u00f4nica, novas formas de pagamento com cart\u00e3o de cr\u00e9dito, d\u00e9bito ou QR Code no App do celular e agora o ar condicionado nos \u00f4nibus&#8221;, afirma Guilherme Borges, propriet\u00e1rio da Empresa S\u00e3o Francisco e presidente do Sindicato das Empresas de Transporte Urbano de Passageiros de Macei\u00f3 (Sinturb). &#8220;Ou seja, estamos proporcionando conforto, comodidade, praticidade, agilidade e seguran\u00e7a para os usu\u00e1rios&#8221;.<\/p>\n<p>&nbsp;<\/p>\n<p>Assim como ocorreu com a Empresa S\u00e3o Francisco, outras operadoras locais tamb\u00e9m aproveitaram o subs\u00eddio da prefeitura e escolheram os chassis Mercedes-Benz OF 1721 com ar condicionado para renova\u00e7\u00e3o de suas frotas. A Real Alagoas adquiriu 23 unidades e a Via\u00e7\u00e3o Cidade de Macei\u00f3, 10 unidades.<\/p>\n<p>&nbsp;<\/p>\n<p><strong>Frota 100% Mercedes-Benz e fidelidade de 37 anos<\/strong><\/p>\n<p>&nbsp;<\/p>\n<p>A Empresa S\u00e3o Francisco \u00e9 cliente fiel da Mercedes-Benz h\u00e1 37 anos, com frota atual de cerca de 140 \u00f4nibus, 100% com a estrela de tr\u00eas pontas e quase todos do modelo OF 1721.<\/p>\n<p>&nbsp;<\/p>\n<p>&#8220;A op\u00e7\u00e3o de quase quatro d\u00e9cadas da nossa empresa pelos \u00f4nibus Mercedes-Benz deve-se a diversos fatores, como qualidade, durabilidade, pre\u00e7o bom, mec\u00e2nica confi\u00e1vel e segura e o atendimento de p\u00f3s-venda da Alagoas Diesel, que resolve r\u00e1pido as nossas demandas&#8221;, diz Guilherme Borges. &#8220;Al\u00e9m disso, os \u00f4nibus da marca oferecem melhor consumo de combust\u00edvel e custos operacionais. E refor\u00e7ando nossa parceria, parte do financiamento da aquisi\u00e7\u00e3o desses novos 30 \u00f4nibus foi realizada por meio do Banco Mercedes-Benz&#8221;.<\/p>\n<p>&nbsp;<\/p>\n<p>&#8220;A reafirma\u00e7\u00e3o da prefer\u00eancia da Empresa S\u00e3o Francisco, da Real Alagoas e da Via\u00e7\u00e3o Cidade de Macei\u00f3 pelo OF 1721 mostra que nosso campe\u00e3o de vendas segue l\u00edder na aplica\u00e7\u00e3o urbana das capitais e grandes cidades do Pa\u00eds&#8221;, ressalta Walter Barbosa, diretor de Vendas e Marketing \u00d4nibus da Mercedes-Benz do Brasil. &#8220;Este \u00e9 um produto que atende \u00e0s demandas e expectativas dos nossos clientes, adequado \u00e0 realidade do transporte coletivo urbano com conforto e seguran\u00e7a para os passageiros&#8221;. (Portal R\u00e1dio \u00d4nibus)<\/p>\n","protected":false},"excerpt":{"rendered":"<p>Portal R\u00e1dio \u00d4nibus &nbsp; O chassi de \u00f4nibus urbano Mercedes-Benz OF 1721 mais uma vez foi o escolhido para renova\u00e7\u00e3o de frota da Empresa S\u00e3o Francisco, operadora do Sistema Integrado de Mobilidade de Macei\u00f3 (SIMM), capital de Alagoas. O cliente adquiriu, junto ao concession\u00e1rio Alagoas Diesel, 30 unidades do modelo, 10 j\u00e1 entregues e 20\u2026 <a class=\"readmore\" href=\"https:\/\/dana.com.br\/canaldana\/2023\/02\/07\/empresa-sao-francisco-adquire-30-onibus-urbanos-mercedes-benz\/\">Leia mais \u00bb<\/a><\/p>\n","protected":false},"author":3,"featured_media":0,"comment_status":"closed","ping_status":"closed","sticky":false,"template":"","format":"standard","meta":{"_acf_changed":false,"footnotes":""},"categories":[79],"tags":[],"class_list":["post-63647","post","type-post","status-publish","format-standard","hentry","category-mercado"],"acf":[],"yoast_head":"<!-- This site is optimized with the Yoast SEO plugin v27.3 - https:\/\/yoast.com\/product\/yoast-seo-wordpress\/ -->\n<title>Empresa S\u00e3o Francisco adquire 30 \u00f4nibus urbanos Mercedes-Benz - Canal Dana<\/title>\n<meta name=\"robots\" content=\"index, follow, max-snippet:-1, max-image-preview:large, max-video-preview:-1\" \/>\n<link rel=\"canonical\" href=\"https:\/\/dana.com.br\/canaldana\/2023\/02\/07\/empresa-sao-francisco-adquire-30-onibus-urbanos-mercedes-benz\/\" \/>\n<meta property=\"og:locale\" content=\"pt_BR\" \/>\n<meta property=\"og:type\" content=\"article\" \/>\n<meta property=\"og:title\" content=\"Empresa S\u00e3o Francisco adquire 30 \u00f4nibus urbanos Mercedes-Benz - Canal Dana\" \/>\n<meta property=\"og:description\" content=\"Portal R\u00e1dio \u00d4nibus &nbsp; O chassi de \u00f4nibus urbano Mercedes-Benz OF 1721 mais uma vez foi o escolhido para renova\u00e7\u00e3o de frota da Empresa S\u00e3o Francisco, operadora do Sistema Integrado de Mobilidade de Macei\u00f3 (SIMM), capital de Alagoas. O cliente adquiriu, junto ao concession\u00e1rio Alagoas Diesel, 30 unidades do modelo, 10 j\u00e1 entregues e 20\u2026 Leia mais \u00bb\" \/>\n<meta property=\"og:url\" content=\"https:\/\/dana.com.br\/canaldana\/2023\/02\/07\/empresa-sao-francisco-adquire-30-onibus-urbanos-mercedes-benz\/\" \/>\n<meta property=\"og:site_name\" content=\"Canal Dana\" \/>\n<meta property=\"article:published_time\" content=\"2023-02-07T11:58:23+00:00\" \/>\n<meta name=\"author\" content=\"Canal Dana\" \/>\n<meta name=\"twitter:card\" content=\"summary_large_image\" \/>\n<meta name=\"twitter:label1\" content=\"Escrito por\" \/>\n\t<meta name=\"twitter:data1\" content=\"Canal Dana\" \/>\n\t<meta name=\"twitter:label2\" content=\"Est. tempo de leitura\" \/>\n\t<meta name=\"twitter:data2\" content=\"2 minutos\" \/>\n<script type=\"application\/ld+json\" class=\"yoast-schema-graph\">{\"@context\":\"https:\\\/\\\/schema.org\",\"@graph\":[{\"@type\":\"Article\",\"@id\":\"https:\\\/\\\/dana.com.br\\\/canaldana\\\/2023\\\/02\\\/07\\\/empresa-sao-francisco-adquire-30-onibus-urbanos-mercedes-benz\\\/#article\",\"isPartOf\":{\"@id\":\"https:\\\/\\\/dana.com.br\\\/canaldana\\\/2023\\\/02\\\/07\\\/empresa-sao-francisco-adquire-30-onibus-urbanos-mercedes-benz\\\/\"},\"author\":{\"name\":\"Canal Dana\",\"@id\":\"https:\\\/\\\/dana.com.br\\\/canaldana\\\/#\\\/schema\\\/person\\\/3c21f22f56fcf3bc46b94bc60ea4fef6\"},\"headline\":\"Empresa S\u00e3o Francisco adquire 30 \u00f4nibus urbanos Mercedes-Benz\",\"datePublished\":\"2023-02-07T11:58:23+00:00\",\"mainEntityOfPage\":{\"@id\":\"https:\\\/\\\/dana.com.br\\\/canaldana\\\/2023\\\/02\\\/07\\\/empresa-sao-francisco-adquire-30-onibus-urbanos-mercedes-benz\\\/\"},\"wordCount\":494,\"articleSection\":[\"Mercado\"],\"inLanguage\":\"pt-BR\"},{\"@type\":\"WebPage\",\"@id\":\"https:\\\/\\\/dana.com.br\\\/canaldana\\\/2023\\\/02\\\/07\\\/empresa-sao-francisco-adquire-30-onibus-urbanos-mercedes-benz\\\/\",\"url\":\"https:\\\/\\\/dana.com.br\\\/canaldana\\\/2023\\\/02\\\/07\\\/empresa-sao-francisco-adquire-30-onibus-urbanos-mercedes-benz\\\/\",\"name\":\"Empresa S\u00e3o Francisco adquire 30 \u00f4nibus urbanos Mercedes-Benz - Canal Dana\",\"isPartOf\":{\"@id\":\"https:\\\/\\\/dana.com.br\\\/canaldana\\\/#website\"},\"datePublished\":\"2023-02-07T11:58:23+00:00\",\"author\":{\"@id\":\"https:\\\/\\\/dana.com.br\\\/canaldana\\\/#\\\/schema\\\/person\\\/3c21f22f56fcf3bc46b94bc60ea4fef6\"},\"breadcrumb\":{\"@id\":\"https:\\\/\\\/dana.com.br\\\/canaldana\\\/2023\\\/02\\\/07\\\/empresa-sao-francisco-adquire-30-onibus-urbanos-mercedes-benz\\\/#breadcrumb\"},\"inLanguage\":\"pt-BR\",\"potentialAction\":[{\"@type\":\"ReadAction\",\"target\":[\"https:\\\/\\\/dana.com.br\\\/canaldana\\\/2023\\\/02\\\/07\\\/empresa-sao-francisco-adquire-30-onibus-urbanos-mercedes-benz\\\/\"]}]},{\"@type\":\"BreadcrumbList\",\"@id\":\"https:\\\/\\\/dana.com.br\\\/canaldana\\\/2023\\\/02\\\/07\\\/empresa-sao-francisco-adquire-30-onibus-urbanos-mercedes-benz\\\/#breadcrumb\",\"itemListElement\":[{\"@type\":\"ListItem\",\"position\":1,\"name\":\"Home\",\"item\":\"https:\\\/\\\/dana.com.br\\\/canaldana\\\/\"},{\"@type\":\"ListItem\",\"position\":2,\"name\":\"Mercado\",\"item\":\"https:\\\/\\\/dana.com.br\\\/canaldana\\\/mercado\\\/\"},{\"@type\":\"ListItem\",\"position\":3,\"name\":\"Empresa S\u00e3o Francisco adquire 30 \u00f4nibus urbanos Mercedes-Benz\"}]},{\"@type\":\"WebSite\",\"@id\":\"https:\\\/\\\/dana.com.br\\\/canaldana\\\/#website\",\"url\":\"https:\\\/\\\/dana.com.br\\\/canaldana\\\/\",\"name\":\"Canal Dana\",\"description\":\"Informativo com as principais not\u00edcias da ind\u00fastria automotiva\",\"potentialAction\":[{\"@type\":\"SearchAction\",\"target\":{\"@type\":\"EntryPoint\",\"urlTemplate\":\"https:\\\/\\\/dana.com.br\\\/canaldana\\\/?s={search_term_string}\"},\"query-input\":{\"@type\":\"PropertyValueSpecification\",\"valueRequired\":true,\"valueName\":\"search_term_string\"}}],\"inLanguage\":\"pt-BR\"},{\"@type\":\"Person\",\"@id\":\"https:\\\/\\\/dana.com.br\\\/canaldana\\\/#\\\/schema\\\/person\\\/3c21f22f56fcf3bc46b94bc60ea4fef6\",\"name\":\"Canal Dana\",\"image\":{\"@type\":\"ImageObject\",\"inLanguage\":\"pt-BR\",\"@id\":\"https:\\\/\\\/secure.gravatar.com\\\/avatar\\\/420aaf9278582877d9018637c6817617705899d2858d7572ef0fe59a6b6454b4?s=96&d=mm&r=g\",\"url\":\"https:\\\/\\\/secure.gravatar.com\\\/avatar\\\/420aaf9278582877d9018637c6817617705899d2858d7572ef0fe59a6b6454b4?s=96&d=mm&r=g\",\"contentUrl\":\"https:\\\/\\\/secure.gravatar.com\\\/avatar\\\/420aaf9278582877d9018637c6817617705899d2858d7572ef0fe59a6b6454b4?s=96&d=mm&r=g\",\"caption\":\"Canal Dana\"},\"url\":\"https:\\\/\\\/dana.com.br\\\/canaldana\\\/author\\\/cdeditor\\\/\"}]}<\/script>\n<!-- \/ Yoast SEO plugin. -->","yoast_head_json":{"title":"Empresa S\u00e3o Francisco adquire 30 \u00f4nibus urbanos Mercedes-Benz - Canal Dana","robots":{"index":"index","follow":"follow","max-snippet":"max-snippet:-1","max-image-preview":"max-image-preview:large","max-video-preview":"max-video-preview:-1"},"canonical":"https:\/\/dana.com.br\/canaldana\/2023\/02\/07\/empresa-sao-francisco-adquire-30-onibus-urbanos-mercedes-benz\/","og_locale":"pt_BR","og_type":"article","og_title":"Empresa S\u00e3o Francisco adquire 30 \u00f4nibus urbanos Mercedes-Benz - Canal Dana","og_description":"Portal R\u00e1dio \u00d4nibus &nbsp; O chassi de \u00f4nibus urbano Mercedes-Benz OF 1721 mais uma vez foi o escolhido para renova\u00e7\u00e3o de frota da Empresa S\u00e3o Francisco, operadora do Sistema Integrado de Mobilidade de Macei\u00f3 (SIMM), capital de Alagoas. O cliente adquiriu, junto ao concession\u00e1rio Alagoas Diesel, 30 unidades do modelo, 10 j\u00e1 entregues e 20\u2026 Leia mais \u00bb","og_url":"https:\/\/dana.com.br\/canaldana\/2023\/02\/07\/empresa-sao-francisco-adquire-30-onibus-urbanos-mercedes-benz\/","og_site_name":"Canal Dana","article_published_time":"2023-02-07T11:58:23+00:00","author":"Canal Dana","twitter_card":"summary_large_image","twitter_misc":{"Escrito por":"Canal Dana","Est. tempo de leitura":"2 minutos"},"schema":{"@context":"https:\/\/schema.org","@graph":[{"@type":"Article","@id":"https:\/\/dana.com.br\/canaldana\/2023\/02\/07\/empresa-sao-francisco-adquire-30-onibus-urbanos-mercedes-benz\/#article","isPartOf":{"@id":"https:\/\/dana.com.br\/canaldana\/2023\/02\/07\/empresa-sao-francisco-adquire-30-onibus-urbanos-mercedes-benz\/"},"author":{"name":"Canal Dana","@id":"https:\/\/dana.com.br\/canaldana\/#\/schema\/person\/3c21f22f56fcf3bc46b94bc60ea4fef6"},"headline":"Empresa S\u00e3o Francisco adquire 30 \u00f4nibus urbanos Mercedes-Benz","datePublished":"2023-02-07T11:58:23+00:00","mainEntityOfPage":{"@id":"https:\/\/dana.com.br\/canaldana\/2023\/02\/07\/empresa-sao-francisco-adquire-30-onibus-urbanos-mercedes-benz\/"},"wordCount":494,"articleSection":["Mercado"],"inLanguage":"pt-BR"},{"@type":"WebPage","@id":"https:\/\/dana.com.br\/canaldana\/2023\/02\/07\/empresa-sao-francisco-adquire-30-onibus-urbanos-mercedes-benz\/","url":"https:\/\/dana.com.br\/canaldana\/2023\/02\/07\/empresa-sao-francisco-adquire-30-onibus-urbanos-mercedes-benz\/","name":"Empresa S\u00e3o Francisco adquire 30 \u00f4nibus urbanos Mercedes-Benz - Canal Dana","isPartOf":{"@id":"https:\/\/dana.com.br\/canaldana\/#website"},"datePublished":"2023-02-07T11:58:23+00:00","author":{"@id":"https:\/\/dana.com.br\/canaldana\/#\/schema\/person\/3c21f22f56fcf3bc46b94bc60ea4fef6"},"breadcrumb":{"@id":"https:\/\/dana.com.br\/canaldana\/2023\/02\/07\/empresa-sao-francisco-adquire-30-onibus-urbanos-mercedes-benz\/#breadcrumb"},"inLanguage":"pt-BR","potentialAction":[{"@type":"ReadAction","target":["https:\/\/dana.com.br\/canaldana\/2023\/02\/07\/empresa-sao-francisco-adquire-30-onibus-urbanos-mercedes-benz\/"]}]},{"@type":"BreadcrumbList","@id":"https:\/\/dana.com.br\/canaldana\/2023\/02\/07\/empresa-sao-francisco-adquire-30-onibus-urbanos-mercedes-benz\/#breadcrumb","itemListElement":[{"@type":"ListItem","position":1,"name":"Home","item":"https:\/\/dana.com.br\/canaldana\/"},{"@type":"ListItem","position":2,"name":"Mercado","item":"https:\/\/dana.com.br\/canaldana\/mercado\/"},{"@type":"ListItem","position":3,"name":"Empresa S\u00e3o Francisco adquire 30 \u00f4nibus urbanos Mercedes-Benz"}]},{"@type":"WebSite","@id":"https:\/\/dana.com.br\/canaldana\/#website","url":"https:\/\/dana.com.br\/canaldana\/","name":"Canal Dana","description":"Informativo com as principais not\u00edcias da ind\u00fastria automotiva","potentialAction":[{"@type":"SearchAction","target":{"@type":"EntryPoint","urlTemplate":"https:\/\/dana.com.br\/canaldana\/?s={search_term_string}"},"query-input":{"@type":"PropertyValueSpecification","valueRequired":true,"valueName":"search_term_string"}}],"inLanguage":"pt-BR"},{"@type":"Person","@id":"https:\/\/dana.com.br\/canaldana\/#\/schema\/person\/3c21f22f56fcf3bc46b94bc60ea4fef6","name":"Canal Dana","image":{"@type":"ImageObject","inLanguage":"pt-BR","@id":"https:\/\/secure.gravatar.com\/avatar\/420aaf9278582877d9018637c6817617705899d2858d7572ef0fe59a6b6454b4?s=96&d=mm&r=g","url":"https:\/\/secure.gravatar.com\/avatar\/420aaf9278582877d9018637c6817617705899d2858d7572ef0fe59a6b6454b4?s=96&d=mm&r=g","contentUrl":"https:\/\/secure.gravatar.com\/avatar\/420aaf9278582877d9018637c6817617705899d2858d7572ef0fe59a6b6454b4?s=96&d=mm&r=g","caption":"Canal Dana"},"url":"https:\/\/dana.com.br\/canaldana\/author\/cdeditor\/"}]}},"_links":{"self":[{"href":"https:\/\/dana.com.br\/canaldana\/wp-json\/wp\/v2\/posts\/63647","targetHints":{"allow":["GET"]}}],"collection":[{"href":"https:\/\/dana.com.br\/canaldana\/wp-json\/wp\/v2\/posts"}],"about":[{"href":"https:\/\/dana.com.br\/canaldana\/wp-json\/wp\/v2\/types\/post"}],"author":[{"embeddable":true,"href":"https:\/\/dana.com.br\/canaldana\/wp-json\/wp\/v2\/users\/3"}],"replies":[{"embeddable":true,"href":"https:\/\/dana.com.br\/canaldana\/wp-json\/wp\/v2\/comments?post=63647"}],"version-history":[{"count":0,"href":"https:\/\/dana.com.br\/canaldana\/wp-json\/wp\/v2\/posts\/63647\/revisions"}],"wp:attachment":[{"href":"https:\/\/dana.com.br\/canaldana\/wp-json\/wp\/v2\/media?parent=63647"}],"wp:term":[{"taxonomy":"category","embeddable":true,"href":"https:\/\/dana.com.br\/canaldana\/wp-json\/wp\/v2\/categories?post=63647"},{"taxonomy":"post_tag","embeddable":true,"href":"https:\/\/dana.com.br\/canaldana\/wp-json\/wp\/v2\/tags?post=63647"}],"curies":[{"name":"wp","href":"https:\/\/api.w.org\/{rel}","templated":true}]}}