{"id":63643,"date":"2023-02-07T08:56:17","date_gmt":"2023-02-07T11:56:17","guid":{"rendered":"https:\/\/dana.com.br\/canaldana\/?p=63643"},"modified":"2023-02-07T08:56:17","modified_gmt":"2023-02-07T11:56:17","slug":"nova-f-150-e-a-atracao-especial-da-ford-no-show-rural-coopavel","status":"publish","type":"post","link":"https:\/\/dana.com.br\/canaldana\/2023\/02\/07\/nova-f-150-e-a-atracao-especial-da-ford-no-show-rural-coopavel\/","title":{"rendered":"Nova F-150 \u00e9 a atra\u00e7\u00e3o especial da Ford no Show Rural Coopavel"},"content":{"rendered":"<p><em>Coisas de Agora<\/em><\/p>\n<p>&nbsp;<\/p>\n<p>A Ford F-150, \u00edcone mundial das picapes, chega em breve ao Brasil e \u00e9 exibida como destaque no Show Rural Coopavel, at\u00e9 10 de fevereiro em Cascavel, no Paran\u00e1. Os visitantes da grande feira do agroneg\u00f3cio podem conhecer o modelo que vai ampliar a fam\u00edlia de picapes Ford Ra\u00e7a Ford, ao lado da Ranger e da Maverick, tamb\u00e9m presentes no estande.<\/p>\n<p>&nbsp;<\/p>\n<p>A F-150 \u00e9 a principal representante S\u00e9rie F, linha de picapes mais vendida da Am\u00e9rica do Norte h\u00e1 46 anos consecutivos, e tamb\u00e9m ve\u00edculo l\u00edder de toda a ind\u00fastria no continente h\u00e1 41 anos. Com esse lan\u00e7amento, a Ford refor\u00e7a a sua autoridade em picapes, trazendo a linha mais completa do mercado com produtos de prest\u00edgio mundial.<\/p>\n<p>&nbsp;<\/p>\n<p>Poucos ve\u00edculos no mundo t\u00eam uma hist\u00f3ria de sucesso t\u00e3o rica quanto a S\u00e9rie F. Ao longo de suas 14 gera\u00e7\u00f5es, ela evoluiu trazendo seguidas inova\u00e7\u00f5es e tornou-se a refer\u00eancia no segmento de picapes. Com desempenho confi\u00e1vel em diferentes tipos de aplica\u00e7\u00e3o, seja de trabalho, esporte ou lazer, virou sin\u00f4nimo de for\u00e7a, robustez, durabilidade, conforto e sofistica\u00e7\u00e3o.<\/p>\n<p>&nbsp;<\/p>\n<p>Todas essas qualidades agora estar\u00e3o dispon\u00edveis para o consumidor brasileiro, que j\u00e1 conhece a tradi\u00e7\u00e3o da fam\u00edlia de picapes Ford Ra\u00e7a Forte, formada hoje pela Ranger e a Maverick. O design ic\u00f4nico, o tamanho imponente, o desempenho incompar\u00e1vel em estrada e fora de estrada, as tecnologias avan\u00e7adas de assist\u00eancia, seguran\u00e7a e conectividade e os itens diferenciados de acabamento e requinte fazem da F-150 um ve\u00edculo \u00fanico na categoria.<\/p>\n<p>&nbsp;<\/p>\n<p><strong>Teste-drive e ofertas<\/strong><\/p>\n<p>&nbsp;<\/p>\n<p>Como atra\u00e7\u00f5es na Coopavel, a Ford oferece tamb\u00e9m test-drive da Ranger, que pode ser dirigida nos modelos XLS, FX4 e Limited em uma pista especial, e ofertas com descontos de at\u00e9 R$73.000 no pre\u00e7o de tabela da picape m\u00e9dia. Essa \u00e9 a redu\u00e7\u00e3o, por exemplo, aplicada no valor da Ranger XLT, que sai por R$234.990 durante a feira.<\/p>\n<p>&nbsp;<\/p>\n<p>Outras ofertas exclusivas s\u00e3o a da Ranger XL 4\u00d74, por R$199.900, e da Ranger XLS 4\u00d74 Autom\u00e1tica, por R$214.900. A mostra da marca se completa com a Transit Furg\u00e3o, van de voca\u00e7\u00e3o urbana que tem mostrado a sua versatilidade tamb\u00e9m em aplica\u00e7\u00f5es do agroneg\u00f3cio. (Coisas de Agora)<\/p>\n","protected":false},"excerpt":{"rendered":"<p>Coisas de Agora &nbsp; A Ford F-150, \u00edcone mundial das picapes, chega em breve ao Brasil e \u00e9 exibida como destaque no Show Rural Coopavel, at\u00e9 10 de fevereiro em Cascavel, no Paran\u00e1. Os visitantes da grande feira do agroneg\u00f3cio podem conhecer o modelo que vai ampliar a fam\u00edlia de picapes Ford Ra\u00e7a Ford, ao\u2026 <a class=\"readmore\" href=\"https:\/\/dana.com.br\/canaldana\/2023\/02\/07\/nova-f-150-e-a-atracao-especial-da-ford-no-show-rural-coopavel\/\">Leia mais \u00bb<\/a><\/p>\n","protected":false},"author":3,"featured_media":0,"comment_status":"closed","ping_status":"closed","sticky":false,"template":"","format":"standard","meta":{"_acf_changed":false,"footnotes":""},"categories":[111],"tags":[],"class_list":["post-63643","post","type-post","status-publish","format-standard","hentry","category-show-rural-coopavel"],"acf":[],"yoast_head":"<!-- This site is optimized with the Yoast SEO plugin v27.3 - https:\/\/yoast.com\/product\/yoast-seo-wordpress\/ -->\n<title>Nova F-150 \u00e9 a atra\u00e7\u00e3o especial da Ford no Show Rural Coopavel - Canal Dana<\/title>\n<meta name=\"robots\" content=\"index, follow, max-snippet:-1, max-image-preview:large, max-video-preview:-1\" \/>\n<link rel=\"canonical\" href=\"https:\/\/dana.com.br\/canaldana\/2023\/02\/07\/nova-f-150-e-a-atracao-especial-da-ford-no-show-rural-coopavel\/\" \/>\n<meta property=\"og:locale\" content=\"pt_BR\" \/>\n<meta property=\"og:type\" content=\"article\" \/>\n<meta property=\"og:title\" content=\"Nova F-150 \u00e9 a atra\u00e7\u00e3o especial da Ford no Show Rural Coopavel - Canal Dana\" \/>\n<meta property=\"og:description\" content=\"Coisas de Agora &nbsp; A Ford F-150, \u00edcone mundial das picapes, chega em breve ao Brasil e \u00e9 exibida como destaque no Show Rural Coopavel, at\u00e9 10 de fevereiro em Cascavel, no Paran\u00e1. Os visitantes da grande feira do agroneg\u00f3cio podem conhecer o modelo que vai ampliar a fam\u00edlia de picapes Ford Ra\u00e7a Ford, ao\u2026 Leia mais \u00bb\" \/>\n<meta property=\"og:url\" content=\"https:\/\/dana.com.br\/canaldana\/2023\/02\/07\/nova-f-150-e-a-atracao-especial-da-ford-no-show-rural-coopavel\/\" \/>\n<meta property=\"og:site_name\" content=\"Canal Dana\" \/>\n<meta property=\"article:published_time\" content=\"2023-02-07T11:56:17+00:00\" \/>\n<meta name=\"author\" content=\"Canal Dana\" \/>\n<meta name=\"twitter:card\" content=\"summary_large_image\" \/>\n<meta name=\"twitter:label1\" content=\"Escrito por\" \/>\n\t<meta name=\"twitter:data1\" content=\"Canal Dana\" \/>\n\t<meta name=\"twitter:label2\" content=\"Est. tempo de leitura\" \/>\n\t<meta name=\"twitter:data2\" content=\"2 minutos\" \/>\n<script type=\"application\/ld+json\" class=\"yoast-schema-graph\">{\"@context\":\"https:\\\/\\\/schema.org\",\"@graph\":[{\"@type\":\"Article\",\"@id\":\"https:\\\/\\\/dana.com.br\\\/canaldana\\\/2023\\\/02\\\/07\\\/nova-f-150-e-a-atracao-especial-da-ford-no-show-rural-coopavel\\\/#article\",\"isPartOf\":{\"@id\":\"https:\\\/\\\/dana.com.br\\\/canaldana\\\/2023\\\/02\\\/07\\\/nova-f-150-e-a-atracao-especial-da-ford-no-show-rural-coopavel\\\/\"},\"author\":{\"name\":\"Canal Dana\",\"@id\":\"https:\\\/\\\/dana.com.br\\\/canaldana\\\/#\\\/schema\\\/person\\\/3c21f22f56fcf3bc46b94bc60ea4fef6\"},\"headline\":\"Nova F-150 \u00e9 a atra\u00e7\u00e3o especial da Ford no Show Rural Coopavel\",\"datePublished\":\"2023-02-07T11:56:17+00:00\",\"mainEntityOfPage\":{\"@id\":\"https:\\\/\\\/dana.com.br\\\/canaldana\\\/2023\\\/02\\\/07\\\/nova-f-150-e-a-atracao-especial-da-ford-no-show-rural-coopavel\\\/\"},\"wordCount\":413,\"articleSection\":[\"Show Rural Coopavel\"],\"inLanguage\":\"pt-BR\"},{\"@type\":\"WebPage\",\"@id\":\"https:\\\/\\\/dana.com.br\\\/canaldana\\\/2023\\\/02\\\/07\\\/nova-f-150-e-a-atracao-especial-da-ford-no-show-rural-coopavel\\\/\",\"url\":\"https:\\\/\\\/dana.com.br\\\/canaldana\\\/2023\\\/02\\\/07\\\/nova-f-150-e-a-atracao-especial-da-ford-no-show-rural-coopavel\\\/\",\"name\":\"Nova F-150 \u00e9 a atra\u00e7\u00e3o especial da Ford no Show Rural Coopavel - Canal Dana\",\"isPartOf\":{\"@id\":\"https:\\\/\\\/dana.com.br\\\/canaldana\\\/#website\"},\"datePublished\":\"2023-02-07T11:56:17+00:00\",\"author\":{\"@id\":\"https:\\\/\\\/dana.com.br\\\/canaldana\\\/#\\\/schema\\\/person\\\/3c21f22f56fcf3bc46b94bc60ea4fef6\"},\"breadcrumb\":{\"@id\":\"https:\\\/\\\/dana.com.br\\\/canaldana\\\/2023\\\/02\\\/07\\\/nova-f-150-e-a-atracao-especial-da-ford-no-show-rural-coopavel\\\/#breadcrumb\"},\"inLanguage\":\"pt-BR\",\"potentialAction\":[{\"@type\":\"ReadAction\",\"target\":[\"https:\\\/\\\/dana.com.br\\\/canaldana\\\/2023\\\/02\\\/07\\\/nova-f-150-e-a-atracao-especial-da-ford-no-show-rural-coopavel\\\/\"]}]},{\"@type\":\"BreadcrumbList\",\"@id\":\"https:\\\/\\\/dana.com.br\\\/canaldana\\\/2023\\\/02\\\/07\\\/nova-f-150-e-a-atracao-especial-da-ford-no-show-rural-coopavel\\\/#breadcrumb\",\"itemListElement\":[{\"@type\":\"ListItem\",\"position\":1,\"name\":\"Home\",\"item\":\"https:\\\/\\\/dana.com.br\\\/canaldana\\\/\"},{\"@type\":\"ListItem\",\"position\":2,\"name\":\"Show Rural Coopavel\",\"item\":\"https:\\\/\\\/dana.com.br\\\/canaldana\\\/show-rural-coopavel\\\/\"},{\"@type\":\"ListItem\",\"position\":3,\"name\":\"Nova F-150 \u00e9 a atra\u00e7\u00e3o especial da Ford no Show Rural Coopavel\"}]},{\"@type\":\"WebSite\",\"@id\":\"https:\\\/\\\/dana.com.br\\\/canaldana\\\/#website\",\"url\":\"https:\\\/\\\/dana.com.br\\\/canaldana\\\/\",\"name\":\"Canal Dana\",\"description\":\"Informativo com as principais not\u00edcias da ind\u00fastria automotiva\",\"potentialAction\":[{\"@type\":\"SearchAction\",\"target\":{\"@type\":\"EntryPoint\",\"urlTemplate\":\"https:\\\/\\\/dana.com.br\\\/canaldana\\\/?s={search_term_string}\"},\"query-input\":{\"@type\":\"PropertyValueSpecification\",\"valueRequired\":true,\"valueName\":\"search_term_string\"}}],\"inLanguage\":\"pt-BR\"},{\"@type\":\"Person\",\"@id\":\"https:\\\/\\\/dana.com.br\\\/canaldana\\\/#\\\/schema\\\/person\\\/3c21f22f56fcf3bc46b94bc60ea4fef6\",\"name\":\"Canal Dana\",\"image\":{\"@type\":\"ImageObject\",\"inLanguage\":\"pt-BR\",\"@id\":\"https:\\\/\\\/secure.gravatar.com\\\/avatar\\\/420aaf9278582877d9018637c6817617705899d2858d7572ef0fe59a6b6454b4?s=96&d=mm&r=g\",\"url\":\"https:\\\/\\\/secure.gravatar.com\\\/avatar\\\/420aaf9278582877d9018637c6817617705899d2858d7572ef0fe59a6b6454b4?s=96&d=mm&r=g\",\"contentUrl\":\"https:\\\/\\\/secure.gravatar.com\\\/avatar\\\/420aaf9278582877d9018637c6817617705899d2858d7572ef0fe59a6b6454b4?s=96&d=mm&r=g\",\"caption\":\"Canal Dana\"},\"url\":\"https:\\\/\\\/dana.com.br\\\/canaldana\\\/author\\\/cdeditor\\\/\"}]}<\/script>\n<!-- \/ Yoast SEO plugin. -->","yoast_head_json":{"title":"Nova F-150 \u00e9 a atra\u00e7\u00e3o especial da Ford no Show Rural Coopavel - Canal Dana","robots":{"index":"index","follow":"follow","max-snippet":"max-snippet:-1","max-image-preview":"max-image-preview:large","max-video-preview":"max-video-preview:-1"},"canonical":"https:\/\/dana.com.br\/canaldana\/2023\/02\/07\/nova-f-150-e-a-atracao-especial-da-ford-no-show-rural-coopavel\/","og_locale":"pt_BR","og_type":"article","og_title":"Nova F-150 \u00e9 a atra\u00e7\u00e3o especial da Ford no Show Rural Coopavel - Canal Dana","og_description":"Coisas de Agora &nbsp; A Ford F-150, \u00edcone mundial das picapes, chega em breve ao Brasil e \u00e9 exibida como destaque no Show Rural Coopavel, at\u00e9 10 de fevereiro em Cascavel, no Paran\u00e1. Os visitantes da grande feira do agroneg\u00f3cio podem conhecer o modelo que vai ampliar a fam\u00edlia de picapes Ford Ra\u00e7a Ford, ao\u2026 Leia mais \u00bb","og_url":"https:\/\/dana.com.br\/canaldana\/2023\/02\/07\/nova-f-150-e-a-atracao-especial-da-ford-no-show-rural-coopavel\/","og_site_name":"Canal Dana","article_published_time":"2023-02-07T11:56:17+00:00","author":"Canal Dana","twitter_card":"summary_large_image","twitter_misc":{"Escrito por":"Canal Dana","Est. tempo de leitura":"2 minutos"},"schema":{"@context":"https:\/\/schema.org","@graph":[{"@type":"Article","@id":"https:\/\/dana.com.br\/canaldana\/2023\/02\/07\/nova-f-150-e-a-atracao-especial-da-ford-no-show-rural-coopavel\/#article","isPartOf":{"@id":"https:\/\/dana.com.br\/canaldana\/2023\/02\/07\/nova-f-150-e-a-atracao-especial-da-ford-no-show-rural-coopavel\/"},"author":{"name":"Canal Dana","@id":"https:\/\/dana.com.br\/canaldana\/#\/schema\/person\/3c21f22f56fcf3bc46b94bc60ea4fef6"},"headline":"Nova F-150 \u00e9 a atra\u00e7\u00e3o especial da Ford no Show Rural Coopavel","datePublished":"2023-02-07T11:56:17+00:00","mainEntityOfPage":{"@id":"https:\/\/dana.com.br\/canaldana\/2023\/02\/07\/nova-f-150-e-a-atracao-especial-da-ford-no-show-rural-coopavel\/"},"wordCount":413,"articleSection":["Show Rural Coopavel"],"inLanguage":"pt-BR"},{"@type":"WebPage","@id":"https:\/\/dana.com.br\/canaldana\/2023\/02\/07\/nova-f-150-e-a-atracao-especial-da-ford-no-show-rural-coopavel\/","url":"https:\/\/dana.com.br\/canaldana\/2023\/02\/07\/nova-f-150-e-a-atracao-especial-da-ford-no-show-rural-coopavel\/","name":"Nova F-150 \u00e9 a atra\u00e7\u00e3o especial da Ford no Show Rural Coopavel - Canal Dana","isPartOf":{"@id":"https:\/\/dana.com.br\/canaldana\/#website"},"datePublished":"2023-02-07T11:56:17+00:00","author":{"@id":"https:\/\/dana.com.br\/canaldana\/#\/schema\/person\/3c21f22f56fcf3bc46b94bc60ea4fef6"},"breadcrumb":{"@id":"https:\/\/dana.com.br\/canaldana\/2023\/02\/07\/nova-f-150-e-a-atracao-especial-da-ford-no-show-rural-coopavel\/#breadcrumb"},"inLanguage":"pt-BR","potentialAction":[{"@type":"ReadAction","target":["https:\/\/dana.com.br\/canaldana\/2023\/02\/07\/nova-f-150-e-a-atracao-especial-da-ford-no-show-rural-coopavel\/"]}]},{"@type":"BreadcrumbList","@id":"https:\/\/dana.com.br\/canaldana\/2023\/02\/07\/nova-f-150-e-a-atracao-especial-da-ford-no-show-rural-coopavel\/#breadcrumb","itemListElement":[{"@type":"ListItem","position":1,"name":"Home","item":"https:\/\/dana.com.br\/canaldana\/"},{"@type":"ListItem","position":2,"name":"Show Rural Coopavel","item":"https:\/\/dana.com.br\/canaldana\/show-rural-coopavel\/"},{"@type":"ListItem","position":3,"name":"Nova F-150 \u00e9 a atra\u00e7\u00e3o especial da Ford no Show Rural Coopavel"}]},{"@type":"WebSite","@id":"https:\/\/dana.com.br\/canaldana\/#website","url":"https:\/\/dana.com.br\/canaldana\/","name":"Canal Dana","description":"Informativo com as principais not\u00edcias da ind\u00fastria automotiva","potentialAction":[{"@type":"SearchAction","target":{"@type":"EntryPoint","urlTemplate":"https:\/\/dana.com.br\/canaldana\/?s={search_term_string}"},"query-input":{"@type":"PropertyValueSpecification","valueRequired":true,"valueName":"search_term_string"}}],"inLanguage":"pt-BR"},{"@type":"Person","@id":"https:\/\/dana.com.br\/canaldana\/#\/schema\/person\/3c21f22f56fcf3bc46b94bc60ea4fef6","name":"Canal Dana","image":{"@type":"ImageObject","inLanguage":"pt-BR","@id":"https:\/\/secure.gravatar.com\/avatar\/420aaf9278582877d9018637c6817617705899d2858d7572ef0fe59a6b6454b4?s=96&d=mm&r=g","url":"https:\/\/secure.gravatar.com\/avatar\/420aaf9278582877d9018637c6817617705899d2858d7572ef0fe59a6b6454b4?s=96&d=mm&r=g","contentUrl":"https:\/\/secure.gravatar.com\/avatar\/420aaf9278582877d9018637c6817617705899d2858d7572ef0fe59a6b6454b4?s=96&d=mm&r=g","caption":"Canal Dana"},"url":"https:\/\/dana.com.br\/canaldana\/author\/cdeditor\/"}]}},"_links":{"self":[{"href":"https:\/\/dana.com.br\/canaldana\/wp-json\/wp\/v2\/posts\/63643","targetHints":{"allow":["GET"]}}],"collection":[{"href":"https:\/\/dana.com.br\/canaldana\/wp-json\/wp\/v2\/posts"}],"about":[{"href":"https:\/\/dana.com.br\/canaldana\/wp-json\/wp\/v2\/types\/post"}],"author":[{"embeddable":true,"href":"https:\/\/dana.com.br\/canaldana\/wp-json\/wp\/v2\/users\/3"}],"replies":[{"embeddable":true,"href":"https:\/\/dana.com.br\/canaldana\/wp-json\/wp\/v2\/comments?post=63643"}],"version-history":[{"count":0,"href":"https:\/\/dana.com.br\/canaldana\/wp-json\/wp\/v2\/posts\/63643\/revisions"}],"wp:attachment":[{"href":"https:\/\/dana.com.br\/canaldana\/wp-json\/wp\/v2\/media?parent=63643"}],"wp:term":[{"taxonomy":"category","embeddable":true,"href":"https:\/\/dana.com.br\/canaldana\/wp-json\/wp\/v2\/categories?post=63643"},{"taxonomy":"post_tag","embeddable":true,"href":"https:\/\/dana.com.br\/canaldana\/wp-json\/wp\/v2\/tags?post=63643"}],"curies":[{"name":"wp","href":"https:\/\/api.w.org\/{rel}","templated":true}]}}