{"id":63641,"date":"2023-02-07T08:55:16","date_gmt":"2023-02-07T11:55:16","guid":{"rendered":"https:\/\/dana.com.br\/canaldana\/?p=63641"},"modified":"2023-02-07T08:55:16","modified_gmt":"2023-02-07T11:55:16","slug":"c-move-acontece-em-brasilia-e-discute-mobilidade-eletrica","status":"publish","type":"post","link":"https:\/\/dana.com.br\/canaldana\/2023\/02\/07\/c-move-acontece-em-brasilia-e-discute-mobilidade-eletrica\/","title":{"rendered":"C-Move acontece em Bras\u00edlia e discute mobilidade el\u00e9trica"},"content":{"rendered":"<p><em>Frota &amp; Cia <\/em><\/p>\n<p>&nbsp;<\/p>\n<p>A eletrifica\u00e7\u00e3o de ve\u00edculos j\u00e1 est\u00e1 consolidada como a principal forma de descarboniza\u00e7\u00e3o do setor automotivo mundial e \u00e9 consenso de que chegou o momento de discutir as adequa\u00e7\u00f5es estruturais necess\u00e1rias para que essa transi\u00e7\u00e3o ocorra de maneira sustentada e organizada no Brasil.<\/p>\n<p>&nbsp;<\/p>\n<p>\u00c9 nesse contexto que acontece o C-Move (congresso de ve\u00edculos el\u00e9tricos) em Bras\u00edlia nos dias 7 e 8 de mar\u00e7o, no espa\u00e7o Brasil 21 Convention Affiliated by Meli\u00e1 (Setor Hoteleiro Sul, Quadra 6, Cj A, Bloco B, Asa Sul).<\/p>\n<p>&nbsp;<\/p>\n<p>\u201cJustamente por estarmos nesse momento-chave, de mudan\u00e7a de matriz energ\u00e9tica, essa ser\u00e1 a primeira vez, nos \u00faltimos 18 anos, que teremos 3 edi\u00e7\u00f5es do C-MOVE \u2013 Congresso da Mobilidade e Ve\u00edculos El\u00e9tricos em um ano, sendo a primeira em Bras\u00edlia. Pretendemos discutir os assuntos que movimentam o Brasil e levar\u00e3o o nosso Pa\u00eds \u00e0 eletrifica\u00e7\u00e3o, como pol\u00edticas p\u00fablicas, infraestrutura e tecnologias que giram em torno da mobilidade h\u00edbrida e puramente el\u00e9trica. E o melhor lugar para come\u00e7ar esse debate \u00e9 o centro das decis\u00f5es nacionais\u201d, afirma Ricardo Guggisberg, Presidente do IBMS \u2013 Instituto Brasileiro de Mobilidade Sustent\u00e1vel e da MES Eventos, organizadora de feiras e congressos sobre eletromobilidade no Brasil. Al\u00e9m do Congresso, a capital federal tamb\u00e9m sediar\u00e1 a 1\u00aa edi\u00e7\u00e3o deste ano do DME \u2013 Dia da Mobilidade El\u00e9trica, que acontece na tarde de 8 de mar\u00e7o.<\/p>\n<p>&nbsp;<\/p>\n<p>Neste cen\u00e1rio, o objetivo do C-MOVE \u00e9 abordar temas como pol\u00edticas p\u00fablicas, tecnologias e tend\u00eancias sobre a mobilidade el\u00e9trica no Brasil e no mundo. Entre os temas que ser\u00e3o tratados no Congresso est\u00e3o infraestrutura de recarga, log\u00edstica de montagem de ve\u00edculos el\u00e9tricos, oportunidades de trabalho no setor, pol\u00edtica energ\u00e9tica, conectividade e micromobilidade.<\/p>\n<p>&nbsp;<\/p>\n<p>\u201cNossa meta \u00e9 promover um evento transversal, no qual podemos reunir representantes da ind\u00fastria, Poder P\u00fablico, t\u00e9cnicos e sociedade civil para uma discuss\u00e3o propositiva sobre os rumos da mobilidade el\u00e9trica nacional\u201d, diz Guggisberg. \u201cEm 2022, tivemos cerca de 500 congressistas em apenas uma edi\u00e7\u00e3o do evento, o que prova a import\u00e2ncia do tema para os brasileiros\u201d, conclui.<\/p>\n<p>&nbsp;<\/p>\n<p>Confira a programa\u00e7\u00e3o do C-Move<\/p>\n<p>&nbsp;<\/p>\n<p><strong>Servi\u00e7o:<\/strong><\/p>\n<p><strong>\u00a0<\/strong><\/p>\n<p><strong>C-MOVE Bras\u00edlia 2023<\/strong><\/p>\n<p><strong>Quando:<\/strong> 7 e 8 de mar\u00e7o 2023.<\/p>\n<p><strong>Hor\u00e1rio:<\/strong> 9h30<\/p>\n<p><strong>Onde:<\/strong> Brasil 21 Convention Affiliated by Meli\u00e1, Bras\u00edlia \u2013 DF<\/p>\n<p>Ingressos Aqui. <a href=\"https:\/\/www.sympla.com.br\/evento\/c-move-brasilia-2023\/1766307\" target=\"_blank\" rel=\"noopener\">https:\/\/www.sympla.com.br\/evento\/c-move-brasilia-2023\/1766307<\/a><\/p>\n<p>(Frota &amp; Cia\/Victor Fagarassi)<\/p>\n","protected":false},"excerpt":{"rendered":"<p>Frota &amp; Cia &nbsp; A eletrifica\u00e7\u00e3o de ve\u00edculos j\u00e1 est\u00e1 consolidada como a principal forma de descarboniza\u00e7\u00e3o do setor automotivo mundial e \u00e9 consenso de que chegou o momento de discutir as adequa\u00e7\u00f5es estruturais necess\u00e1rias para que essa transi\u00e7\u00e3o ocorra de maneira sustentada e organizada no Brasil. &nbsp; \u00c9 nesse contexto que acontece o C-Move\u2026 <a class=\"readmore\" href=\"https:\/\/dana.com.br\/canaldana\/2023\/02\/07\/c-move-acontece-em-brasilia-e-discute-mobilidade-eletrica\/\">Leia mais \u00bb<\/a><\/p>\n","protected":false},"author":3,"featured_media":0,"comment_status":"closed","ping_status":"closed","sticky":false,"template":"","format":"standard","meta":{"_acf_changed":false,"footnotes":""},"categories":[82],"tags":[],"class_list":["post-63641","post","type-post","status-publish","format-standard","hentry","category-eventos"],"acf":[],"yoast_head":"<!-- This site is optimized with the Yoast SEO plugin v27.3 - https:\/\/yoast.com\/product\/yoast-seo-wordpress\/ -->\n<title>C-Move acontece em Bras\u00edlia e discute mobilidade el\u00e9trica - Canal Dana<\/title>\n<meta name=\"robots\" content=\"index, follow, max-snippet:-1, max-image-preview:large, max-video-preview:-1\" \/>\n<link rel=\"canonical\" href=\"https:\/\/dana.com.br\/canaldana\/2023\/02\/07\/c-move-acontece-em-brasilia-e-discute-mobilidade-eletrica\/\" \/>\n<meta property=\"og:locale\" content=\"pt_BR\" \/>\n<meta property=\"og:type\" content=\"article\" \/>\n<meta property=\"og:title\" content=\"C-Move acontece em Bras\u00edlia e discute mobilidade el\u00e9trica - Canal Dana\" \/>\n<meta property=\"og:description\" content=\"Frota &amp; Cia &nbsp; A eletrifica\u00e7\u00e3o de ve\u00edculos j\u00e1 est\u00e1 consolidada como a principal forma de descarboniza\u00e7\u00e3o do setor automotivo mundial e \u00e9 consenso de que chegou o momento de discutir as adequa\u00e7\u00f5es estruturais necess\u00e1rias para que essa transi\u00e7\u00e3o ocorra de maneira sustentada e organizada no Brasil. &nbsp; \u00c9 nesse contexto que acontece o C-Move\u2026 Leia mais \u00bb\" \/>\n<meta property=\"og:url\" content=\"https:\/\/dana.com.br\/canaldana\/2023\/02\/07\/c-move-acontece-em-brasilia-e-discute-mobilidade-eletrica\/\" \/>\n<meta property=\"og:site_name\" content=\"Canal Dana\" \/>\n<meta property=\"article:published_time\" content=\"2023-02-07T11:55:16+00:00\" \/>\n<meta name=\"author\" content=\"Canal Dana\" \/>\n<meta name=\"twitter:card\" content=\"summary_large_image\" \/>\n<meta name=\"twitter:label1\" content=\"Escrito por\" \/>\n\t<meta name=\"twitter:data1\" content=\"Canal Dana\" \/>\n\t<meta name=\"twitter:label2\" content=\"Est. tempo de leitura\" \/>\n\t<meta name=\"twitter:data2\" content=\"2 minutos\" \/>\n<script type=\"application\/ld+json\" class=\"yoast-schema-graph\">{\"@context\":\"https:\\\/\\\/schema.org\",\"@graph\":[{\"@type\":\"Article\",\"@id\":\"https:\\\/\\\/dana.com.br\\\/canaldana\\\/2023\\\/02\\\/07\\\/c-move-acontece-em-brasilia-e-discute-mobilidade-eletrica\\\/#article\",\"isPartOf\":{\"@id\":\"https:\\\/\\\/dana.com.br\\\/canaldana\\\/2023\\\/02\\\/07\\\/c-move-acontece-em-brasilia-e-discute-mobilidade-eletrica\\\/\"},\"author\":{\"name\":\"Canal Dana\",\"@id\":\"https:\\\/\\\/dana.com.br\\\/canaldana\\\/#\\\/schema\\\/person\\\/3c21f22f56fcf3bc46b94bc60ea4fef6\"},\"headline\":\"C-Move acontece em Bras\u00edlia e discute mobilidade el\u00e9trica\",\"datePublished\":\"2023-02-07T11:55:16+00:00\",\"mainEntityOfPage\":{\"@id\":\"https:\\\/\\\/dana.com.br\\\/canaldana\\\/2023\\\/02\\\/07\\\/c-move-acontece-em-brasilia-e-discute-mobilidade-eletrica\\\/\"},\"wordCount\":423,\"articleSection\":[\"Eventos\"],\"inLanguage\":\"pt-BR\"},{\"@type\":\"WebPage\",\"@id\":\"https:\\\/\\\/dana.com.br\\\/canaldana\\\/2023\\\/02\\\/07\\\/c-move-acontece-em-brasilia-e-discute-mobilidade-eletrica\\\/\",\"url\":\"https:\\\/\\\/dana.com.br\\\/canaldana\\\/2023\\\/02\\\/07\\\/c-move-acontece-em-brasilia-e-discute-mobilidade-eletrica\\\/\",\"name\":\"C-Move acontece em Bras\u00edlia e discute mobilidade el\u00e9trica - Canal Dana\",\"isPartOf\":{\"@id\":\"https:\\\/\\\/dana.com.br\\\/canaldana\\\/#website\"},\"datePublished\":\"2023-02-07T11:55:16+00:00\",\"author\":{\"@id\":\"https:\\\/\\\/dana.com.br\\\/canaldana\\\/#\\\/schema\\\/person\\\/3c21f22f56fcf3bc46b94bc60ea4fef6\"},\"breadcrumb\":{\"@id\":\"https:\\\/\\\/dana.com.br\\\/canaldana\\\/2023\\\/02\\\/07\\\/c-move-acontece-em-brasilia-e-discute-mobilidade-eletrica\\\/#breadcrumb\"},\"inLanguage\":\"pt-BR\",\"potentialAction\":[{\"@type\":\"ReadAction\",\"target\":[\"https:\\\/\\\/dana.com.br\\\/canaldana\\\/2023\\\/02\\\/07\\\/c-move-acontece-em-brasilia-e-discute-mobilidade-eletrica\\\/\"]}]},{\"@type\":\"BreadcrumbList\",\"@id\":\"https:\\\/\\\/dana.com.br\\\/canaldana\\\/2023\\\/02\\\/07\\\/c-move-acontece-em-brasilia-e-discute-mobilidade-eletrica\\\/#breadcrumb\",\"itemListElement\":[{\"@type\":\"ListItem\",\"position\":1,\"name\":\"Home\",\"item\":\"https:\\\/\\\/dana.com.br\\\/canaldana\\\/\"},{\"@type\":\"ListItem\",\"position\":2,\"name\":\"Eventos\",\"item\":\"https:\\\/\\\/dana.com.br\\\/canaldana\\\/eventos\\\/\"},{\"@type\":\"ListItem\",\"position\":3,\"name\":\"C-Move acontece em Bras\u00edlia e discute mobilidade el\u00e9trica\"}]},{\"@type\":\"WebSite\",\"@id\":\"https:\\\/\\\/dana.com.br\\\/canaldana\\\/#website\",\"url\":\"https:\\\/\\\/dana.com.br\\\/canaldana\\\/\",\"name\":\"Canal Dana\",\"description\":\"Informativo com as principais not\u00edcias da ind\u00fastria automotiva\",\"potentialAction\":[{\"@type\":\"SearchAction\",\"target\":{\"@type\":\"EntryPoint\",\"urlTemplate\":\"https:\\\/\\\/dana.com.br\\\/canaldana\\\/?s={search_term_string}\"},\"query-input\":{\"@type\":\"PropertyValueSpecification\",\"valueRequired\":true,\"valueName\":\"search_term_string\"}}],\"inLanguage\":\"pt-BR\"},{\"@type\":\"Person\",\"@id\":\"https:\\\/\\\/dana.com.br\\\/canaldana\\\/#\\\/schema\\\/person\\\/3c21f22f56fcf3bc46b94bc60ea4fef6\",\"name\":\"Canal Dana\",\"image\":{\"@type\":\"ImageObject\",\"inLanguage\":\"pt-BR\",\"@id\":\"https:\\\/\\\/secure.gravatar.com\\\/avatar\\\/420aaf9278582877d9018637c6817617705899d2858d7572ef0fe59a6b6454b4?s=96&d=mm&r=g\",\"url\":\"https:\\\/\\\/secure.gravatar.com\\\/avatar\\\/420aaf9278582877d9018637c6817617705899d2858d7572ef0fe59a6b6454b4?s=96&d=mm&r=g\",\"contentUrl\":\"https:\\\/\\\/secure.gravatar.com\\\/avatar\\\/420aaf9278582877d9018637c6817617705899d2858d7572ef0fe59a6b6454b4?s=96&d=mm&r=g\",\"caption\":\"Canal Dana\"},\"url\":\"https:\\\/\\\/dana.com.br\\\/canaldana\\\/author\\\/cdeditor\\\/\"}]}<\/script>\n<!-- \/ Yoast SEO plugin. -->","yoast_head_json":{"title":"C-Move acontece em Bras\u00edlia e discute mobilidade el\u00e9trica - Canal Dana","robots":{"index":"index","follow":"follow","max-snippet":"max-snippet:-1","max-image-preview":"max-image-preview:large","max-video-preview":"max-video-preview:-1"},"canonical":"https:\/\/dana.com.br\/canaldana\/2023\/02\/07\/c-move-acontece-em-brasilia-e-discute-mobilidade-eletrica\/","og_locale":"pt_BR","og_type":"article","og_title":"C-Move acontece em Bras\u00edlia e discute mobilidade el\u00e9trica - Canal Dana","og_description":"Frota &amp; Cia &nbsp; A eletrifica\u00e7\u00e3o de ve\u00edculos j\u00e1 est\u00e1 consolidada como a principal forma de descarboniza\u00e7\u00e3o do setor automotivo mundial e \u00e9 consenso de que chegou o momento de discutir as adequa\u00e7\u00f5es estruturais necess\u00e1rias para que essa transi\u00e7\u00e3o ocorra de maneira sustentada e organizada no Brasil. &nbsp; \u00c9 nesse contexto que acontece o C-Move\u2026 Leia mais \u00bb","og_url":"https:\/\/dana.com.br\/canaldana\/2023\/02\/07\/c-move-acontece-em-brasilia-e-discute-mobilidade-eletrica\/","og_site_name":"Canal Dana","article_published_time":"2023-02-07T11:55:16+00:00","author":"Canal Dana","twitter_card":"summary_large_image","twitter_misc":{"Escrito por":"Canal Dana","Est. tempo de leitura":"2 minutos"},"schema":{"@context":"https:\/\/schema.org","@graph":[{"@type":"Article","@id":"https:\/\/dana.com.br\/canaldana\/2023\/02\/07\/c-move-acontece-em-brasilia-e-discute-mobilidade-eletrica\/#article","isPartOf":{"@id":"https:\/\/dana.com.br\/canaldana\/2023\/02\/07\/c-move-acontece-em-brasilia-e-discute-mobilidade-eletrica\/"},"author":{"name":"Canal Dana","@id":"https:\/\/dana.com.br\/canaldana\/#\/schema\/person\/3c21f22f56fcf3bc46b94bc60ea4fef6"},"headline":"C-Move acontece em Bras\u00edlia e discute mobilidade el\u00e9trica","datePublished":"2023-02-07T11:55:16+00:00","mainEntityOfPage":{"@id":"https:\/\/dana.com.br\/canaldana\/2023\/02\/07\/c-move-acontece-em-brasilia-e-discute-mobilidade-eletrica\/"},"wordCount":423,"articleSection":["Eventos"],"inLanguage":"pt-BR"},{"@type":"WebPage","@id":"https:\/\/dana.com.br\/canaldana\/2023\/02\/07\/c-move-acontece-em-brasilia-e-discute-mobilidade-eletrica\/","url":"https:\/\/dana.com.br\/canaldana\/2023\/02\/07\/c-move-acontece-em-brasilia-e-discute-mobilidade-eletrica\/","name":"C-Move acontece em Bras\u00edlia e discute mobilidade el\u00e9trica - Canal Dana","isPartOf":{"@id":"https:\/\/dana.com.br\/canaldana\/#website"},"datePublished":"2023-02-07T11:55:16+00:00","author":{"@id":"https:\/\/dana.com.br\/canaldana\/#\/schema\/person\/3c21f22f56fcf3bc46b94bc60ea4fef6"},"breadcrumb":{"@id":"https:\/\/dana.com.br\/canaldana\/2023\/02\/07\/c-move-acontece-em-brasilia-e-discute-mobilidade-eletrica\/#breadcrumb"},"inLanguage":"pt-BR","potentialAction":[{"@type":"ReadAction","target":["https:\/\/dana.com.br\/canaldana\/2023\/02\/07\/c-move-acontece-em-brasilia-e-discute-mobilidade-eletrica\/"]}]},{"@type":"BreadcrumbList","@id":"https:\/\/dana.com.br\/canaldana\/2023\/02\/07\/c-move-acontece-em-brasilia-e-discute-mobilidade-eletrica\/#breadcrumb","itemListElement":[{"@type":"ListItem","position":1,"name":"Home","item":"https:\/\/dana.com.br\/canaldana\/"},{"@type":"ListItem","position":2,"name":"Eventos","item":"https:\/\/dana.com.br\/canaldana\/eventos\/"},{"@type":"ListItem","position":3,"name":"C-Move acontece em Bras\u00edlia e discute mobilidade el\u00e9trica"}]},{"@type":"WebSite","@id":"https:\/\/dana.com.br\/canaldana\/#website","url":"https:\/\/dana.com.br\/canaldana\/","name":"Canal Dana","description":"Informativo com as principais not\u00edcias da ind\u00fastria automotiva","potentialAction":[{"@type":"SearchAction","target":{"@type":"EntryPoint","urlTemplate":"https:\/\/dana.com.br\/canaldana\/?s={search_term_string}"},"query-input":{"@type":"PropertyValueSpecification","valueRequired":true,"valueName":"search_term_string"}}],"inLanguage":"pt-BR"},{"@type":"Person","@id":"https:\/\/dana.com.br\/canaldana\/#\/schema\/person\/3c21f22f56fcf3bc46b94bc60ea4fef6","name":"Canal Dana","image":{"@type":"ImageObject","inLanguage":"pt-BR","@id":"https:\/\/secure.gravatar.com\/avatar\/420aaf9278582877d9018637c6817617705899d2858d7572ef0fe59a6b6454b4?s=96&d=mm&r=g","url":"https:\/\/secure.gravatar.com\/avatar\/420aaf9278582877d9018637c6817617705899d2858d7572ef0fe59a6b6454b4?s=96&d=mm&r=g","contentUrl":"https:\/\/secure.gravatar.com\/avatar\/420aaf9278582877d9018637c6817617705899d2858d7572ef0fe59a6b6454b4?s=96&d=mm&r=g","caption":"Canal Dana"},"url":"https:\/\/dana.com.br\/canaldana\/author\/cdeditor\/"}]}},"_links":{"self":[{"href":"https:\/\/dana.com.br\/canaldana\/wp-json\/wp\/v2\/posts\/63641","targetHints":{"allow":["GET"]}}],"collection":[{"href":"https:\/\/dana.com.br\/canaldana\/wp-json\/wp\/v2\/posts"}],"about":[{"href":"https:\/\/dana.com.br\/canaldana\/wp-json\/wp\/v2\/types\/post"}],"author":[{"embeddable":true,"href":"https:\/\/dana.com.br\/canaldana\/wp-json\/wp\/v2\/users\/3"}],"replies":[{"embeddable":true,"href":"https:\/\/dana.com.br\/canaldana\/wp-json\/wp\/v2\/comments?post=63641"}],"version-history":[{"count":0,"href":"https:\/\/dana.com.br\/canaldana\/wp-json\/wp\/v2\/posts\/63641\/revisions"}],"wp:attachment":[{"href":"https:\/\/dana.com.br\/canaldana\/wp-json\/wp\/v2\/media?parent=63641"}],"wp:term":[{"taxonomy":"category","embeddable":true,"href":"https:\/\/dana.com.br\/canaldana\/wp-json\/wp\/v2\/categories?post=63641"},{"taxonomy":"post_tag","embeddable":true,"href":"https:\/\/dana.com.br\/canaldana\/wp-json\/wp\/v2\/tags?post=63641"}],"curies":[{"name":"wp","href":"https:\/\/api.w.org\/{rel}","templated":true}]}}