{"id":63634,"date":"2023-02-06T09:17:33","date_gmt":"2023-02-06T12:17:33","guid":{"rendered":"https:\/\/dana.com.br\/canaldana\/?p=63634"},"modified":"2023-02-06T09:17:33","modified_gmt":"2023-02-06T12:17:33","slug":"vendas-de-caminhoes-em-2023-tem-volvo-na-lideranca","status":"publish","type":"post","link":"https:\/\/dana.com.br\/canaldana\/2023\/02\/06\/vendas-de-caminhoes-em-2023-tem-volvo-na-lideranca\/","title":{"rendered":"Vendas de caminh\u00f5es em 2023 t\u00eam Volvo na lideran\u00e7a"},"content":{"rendered":"<p><em>Estrad\u00e3o <\/em><\/p>\n<p>&nbsp;<\/p>\n<p>As vendas de caminh\u00f5es em janeiro foram mornas. Assim, no primeiro m\u00eas de 2023 foram emplacadas 10.215 unidades. Ou seja, houve queda de 15,3% em rela\u00e7\u00e3o \u00e0s de dezembro, quando o n\u00famero de emplacamentos foi de 12.064 unidades. Al\u00e9m disso, em rela\u00e7\u00e3o ao mesmo m\u00eas de 2022 a queda foi de 20%. Segundo a Fenabrave, que re\u00fane as associa\u00e7\u00f5es de concession\u00e1rias, foram 8.507 vendas.<\/p>\n<p>&nbsp;<\/p>\n<p>Segundo o presidente da Fenabrave, Andreta Jr., as vendas devem crescer no primeiro trimestre. &#8220;A mudan\u00e7a de tecnologia para atender o Proconve P8 pode aumentar a procura pelo estoque de modelos com motores Euro 5.&#8221; Ele se refere \u00e0s novas regras de controle de emiss\u00f5es, que entraram em vigor em janeiro. Por\u00e9m, caminh\u00f5es com sistema antigo podem ser emplacados at\u00e9 mar\u00e7o.<\/p>\n<p>&nbsp;<\/p>\n<p>Seja como for, Volvo, DAF e Scania lideraram o ranking de vendas de caminh\u00f5es novos em janeiro. De acordo com dados da Fenabrave, foram emplacadas 882 unidades da linha FH, bem como 752 da XF e 515 do R 450, respectivamente. Veja o ranking completo, abaixo.<\/p>\n<p>&nbsp;<\/p>\n<p>Os tr\u00eas caminh\u00f5es s\u00e3o da categoria de pesados. Ou seja, da mais vendida no Brasil. De acordo com os dados da Fenabrave, em janeiro a Mercedes-Benz liderou as vendas de caminh\u00f5es no Pa\u00eds. Assim, a marca obteve 29,7% de participa\u00e7\u00e3o do mercado.<\/p>\n<p>&nbsp;<\/p>\n<p>Em seguida vem a Volkswagen Caminh\u00f5es e \u00d4nibus (VWCO), com 21,9% das vendas. Na sequ\u00eancia vem a Volvo, com 20,3%, e, depois, a Scania, com 11,73%. Por fim, a DAF aparece na quinta posi\u00e7\u00e3o. Conforme a Fenabrave, os emplacamentos da empresa representaram 7,92% do total do mercado em janeiro.<\/p>\n<p>&nbsp;<\/p>\n<p><strong>Venda de implementos tem queda<\/strong><\/p>\n<p>&nbsp;<\/p>\n<p>A venda de implementos rodovi\u00e1rios registrou queda em janeiro. De acordo com a Fenabrave, foram emplacadas 6.539 unidades. Portanto, o n\u00famero foi 17,13% menor que as 7.891 vendas feitas em dezembro. Al\u00e9m disso, houve queda de 2,77% ante as 6.725 vendas registradas em janeiro de 2022.<\/p>\n<p>&nbsp;<\/p>\n<p>Segundo o presidente da entidade, n\u00e3o h\u00e1 motivo para preocupa\u00e7\u00e3o. &#8220;A queda pode ser considerada natural nos primeiros meses de 2023, j\u00e1 que muitos transportadores devem priorizar a troca de caminh\u00f5es. Isso por causa do Proconve P8&#8221;, diz.<\/p>\n<p>&nbsp;<\/p>\n<p><strong>Setor de \u00f4nibus tem boas perspectivas<\/strong><\/p>\n<p>&nbsp;<\/p>\n<p>Por outro lado, no setor de \u00f4nibus a recupera\u00e7\u00e3o vem se consolidando. Seja como for, em janeiro, com 2.152 vendas, houve queda de 19,7% ante as 2.680 de dezembro. Por\u00e9m, na compara\u00e7\u00e3o com janeiro de 2022 houve alta de 61,32%. Conforme Andreta Jr, &#8220;isso indica boa possibilidade de um novo ano de crescimento&#8221;. (Estrad\u00e3o\/Aline Feltrin)<\/p>\n","protected":false},"excerpt":{"rendered":"<p>Estrad\u00e3o &nbsp; As vendas de caminh\u00f5es em janeiro foram mornas. Assim, no primeiro m\u00eas de 2023 foram emplacadas 10.215 unidades. Ou seja, houve queda de 15,3% em rela\u00e7\u00e3o \u00e0s de dezembro, quando o n\u00famero de emplacamentos foi de 12.064 unidades. Al\u00e9m disso, em rela\u00e7\u00e3o ao mesmo m\u00eas de 2022 a queda foi de 20%. Segundo\u2026 <a class=\"readmore\" href=\"https:\/\/dana.com.br\/canaldana\/2023\/02\/06\/vendas-de-caminhoes-em-2023-tem-volvo-na-lideranca\/\">Leia mais \u00bb<\/a><\/p>\n","protected":false},"author":3,"featured_media":0,"comment_status":"closed","ping_status":"closed","sticky":false,"template":"","format":"standard","meta":{"_acf_changed":false,"footnotes":""},"categories":[61],"tags":[],"class_list":["post-63634","post","type-post","status-publish","format-standard","hentry","category-destaques"],"acf":[],"yoast_head":"<!-- This site is optimized with the Yoast SEO plugin v27.3 - https:\/\/yoast.com\/product\/yoast-seo-wordpress\/ -->\n<title>Vendas de caminh\u00f5es em 2023 t\u00eam Volvo na lideran\u00e7a - Canal Dana<\/title>\n<meta name=\"robots\" content=\"index, follow, max-snippet:-1, max-image-preview:large, max-video-preview:-1\" \/>\n<link rel=\"canonical\" href=\"https:\/\/dana.com.br\/canaldana\/2023\/02\/06\/vendas-de-caminhoes-em-2023-tem-volvo-na-lideranca\/\" \/>\n<meta property=\"og:locale\" content=\"pt_BR\" \/>\n<meta property=\"og:type\" content=\"article\" \/>\n<meta property=\"og:title\" content=\"Vendas de caminh\u00f5es em 2023 t\u00eam Volvo na lideran\u00e7a - Canal Dana\" \/>\n<meta property=\"og:description\" content=\"Estrad\u00e3o &nbsp; As vendas de caminh\u00f5es em janeiro foram mornas. Assim, no primeiro m\u00eas de 2023 foram emplacadas 10.215 unidades. Ou seja, houve queda de 15,3% em rela\u00e7\u00e3o \u00e0s de dezembro, quando o n\u00famero de emplacamentos foi de 12.064 unidades. Al\u00e9m disso, em rela\u00e7\u00e3o ao mesmo m\u00eas de 2022 a queda foi de 20%. Segundo\u2026 Leia mais \u00bb\" \/>\n<meta property=\"og:url\" content=\"https:\/\/dana.com.br\/canaldana\/2023\/02\/06\/vendas-de-caminhoes-em-2023-tem-volvo-na-lideranca\/\" \/>\n<meta property=\"og:site_name\" content=\"Canal Dana\" \/>\n<meta property=\"article:published_time\" content=\"2023-02-06T12:17:33+00:00\" \/>\n<meta name=\"author\" content=\"Canal Dana\" \/>\n<meta name=\"twitter:card\" content=\"summary_large_image\" \/>\n<meta name=\"twitter:label1\" content=\"Escrito por\" \/>\n\t<meta name=\"twitter:data1\" content=\"Canal Dana\" \/>\n\t<meta name=\"twitter:label2\" content=\"Est. tempo de leitura\" \/>\n\t<meta name=\"twitter:data2\" content=\"3 minutos\" \/>\n<script type=\"application\/ld+json\" class=\"yoast-schema-graph\">{\"@context\":\"https:\\\/\\\/schema.org\",\"@graph\":[{\"@type\":\"Article\",\"@id\":\"https:\\\/\\\/dana.com.br\\\/canaldana\\\/2023\\\/02\\\/06\\\/vendas-de-caminhoes-em-2023-tem-volvo-na-lideranca\\\/#article\",\"isPartOf\":{\"@id\":\"https:\\\/\\\/dana.com.br\\\/canaldana\\\/2023\\\/02\\\/06\\\/vendas-de-caminhoes-em-2023-tem-volvo-na-lideranca\\\/\"},\"author\":{\"name\":\"Canal Dana\",\"@id\":\"https:\\\/\\\/dana.com.br\\\/canaldana\\\/#\\\/schema\\\/person\\\/3c21f22f56fcf3bc46b94bc60ea4fef6\"},\"headline\":\"Vendas de caminh\u00f5es em 2023 t\u00eam Volvo na lideran\u00e7a\",\"datePublished\":\"2023-02-06T12:17:33+00:00\",\"mainEntityOfPage\":{\"@id\":\"https:\\\/\\\/dana.com.br\\\/canaldana\\\/2023\\\/02\\\/06\\\/vendas-de-caminhoes-em-2023-tem-volvo-na-lideranca\\\/\"},\"wordCount\":442,\"articleSection\":[\"Destaques\"],\"inLanguage\":\"pt-BR\"},{\"@type\":\"WebPage\",\"@id\":\"https:\\\/\\\/dana.com.br\\\/canaldana\\\/2023\\\/02\\\/06\\\/vendas-de-caminhoes-em-2023-tem-volvo-na-lideranca\\\/\",\"url\":\"https:\\\/\\\/dana.com.br\\\/canaldana\\\/2023\\\/02\\\/06\\\/vendas-de-caminhoes-em-2023-tem-volvo-na-lideranca\\\/\",\"name\":\"Vendas de caminh\u00f5es em 2023 t\u00eam Volvo na lideran\u00e7a - Canal Dana\",\"isPartOf\":{\"@id\":\"https:\\\/\\\/dana.com.br\\\/canaldana\\\/#website\"},\"datePublished\":\"2023-02-06T12:17:33+00:00\",\"author\":{\"@id\":\"https:\\\/\\\/dana.com.br\\\/canaldana\\\/#\\\/schema\\\/person\\\/3c21f22f56fcf3bc46b94bc60ea4fef6\"},\"breadcrumb\":{\"@id\":\"https:\\\/\\\/dana.com.br\\\/canaldana\\\/2023\\\/02\\\/06\\\/vendas-de-caminhoes-em-2023-tem-volvo-na-lideranca\\\/#breadcrumb\"},\"inLanguage\":\"pt-BR\",\"potentialAction\":[{\"@type\":\"ReadAction\",\"target\":[\"https:\\\/\\\/dana.com.br\\\/canaldana\\\/2023\\\/02\\\/06\\\/vendas-de-caminhoes-em-2023-tem-volvo-na-lideranca\\\/\"]}]},{\"@type\":\"BreadcrumbList\",\"@id\":\"https:\\\/\\\/dana.com.br\\\/canaldana\\\/2023\\\/02\\\/06\\\/vendas-de-caminhoes-em-2023-tem-volvo-na-lideranca\\\/#breadcrumb\",\"itemListElement\":[{\"@type\":\"ListItem\",\"position\":1,\"name\":\"Home\",\"item\":\"https:\\\/\\\/dana.com.br\\\/canaldana\\\/\"},{\"@type\":\"ListItem\",\"position\":2,\"name\":\"Destaques\",\"item\":\"https:\\\/\\\/dana.com.br\\\/canaldana\\\/destaques\\\/\"},{\"@type\":\"ListItem\",\"position\":3,\"name\":\"Vendas de caminh\u00f5es em 2023 t\u00eam Volvo na lideran\u00e7a\"}]},{\"@type\":\"WebSite\",\"@id\":\"https:\\\/\\\/dana.com.br\\\/canaldana\\\/#website\",\"url\":\"https:\\\/\\\/dana.com.br\\\/canaldana\\\/\",\"name\":\"Canal Dana\",\"description\":\"Informativo com as principais not\u00edcias da ind\u00fastria automotiva\",\"potentialAction\":[{\"@type\":\"SearchAction\",\"target\":{\"@type\":\"EntryPoint\",\"urlTemplate\":\"https:\\\/\\\/dana.com.br\\\/canaldana\\\/?s={search_term_string}\"},\"query-input\":{\"@type\":\"PropertyValueSpecification\",\"valueRequired\":true,\"valueName\":\"search_term_string\"}}],\"inLanguage\":\"pt-BR\"},{\"@type\":\"Person\",\"@id\":\"https:\\\/\\\/dana.com.br\\\/canaldana\\\/#\\\/schema\\\/person\\\/3c21f22f56fcf3bc46b94bc60ea4fef6\",\"name\":\"Canal Dana\",\"image\":{\"@type\":\"ImageObject\",\"inLanguage\":\"pt-BR\",\"@id\":\"https:\\\/\\\/secure.gravatar.com\\\/avatar\\\/420aaf9278582877d9018637c6817617705899d2858d7572ef0fe59a6b6454b4?s=96&d=mm&r=g\",\"url\":\"https:\\\/\\\/secure.gravatar.com\\\/avatar\\\/420aaf9278582877d9018637c6817617705899d2858d7572ef0fe59a6b6454b4?s=96&d=mm&r=g\",\"contentUrl\":\"https:\\\/\\\/secure.gravatar.com\\\/avatar\\\/420aaf9278582877d9018637c6817617705899d2858d7572ef0fe59a6b6454b4?s=96&d=mm&r=g\",\"caption\":\"Canal Dana\"},\"url\":\"https:\\\/\\\/dana.com.br\\\/canaldana\\\/author\\\/cdeditor\\\/\"}]}<\/script>\n<!-- \/ Yoast SEO plugin. -->","yoast_head_json":{"title":"Vendas de caminh\u00f5es em 2023 t\u00eam Volvo na lideran\u00e7a - Canal Dana","robots":{"index":"index","follow":"follow","max-snippet":"max-snippet:-1","max-image-preview":"max-image-preview:large","max-video-preview":"max-video-preview:-1"},"canonical":"https:\/\/dana.com.br\/canaldana\/2023\/02\/06\/vendas-de-caminhoes-em-2023-tem-volvo-na-lideranca\/","og_locale":"pt_BR","og_type":"article","og_title":"Vendas de caminh\u00f5es em 2023 t\u00eam Volvo na lideran\u00e7a - Canal Dana","og_description":"Estrad\u00e3o &nbsp; As vendas de caminh\u00f5es em janeiro foram mornas. Assim, no primeiro m\u00eas de 2023 foram emplacadas 10.215 unidades. Ou seja, houve queda de 15,3% em rela\u00e7\u00e3o \u00e0s de dezembro, quando o n\u00famero de emplacamentos foi de 12.064 unidades. Al\u00e9m disso, em rela\u00e7\u00e3o ao mesmo m\u00eas de 2022 a queda foi de 20%. Segundo\u2026 Leia mais \u00bb","og_url":"https:\/\/dana.com.br\/canaldana\/2023\/02\/06\/vendas-de-caminhoes-em-2023-tem-volvo-na-lideranca\/","og_site_name":"Canal Dana","article_published_time":"2023-02-06T12:17:33+00:00","author":"Canal Dana","twitter_card":"summary_large_image","twitter_misc":{"Escrito por":"Canal Dana","Est. tempo de leitura":"3 minutos"},"schema":{"@context":"https:\/\/schema.org","@graph":[{"@type":"Article","@id":"https:\/\/dana.com.br\/canaldana\/2023\/02\/06\/vendas-de-caminhoes-em-2023-tem-volvo-na-lideranca\/#article","isPartOf":{"@id":"https:\/\/dana.com.br\/canaldana\/2023\/02\/06\/vendas-de-caminhoes-em-2023-tem-volvo-na-lideranca\/"},"author":{"name":"Canal Dana","@id":"https:\/\/dana.com.br\/canaldana\/#\/schema\/person\/3c21f22f56fcf3bc46b94bc60ea4fef6"},"headline":"Vendas de caminh\u00f5es em 2023 t\u00eam Volvo na lideran\u00e7a","datePublished":"2023-02-06T12:17:33+00:00","mainEntityOfPage":{"@id":"https:\/\/dana.com.br\/canaldana\/2023\/02\/06\/vendas-de-caminhoes-em-2023-tem-volvo-na-lideranca\/"},"wordCount":442,"articleSection":["Destaques"],"inLanguage":"pt-BR"},{"@type":"WebPage","@id":"https:\/\/dana.com.br\/canaldana\/2023\/02\/06\/vendas-de-caminhoes-em-2023-tem-volvo-na-lideranca\/","url":"https:\/\/dana.com.br\/canaldana\/2023\/02\/06\/vendas-de-caminhoes-em-2023-tem-volvo-na-lideranca\/","name":"Vendas de caminh\u00f5es em 2023 t\u00eam Volvo na lideran\u00e7a - Canal Dana","isPartOf":{"@id":"https:\/\/dana.com.br\/canaldana\/#website"},"datePublished":"2023-02-06T12:17:33+00:00","author":{"@id":"https:\/\/dana.com.br\/canaldana\/#\/schema\/person\/3c21f22f56fcf3bc46b94bc60ea4fef6"},"breadcrumb":{"@id":"https:\/\/dana.com.br\/canaldana\/2023\/02\/06\/vendas-de-caminhoes-em-2023-tem-volvo-na-lideranca\/#breadcrumb"},"inLanguage":"pt-BR","potentialAction":[{"@type":"ReadAction","target":["https:\/\/dana.com.br\/canaldana\/2023\/02\/06\/vendas-de-caminhoes-em-2023-tem-volvo-na-lideranca\/"]}]},{"@type":"BreadcrumbList","@id":"https:\/\/dana.com.br\/canaldana\/2023\/02\/06\/vendas-de-caminhoes-em-2023-tem-volvo-na-lideranca\/#breadcrumb","itemListElement":[{"@type":"ListItem","position":1,"name":"Home","item":"https:\/\/dana.com.br\/canaldana\/"},{"@type":"ListItem","position":2,"name":"Destaques","item":"https:\/\/dana.com.br\/canaldana\/destaques\/"},{"@type":"ListItem","position":3,"name":"Vendas de caminh\u00f5es em 2023 t\u00eam Volvo na lideran\u00e7a"}]},{"@type":"WebSite","@id":"https:\/\/dana.com.br\/canaldana\/#website","url":"https:\/\/dana.com.br\/canaldana\/","name":"Canal Dana","description":"Informativo com as principais not\u00edcias da ind\u00fastria automotiva","potentialAction":[{"@type":"SearchAction","target":{"@type":"EntryPoint","urlTemplate":"https:\/\/dana.com.br\/canaldana\/?s={search_term_string}"},"query-input":{"@type":"PropertyValueSpecification","valueRequired":true,"valueName":"search_term_string"}}],"inLanguage":"pt-BR"},{"@type":"Person","@id":"https:\/\/dana.com.br\/canaldana\/#\/schema\/person\/3c21f22f56fcf3bc46b94bc60ea4fef6","name":"Canal Dana","image":{"@type":"ImageObject","inLanguage":"pt-BR","@id":"https:\/\/secure.gravatar.com\/avatar\/420aaf9278582877d9018637c6817617705899d2858d7572ef0fe59a6b6454b4?s=96&d=mm&r=g","url":"https:\/\/secure.gravatar.com\/avatar\/420aaf9278582877d9018637c6817617705899d2858d7572ef0fe59a6b6454b4?s=96&d=mm&r=g","contentUrl":"https:\/\/secure.gravatar.com\/avatar\/420aaf9278582877d9018637c6817617705899d2858d7572ef0fe59a6b6454b4?s=96&d=mm&r=g","caption":"Canal Dana"},"url":"https:\/\/dana.com.br\/canaldana\/author\/cdeditor\/"}]}},"_links":{"self":[{"href":"https:\/\/dana.com.br\/canaldana\/wp-json\/wp\/v2\/posts\/63634","targetHints":{"allow":["GET"]}}],"collection":[{"href":"https:\/\/dana.com.br\/canaldana\/wp-json\/wp\/v2\/posts"}],"about":[{"href":"https:\/\/dana.com.br\/canaldana\/wp-json\/wp\/v2\/types\/post"}],"author":[{"embeddable":true,"href":"https:\/\/dana.com.br\/canaldana\/wp-json\/wp\/v2\/users\/3"}],"replies":[{"embeddable":true,"href":"https:\/\/dana.com.br\/canaldana\/wp-json\/wp\/v2\/comments?post=63634"}],"version-history":[{"count":0,"href":"https:\/\/dana.com.br\/canaldana\/wp-json\/wp\/v2\/posts\/63634\/revisions"}],"wp:attachment":[{"href":"https:\/\/dana.com.br\/canaldana\/wp-json\/wp\/v2\/media?parent=63634"}],"wp:term":[{"taxonomy":"category","embeddable":true,"href":"https:\/\/dana.com.br\/canaldana\/wp-json\/wp\/v2\/categories?post=63634"},{"taxonomy":"post_tag","embeddable":true,"href":"https:\/\/dana.com.br\/canaldana\/wp-json\/wp\/v2\/tags?post=63634"}],"curies":[{"name":"wp","href":"https:\/\/api.w.org\/{rel}","templated":true}]}}