{"id":63629,"date":"2023-02-06T09:15:36","date_gmt":"2023-02-06T12:15:36","guid":{"rendered":"https:\/\/dana.com.br\/canaldana\/?p=63629"},"modified":"2023-02-06T09:15:36","modified_gmt":"2023-02-06T12:15:36","slug":"transporte-rodoviario-encarece-ate-31-em-2022","status":"publish","type":"post","link":"https:\/\/dana.com.br\/canaldana\/2023\/02\/06\/transporte-rodoviario-encarece-ate-31-em-2022\/","title":{"rendered":"Transporte rodovi\u00e1rio encarece at\u00e9 31% em 2022"},"content":{"rendered":"<p><em>O Estado de S. Paulo<\/em><\/p>\n<p>&nbsp;<\/p>\n<p>Alternativa ao transporte a\u00e9reo \u2013 cujas passagens subiram 23,5% em m\u00e9dia no Pa\u00eds no ano passado \u2013, o rodovi\u00e1rio tamb\u00e9m registrou alta nos pre\u00e7os em 2022. Ainda que, na m\u00e9dia brasileira, o aumento no pre\u00e7o das tarifas de \u00f4nibus seja mais modesto do que o do avi\u00e3o, o avan\u00e7o foi mais do que o dobro da infla\u00e7\u00e3o. Enquanto as passagens rodovi\u00e1rias para viagens interestaduais subiram 13,8%, o \u00cdndice Nacional de Pre\u00e7os ao Consumidor Amplo (IPCA) aumentou 5,79%.<\/p>\n<p>&nbsp;<\/p>\n<p>Em algumas cidades, a alta do transporte rodovi\u00e1rio foi at\u00e9 mais pesada do que a do a\u00e9reo. \u00c9 o caso de Bel\u00e9m, Fortaleza, Salvador e S\u00e3o Lu\u00eds. A maior diferen\u00e7a foi registrada na capital do Par\u00e1, onde a m\u00e9dia da passagem rodovi\u00e1ria subiu 30,9%, e a a\u00e9rea, 3%.<\/p>\n<p>&nbsp;<\/p>\n<p>O principal fator que explica o aumento do transporte rodovi\u00e1rio \u00e9 o pre\u00e7o do diesel, que representava cerca de 30% dos custos do setor. No ano passado, o litro subiu 22,87% no Pa\u00eds, segundo o IBGE.<\/p>\n<p>&nbsp;<\/p>\n<p>A Expresso Itamarati \u2013 que opera em S\u00e3o Paulo, Mato Grosso do Sul, Mato Grosso, Rond\u00f4nia, Goi\u00e1s e Minas Gerais \u2013 se abastece em 40 pontos do Pa\u00eds e percebeu um aumento m\u00e9dio de 53% no diesel no ano passado. No in\u00edcio de 2022, a empresa pagava R$ 4,01 no litro do combust\u00edvel; em dezembro, era R$ 6,12. Com essa eleva\u00e7\u00e3o, o peso do diesel no custo das empresas passou de 31% para 38%.<\/p>\n<p>&nbsp;<\/p>\n<p><strong>Custo<\/strong><\/p>\n<p>&nbsp;<\/p>\n<p>\u201cNas linhas longas da empresa, o diesel j\u00e1 ultrapassou a m\u00e3o de obra e virou o principal custo\u201d, diz Gentil Zanovello Afonso, diretor-superintendente da Itamarati. Segundo ele, a alta do diesel ocorreu porque, com dificuldade de acesso ao g\u00e1s natural devido \u00e0 guerra na Ucr\u00e2nia, a Europa passou a usar o diesel para acionar suas termoel\u00e9tricas, elevando a demanda pelo combust\u00edvel. Como o Brasil importa 30% do diesel que consome, o impacto foi direto.<\/p>\n<p>&nbsp;<\/p>\n<p>Com opera\u00e7\u00e3o em S\u00e3o Paulo, Esp\u00edrito Santo, Bahia, Rio de Janeiro, Minas Gerais, Alagoas, Sergipe e Pernambuco, a Via\u00e7\u00e3o \u00c1guia Branca viu o peso do combust\u00edvel passar de 25% de seus custos para 40%. O rea<\/p>\n<p>&nbsp;<\/p>\n<p><strong>Demanda<\/strong><\/p>\n<p>&nbsp;<\/p>\n<p>Alta do diesel ocorre por causa da guerra da Ucr\u00e2nia que dificultou acesso ao g\u00e1s natural na Europa<\/p>\n<p>&nbsp;<\/p>\n<p>juste que chegou ao consumidor, no entanto, variou de 10% a 15%, segundo o diretor comercial da empresa, Thiago Chieppe Juffo.<\/p>\n<p>&nbsp;<\/p>\n<p>\u201c\u00c9 imposs\u00edvel fazer um repasse integral para o consumidor. A gente est\u00e1 em um momento desafiador na economia, e h\u00e1 outras alternativas de viagem que o consumidor avalia. Se voc\u00ea faz um repasse total, perde o cliente\u201d, diz o executivo. Diante desse cen\u00e1rio, a \u00c1guia Branca reduziu seus custos operacionais em 26%, desde o come\u00e7o da pandemia, para conseguir fechar as contas. (O Estado de S. Paulo\/Luciana Dyniewicz)<\/p>\n","protected":false},"excerpt":{"rendered":"<p>O Estado de S. Paulo &nbsp; Alternativa ao transporte a\u00e9reo \u2013 cujas passagens subiram 23,5% em m\u00e9dia no Pa\u00eds no ano passado \u2013, o rodovi\u00e1rio tamb\u00e9m registrou alta nos pre\u00e7os em 2022. Ainda que, na m\u00e9dia brasileira, o aumento no pre\u00e7o das tarifas de \u00f4nibus seja mais modesto do que o do avi\u00e3o, o avan\u00e7o\u2026 <a class=\"readmore\" href=\"https:\/\/dana.com.br\/canaldana\/2023\/02\/06\/transporte-rodoviario-encarece-ate-31-em-2022\/\">Leia mais \u00bb<\/a><\/p>\n","protected":false},"author":3,"featured_media":0,"comment_status":"closed","ping_status":"closed","sticky":false,"template":"","format":"standard","meta":{"_acf_changed":false,"footnotes":""},"categories":[79],"tags":[],"class_list":["post-63629","post","type-post","status-publish","format-standard","hentry","category-mercado"],"acf":[],"yoast_head":"<!-- This site is optimized with the Yoast SEO plugin v27.3 - https:\/\/yoast.com\/product\/yoast-seo-wordpress\/ -->\n<title>Transporte rodovi\u00e1rio encarece at\u00e9 31% em 2022 - Canal Dana<\/title>\n<meta name=\"robots\" content=\"index, follow, max-snippet:-1, max-image-preview:large, max-video-preview:-1\" \/>\n<link rel=\"canonical\" href=\"https:\/\/dana.com.br\/canaldana\/2023\/02\/06\/transporte-rodoviario-encarece-ate-31-em-2022\/\" \/>\n<meta property=\"og:locale\" content=\"pt_BR\" \/>\n<meta property=\"og:type\" content=\"article\" \/>\n<meta property=\"og:title\" content=\"Transporte rodovi\u00e1rio encarece at\u00e9 31% em 2022 - Canal Dana\" \/>\n<meta property=\"og:description\" content=\"O Estado de S. Paulo &nbsp; Alternativa ao transporte a\u00e9reo \u2013 cujas passagens subiram 23,5% em m\u00e9dia no Pa\u00eds no ano passado \u2013, o rodovi\u00e1rio tamb\u00e9m registrou alta nos pre\u00e7os em 2022. Ainda que, na m\u00e9dia brasileira, o aumento no pre\u00e7o das tarifas de \u00f4nibus seja mais modesto do que o do avi\u00e3o, o avan\u00e7o\u2026 Leia mais \u00bb\" \/>\n<meta property=\"og:url\" content=\"https:\/\/dana.com.br\/canaldana\/2023\/02\/06\/transporte-rodoviario-encarece-ate-31-em-2022\/\" \/>\n<meta property=\"og:site_name\" content=\"Canal Dana\" \/>\n<meta property=\"article:published_time\" content=\"2023-02-06T12:15:36+00:00\" \/>\n<meta name=\"author\" content=\"Canal Dana\" \/>\n<meta name=\"twitter:card\" content=\"summary_large_image\" \/>\n<meta name=\"twitter:label1\" content=\"Escrito por\" \/>\n\t<meta name=\"twitter:data1\" content=\"Canal Dana\" \/>\n\t<meta name=\"twitter:label2\" content=\"Est. tempo de leitura\" \/>\n\t<meta name=\"twitter:data2\" content=\"3 minutos\" \/>\n<script type=\"application\/ld+json\" class=\"yoast-schema-graph\">{\"@context\":\"https:\\\/\\\/schema.org\",\"@graph\":[{\"@type\":\"Article\",\"@id\":\"https:\\\/\\\/dana.com.br\\\/canaldana\\\/2023\\\/02\\\/06\\\/transporte-rodoviario-encarece-ate-31-em-2022\\\/#article\",\"isPartOf\":{\"@id\":\"https:\\\/\\\/dana.com.br\\\/canaldana\\\/2023\\\/02\\\/06\\\/transporte-rodoviario-encarece-ate-31-em-2022\\\/\"},\"author\":{\"name\":\"Canal Dana\",\"@id\":\"https:\\\/\\\/dana.com.br\\\/canaldana\\\/#\\\/schema\\\/person\\\/3c21f22f56fcf3bc46b94bc60ea4fef6\"},\"headline\":\"Transporte rodovi\u00e1rio encarece at\u00e9 31% em 2022\",\"datePublished\":\"2023-02-06T12:15:36+00:00\",\"mainEntityOfPage\":{\"@id\":\"https:\\\/\\\/dana.com.br\\\/canaldana\\\/2023\\\/02\\\/06\\\/transporte-rodoviario-encarece-ate-31-em-2022\\\/\"},\"wordCount\":496,\"articleSection\":[\"Mercado\"],\"inLanguage\":\"pt-BR\"},{\"@type\":\"WebPage\",\"@id\":\"https:\\\/\\\/dana.com.br\\\/canaldana\\\/2023\\\/02\\\/06\\\/transporte-rodoviario-encarece-ate-31-em-2022\\\/\",\"url\":\"https:\\\/\\\/dana.com.br\\\/canaldana\\\/2023\\\/02\\\/06\\\/transporte-rodoviario-encarece-ate-31-em-2022\\\/\",\"name\":\"Transporte rodovi\u00e1rio encarece at\u00e9 31% em 2022 - Canal Dana\",\"isPartOf\":{\"@id\":\"https:\\\/\\\/dana.com.br\\\/canaldana\\\/#website\"},\"datePublished\":\"2023-02-06T12:15:36+00:00\",\"author\":{\"@id\":\"https:\\\/\\\/dana.com.br\\\/canaldana\\\/#\\\/schema\\\/person\\\/3c21f22f56fcf3bc46b94bc60ea4fef6\"},\"breadcrumb\":{\"@id\":\"https:\\\/\\\/dana.com.br\\\/canaldana\\\/2023\\\/02\\\/06\\\/transporte-rodoviario-encarece-ate-31-em-2022\\\/#breadcrumb\"},\"inLanguage\":\"pt-BR\",\"potentialAction\":[{\"@type\":\"ReadAction\",\"target\":[\"https:\\\/\\\/dana.com.br\\\/canaldana\\\/2023\\\/02\\\/06\\\/transporte-rodoviario-encarece-ate-31-em-2022\\\/\"]}]},{\"@type\":\"BreadcrumbList\",\"@id\":\"https:\\\/\\\/dana.com.br\\\/canaldana\\\/2023\\\/02\\\/06\\\/transporte-rodoviario-encarece-ate-31-em-2022\\\/#breadcrumb\",\"itemListElement\":[{\"@type\":\"ListItem\",\"position\":1,\"name\":\"Home\",\"item\":\"https:\\\/\\\/dana.com.br\\\/canaldana\\\/\"},{\"@type\":\"ListItem\",\"position\":2,\"name\":\"Mercado\",\"item\":\"https:\\\/\\\/dana.com.br\\\/canaldana\\\/mercado\\\/\"},{\"@type\":\"ListItem\",\"position\":3,\"name\":\"Transporte rodovi\u00e1rio encarece at\u00e9 31% em 2022\"}]},{\"@type\":\"WebSite\",\"@id\":\"https:\\\/\\\/dana.com.br\\\/canaldana\\\/#website\",\"url\":\"https:\\\/\\\/dana.com.br\\\/canaldana\\\/\",\"name\":\"Canal Dana\",\"description\":\"Informativo com as principais not\u00edcias da ind\u00fastria automotiva\",\"potentialAction\":[{\"@type\":\"SearchAction\",\"target\":{\"@type\":\"EntryPoint\",\"urlTemplate\":\"https:\\\/\\\/dana.com.br\\\/canaldana\\\/?s={search_term_string}\"},\"query-input\":{\"@type\":\"PropertyValueSpecification\",\"valueRequired\":true,\"valueName\":\"search_term_string\"}}],\"inLanguage\":\"pt-BR\"},{\"@type\":\"Person\",\"@id\":\"https:\\\/\\\/dana.com.br\\\/canaldana\\\/#\\\/schema\\\/person\\\/3c21f22f56fcf3bc46b94bc60ea4fef6\",\"name\":\"Canal Dana\",\"image\":{\"@type\":\"ImageObject\",\"inLanguage\":\"pt-BR\",\"@id\":\"https:\\\/\\\/secure.gravatar.com\\\/avatar\\\/420aaf9278582877d9018637c6817617705899d2858d7572ef0fe59a6b6454b4?s=96&d=mm&r=g\",\"url\":\"https:\\\/\\\/secure.gravatar.com\\\/avatar\\\/420aaf9278582877d9018637c6817617705899d2858d7572ef0fe59a6b6454b4?s=96&d=mm&r=g\",\"contentUrl\":\"https:\\\/\\\/secure.gravatar.com\\\/avatar\\\/420aaf9278582877d9018637c6817617705899d2858d7572ef0fe59a6b6454b4?s=96&d=mm&r=g\",\"caption\":\"Canal Dana\"},\"url\":\"https:\\\/\\\/dana.com.br\\\/canaldana\\\/author\\\/cdeditor\\\/\"}]}<\/script>\n<!-- \/ Yoast SEO plugin. -->","yoast_head_json":{"title":"Transporte rodovi\u00e1rio encarece at\u00e9 31% em 2022 - Canal Dana","robots":{"index":"index","follow":"follow","max-snippet":"max-snippet:-1","max-image-preview":"max-image-preview:large","max-video-preview":"max-video-preview:-1"},"canonical":"https:\/\/dana.com.br\/canaldana\/2023\/02\/06\/transporte-rodoviario-encarece-ate-31-em-2022\/","og_locale":"pt_BR","og_type":"article","og_title":"Transporte rodovi\u00e1rio encarece at\u00e9 31% em 2022 - Canal Dana","og_description":"O Estado de S. Paulo &nbsp; Alternativa ao transporte a\u00e9reo \u2013 cujas passagens subiram 23,5% em m\u00e9dia no Pa\u00eds no ano passado \u2013, o rodovi\u00e1rio tamb\u00e9m registrou alta nos pre\u00e7os em 2022. Ainda que, na m\u00e9dia brasileira, o aumento no pre\u00e7o das tarifas de \u00f4nibus seja mais modesto do que o do avi\u00e3o, o avan\u00e7o\u2026 Leia mais \u00bb","og_url":"https:\/\/dana.com.br\/canaldana\/2023\/02\/06\/transporte-rodoviario-encarece-ate-31-em-2022\/","og_site_name":"Canal Dana","article_published_time":"2023-02-06T12:15:36+00:00","author":"Canal Dana","twitter_card":"summary_large_image","twitter_misc":{"Escrito por":"Canal Dana","Est. tempo de leitura":"3 minutos"},"schema":{"@context":"https:\/\/schema.org","@graph":[{"@type":"Article","@id":"https:\/\/dana.com.br\/canaldana\/2023\/02\/06\/transporte-rodoviario-encarece-ate-31-em-2022\/#article","isPartOf":{"@id":"https:\/\/dana.com.br\/canaldana\/2023\/02\/06\/transporte-rodoviario-encarece-ate-31-em-2022\/"},"author":{"name":"Canal Dana","@id":"https:\/\/dana.com.br\/canaldana\/#\/schema\/person\/3c21f22f56fcf3bc46b94bc60ea4fef6"},"headline":"Transporte rodovi\u00e1rio encarece at\u00e9 31% em 2022","datePublished":"2023-02-06T12:15:36+00:00","mainEntityOfPage":{"@id":"https:\/\/dana.com.br\/canaldana\/2023\/02\/06\/transporte-rodoviario-encarece-ate-31-em-2022\/"},"wordCount":496,"articleSection":["Mercado"],"inLanguage":"pt-BR"},{"@type":"WebPage","@id":"https:\/\/dana.com.br\/canaldana\/2023\/02\/06\/transporte-rodoviario-encarece-ate-31-em-2022\/","url":"https:\/\/dana.com.br\/canaldana\/2023\/02\/06\/transporte-rodoviario-encarece-ate-31-em-2022\/","name":"Transporte rodovi\u00e1rio encarece at\u00e9 31% em 2022 - Canal Dana","isPartOf":{"@id":"https:\/\/dana.com.br\/canaldana\/#website"},"datePublished":"2023-02-06T12:15:36+00:00","author":{"@id":"https:\/\/dana.com.br\/canaldana\/#\/schema\/person\/3c21f22f56fcf3bc46b94bc60ea4fef6"},"breadcrumb":{"@id":"https:\/\/dana.com.br\/canaldana\/2023\/02\/06\/transporte-rodoviario-encarece-ate-31-em-2022\/#breadcrumb"},"inLanguage":"pt-BR","potentialAction":[{"@type":"ReadAction","target":["https:\/\/dana.com.br\/canaldana\/2023\/02\/06\/transporte-rodoviario-encarece-ate-31-em-2022\/"]}]},{"@type":"BreadcrumbList","@id":"https:\/\/dana.com.br\/canaldana\/2023\/02\/06\/transporte-rodoviario-encarece-ate-31-em-2022\/#breadcrumb","itemListElement":[{"@type":"ListItem","position":1,"name":"Home","item":"https:\/\/dana.com.br\/canaldana\/"},{"@type":"ListItem","position":2,"name":"Mercado","item":"https:\/\/dana.com.br\/canaldana\/mercado\/"},{"@type":"ListItem","position":3,"name":"Transporte rodovi\u00e1rio encarece at\u00e9 31% em 2022"}]},{"@type":"WebSite","@id":"https:\/\/dana.com.br\/canaldana\/#website","url":"https:\/\/dana.com.br\/canaldana\/","name":"Canal Dana","description":"Informativo com as principais not\u00edcias da ind\u00fastria automotiva","potentialAction":[{"@type":"SearchAction","target":{"@type":"EntryPoint","urlTemplate":"https:\/\/dana.com.br\/canaldana\/?s={search_term_string}"},"query-input":{"@type":"PropertyValueSpecification","valueRequired":true,"valueName":"search_term_string"}}],"inLanguage":"pt-BR"},{"@type":"Person","@id":"https:\/\/dana.com.br\/canaldana\/#\/schema\/person\/3c21f22f56fcf3bc46b94bc60ea4fef6","name":"Canal Dana","image":{"@type":"ImageObject","inLanguage":"pt-BR","@id":"https:\/\/secure.gravatar.com\/avatar\/420aaf9278582877d9018637c6817617705899d2858d7572ef0fe59a6b6454b4?s=96&d=mm&r=g","url":"https:\/\/secure.gravatar.com\/avatar\/420aaf9278582877d9018637c6817617705899d2858d7572ef0fe59a6b6454b4?s=96&d=mm&r=g","contentUrl":"https:\/\/secure.gravatar.com\/avatar\/420aaf9278582877d9018637c6817617705899d2858d7572ef0fe59a6b6454b4?s=96&d=mm&r=g","caption":"Canal Dana"},"url":"https:\/\/dana.com.br\/canaldana\/author\/cdeditor\/"}]}},"_links":{"self":[{"href":"https:\/\/dana.com.br\/canaldana\/wp-json\/wp\/v2\/posts\/63629","targetHints":{"allow":["GET"]}}],"collection":[{"href":"https:\/\/dana.com.br\/canaldana\/wp-json\/wp\/v2\/posts"}],"about":[{"href":"https:\/\/dana.com.br\/canaldana\/wp-json\/wp\/v2\/types\/post"}],"author":[{"embeddable":true,"href":"https:\/\/dana.com.br\/canaldana\/wp-json\/wp\/v2\/users\/3"}],"replies":[{"embeddable":true,"href":"https:\/\/dana.com.br\/canaldana\/wp-json\/wp\/v2\/comments?post=63629"}],"version-history":[{"count":0,"href":"https:\/\/dana.com.br\/canaldana\/wp-json\/wp\/v2\/posts\/63629\/revisions"}],"wp:attachment":[{"href":"https:\/\/dana.com.br\/canaldana\/wp-json\/wp\/v2\/media?parent=63629"}],"wp:term":[{"taxonomy":"category","embeddable":true,"href":"https:\/\/dana.com.br\/canaldana\/wp-json\/wp\/v2\/categories?post=63629"},{"taxonomy":"post_tag","embeddable":true,"href":"https:\/\/dana.com.br\/canaldana\/wp-json\/wp\/v2\/tags?post=63629"}],"curies":[{"name":"wp","href":"https:\/\/api.w.org\/{rel}","templated":true}]}}