{"id":63613,"date":"2023-02-06T09:07:35","date_gmt":"2023-02-06T12:07:35","guid":{"rendered":"https:\/\/dana.com.br\/canaldana\/?p=63613"},"modified":"2023-02-06T09:07:35","modified_gmt":"2023-02-06T12:07:35","slug":"ram-3500-assume-o-lugar-da-antiga-ford-f350-no-segmento-de-semileves","status":"publish","type":"post","link":"https:\/\/dana.com.br\/canaldana\/2023\/02\/06\/ram-3500-assume-o-lugar-da-antiga-ford-f350-no-segmento-de-semileves\/","title":{"rendered":"Ram 3500 assume o lugar da antiga Ford F350 no segmento de semileves"},"content":{"rendered":"<p><em>Frota &amp; Cia <\/em><\/p>\n<p>&nbsp;<\/p>\n<p>Quatro anos depois da sa\u00edda da Ford Caminh\u00f5es do mercado brasileiro, um novo ve\u00edculo semileve passa a ocupar o lugar da antiga F-350 que, por 11 vezes liderou o segmento. \u00c9 a Ram 3500, fabricada pela Stellantis, reconhecida com o t\u00edtulo de Caminh\u00e3o Semileve do ano pelo segundo ano seguido, outorgado pelo Pr\u00eamio L\u00f3tus Campe\u00e3o de Vendas 2023.<\/p>\n<p>&nbsp;<\/p>\n<p>Fabricada no M\u00e9xico e lan\u00e7ada em mar\u00e7o do ano passado no Brasil, a Ram 3500 caiu no agrado dos propriet\u00e1rios rurais, em especial, por combinar as virtudes de uma picape grande com capacidade para transportar at\u00e9 1.752 kg de carga e 9.021 kg de reboque, com o conforto de um carro de luxo. Em 2022, segundo o Renavam, foram licenciadas 2.204 unidades do modelo, o equivalente a 27,2% do mercado de caminh\u00f5es com PBT entre 3,5 a 6 toneladas. O segundo lugar no ranking foi ocupado pela Ram 25OO que, juntas, garantiram mais de mais de 40% de participa\u00e7\u00e3o no segmento, com um total de 3.261 unidades emplacadas. Al\u00e9m de um segundo t\u00edtulo do Pr\u00eamio L\u00f3tus Campe\u00e3o de Vendas na categoria \u201cMarca de Caminh\u00e3o Semileve\u201d.<\/p>\n<p>&nbsp;<\/p>\n<p><strong>Decis\u00e3o acertada<\/strong><\/p>\n<p>&nbsp;<\/p>\n<p>\u201cA conquista do Pr\u00eamio L\u00f3tus \u00e9 motivo de muito orgulho para n\u00f3s. E mostra o acerto na decis\u00e3o que tivemos em 2005, quando acreditamos no potencial desse segmento e come\u00e7amos a trazer oficialmente a linha Ram\u201d, comenta Breno Kamei, vice-presidente da Ram para a Am\u00e9rica do Sul.<\/p>\n<p>&nbsp;<\/p>\n<p>Segundo Kamei, o lan\u00e7amento da Ram 3500 no ano passado foi muito importante dentro do recente ciclo de expans\u00e3o da marca Ram, por representar a chegada de mais um modelo in\u00e9dito no Brasil. \u201cE, mais do que isso, por entregar aos nossos clientes os quatro pilares principais da marca, que s\u00e3o: for\u00e7a, capacidade, luxo e tecnologia.<\/p>\n<p>&nbsp;<\/p>\n<p>Tais atributos, na vis\u00e3o do executivo, fizeram da Ram 3500 o terceiro ve\u00edculo premium mais vendido do Brasil em 2022. \u201cE foram fundamentais para colocar a marca Ram como a que mais cresceu em todo o mercado automotivo, com 83% de alta sobre 2021\u201d, completa Kamei. (Frota &amp; Cia\/Jos\u00e9 Augusto Ferraz)<\/p>\n","protected":false},"excerpt":{"rendered":"<p>Frota &amp; Cia &nbsp; Quatro anos depois da sa\u00edda da Ford Caminh\u00f5es do mercado brasileiro, um novo ve\u00edculo semileve passa a ocupar o lugar da antiga F-350 que, por 11 vezes liderou o segmento. \u00c9 a Ram 3500, fabricada pela Stellantis, reconhecida com o t\u00edtulo de Caminh\u00e3o Semileve do ano pelo segundo ano seguido, outorgado\u2026 <a class=\"readmore\" href=\"https:\/\/dana.com.br\/canaldana\/2023\/02\/06\/ram-3500-assume-o-lugar-da-antiga-ford-f350-no-segmento-de-semileves\/\">Leia mais \u00bb<\/a><\/p>\n","protected":false},"author":3,"featured_media":0,"comment_status":"closed","ping_status":"closed","sticky":false,"template":"","format":"standard","meta":{"_acf_changed":false,"footnotes":""},"categories":[74],"tags":[],"class_list":["post-63613","post","type-post","status-publish","format-standard","hentry","category-premios"],"acf":[],"yoast_head":"<!-- This site is optimized with the Yoast SEO plugin v27.3 - https:\/\/yoast.com\/product\/yoast-seo-wordpress\/ -->\n<title>Ram 3500 assume o lugar da antiga Ford F350 no segmento de semileves - Canal Dana<\/title>\n<meta name=\"robots\" content=\"index, follow, max-snippet:-1, max-image-preview:large, max-video-preview:-1\" \/>\n<link rel=\"canonical\" href=\"https:\/\/dana.com.br\/canaldana\/2023\/02\/06\/ram-3500-assume-o-lugar-da-antiga-ford-f350-no-segmento-de-semileves\/\" \/>\n<meta property=\"og:locale\" content=\"pt_BR\" \/>\n<meta property=\"og:type\" content=\"article\" \/>\n<meta property=\"og:title\" content=\"Ram 3500 assume o lugar da antiga Ford F350 no segmento de semileves - Canal Dana\" \/>\n<meta property=\"og:description\" content=\"Frota &amp; Cia &nbsp; Quatro anos depois da sa\u00edda da Ford Caminh\u00f5es do mercado brasileiro, um novo ve\u00edculo semileve passa a ocupar o lugar da antiga F-350 que, por 11 vezes liderou o segmento. \u00c9 a Ram 3500, fabricada pela Stellantis, reconhecida com o t\u00edtulo de Caminh\u00e3o Semileve do ano pelo segundo ano seguido, outorgado\u2026 Leia mais \u00bb\" \/>\n<meta property=\"og:url\" content=\"https:\/\/dana.com.br\/canaldana\/2023\/02\/06\/ram-3500-assume-o-lugar-da-antiga-ford-f350-no-segmento-de-semileves\/\" \/>\n<meta property=\"og:site_name\" content=\"Canal Dana\" \/>\n<meta property=\"article:published_time\" content=\"2023-02-06T12:07:35+00:00\" \/>\n<meta name=\"author\" content=\"Canal Dana\" \/>\n<meta name=\"twitter:card\" content=\"summary_large_image\" \/>\n<meta name=\"twitter:label1\" content=\"Escrito por\" \/>\n\t<meta name=\"twitter:data1\" content=\"Canal Dana\" \/>\n\t<meta name=\"twitter:label2\" content=\"Est. tempo de leitura\" \/>\n\t<meta name=\"twitter:data2\" content=\"2 minutos\" \/>\n<script type=\"application\/ld+json\" class=\"yoast-schema-graph\">{\"@context\":\"https:\\\/\\\/schema.org\",\"@graph\":[{\"@type\":\"Article\",\"@id\":\"https:\\\/\\\/dana.com.br\\\/canaldana\\\/2023\\\/02\\\/06\\\/ram-3500-assume-o-lugar-da-antiga-ford-f350-no-segmento-de-semileves\\\/#article\",\"isPartOf\":{\"@id\":\"https:\\\/\\\/dana.com.br\\\/canaldana\\\/2023\\\/02\\\/06\\\/ram-3500-assume-o-lugar-da-antiga-ford-f350-no-segmento-de-semileves\\\/\"},\"author\":{\"name\":\"Canal Dana\",\"@id\":\"https:\\\/\\\/dana.com.br\\\/canaldana\\\/#\\\/schema\\\/person\\\/3c21f22f56fcf3bc46b94bc60ea4fef6\"},\"headline\":\"Ram 3500 assume o lugar da antiga Ford F350 no segmento de semileves\",\"datePublished\":\"2023-02-06T12:07:35+00:00\",\"mainEntityOfPage\":{\"@id\":\"https:\\\/\\\/dana.com.br\\\/canaldana\\\/2023\\\/02\\\/06\\\/ram-3500-assume-o-lugar-da-antiga-ford-f350-no-segmento-de-semileves\\\/\"},\"wordCount\":374,\"articleSection\":[\"Pr\u00eamios\"],\"inLanguage\":\"pt-BR\"},{\"@type\":\"WebPage\",\"@id\":\"https:\\\/\\\/dana.com.br\\\/canaldana\\\/2023\\\/02\\\/06\\\/ram-3500-assume-o-lugar-da-antiga-ford-f350-no-segmento-de-semileves\\\/\",\"url\":\"https:\\\/\\\/dana.com.br\\\/canaldana\\\/2023\\\/02\\\/06\\\/ram-3500-assume-o-lugar-da-antiga-ford-f350-no-segmento-de-semileves\\\/\",\"name\":\"Ram 3500 assume o lugar da antiga Ford F350 no segmento de semileves - Canal Dana\",\"isPartOf\":{\"@id\":\"https:\\\/\\\/dana.com.br\\\/canaldana\\\/#website\"},\"datePublished\":\"2023-02-06T12:07:35+00:00\",\"author\":{\"@id\":\"https:\\\/\\\/dana.com.br\\\/canaldana\\\/#\\\/schema\\\/person\\\/3c21f22f56fcf3bc46b94bc60ea4fef6\"},\"breadcrumb\":{\"@id\":\"https:\\\/\\\/dana.com.br\\\/canaldana\\\/2023\\\/02\\\/06\\\/ram-3500-assume-o-lugar-da-antiga-ford-f350-no-segmento-de-semileves\\\/#breadcrumb\"},\"inLanguage\":\"pt-BR\",\"potentialAction\":[{\"@type\":\"ReadAction\",\"target\":[\"https:\\\/\\\/dana.com.br\\\/canaldana\\\/2023\\\/02\\\/06\\\/ram-3500-assume-o-lugar-da-antiga-ford-f350-no-segmento-de-semileves\\\/\"]}]},{\"@type\":\"BreadcrumbList\",\"@id\":\"https:\\\/\\\/dana.com.br\\\/canaldana\\\/2023\\\/02\\\/06\\\/ram-3500-assume-o-lugar-da-antiga-ford-f350-no-segmento-de-semileves\\\/#breadcrumb\",\"itemListElement\":[{\"@type\":\"ListItem\",\"position\":1,\"name\":\"Home\",\"item\":\"https:\\\/\\\/dana.com.br\\\/canaldana\\\/\"},{\"@type\":\"ListItem\",\"position\":2,\"name\":\"Pr\u00eamios\",\"item\":\"https:\\\/\\\/dana.com.br\\\/canaldana\\\/premios\\\/\"},{\"@type\":\"ListItem\",\"position\":3,\"name\":\"Ram 3500 assume o lugar da antiga Ford F350 no segmento de semileves\"}]},{\"@type\":\"WebSite\",\"@id\":\"https:\\\/\\\/dana.com.br\\\/canaldana\\\/#website\",\"url\":\"https:\\\/\\\/dana.com.br\\\/canaldana\\\/\",\"name\":\"Canal Dana\",\"description\":\"Informativo com as principais not\u00edcias da ind\u00fastria automotiva\",\"potentialAction\":[{\"@type\":\"SearchAction\",\"target\":{\"@type\":\"EntryPoint\",\"urlTemplate\":\"https:\\\/\\\/dana.com.br\\\/canaldana\\\/?s={search_term_string}\"},\"query-input\":{\"@type\":\"PropertyValueSpecification\",\"valueRequired\":true,\"valueName\":\"search_term_string\"}}],\"inLanguage\":\"pt-BR\"},{\"@type\":\"Person\",\"@id\":\"https:\\\/\\\/dana.com.br\\\/canaldana\\\/#\\\/schema\\\/person\\\/3c21f22f56fcf3bc46b94bc60ea4fef6\",\"name\":\"Canal Dana\",\"image\":{\"@type\":\"ImageObject\",\"inLanguage\":\"pt-BR\",\"@id\":\"https:\\\/\\\/secure.gravatar.com\\\/avatar\\\/420aaf9278582877d9018637c6817617705899d2858d7572ef0fe59a6b6454b4?s=96&d=mm&r=g\",\"url\":\"https:\\\/\\\/secure.gravatar.com\\\/avatar\\\/420aaf9278582877d9018637c6817617705899d2858d7572ef0fe59a6b6454b4?s=96&d=mm&r=g\",\"contentUrl\":\"https:\\\/\\\/secure.gravatar.com\\\/avatar\\\/420aaf9278582877d9018637c6817617705899d2858d7572ef0fe59a6b6454b4?s=96&d=mm&r=g\",\"caption\":\"Canal Dana\"},\"url\":\"https:\\\/\\\/dana.com.br\\\/canaldana\\\/author\\\/cdeditor\\\/\"}]}<\/script>\n<!-- \/ Yoast SEO plugin. -->","yoast_head_json":{"title":"Ram 3500 assume o lugar da antiga Ford F350 no segmento de semileves - Canal Dana","robots":{"index":"index","follow":"follow","max-snippet":"max-snippet:-1","max-image-preview":"max-image-preview:large","max-video-preview":"max-video-preview:-1"},"canonical":"https:\/\/dana.com.br\/canaldana\/2023\/02\/06\/ram-3500-assume-o-lugar-da-antiga-ford-f350-no-segmento-de-semileves\/","og_locale":"pt_BR","og_type":"article","og_title":"Ram 3500 assume o lugar da antiga Ford F350 no segmento de semileves - Canal Dana","og_description":"Frota &amp; Cia &nbsp; Quatro anos depois da sa\u00edda da Ford Caminh\u00f5es do mercado brasileiro, um novo ve\u00edculo semileve passa a ocupar o lugar da antiga F-350 que, por 11 vezes liderou o segmento. \u00c9 a Ram 3500, fabricada pela Stellantis, reconhecida com o t\u00edtulo de Caminh\u00e3o Semileve do ano pelo segundo ano seguido, outorgado\u2026 Leia mais \u00bb","og_url":"https:\/\/dana.com.br\/canaldana\/2023\/02\/06\/ram-3500-assume-o-lugar-da-antiga-ford-f350-no-segmento-de-semileves\/","og_site_name":"Canal Dana","article_published_time":"2023-02-06T12:07:35+00:00","author":"Canal Dana","twitter_card":"summary_large_image","twitter_misc":{"Escrito por":"Canal Dana","Est. tempo de leitura":"2 minutos"},"schema":{"@context":"https:\/\/schema.org","@graph":[{"@type":"Article","@id":"https:\/\/dana.com.br\/canaldana\/2023\/02\/06\/ram-3500-assume-o-lugar-da-antiga-ford-f350-no-segmento-de-semileves\/#article","isPartOf":{"@id":"https:\/\/dana.com.br\/canaldana\/2023\/02\/06\/ram-3500-assume-o-lugar-da-antiga-ford-f350-no-segmento-de-semileves\/"},"author":{"name":"Canal Dana","@id":"https:\/\/dana.com.br\/canaldana\/#\/schema\/person\/3c21f22f56fcf3bc46b94bc60ea4fef6"},"headline":"Ram 3500 assume o lugar da antiga Ford F350 no segmento de semileves","datePublished":"2023-02-06T12:07:35+00:00","mainEntityOfPage":{"@id":"https:\/\/dana.com.br\/canaldana\/2023\/02\/06\/ram-3500-assume-o-lugar-da-antiga-ford-f350-no-segmento-de-semileves\/"},"wordCount":374,"articleSection":["Pr\u00eamios"],"inLanguage":"pt-BR"},{"@type":"WebPage","@id":"https:\/\/dana.com.br\/canaldana\/2023\/02\/06\/ram-3500-assume-o-lugar-da-antiga-ford-f350-no-segmento-de-semileves\/","url":"https:\/\/dana.com.br\/canaldana\/2023\/02\/06\/ram-3500-assume-o-lugar-da-antiga-ford-f350-no-segmento-de-semileves\/","name":"Ram 3500 assume o lugar da antiga Ford F350 no segmento de semileves - Canal Dana","isPartOf":{"@id":"https:\/\/dana.com.br\/canaldana\/#website"},"datePublished":"2023-02-06T12:07:35+00:00","author":{"@id":"https:\/\/dana.com.br\/canaldana\/#\/schema\/person\/3c21f22f56fcf3bc46b94bc60ea4fef6"},"breadcrumb":{"@id":"https:\/\/dana.com.br\/canaldana\/2023\/02\/06\/ram-3500-assume-o-lugar-da-antiga-ford-f350-no-segmento-de-semileves\/#breadcrumb"},"inLanguage":"pt-BR","potentialAction":[{"@type":"ReadAction","target":["https:\/\/dana.com.br\/canaldana\/2023\/02\/06\/ram-3500-assume-o-lugar-da-antiga-ford-f350-no-segmento-de-semileves\/"]}]},{"@type":"BreadcrumbList","@id":"https:\/\/dana.com.br\/canaldana\/2023\/02\/06\/ram-3500-assume-o-lugar-da-antiga-ford-f350-no-segmento-de-semileves\/#breadcrumb","itemListElement":[{"@type":"ListItem","position":1,"name":"Home","item":"https:\/\/dana.com.br\/canaldana\/"},{"@type":"ListItem","position":2,"name":"Pr\u00eamios","item":"https:\/\/dana.com.br\/canaldana\/premios\/"},{"@type":"ListItem","position":3,"name":"Ram 3500 assume o lugar da antiga Ford F350 no segmento de semileves"}]},{"@type":"WebSite","@id":"https:\/\/dana.com.br\/canaldana\/#website","url":"https:\/\/dana.com.br\/canaldana\/","name":"Canal Dana","description":"Informativo com as principais not\u00edcias da ind\u00fastria automotiva","potentialAction":[{"@type":"SearchAction","target":{"@type":"EntryPoint","urlTemplate":"https:\/\/dana.com.br\/canaldana\/?s={search_term_string}"},"query-input":{"@type":"PropertyValueSpecification","valueRequired":true,"valueName":"search_term_string"}}],"inLanguage":"pt-BR"},{"@type":"Person","@id":"https:\/\/dana.com.br\/canaldana\/#\/schema\/person\/3c21f22f56fcf3bc46b94bc60ea4fef6","name":"Canal Dana","image":{"@type":"ImageObject","inLanguage":"pt-BR","@id":"https:\/\/secure.gravatar.com\/avatar\/420aaf9278582877d9018637c6817617705899d2858d7572ef0fe59a6b6454b4?s=96&d=mm&r=g","url":"https:\/\/secure.gravatar.com\/avatar\/420aaf9278582877d9018637c6817617705899d2858d7572ef0fe59a6b6454b4?s=96&d=mm&r=g","contentUrl":"https:\/\/secure.gravatar.com\/avatar\/420aaf9278582877d9018637c6817617705899d2858d7572ef0fe59a6b6454b4?s=96&d=mm&r=g","caption":"Canal Dana"},"url":"https:\/\/dana.com.br\/canaldana\/author\/cdeditor\/"}]}},"_links":{"self":[{"href":"https:\/\/dana.com.br\/canaldana\/wp-json\/wp\/v2\/posts\/63613","targetHints":{"allow":["GET"]}}],"collection":[{"href":"https:\/\/dana.com.br\/canaldana\/wp-json\/wp\/v2\/posts"}],"about":[{"href":"https:\/\/dana.com.br\/canaldana\/wp-json\/wp\/v2\/types\/post"}],"author":[{"embeddable":true,"href":"https:\/\/dana.com.br\/canaldana\/wp-json\/wp\/v2\/users\/3"}],"replies":[{"embeddable":true,"href":"https:\/\/dana.com.br\/canaldana\/wp-json\/wp\/v2\/comments?post=63613"}],"version-history":[{"count":0,"href":"https:\/\/dana.com.br\/canaldana\/wp-json\/wp\/v2\/posts\/63613\/revisions"}],"wp:attachment":[{"href":"https:\/\/dana.com.br\/canaldana\/wp-json\/wp\/v2\/media?parent=63613"}],"wp:term":[{"taxonomy":"category","embeddable":true,"href":"https:\/\/dana.com.br\/canaldana\/wp-json\/wp\/v2\/categories?post=63613"},{"taxonomy":"post_tag","embeddable":true,"href":"https:\/\/dana.com.br\/canaldana\/wp-json\/wp\/v2\/tags?post=63613"}],"curies":[{"name":"wp","href":"https:\/\/api.w.org\/{rel}","templated":true}]}}