{"id":63606,"date":"2023-02-03T08:56:16","date_gmt":"2023-02-03T11:56:16","guid":{"rendered":"https:\/\/dana.com.br\/canaldana\/?p=63606"},"modified":"2023-02-03T08:56:16","modified_gmt":"2023-02-03T11:56:16","slug":"vwco-lidera-o-mercado-de-caminhoes-em-2022-mas-vendas-recuam","status":"publish","type":"post","link":"https:\/\/dana.com.br\/canaldana\/2023\/02\/03\/vwco-lidera-o-mercado-de-caminhoes-em-2022-mas-vendas-recuam\/","title":{"rendered":"VWCO lidera o mercado de caminh\u00f5es em 2022, mas vendas recuam"},"content":{"rendered":"<p><em>Frota &amp; Cia <\/em><\/p>\n<p>&nbsp;<\/p>\n<p>Pelo segundo ano seguido, a Volkswagen Caminh\u00f5es e \u00d4nibus (VWCO) alcan\u00e7ou o primeiro lugar no ranking do mercado brasileiro de caminh\u00f5es, ao registrar uma participa\u00e7\u00e3o de 27,28% no segmento em 2022. O resultado \u00e9 tr\u00eas pontos percentuais acima da segunda colocada, a Mercedes-Benz que registrou 24,13% de market share e a Volvo, que ficou na terceira posi\u00e7\u00e3o com 19,05%. Os licenciamentos da marca no Renavam em 2022 totalizaram 34.506 caminh\u00f5es, de acordo com o estudo realizado por Frota&amp;Cia com base nas informa\u00e7\u00f5es da Fenabrave e Anfavea.<\/p>\n<p>&nbsp;<\/p>\n<p>O feito garantiu \u00e0 VWCO o t\u00edtulo de \u201cMarca de Caminh\u00e3o\u201d, outorgado pelo Pr\u00eamio L\u00f3tus Campe\u00e3o de Vendas 2023. Al\u00e9m de outras seis certifica\u00e7\u00f5es da premia\u00e7\u00e3o, em reconhecimento \u00e0 lideran\u00e7a conquistada nos segmentos de caminh\u00f5es m\u00e9dios e semipesados, bem como pela posi\u00e7\u00e3o de destaque dos modelos VW Delivery 11.180 4\u00d72 e VW Constellation 17,190, 24.280 e 26.280.<\/p>\n<p>&nbsp;<\/p>\n<p><strong>Combina\u00e7\u00e3o certeira<\/strong><\/p>\n<p>&nbsp;<\/p>\n<p>\u201cEsse resultado reflete a combina\u00e7\u00e3o acertada de ve\u00edculos e servi\u00e7os com um p\u00f3s-vendas de alta qualidade\u201d, afirma Roberto Cortes (foto), presidente e CEO da Volkswagen Caminh\u00f5es e \u00d4nibus. \u201cTemos mantido ciclos consecutivos de investimentos, expandimos nossa atua\u00e7\u00e3o para novos segmentos e refor\u00e7amos a oferta nos que j\u00e1 est\u00e1vamos presentes, sempre atentos \u00e0 demanda de opera\u00e7\u00e3o do transportador brasileiro\u201d.<\/p>\n<p>&nbsp;<\/p>\n<p>Segundo o executivo, esse esfor\u00e7o deve prosseguir em 2023, com vistas \u00e0 manuten\u00e7\u00e3o da lideran\u00e7a no mercado. \u201cPara o ano em curso j\u00e1 est\u00e3o programados os lan\u00e7amentos de mais de 30 novos caminh\u00f5es e \u00f4nibus focados em efici\u00eancia, conforto, seguran\u00e7a e tecnologia para continuar a conquistar o cliente nacional\u201d, completa o CEO.<\/p>\n<p>&nbsp;<\/p>\n<p>O bom desempenho, no entanto, n\u00e3o impediu que as vendas de caminh\u00f5es da marca acusassem um recuo de 7,88%, frente \u00e0s 37,5 mil unidades licenciadas em 2022. O resultado reflete as dificuldades que a ind\u00fastria automotiva vem sofrendo nos \u00faltimos dois anos, em consequ\u00eancia do desarranjo das cadeias mundiais de suprimentos e a falta de semicondutores em especial, que provocaram interrup\u00e7\u00f5es na produ\u00e7\u00e3o. As vendas de caminh\u00f5es no mercado interno somaram 126.469 unidades, queda de 1,66% em rela\u00e7\u00e3o aos 128 mil ve\u00edculos emplacados em 2021. (Frota &amp; Cia\/Jos\u00e9 Augusto Ferraz)<\/p>\n","protected":false},"excerpt":{"rendered":"<p>Frota &amp; Cia &nbsp; Pelo segundo ano seguido, a Volkswagen Caminh\u00f5es e \u00d4nibus (VWCO) alcan\u00e7ou o primeiro lugar no ranking do mercado brasileiro de caminh\u00f5es, ao registrar uma participa\u00e7\u00e3o de 27,28% no segmento em 2022. O resultado \u00e9 tr\u00eas pontos percentuais acima da segunda colocada, a Mercedes-Benz que registrou 24,13% de market share e a\u2026 <a class=\"readmore\" href=\"https:\/\/dana.com.br\/canaldana\/2023\/02\/03\/vwco-lidera-o-mercado-de-caminhoes-em-2022-mas-vendas-recuam\/\">Leia mais \u00bb<\/a><\/p>\n","protected":false},"author":3,"featured_media":0,"comment_status":"closed","ping_status":"closed","sticky":false,"template":"","format":"standard","meta":{"_acf_changed":false,"footnotes":""},"categories":[61],"tags":[],"class_list":["post-63606","post","type-post","status-publish","format-standard","hentry","category-destaques"],"acf":[],"yoast_head":"<!-- This site is optimized with the Yoast SEO plugin v27.3 - https:\/\/yoast.com\/product\/yoast-seo-wordpress\/ -->\n<title>VWCO lidera o mercado de caminh\u00f5es em 2022, mas vendas recuam - Canal Dana<\/title>\n<meta name=\"robots\" content=\"index, follow, max-snippet:-1, max-image-preview:large, max-video-preview:-1\" \/>\n<link rel=\"canonical\" href=\"https:\/\/dana.com.br\/canaldana\/2023\/02\/03\/vwco-lidera-o-mercado-de-caminhoes-em-2022-mas-vendas-recuam\/\" \/>\n<meta property=\"og:locale\" content=\"pt_BR\" \/>\n<meta property=\"og:type\" content=\"article\" \/>\n<meta property=\"og:title\" content=\"VWCO lidera o mercado de caminh\u00f5es em 2022, mas vendas recuam - Canal Dana\" \/>\n<meta property=\"og:description\" content=\"Frota &amp; Cia &nbsp; Pelo segundo ano seguido, a Volkswagen Caminh\u00f5es e \u00d4nibus (VWCO) alcan\u00e7ou o primeiro lugar no ranking do mercado brasileiro de caminh\u00f5es, ao registrar uma participa\u00e7\u00e3o de 27,28% no segmento em 2022. O resultado \u00e9 tr\u00eas pontos percentuais acima da segunda colocada, a Mercedes-Benz que registrou 24,13% de market share e a\u2026 Leia mais \u00bb\" \/>\n<meta property=\"og:url\" content=\"https:\/\/dana.com.br\/canaldana\/2023\/02\/03\/vwco-lidera-o-mercado-de-caminhoes-em-2022-mas-vendas-recuam\/\" \/>\n<meta property=\"og:site_name\" content=\"Canal Dana\" \/>\n<meta property=\"article:published_time\" content=\"2023-02-03T11:56:16+00:00\" \/>\n<meta name=\"author\" content=\"Canal Dana\" \/>\n<meta name=\"twitter:card\" content=\"summary_large_image\" \/>\n<meta name=\"twitter:label1\" content=\"Escrito por\" \/>\n\t<meta name=\"twitter:data1\" content=\"Canal Dana\" \/>\n\t<meta name=\"twitter:label2\" content=\"Est. tempo de leitura\" \/>\n\t<meta name=\"twitter:data2\" content=\"2 minutos\" \/>\n<script type=\"application\/ld+json\" class=\"yoast-schema-graph\">{\"@context\":\"https:\\\/\\\/schema.org\",\"@graph\":[{\"@type\":\"Article\",\"@id\":\"https:\\\/\\\/dana.com.br\\\/canaldana\\\/2023\\\/02\\\/03\\\/vwco-lidera-o-mercado-de-caminhoes-em-2022-mas-vendas-recuam\\\/#article\",\"isPartOf\":{\"@id\":\"https:\\\/\\\/dana.com.br\\\/canaldana\\\/2023\\\/02\\\/03\\\/vwco-lidera-o-mercado-de-caminhoes-em-2022-mas-vendas-recuam\\\/\"},\"author\":{\"name\":\"Canal Dana\",\"@id\":\"https:\\\/\\\/dana.com.br\\\/canaldana\\\/#\\\/schema\\\/person\\\/3c21f22f56fcf3bc46b94bc60ea4fef6\"},\"headline\":\"VWCO lidera o mercado de caminh\u00f5es em 2022, mas vendas recuam\",\"datePublished\":\"2023-02-03T11:56:16+00:00\",\"mainEntityOfPage\":{\"@id\":\"https:\\\/\\\/dana.com.br\\\/canaldana\\\/2023\\\/02\\\/03\\\/vwco-lidera-o-mercado-de-caminhoes-em-2022-mas-vendas-recuam\\\/\"},\"wordCount\":389,\"articleSection\":[\"Destaques\"],\"inLanguage\":\"pt-BR\"},{\"@type\":\"WebPage\",\"@id\":\"https:\\\/\\\/dana.com.br\\\/canaldana\\\/2023\\\/02\\\/03\\\/vwco-lidera-o-mercado-de-caminhoes-em-2022-mas-vendas-recuam\\\/\",\"url\":\"https:\\\/\\\/dana.com.br\\\/canaldana\\\/2023\\\/02\\\/03\\\/vwco-lidera-o-mercado-de-caminhoes-em-2022-mas-vendas-recuam\\\/\",\"name\":\"VWCO lidera o mercado de caminh\u00f5es em 2022, mas vendas recuam - Canal Dana\",\"isPartOf\":{\"@id\":\"https:\\\/\\\/dana.com.br\\\/canaldana\\\/#website\"},\"datePublished\":\"2023-02-03T11:56:16+00:00\",\"author\":{\"@id\":\"https:\\\/\\\/dana.com.br\\\/canaldana\\\/#\\\/schema\\\/person\\\/3c21f22f56fcf3bc46b94bc60ea4fef6\"},\"breadcrumb\":{\"@id\":\"https:\\\/\\\/dana.com.br\\\/canaldana\\\/2023\\\/02\\\/03\\\/vwco-lidera-o-mercado-de-caminhoes-em-2022-mas-vendas-recuam\\\/#breadcrumb\"},\"inLanguage\":\"pt-BR\",\"potentialAction\":[{\"@type\":\"ReadAction\",\"target\":[\"https:\\\/\\\/dana.com.br\\\/canaldana\\\/2023\\\/02\\\/03\\\/vwco-lidera-o-mercado-de-caminhoes-em-2022-mas-vendas-recuam\\\/\"]}]},{\"@type\":\"BreadcrumbList\",\"@id\":\"https:\\\/\\\/dana.com.br\\\/canaldana\\\/2023\\\/02\\\/03\\\/vwco-lidera-o-mercado-de-caminhoes-em-2022-mas-vendas-recuam\\\/#breadcrumb\",\"itemListElement\":[{\"@type\":\"ListItem\",\"position\":1,\"name\":\"Home\",\"item\":\"https:\\\/\\\/dana.com.br\\\/canaldana\\\/\"},{\"@type\":\"ListItem\",\"position\":2,\"name\":\"Destaques\",\"item\":\"https:\\\/\\\/dana.com.br\\\/canaldana\\\/destaques\\\/\"},{\"@type\":\"ListItem\",\"position\":3,\"name\":\"VWCO lidera o mercado de caminh\u00f5es em 2022, mas vendas recuam\"}]},{\"@type\":\"WebSite\",\"@id\":\"https:\\\/\\\/dana.com.br\\\/canaldana\\\/#website\",\"url\":\"https:\\\/\\\/dana.com.br\\\/canaldana\\\/\",\"name\":\"Canal Dana\",\"description\":\"Informativo com as principais not\u00edcias da ind\u00fastria automotiva\",\"potentialAction\":[{\"@type\":\"SearchAction\",\"target\":{\"@type\":\"EntryPoint\",\"urlTemplate\":\"https:\\\/\\\/dana.com.br\\\/canaldana\\\/?s={search_term_string}\"},\"query-input\":{\"@type\":\"PropertyValueSpecification\",\"valueRequired\":true,\"valueName\":\"search_term_string\"}}],\"inLanguage\":\"pt-BR\"},{\"@type\":\"Person\",\"@id\":\"https:\\\/\\\/dana.com.br\\\/canaldana\\\/#\\\/schema\\\/person\\\/3c21f22f56fcf3bc46b94bc60ea4fef6\",\"name\":\"Canal Dana\",\"image\":{\"@type\":\"ImageObject\",\"inLanguage\":\"pt-BR\",\"@id\":\"https:\\\/\\\/secure.gravatar.com\\\/avatar\\\/420aaf9278582877d9018637c6817617705899d2858d7572ef0fe59a6b6454b4?s=96&d=mm&r=g\",\"url\":\"https:\\\/\\\/secure.gravatar.com\\\/avatar\\\/420aaf9278582877d9018637c6817617705899d2858d7572ef0fe59a6b6454b4?s=96&d=mm&r=g\",\"contentUrl\":\"https:\\\/\\\/secure.gravatar.com\\\/avatar\\\/420aaf9278582877d9018637c6817617705899d2858d7572ef0fe59a6b6454b4?s=96&d=mm&r=g\",\"caption\":\"Canal Dana\"},\"url\":\"https:\\\/\\\/dana.com.br\\\/canaldana\\\/author\\\/cdeditor\\\/\"}]}<\/script>\n<!-- \/ Yoast SEO plugin. -->","yoast_head_json":{"title":"VWCO lidera o mercado de caminh\u00f5es em 2022, mas vendas recuam - Canal Dana","robots":{"index":"index","follow":"follow","max-snippet":"max-snippet:-1","max-image-preview":"max-image-preview:large","max-video-preview":"max-video-preview:-1"},"canonical":"https:\/\/dana.com.br\/canaldana\/2023\/02\/03\/vwco-lidera-o-mercado-de-caminhoes-em-2022-mas-vendas-recuam\/","og_locale":"pt_BR","og_type":"article","og_title":"VWCO lidera o mercado de caminh\u00f5es em 2022, mas vendas recuam - Canal Dana","og_description":"Frota &amp; Cia &nbsp; Pelo segundo ano seguido, a Volkswagen Caminh\u00f5es e \u00d4nibus (VWCO) alcan\u00e7ou o primeiro lugar no ranking do mercado brasileiro de caminh\u00f5es, ao registrar uma participa\u00e7\u00e3o de 27,28% no segmento em 2022. O resultado \u00e9 tr\u00eas pontos percentuais acima da segunda colocada, a Mercedes-Benz que registrou 24,13% de market share e a\u2026 Leia mais \u00bb","og_url":"https:\/\/dana.com.br\/canaldana\/2023\/02\/03\/vwco-lidera-o-mercado-de-caminhoes-em-2022-mas-vendas-recuam\/","og_site_name":"Canal Dana","article_published_time":"2023-02-03T11:56:16+00:00","author":"Canal Dana","twitter_card":"summary_large_image","twitter_misc":{"Escrito por":"Canal Dana","Est. tempo de leitura":"2 minutos"},"schema":{"@context":"https:\/\/schema.org","@graph":[{"@type":"Article","@id":"https:\/\/dana.com.br\/canaldana\/2023\/02\/03\/vwco-lidera-o-mercado-de-caminhoes-em-2022-mas-vendas-recuam\/#article","isPartOf":{"@id":"https:\/\/dana.com.br\/canaldana\/2023\/02\/03\/vwco-lidera-o-mercado-de-caminhoes-em-2022-mas-vendas-recuam\/"},"author":{"name":"Canal Dana","@id":"https:\/\/dana.com.br\/canaldana\/#\/schema\/person\/3c21f22f56fcf3bc46b94bc60ea4fef6"},"headline":"VWCO lidera o mercado de caminh\u00f5es em 2022, mas vendas recuam","datePublished":"2023-02-03T11:56:16+00:00","mainEntityOfPage":{"@id":"https:\/\/dana.com.br\/canaldana\/2023\/02\/03\/vwco-lidera-o-mercado-de-caminhoes-em-2022-mas-vendas-recuam\/"},"wordCount":389,"articleSection":["Destaques"],"inLanguage":"pt-BR"},{"@type":"WebPage","@id":"https:\/\/dana.com.br\/canaldana\/2023\/02\/03\/vwco-lidera-o-mercado-de-caminhoes-em-2022-mas-vendas-recuam\/","url":"https:\/\/dana.com.br\/canaldana\/2023\/02\/03\/vwco-lidera-o-mercado-de-caminhoes-em-2022-mas-vendas-recuam\/","name":"VWCO lidera o mercado de caminh\u00f5es em 2022, mas vendas recuam - Canal Dana","isPartOf":{"@id":"https:\/\/dana.com.br\/canaldana\/#website"},"datePublished":"2023-02-03T11:56:16+00:00","author":{"@id":"https:\/\/dana.com.br\/canaldana\/#\/schema\/person\/3c21f22f56fcf3bc46b94bc60ea4fef6"},"breadcrumb":{"@id":"https:\/\/dana.com.br\/canaldana\/2023\/02\/03\/vwco-lidera-o-mercado-de-caminhoes-em-2022-mas-vendas-recuam\/#breadcrumb"},"inLanguage":"pt-BR","potentialAction":[{"@type":"ReadAction","target":["https:\/\/dana.com.br\/canaldana\/2023\/02\/03\/vwco-lidera-o-mercado-de-caminhoes-em-2022-mas-vendas-recuam\/"]}]},{"@type":"BreadcrumbList","@id":"https:\/\/dana.com.br\/canaldana\/2023\/02\/03\/vwco-lidera-o-mercado-de-caminhoes-em-2022-mas-vendas-recuam\/#breadcrumb","itemListElement":[{"@type":"ListItem","position":1,"name":"Home","item":"https:\/\/dana.com.br\/canaldana\/"},{"@type":"ListItem","position":2,"name":"Destaques","item":"https:\/\/dana.com.br\/canaldana\/destaques\/"},{"@type":"ListItem","position":3,"name":"VWCO lidera o mercado de caminh\u00f5es em 2022, mas vendas recuam"}]},{"@type":"WebSite","@id":"https:\/\/dana.com.br\/canaldana\/#website","url":"https:\/\/dana.com.br\/canaldana\/","name":"Canal Dana","description":"Informativo com as principais not\u00edcias da ind\u00fastria automotiva","potentialAction":[{"@type":"SearchAction","target":{"@type":"EntryPoint","urlTemplate":"https:\/\/dana.com.br\/canaldana\/?s={search_term_string}"},"query-input":{"@type":"PropertyValueSpecification","valueRequired":true,"valueName":"search_term_string"}}],"inLanguage":"pt-BR"},{"@type":"Person","@id":"https:\/\/dana.com.br\/canaldana\/#\/schema\/person\/3c21f22f56fcf3bc46b94bc60ea4fef6","name":"Canal Dana","image":{"@type":"ImageObject","inLanguage":"pt-BR","@id":"https:\/\/secure.gravatar.com\/avatar\/420aaf9278582877d9018637c6817617705899d2858d7572ef0fe59a6b6454b4?s=96&d=mm&r=g","url":"https:\/\/secure.gravatar.com\/avatar\/420aaf9278582877d9018637c6817617705899d2858d7572ef0fe59a6b6454b4?s=96&d=mm&r=g","contentUrl":"https:\/\/secure.gravatar.com\/avatar\/420aaf9278582877d9018637c6817617705899d2858d7572ef0fe59a6b6454b4?s=96&d=mm&r=g","caption":"Canal Dana"},"url":"https:\/\/dana.com.br\/canaldana\/author\/cdeditor\/"}]}},"_links":{"self":[{"href":"https:\/\/dana.com.br\/canaldana\/wp-json\/wp\/v2\/posts\/63606","targetHints":{"allow":["GET"]}}],"collection":[{"href":"https:\/\/dana.com.br\/canaldana\/wp-json\/wp\/v2\/posts"}],"about":[{"href":"https:\/\/dana.com.br\/canaldana\/wp-json\/wp\/v2\/types\/post"}],"author":[{"embeddable":true,"href":"https:\/\/dana.com.br\/canaldana\/wp-json\/wp\/v2\/users\/3"}],"replies":[{"embeddable":true,"href":"https:\/\/dana.com.br\/canaldana\/wp-json\/wp\/v2\/comments?post=63606"}],"version-history":[{"count":0,"href":"https:\/\/dana.com.br\/canaldana\/wp-json\/wp\/v2\/posts\/63606\/revisions"}],"wp:attachment":[{"href":"https:\/\/dana.com.br\/canaldana\/wp-json\/wp\/v2\/media?parent=63606"}],"wp:term":[{"taxonomy":"category","embeddable":true,"href":"https:\/\/dana.com.br\/canaldana\/wp-json\/wp\/v2\/categories?post=63606"},{"taxonomy":"post_tag","embeddable":true,"href":"https:\/\/dana.com.br\/canaldana\/wp-json\/wp\/v2\/tags?post=63606"}],"curies":[{"name":"wp","href":"https:\/\/api.w.org\/{rel}","templated":true}]}}