{"id":63602,"date":"2023-02-03T08:54:47","date_gmt":"2023-02-03T11:54:47","guid":{"rendered":"https:\/\/dana.com.br\/canaldana\/?p=63602"},"modified":"2023-02-03T08:54:47","modified_gmt":"2023-02-03T11:54:47","slug":"mercado-de-pesados-inicia-2023-melhor-do-que-o-ano-passado","status":"publish","type":"post","link":"https:\/\/dana.com.br\/canaldana\/2023\/02\/03\/mercado-de-pesados-inicia-2023-melhor-do-que-o-ano-passado\/","title":{"rendered":"Mercado de pesados inicia 2023 melhor do que o ano passado"},"content":{"rendered":"<p><em>AutoInd\u00fastria <\/em><\/p>\n<p>&nbsp;<\/p>\n<p>O ano come\u00e7ou como frequentemente ocorre nos segmentos de ve\u00edculos pesados, com demandas menores em rela\u00e7\u00e3o ao \u00faltimo m\u00eas do per\u00edodo anterior. No caso de caminh\u00f5es, as vendas de janeiro recuaram 15% em compara\u00e7\u00e3o a dezembro, de 12 mil para 10,2 mil unidades, enquanto os \u00f4nibus 19,7%, de 2,6 mil para 2,1 mil.<\/p>\n<p>&nbsp;<\/p>\n<p>No confronto com janeiro do ano passado, no entanto, os volumes de emplacamentos registrados representaram altas expressivas. No segmento de transporte de carga, as vendas cresceram 20% e nas de \u00f4nibus, 61,3%.<\/p>\n<p>&nbsp;<\/p>\n<p>Apesar de considerar as quedas, o presidente da Fenabrave, Andretta Jr., enxerga um cen\u00e1rio promissor, ao menos nos primeiros tr\u00eas meses do ano. \u201cA mudan\u00e7a de tecnologia provocada pelo Proconve P8 pode aumentar a procura pelo estoque de modelos adequados \u00e0 norma anterior (Proconve P7), que podem ser emplacados at\u00e9 mar\u00e7o.\u201d<\/p>\n<p>&nbsp;<\/p>\n<p>No segmento de \u00f4nibus, o dirigente observa ap\u00f3s recupera\u00e7\u00e3o apresentada no fechamento de 2022, o desempenho segue positivo. \u201cJaneiro j\u00e1 registrou volume superior \u00e0 m\u00e9dia mensal do ano anterior, o que indica boa possibilidade de um novo ano de crescimento\u201d. (AutoInd\u00fastria\/D\u00e9cio Costa)<\/p>\n","protected":false},"excerpt":{"rendered":"<p>AutoInd\u00fastria &nbsp; O ano come\u00e7ou como frequentemente ocorre nos segmentos de ve\u00edculos pesados, com demandas menores em rela\u00e7\u00e3o ao \u00faltimo m\u00eas do per\u00edodo anterior. No caso de caminh\u00f5es, as vendas de janeiro recuaram 15% em compara\u00e7\u00e3o a dezembro, de 12 mil para 10,2 mil unidades, enquanto os \u00f4nibus 19,7%, de 2,6 mil para 2,1 mil.\u2026 <a class=\"readmore\" href=\"https:\/\/dana.com.br\/canaldana\/2023\/02\/03\/mercado-de-pesados-inicia-2023-melhor-do-que-o-ano-passado\/\">Leia mais \u00bb<\/a><\/p>\n","protected":false},"author":3,"featured_media":0,"comment_status":"closed","ping_status":"closed","sticky":false,"template":"","format":"standard","meta":{"_acf_changed":false,"footnotes":""},"categories":[61],"tags":[],"class_list":["post-63602","post","type-post","status-publish","format-standard","hentry","category-destaques"],"acf":[],"yoast_head":"<!-- This site is optimized with the Yoast SEO plugin v27.3 - https:\/\/yoast.com\/product\/yoast-seo-wordpress\/ -->\n<title>Mercado de pesados inicia 2023 melhor do que o ano passado - Canal Dana<\/title>\n<meta name=\"robots\" content=\"index, follow, max-snippet:-1, max-image-preview:large, max-video-preview:-1\" \/>\n<link rel=\"canonical\" href=\"https:\/\/dana.com.br\/canaldana\/2023\/02\/03\/mercado-de-pesados-inicia-2023-melhor-do-que-o-ano-passado\/\" \/>\n<meta property=\"og:locale\" content=\"pt_BR\" \/>\n<meta property=\"og:type\" content=\"article\" \/>\n<meta property=\"og:title\" content=\"Mercado de pesados inicia 2023 melhor do que o ano passado - Canal Dana\" \/>\n<meta property=\"og:description\" content=\"AutoInd\u00fastria &nbsp; O ano come\u00e7ou como frequentemente ocorre nos segmentos de ve\u00edculos pesados, com demandas menores em rela\u00e7\u00e3o ao \u00faltimo m\u00eas do per\u00edodo anterior. No caso de caminh\u00f5es, as vendas de janeiro recuaram 15% em compara\u00e7\u00e3o a dezembro, de 12 mil para 10,2 mil unidades, enquanto os \u00f4nibus 19,7%, de 2,6 mil para 2,1 mil.\u2026 Leia mais \u00bb\" \/>\n<meta property=\"og:url\" content=\"https:\/\/dana.com.br\/canaldana\/2023\/02\/03\/mercado-de-pesados-inicia-2023-melhor-do-que-o-ano-passado\/\" \/>\n<meta property=\"og:site_name\" content=\"Canal Dana\" \/>\n<meta property=\"article:published_time\" content=\"2023-02-03T11:54:47+00:00\" \/>\n<meta name=\"author\" content=\"Canal Dana\" \/>\n<meta name=\"twitter:card\" content=\"summary_large_image\" \/>\n<meta name=\"twitter:label1\" content=\"Escrito por\" \/>\n\t<meta name=\"twitter:data1\" content=\"Canal Dana\" \/>\n\t<meta name=\"twitter:label2\" content=\"Est. tempo de leitura\" \/>\n\t<meta name=\"twitter:data2\" content=\"1 minuto\" \/>\n<script type=\"application\/ld+json\" class=\"yoast-schema-graph\">{\"@context\":\"https:\\\/\\\/schema.org\",\"@graph\":[{\"@type\":\"Article\",\"@id\":\"https:\\\/\\\/dana.com.br\\\/canaldana\\\/2023\\\/02\\\/03\\\/mercado-de-pesados-inicia-2023-melhor-do-que-o-ano-passado\\\/#article\",\"isPartOf\":{\"@id\":\"https:\\\/\\\/dana.com.br\\\/canaldana\\\/2023\\\/02\\\/03\\\/mercado-de-pesados-inicia-2023-melhor-do-que-o-ano-passado\\\/\"},\"author\":{\"name\":\"Canal Dana\",\"@id\":\"https:\\\/\\\/dana.com.br\\\/canaldana\\\/#\\\/schema\\\/person\\\/3c21f22f56fcf3bc46b94bc60ea4fef6\"},\"headline\":\"Mercado de pesados inicia 2023 melhor do que o ano passado\",\"datePublished\":\"2023-02-03T11:54:47+00:00\",\"mainEntityOfPage\":{\"@id\":\"https:\\\/\\\/dana.com.br\\\/canaldana\\\/2023\\\/02\\\/03\\\/mercado-de-pesados-inicia-2023-melhor-do-que-o-ano-passado\\\/\"},\"wordCount\":200,\"articleSection\":[\"Destaques\"],\"inLanguage\":\"pt-BR\"},{\"@type\":\"WebPage\",\"@id\":\"https:\\\/\\\/dana.com.br\\\/canaldana\\\/2023\\\/02\\\/03\\\/mercado-de-pesados-inicia-2023-melhor-do-que-o-ano-passado\\\/\",\"url\":\"https:\\\/\\\/dana.com.br\\\/canaldana\\\/2023\\\/02\\\/03\\\/mercado-de-pesados-inicia-2023-melhor-do-que-o-ano-passado\\\/\",\"name\":\"Mercado de pesados inicia 2023 melhor do que o ano passado - Canal Dana\",\"isPartOf\":{\"@id\":\"https:\\\/\\\/dana.com.br\\\/canaldana\\\/#website\"},\"datePublished\":\"2023-02-03T11:54:47+00:00\",\"author\":{\"@id\":\"https:\\\/\\\/dana.com.br\\\/canaldana\\\/#\\\/schema\\\/person\\\/3c21f22f56fcf3bc46b94bc60ea4fef6\"},\"breadcrumb\":{\"@id\":\"https:\\\/\\\/dana.com.br\\\/canaldana\\\/2023\\\/02\\\/03\\\/mercado-de-pesados-inicia-2023-melhor-do-que-o-ano-passado\\\/#breadcrumb\"},\"inLanguage\":\"pt-BR\",\"potentialAction\":[{\"@type\":\"ReadAction\",\"target\":[\"https:\\\/\\\/dana.com.br\\\/canaldana\\\/2023\\\/02\\\/03\\\/mercado-de-pesados-inicia-2023-melhor-do-que-o-ano-passado\\\/\"]}]},{\"@type\":\"BreadcrumbList\",\"@id\":\"https:\\\/\\\/dana.com.br\\\/canaldana\\\/2023\\\/02\\\/03\\\/mercado-de-pesados-inicia-2023-melhor-do-que-o-ano-passado\\\/#breadcrumb\",\"itemListElement\":[{\"@type\":\"ListItem\",\"position\":1,\"name\":\"Home\",\"item\":\"https:\\\/\\\/dana.com.br\\\/canaldana\\\/\"},{\"@type\":\"ListItem\",\"position\":2,\"name\":\"Destaques\",\"item\":\"https:\\\/\\\/dana.com.br\\\/canaldana\\\/destaques\\\/\"},{\"@type\":\"ListItem\",\"position\":3,\"name\":\"Mercado de pesados inicia 2023 melhor do que o ano passado\"}]},{\"@type\":\"WebSite\",\"@id\":\"https:\\\/\\\/dana.com.br\\\/canaldana\\\/#website\",\"url\":\"https:\\\/\\\/dana.com.br\\\/canaldana\\\/\",\"name\":\"Canal Dana\",\"description\":\"Informativo com as principais not\u00edcias da ind\u00fastria automotiva\",\"potentialAction\":[{\"@type\":\"SearchAction\",\"target\":{\"@type\":\"EntryPoint\",\"urlTemplate\":\"https:\\\/\\\/dana.com.br\\\/canaldana\\\/?s={search_term_string}\"},\"query-input\":{\"@type\":\"PropertyValueSpecification\",\"valueRequired\":true,\"valueName\":\"search_term_string\"}}],\"inLanguage\":\"pt-BR\"},{\"@type\":\"Person\",\"@id\":\"https:\\\/\\\/dana.com.br\\\/canaldana\\\/#\\\/schema\\\/person\\\/3c21f22f56fcf3bc46b94bc60ea4fef6\",\"name\":\"Canal Dana\",\"image\":{\"@type\":\"ImageObject\",\"inLanguage\":\"pt-BR\",\"@id\":\"https:\\\/\\\/secure.gravatar.com\\\/avatar\\\/420aaf9278582877d9018637c6817617705899d2858d7572ef0fe59a6b6454b4?s=96&d=mm&r=g\",\"url\":\"https:\\\/\\\/secure.gravatar.com\\\/avatar\\\/420aaf9278582877d9018637c6817617705899d2858d7572ef0fe59a6b6454b4?s=96&d=mm&r=g\",\"contentUrl\":\"https:\\\/\\\/secure.gravatar.com\\\/avatar\\\/420aaf9278582877d9018637c6817617705899d2858d7572ef0fe59a6b6454b4?s=96&d=mm&r=g\",\"caption\":\"Canal Dana\"},\"url\":\"https:\\\/\\\/dana.com.br\\\/canaldana\\\/author\\\/cdeditor\\\/\"}]}<\/script>\n<!-- \/ Yoast SEO plugin. -->","yoast_head_json":{"title":"Mercado de pesados inicia 2023 melhor do que o ano passado - Canal Dana","robots":{"index":"index","follow":"follow","max-snippet":"max-snippet:-1","max-image-preview":"max-image-preview:large","max-video-preview":"max-video-preview:-1"},"canonical":"https:\/\/dana.com.br\/canaldana\/2023\/02\/03\/mercado-de-pesados-inicia-2023-melhor-do-que-o-ano-passado\/","og_locale":"pt_BR","og_type":"article","og_title":"Mercado de pesados inicia 2023 melhor do que o ano passado - Canal Dana","og_description":"AutoInd\u00fastria &nbsp; O ano come\u00e7ou como frequentemente ocorre nos segmentos de ve\u00edculos pesados, com demandas menores em rela\u00e7\u00e3o ao \u00faltimo m\u00eas do per\u00edodo anterior. No caso de caminh\u00f5es, as vendas de janeiro recuaram 15% em compara\u00e7\u00e3o a dezembro, de 12 mil para 10,2 mil unidades, enquanto os \u00f4nibus 19,7%, de 2,6 mil para 2,1 mil.\u2026 Leia mais \u00bb","og_url":"https:\/\/dana.com.br\/canaldana\/2023\/02\/03\/mercado-de-pesados-inicia-2023-melhor-do-que-o-ano-passado\/","og_site_name":"Canal Dana","article_published_time":"2023-02-03T11:54:47+00:00","author":"Canal Dana","twitter_card":"summary_large_image","twitter_misc":{"Escrito por":"Canal Dana","Est. tempo de leitura":"1 minuto"},"schema":{"@context":"https:\/\/schema.org","@graph":[{"@type":"Article","@id":"https:\/\/dana.com.br\/canaldana\/2023\/02\/03\/mercado-de-pesados-inicia-2023-melhor-do-que-o-ano-passado\/#article","isPartOf":{"@id":"https:\/\/dana.com.br\/canaldana\/2023\/02\/03\/mercado-de-pesados-inicia-2023-melhor-do-que-o-ano-passado\/"},"author":{"name":"Canal Dana","@id":"https:\/\/dana.com.br\/canaldana\/#\/schema\/person\/3c21f22f56fcf3bc46b94bc60ea4fef6"},"headline":"Mercado de pesados inicia 2023 melhor do que o ano passado","datePublished":"2023-02-03T11:54:47+00:00","mainEntityOfPage":{"@id":"https:\/\/dana.com.br\/canaldana\/2023\/02\/03\/mercado-de-pesados-inicia-2023-melhor-do-que-o-ano-passado\/"},"wordCount":200,"articleSection":["Destaques"],"inLanguage":"pt-BR"},{"@type":"WebPage","@id":"https:\/\/dana.com.br\/canaldana\/2023\/02\/03\/mercado-de-pesados-inicia-2023-melhor-do-que-o-ano-passado\/","url":"https:\/\/dana.com.br\/canaldana\/2023\/02\/03\/mercado-de-pesados-inicia-2023-melhor-do-que-o-ano-passado\/","name":"Mercado de pesados inicia 2023 melhor do que o ano passado - Canal Dana","isPartOf":{"@id":"https:\/\/dana.com.br\/canaldana\/#website"},"datePublished":"2023-02-03T11:54:47+00:00","author":{"@id":"https:\/\/dana.com.br\/canaldana\/#\/schema\/person\/3c21f22f56fcf3bc46b94bc60ea4fef6"},"breadcrumb":{"@id":"https:\/\/dana.com.br\/canaldana\/2023\/02\/03\/mercado-de-pesados-inicia-2023-melhor-do-que-o-ano-passado\/#breadcrumb"},"inLanguage":"pt-BR","potentialAction":[{"@type":"ReadAction","target":["https:\/\/dana.com.br\/canaldana\/2023\/02\/03\/mercado-de-pesados-inicia-2023-melhor-do-que-o-ano-passado\/"]}]},{"@type":"BreadcrumbList","@id":"https:\/\/dana.com.br\/canaldana\/2023\/02\/03\/mercado-de-pesados-inicia-2023-melhor-do-que-o-ano-passado\/#breadcrumb","itemListElement":[{"@type":"ListItem","position":1,"name":"Home","item":"https:\/\/dana.com.br\/canaldana\/"},{"@type":"ListItem","position":2,"name":"Destaques","item":"https:\/\/dana.com.br\/canaldana\/destaques\/"},{"@type":"ListItem","position":3,"name":"Mercado de pesados inicia 2023 melhor do que o ano passado"}]},{"@type":"WebSite","@id":"https:\/\/dana.com.br\/canaldana\/#website","url":"https:\/\/dana.com.br\/canaldana\/","name":"Canal Dana","description":"Informativo com as principais not\u00edcias da ind\u00fastria automotiva","potentialAction":[{"@type":"SearchAction","target":{"@type":"EntryPoint","urlTemplate":"https:\/\/dana.com.br\/canaldana\/?s={search_term_string}"},"query-input":{"@type":"PropertyValueSpecification","valueRequired":true,"valueName":"search_term_string"}}],"inLanguage":"pt-BR"},{"@type":"Person","@id":"https:\/\/dana.com.br\/canaldana\/#\/schema\/person\/3c21f22f56fcf3bc46b94bc60ea4fef6","name":"Canal Dana","image":{"@type":"ImageObject","inLanguage":"pt-BR","@id":"https:\/\/secure.gravatar.com\/avatar\/420aaf9278582877d9018637c6817617705899d2858d7572ef0fe59a6b6454b4?s=96&d=mm&r=g","url":"https:\/\/secure.gravatar.com\/avatar\/420aaf9278582877d9018637c6817617705899d2858d7572ef0fe59a6b6454b4?s=96&d=mm&r=g","contentUrl":"https:\/\/secure.gravatar.com\/avatar\/420aaf9278582877d9018637c6817617705899d2858d7572ef0fe59a6b6454b4?s=96&d=mm&r=g","caption":"Canal Dana"},"url":"https:\/\/dana.com.br\/canaldana\/author\/cdeditor\/"}]}},"_links":{"self":[{"href":"https:\/\/dana.com.br\/canaldana\/wp-json\/wp\/v2\/posts\/63602","targetHints":{"allow":["GET"]}}],"collection":[{"href":"https:\/\/dana.com.br\/canaldana\/wp-json\/wp\/v2\/posts"}],"about":[{"href":"https:\/\/dana.com.br\/canaldana\/wp-json\/wp\/v2\/types\/post"}],"author":[{"embeddable":true,"href":"https:\/\/dana.com.br\/canaldana\/wp-json\/wp\/v2\/users\/3"}],"replies":[{"embeddable":true,"href":"https:\/\/dana.com.br\/canaldana\/wp-json\/wp\/v2\/comments?post=63602"}],"version-history":[{"count":0,"href":"https:\/\/dana.com.br\/canaldana\/wp-json\/wp\/v2\/posts\/63602\/revisions"}],"wp:attachment":[{"href":"https:\/\/dana.com.br\/canaldana\/wp-json\/wp\/v2\/media?parent=63602"}],"wp:term":[{"taxonomy":"category","embeddable":true,"href":"https:\/\/dana.com.br\/canaldana\/wp-json\/wp\/v2\/categories?post=63602"},{"taxonomy":"post_tag","embeddable":true,"href":"https:\/\/dana.com.br\/canaldana\/wp-json\/wp\/v2\/tags?post=63602"}],"curies":[{"name":"wp","href":"https:\/\/api.w.org\/{rel}","templated":true}]}}