{"id":63596,"date":"2023-02-03T08:52:46","date_gmt":"2023-02-03T11:52:46","guid":{"rendered":"https:\/\/dana.com.br\/canaldana\/?p=63596"},"modified":"2023-02-03T08:52:46","modified_gmt":"2023-02-03T11:52:46","slug":"fenabrave-explica-os-numeros-de-janeiro","status":"publish","type":"post","link":"https:\/\/dana.com.br\/canaldana\/2023\/02\/03\/fenabrave-explica-os-numeros-de-janeiro\/","title":{"rendered":"Fenabrave explica os n\u00fameros de janeiro"},"content":{"rendered":"<p><em>AutoInd\u00fastria <\/em><\/p>\n<p>&nbsp;<\/p>\n<p>O crescimento de quase 12% no n\u00famero de emplacamentos de janeiro deste ano com rela\u00e7\u00e3o ao mesmo m\u00eas de 2022, com 130,5 mil e 116,6 mil autom\u00f3veis e comerciais leves comercializados, respectivamente, n\u00e3o chega a representar uma retomada do mercado brasileiro.<\/p>\n<p>&nbsp;<\/p>\n<p>Ao divulgar os n\u00fameros nesta quinta-feira, 2, o presidente da Fenabrave, Jos\u00e9 Maur\u00edcio Andreta Jr., explicou que em janeiro de 2022 os estoques estavam extremamente baixos em decorr\u00eancia da falta de semicondutores que impedia as montadoras de terem produ\u00e7\u00e3o plena.<\/p>\n<p>&nbsp;<\/p>\n<p>\u201cImportante lembrar que no ano passado tivemos o pior janeiro desde 2017. Al\u00e9m dos estoques reduzidos, a variante \u00d4micron da Covid-19 causava grande preocupa\u00e7\u00e3o na popula\u00e7\u00e3o\u201d, comentou o empres\u00e1rio, garantindo que com excess\u00e3o de 2022, os n\u00fameros do m\u00eas passado est\u00e3o em linha com os meses de janeiro dos \u00faltimos cinco anos.<\/p>\n<p>&nbsp;<\/p>\n<p>Com rela\u00e7\u00e3o \u00e0 queda de 35,5% no comparativo com dezembro, quando foram licenciados mais de 202 mil autom\u00f3veis e comerciais leves, Andreta destaca ser esse movimento totalmente sazonal. \u201cTodo in\u00edcio de ano \u00e9 marcado por despesas com IPVA, material escolar e IPTU, o que naturalmente gera uma retra\u00e7\u00e3o na demanda de bens como os autom\u00f3veis\u201d.<\/p>\n<p>&nbsp;<\/p>\n<p>Andreta refor\u00e7a proje\u00e7\u00e3o divulgada h\u00e1 um m\u00eas pela entidade quanto \u00e0 estabilidade nas vendas este ano. \u201cComo o primeiro semestre do ano passado foi marcado por um descompasso entre produ\u00e7\u00e3o e demanda, \u00e9 natural que nestes primeiros meses o setor registre crescimento\u201d.<\/p>\n<p>&nbsp;<\/p>\n<p>O mesmo, segundo o presidente da Fenabrave, n\u00e3o deve ocorrer no segundo semestre, quando a tend\u00eancia ser\u00e1 de queda no comparativo interanual, caminhando assim para a estabilidade. (AutoInd\u00fastria\/Alzira Rodrigues)<\/p>\n","protected":false},"excerpt":{"rendered":"<p>AutoInd\u00fastria &nbsp; O crescimento de quase 12% no n\u00famero de emplacamentos de janeiro deste ano com rela\u00e7\u00e3o ao mesmo m\u00eas de 2022, com 130,5 mil e 116,6 mil autom\u00f3veis e comerciais leves comercializados, respectivamente, n\u00e3o chega a representar uma retomada do mercado brasileiro. &nbsp; Ao divulgar os n\u00fameros nesta quinta-feira, 2, o presidente da Fenabrave,\u2026 <a class=\"readmore\" href=\"https:\/\/dana.com.br\/canaldana\/2023\/02\/03\/fenabrave-explica-os-numeros-de-janeiro\/\">Leia mais \u00bb<\/a><\/p>\n","protected":false},"author":3,"featured_media":0,"comment_status":"closed","ping_status":"closed","sticky":false,"template":"","format":"standard","meta":{"_acf_changed":false,"footnotes":""},"categories":[79],"tags":[],"class_list":["post-63596","post","type-post","status-publish","format-standard","hentry","category-mercado"],"acf":[],"yoast_head":"<!-- This site is optimized with the Yoast SEO plugin v27.3 - https:\/\/yoast.com\/product\/yoast-seo-wordpress\/ -->\n<title>Fenabrave explica os n\u00fameros de janeiro - Canal Dana<\/title>\n<meta name=\"robots\" content=\"index, follow, max-snippet:-1, max-image-preview:large, max-video-preview:-1\" \/>\n<link rel=\"canonical\" href=\"https:\/\/dana.com.br\/canaldana\/2023\/02\/03\/fenabrave-explica-os-numeros-de-janeiro\/\" \/>\n<meta property=\"og:locale\" content=\"pt_BR\" \/>\n<meta property=\"og:type\" content=\"article\" \/>\n<meta property=\"og:title\" content=\"Fenabrave explica os n\u00fameros de janeiro - Canal Dana\" \/>\n<meta property=\"og:description\" content=\"AutoInd\u00fastria &nbsp; O crescimento de quase 12% no n\u00famero de emplacamentos de janeiro deste ano com rela\u00e7\u00e3o ao mesmo m\u00eas de 2022, com 130,5 mil e 116,6 mil autom\u00f3veis e comerciais leves comercializados, respectivamente, n\u00e3o chega a representar uma retomada do mercado brasileiro. &nbsp; Ao divulgar os n\u00fameros nesta quinta-feira, 2, o presidente da Fenabrave,\u2026 Leia mais \u00bb\" \/>\n<meta property=\"og:url\" content=\"https:\/\/dana.com.br\/canaldana\/2023\/02\/03\/fenabrave-explica-os-numeros-de-janeiro\/\" \/>\n<meta property=\"og:site_name\" content=\"Canal Dana\" \/>\n<meta property=\"article:published_time\" content=\"2023-02-03T11:52:46+00:00\" \/>\n<meta name=\"author\" content=\"Canal Dana\" \/>\n<meta name=\"twitter:card\" content=\"summary_large_image\" \/>\n<meta name=\"twitter:label1\" content=\"Escrito por\" \/>\n\t<meta name=\"twitter:data1\" content=\"Canal Dana\" \/>\n\t<meta name=\"twitter:label2\" content=\"Est. tempo de leitura\" \/>\n\t<meta name=\"twitter:data2\" content=\"1 minuto\" \/>\n<script type=\"application\/ld+json\" class=\"yoast-schema-graph\">{\"@context\":\"https:\\\/\\\/schema.org\",\"@graph\":[{\"@type\":\"Article\",\"@id\":\"https:\\\/\\\/dana.com.br\\\/canaldana\\\/2023\\\/02\\\/03\\\/fenabrave-explica-os-numeros-de-janeiro\\\/#article\",\"isPartOf\":{\"@id\":\"https:\\\/\\\/dana.com.br\\\/canaldana\\\/2023\\\/02\\\/03\\\/fenabrave-explica-os-numeros-de-janeiro\\\/\"},\"author\":{\"name\":\"Canal Dana\",\"@id\":\"https:\\\/\\\/dana.com.br\\\/canaldana\\\/#\\\/schema\\\/person\\\/3c21f22f56fcf3bc46b94bc60ea4fef6\"},\"headline\":\"Fenabrave explica os n\u00fameros de janeiro\",\"datePublished\":\"2023-02-03T11:52:46+00:00\",\"mainEntityOfPage\":{\"@id\":\"https:\\\/\\\/dana.com.br\\\/canaldana\\\/2023\\\/02\\\/03\\\/fenabrave-explica-os-numeros-de-janeiro\\\/\"},\"wordCount\":290,\"articleSection\":[\"Mercado\"],\"inLanguage\":\"pt-BR\"},{\"@type\":\"WebPage\",\"@id\":\"https:\\\/\\\/dana.com.br\\\/canaldana\\\/2023\\\/02\\\/03\\\/fenabrave-explica-os-numeros-de-janeiro\\\/\",\"url\":\"https:\\\/\\\/dana.com.br\\\/canaldana\\\/2023\\\/02\\\/03\\\/fenabrave-explica-os-numeros-de-janeiro\\\/\",\"name\":\"Fenabrave explica os n\u00fameros de janeiro - Canal Dana\",\"isPartOf\":{\"@id\":\"https:\\\/\\\/dana.com.br\\\/canaldana\\\/#website\"},\"datePublished\":\"2023-02-03T11:52:46+00:00\",\"author\":{\"@id\":\"https:\\\/\\\/dana.com.br\\\/canaldana\\\/#\\\/schema\\\/person\\\/3c21f22f56fcf3bc46b94bc60ea4fef6\"},\"breadcrumb\":{\"@id\":\"https:\\\/\\\/dana.com.br\\\/canaldana\\\/2023\\\/02\\\/03\\\/fenabrave-explica-os-numeros-de-janeiro\\\/#breadcrumb\"},\"inLanguage\":\"pt-BR\",\"potentialAction\":[{\"@type\":\"ReadAction\",\"target\":[\"https:\\\/\\\/dana.com.br\\\/canaldana\\\/2023\\\/02\\\/03\\\/fenabrave-explica-os-numeros-de-janeiro\\\/\"]}]},{\"@type\":\"BreadcrumbList\",\"@id\":\"https:\\\/\\\/dana.com.br\\\/canaldana\\\/2023\\\/02\\\/03\\\/fenabrave-explica-os-numeros-de-janeiro\\\/#breadcrumb\",\"itemListElement\":[{\"@type\":\"ListItem\",\"position\":1,\"name\":\"Home\",\"item\":\"https:\\\/\\\/dana.com.br\\\/canaldana\\\/\"},{\"@type\":\"ListItem\",\"position\":2,\"name\":\"Mercado\",\"item\":\"https:\\\/\\\/dana.com.br\\\/canaldana\\\/mercado\\\/\"},{\"@type\":\"ListItem\",\"position\":3,\"name\":\"Fenabrave explica os n\u00fameros de janeiro\"}]},{\"@type\":\"WebSite\",\"@id\":\"https:\\\/\\\/dana.com.br\\\/canaldana\\\/#website\",\"url\":\"https:\\\/\\\/dana.com.br\\\/canaldana\\\/\",\"name\":\"Canal Dana\",\"description\":\"Informativo com as principais not\u00edcias da ind\u00fastria automotiva\",\"potentialAction\":[{\"@type\":\"SearchAction\",\"target\":{\"@type\":\"EntryPoint\",\"urlTemplate\":\"https:\\\/\\\/dana.com.br\\\/canaldana\\\/?s={search_term_string}\"},\"query-input\":{\"@type\":\"PropertyValueSpecification\",\"valueRequired\":true,\"valueName\":\"search_term_string\"}}],\"inLanguage\":\"pt-BR\"},{\"@type\":\"Person\",\"@id\":\"https:\\\/\\\/dana.com.br\\\/canaldana\\\/#\\\/schema\\\/person\\\/3c21f22f56fcf3bc46b94bc60ea4fef6\",\"name\":\"Canal Dana\",\"image\":{\"@type\":\"ImageObject\",\"inLanguage\":\"pt-BR\",\"@id\":\"https:\\\/\\\/secure.gravatar.com\\\/avatar\\\/420aaf9278582877d9018637c6817617705899d2858d7572ef0fe59a6b6454b4?s=96&d=mm&r=g\",\"url\":\"https:\\\/\\\/secure.gravatar.com\\\/avatar\\\/420aaf9278582877d9018637c6817617705899d2858d7572ef0fe59a6b6454b4?s=96&d=mm&r=g\",\"contentUrl\":\"https:\\\/\\\/secure.gravatar.com\\\/avatar\\\/420aaf9278582877d9018637c6817617705899d2858d7572ef0fe59a6b6454b4?s=96&d=mm&r=g\",\"caption\":\"Canal Dana\"},\"url\":\"https:\\\/\\\/dana.com.br\\\/canaldana\\\/author\\\/cdeditor\\\/\"}]}<\/script>\n<!-- \/ Yoast SEO plugin. -->","yoast_head_json":{"title":"Fenabrave explica os n\u00fameros de janeiro - Canal Dana","robots":{"index":"index","follow":"follow","max-snippet":"max-snippet:-1","max-image-preview":"max-image-preview:large","max-video-preview":"max-video-preview:-1"},"canonical":"https:\/\/dana.com.br\/canaldana\/2023\/02\/03\/fenabrave-explica-os-numeros-de-janeiro\/","og_locale":"pt_BR","og_type":"article","og_title":"Fenabrave explica os n\u00fameros de janeiro - Canal Dana","og_description":"AutoInd\u00fastria &nbsp; O crescimento de quase 12% no n\u00famero de emplacamentos de janeiro deste ano com rela\u00e7\u00e3o ao mesmo m\u00eas de 2022, com 130,5 mil e 116,6 mil autom\u00f3veis e comerciais leves comercializados, respectivamente, n\u00e3o chega a representar uma retomada do mercado brasileiro. &nbsp; Ao divulgar os n\u00fameros nesta quinta-feira, 2, o presidente da Fenabrave,\u2026 Leia mais \u00bb","og_url":"https:\/\/dana.com.br\/canaldana\/2023\/02\/03\/fenabrave-explica-os-numeros-de-janeiro\/","og_site_name":"Canal Dana","article_published_time":"2023-02-03T11:52:46+00:00","author":"Canal Dana","twitter_card":"summary_large_image","twitter_misc":{"Escrito por":"Canal Dana","Est. tempo de leitura":"1 minuto"},"schema":{"@context":"https:\/\/schema.org","@graph":[{"@type":"Article","@id":"https:\/\/dana.com.br\/canaldana\/2023\/02\/03\/fenabrave-explica-os-numeros-de-janeiro\/#article","isPartOf":{"@id":"https:\/\/dana.com.br\/canaldana\/2023\/02\/03\/fenabrave-explica-os-numeros-de-janeiro\/"},"author":{"name":"Canal Dana","@id":"https:\/\/dana.com.br\/canaldana\/#\/schema\/person\/3c21f22f56fcf3bc46b94bc60ea4fef6"},"headline":"Fenabrave explica os n\u00fameros de janeiro","datePublished":"2023-02-03T11:52:46+00:00","mainEntityOfPage":{"@id":"https:\/\/dana.com.br\/canaldana\/2023\/02\/03\/fenabrave-explica-os-numeros-de-janeiro\/"},"wordCount":290,"articleSection":["Mercado"],"inLanguage":"pt-BR"},{"@type":"WebPage","@id":"https:\/\/dana.com.br\/canaldana\/2023\/02\/03\/fenabrave-explica-os-numeros-de-janeiro\/","url":"https:\/\/dana.com.br\/canaldana\/2023\/02\/03\/fenabrave-explica-os-numeros-de-janeiro\/","name":"Fenabrave explica os n\u00fameros de janeiro - Canal Dana","isPartOf":{"@id":"https:\/\/dana.com.br\/canaldana\/#website"},"datePublished":"2023-02-03T11:52:46+00:00","author":{"@id":"https:\/\/dana.com.br\/canaldana\/#\/schema\/person\/3c21f22f56fcf3bc46b94bc60ea4fef6"},"breadcrumb":{"@id":"https:\/\/dana.com.br\/canaldana\/2023\/02\/03\/fenabrave-explica-os-numeros-de-janeiro\/#breadcrumb"},"inLanguage":"pt-BR","potentialAction":[{"@type":"ReadAction","target":["https:\/\/dana.com.br\/canaldana\/2023\/02\/03\/fenabrave-explica-os-numeros-de-janeiro\/"]}]},{"@type":"BreadcrumbList","@id":"https:\/\/dana.com.br\/canaldana\/2023\/02\/03\/fenabrave-explica-os-numeros-de-janeiro\/#breadcrumb","itemListElement":[{"@type":"ListItem","position":1,"name":"Home","item":"https:\/\/dana.com.br\/canaldana\/"},{"@type":"ListItem","position":2,"name":"Mercado","item":"https:\/\/dana.com.br\/canaldana\/mercado\/"},{"@type":"ListItem","position":3,"name":"Fenabrave explica os n\u00fameros de janeiro"}]},{"@type":"WebSite","@id":"https:\/\/dana.com.br\/canaldana\/#website","url":"https:\/\/dana.com.br\/canaldana\/","name":"Canal Dana","description":"Informativo com as principais not\u00edcias da ind\u00fastria automotiva","potentialAction":[{"@type":"SearchAction","target":{"@type":"EntryPoint","urlTemplate":"https:\/\/dana.com.br\/canaldana\/?s={search_term_string}"},"query-input":{"@type":"PropertyValueSpecification","valueRequired":true,"valueName":"search_term_string"}}],"inLanguage":"pt-BR"},{"@type":"Person","@id":"https:\/\/dana.com.br\/canaldana\/#\/schema\/person\/3c21f22f56fcf3bc46b94bc60ea4fef6","name":"Canal Dana","image":{"@type":"ImageObject","inLanguage":"pt-BR","@id":"https:\/\/secure.gravatar.com\/avatar\/420aaf9278582877d9018637c6817617705899d2858d7572ef0fe59a6b6454b4?s=96&d=mm&r=g","url":"https:\/\/secure.gravatar.com\/avatar\/420aaf9278582877d9018637c6817617705899d2858d7572ef0fe59a6b6454b4?s=96&d=mm&r=g","contentUrl":"https:\/\/secure.gravatar.com\/avatar\/420aaf9278582877d9018637c6817617705899d2858d7572ef0fe59a6b6454b4?s=96&d=mm&r=g","caption":"Canal Dana"},"url":"https:\/\/dana.com.br\/canaldana\/author\/cdeditor\/"}]}},"_links":{"self":[{"href":"https:\/\/dana.com.br\/canaldana\/wp-json\/wp\/v2\/posts\/63596","targetHints":{"allow":["GET"]}}],"collection":[{"href":"https:\/\/dana.com.br\/canaldana\/wp-json\/wp\/v2\/posts"}],"about":[{"href":"https:\/\/dana.com.br\/canaldana\/wp-json\/wp\/v2\/types\/post"}],"author":[{"embeddable":true,"href":"https:\/\/dana.com.br\/canaldana\/wp-json\/wp\/v2\/users\/3"}],"replies":[{"embeddable":true,"href":"https:\/\/dana.com.br\/canaldana\/wp-json\/wp\/v2\/comments?post=63596"}],"version-history":[{"count":0,"href":"https:\/\/dana.com.br\/canaldana\/wp-json\/wp\/v2\/posts\/63596\/revisions"}],"wp:attachment":[{"href":"https:\/\/dana.com.br\/canaldana\/wp-json\/wp\/v2\/media?parent=63596"}],"wp:term":[{"taxonomy":"category","embeddable":true,"href":"https:\/\/dana.com.br\/canaldana\/wp-json\/wp\/v2\/categories?post=63596"},{"taxonomy":"post_tag","embeddable":true,"href":"https:\/\/dana.com.br\/canaldana\/wp-json\/wp\/v2\/tags?post=63596"}],"curies":[{"name":"wp","href":"https:\/\/api.w.org\/{rel}","templated":true}]}}