{"id":63513,"date":"2023-01-31T08:52:30","date_gmt":"2023-01-31T11:52:30","guid":{"rendered":"https:\/\/dana.com.br\/canaldana\/?p=63513"},"modified":"2023-01-31T08:52:30","modified_gmt":"2023-01-31T11:52:30","slug":"rodojunior-adquire-140-caminhoes-volvo-fh-euro-6","status":"publish","type":"post","link":"https:\/\/dana.com.br\/canaldana\/2023\/01\/31\/rodojunior-adquire-140-caminhoes-volvo-fh-euro-6\/","title":{"rendered":"Rodojunior adquire 140 caminh\u00f5es Volvo FH Euro 6"},"content":{"rendered":"<p><em>Frota &amp; Cia <\/em><\/p>\n<p>&nbsp;<\/p>\n<p>A Rodojunior Transportes e Log\u00edstica, empresa com sede em Rio Verde, Goi\u00e1s, acaba de anunciar a compra de 140 novos caminh\u00f5es Volvo FH Euro 6.<\/p>\n<p>&nbsp;<\/p>\n<p>O lote expressivo \u00e9 composto por 80 caminh\u00f5es FH 540 6\u00d74 e 60 exemplares FH 460 6\u00d72, destinados \u00e0s opera\u00e7\u00f5es nos segmentos do agroneg\u00f3cio, industrial e minera\u00e7\u00e3o.<\/p>\n<p>&nbsp;<\/p>\n<p>Segundo Eliseu Marques J\u00fanior, propriet\u00e1rio da empresa, a nova aquisi\u00e7\u00e3o de caminh\u00f5es tamb\u00e9m est\u00e1 totalmente alinhada com o in\u00edcio de uma nova opera\u00e7\u00e3o. \u201cEstamos expandindo nossas opera\u00e7\u00f5es e nos pr\u00f3ximos meses tamb\u00e9m atuaremos no transporte de \u00f3leo vegetal. A aquisi\u00e7\u00e3o dos novos caminh\u00f5es refor\u00e7ar\u00e1 ainda mais o nosso compromisso de oferecer ao mercado as melhores e mais modernas solu\u00e7\u00f5es de transporte\u201d, explica o empres\u00e1rio.<\/p>\n<p>&nbsp;<\/p>\n<p>J\u00e1 para garantir a m\u00e1xima disponibilidade operacional, a recente compra tamb\u00e9m inclui o Plano de Manuten\u00e7\u00e3o Ouro para todos os exemplares, solu\u00e7\u00e3o oferecida pela Volvo e respons\u00e1vel pela cobertura de todas as manuten\u00e7\u00f5es preventivas e corretivas.<\/p>\n<p>&nbsp;<\/p>\n<p>\u201cAl\u00e9m de renovarmos e ampliarmos nossa frota, acreditamos que com os novos caminh\u00f5es Volvo FH Euro 6 teremos ainda mais a economia de combust\u00edvel nas opera\u00e7\u00f5es, tornando-as cada vez mais sustent\u00e1veis, gra\u00e7as aos menores \u00edndices de poluentes\u201d, conclui J\u00fanior.<\/p>\n<p>&nbsp;<\/p>\n<p><strong>Parceria hist\u00f3rica<\/strong><\/p>\n<p>&nbsp;<\/p>\n<p>Em 2007, por exemplo, ano em que o Grupo Volvo celebrou 80 anos de opera\u00e7\u00e3o, dois modelos Volvo FH s\u00e9rie limitada 80 anos passaram a fazer parte da frota da empresa.<\/p>\n<p>&nbsp;<\/p>\n<p>No ano de 2018, quando a linha FH completou 25 anos de hist\u00f3ria em todo o mundo, a Rodojunior passou a fazer parte do seleto grupo de transportadores que adquiriram uma unidade da s\u00e9rie especial que celebrou o anivers\u00e1rio da ic\u00f4nica linha extrapesada. J\u00e1 nos \u00faltimos tr\u00eas anos, a Rodojunior adquiriu ao todo 417 caminh\u00f5es Volvo, com destaque especial para 150 exemplares em 2021 e 127 unidades em 2022. Agora com o novo lote adquirido, a frota da transportadora goiana est\u00e1 prestes a se tornar 100% Volvo. (Frota &amp; Cia\/Victor Fagarassi)<\/p>\n","protected":false},"excerpt":{"rendered":"<p>Frota &amp; Cia &nbsp; A Rodojunior Transportes e Log\u00edstica, empresa com sede em Rio Verde, Goi\u00e1s, acaba de anunciar a compra de 140 novos caminh\u00f5es Volvo FH Euro 6. &nbsp; O lote expressivo \u00e9 composto por 80 caminh\u00f5es FH 540 6\u00d74 e 60 exemplares FH 460 6\u00d72, destinados \u00e0s opera\u00e7\u00f5es nos segmentos do agroneg\u00f3cio, industrial\u2026 <a class=\"readmore\" href=\"https:\/\/dana.com.br\/canaldana\/2023\/01\/31\/rodojunior-adquire-140-caminhoes-volvo-fh-euro-6\/\">Leia mais \u00bb<\/a><\/p>\n","protected":false},"author":3,"featured_media":0,"comment_status":"closed","ping_status":"closed","sticky":false,"template":"","format":"standard","meta":{"_acf_changed":false,"footnotes":""},"categories":[79],"tags":[],"class_list":["post-63513","post","type-post","status-publish","format-standard","hentry","category-mercado"],"acf":[],"yoast_head":"<!-- This site is optimized with the Yoast SEO plugin v27.3 - https:\/\/yoast.com\/product\/yoast-seo-wordpress\/ -->\n<title>Rodojunior adquire 140 caminh\u00f5es Volvo FH Euro 6 - Canal Dana<\/title>\n<meta name=\"robots\" content=\"index, follow, max-snippet:-1, max-image-preview:large, max-video-preview:-1\" \/>\n<link rel=\"canonical\" href=\"https:\/\/dana.com.br\/canaldana\/2023\/01\/31\/rodojunior-adquire-140-caminhoes-volvo-fh-euro-6\/\" \/>\n<meta property=\"og:locale\" content=\"pt_BR\" \/>\n<meta property=\"og:type\" content=\"article\" \/>\n<meta property=\"og:title\" content=\"Rodojunior adquire 140 caminh\u00f5es Volvo FH Euro 6 - Canal Dana\" \/>\n<meta property=\"og:description\" content=\"Frota &amp; Cia &nbsp; A Rodojunior Transportes e Log\u00edstica, empresa com sede em Rio Verde, Goi\u00e1s, acaba de anunciar a compra de 140 novos caminh\u00f5es Volvo FH Euro 6. &nbsp; O lote expressivo \u00e9 composto por 80 caminh\u00f5es FH 540 6\u00d74 e 60 exemplares FH 460 6\u00d72, destinados \u00e0s opera\u00e7\u00f5es nos segmentos do agroneg\u00f3cio, industrial\u2026 Leia mais \u00bb\" \/>\n<meta property=\"og:url\" content=\"https:\/\/dana.com.br\/canaldana\/2023\/01\/31\/rodojunior-adquire-140-caminhoes-volvo-fh-euro-6\/\" \/>\n<meta property=\"og:site_name\" content=\"Canal Dana\" \/>\n<meta property=\"article:published_time\" content=\"2023-01-31T11:52:30+00:00\" \/>\n<meta name=\"author\" content=\"Canal Dana\" \/>\n<meta name=\"twitter:card\" content=\"summary_large_image\" \/>\n<meta name=\"twitter:label1\" content=\"Escrito por\" \/>\n\t<meta name=\"twitter:data1\" content=\"Canal Dana\" \/>\n\t<meta name=\"twitter:label2\" content=\"Est. tempo de leitura\" \/>\n\t<meta name=\"twitter:data2\" content=\"2 minutos\" \/>\n<script type=\"application\/ld+json\" class=\"yoast-schema-graph\">{\"@context\":\"https:\\\/\\\/schema.org\",\"@graph\":[{\"@type\":\"Article\",\"@id\":\"https:\\\/\\\/dana.com.br\\\/canaldana\\\/2023\\\/01\\\/31\\\/rodojunior-adquire-140-caminhoes-volvo-fh-euro-6\\\/#article\",\"isPartOf\":{\"@id\":\"https:\\\/\\\/dana.com.br\\\/canaldana\\\/2023\\\/01\\\/31\\\/rodojunior-adquire-140-caminhoes-volvo-fh-euro-6\\\/\"},\"author\":{\"name\":\"Canal Dana\",\"@id\":\"https:\\\/\\\/dana.com.br\\\/canaldana\\\/#\\\/schema\\\/person\\\/3c21f22f56fcf3bc46b94bc60ea4fef6\"},\"headline\":\"Rodojunior adquire 140 caminh\u00f5es Volvo FH Euro 6\",\"datePublished\":\"2023-01-31T11:52:30+00:00\",\"mainEntityOfPage\":{\"@id\":\"https:\\\/\\\/dana.com.br\\\/canaldana\\\/2023\\\/01\\\/31\\\/rodojunior-adquire-140-caminhoes-volvo-fh-euro-6\\\/\"},\"wordCount\":357,\"articleSection\":[\"Mercado\"],\"inLanguage\":\"pt-BR\"},{\"@type\":\"WebPage\",\"@id\":\"https:\\\/\\\/dana.com.br\\\/canaldana\\\/2023\\\/01\\\/31\\\/rodojunior-adquire-140-caminhoes-volvo-fh-euro-6\\\/\",\"url\":\"https:\\\/\\\/dana.com.br\\\/canaldana\\\/2023\\\/01\\\/31\\\/rodojunior-adquire-140-caminhoes-volvo-fh-euro-6\\\/\",\"name\":\"Rodojunior adquire 140 caminh\u00f5es Volvo FH Euro 6 - Canal Dana\",\"isPartOf\":{\"@id\":\"https:\\\/\\\/dana.com.br\\\/canaldana\\\/#website\"},\"datePublished\":\"2023-01-31T11:52:30+00:00\",\"author\":{\"@id\":\"https:\\\/\\\/dana.com.br\\\/canaldana\\\/#\\\/schema\\\/person\\\/3c21f22f56fcf3bc46b94bc60ea4fef6\"},\"breadcrumb\":{\"@id\":\"https:\\\/\\\/dana.com.br\\\/canaldana\\\/2023\\\/01\\\/31\\\/rodojunior-adquire-140-caminhoes-volvo-fh-euro-6\\\/#breadcrumb\"},\"inLanguage\":\"pt-BR\",\"potentialAction\":[{\"@type\":\"ReadAction\",\"target\":[\"https:\\\/\\\/dana.com.br\\\/canaldana\\\/2023\\\/01\\\/31\\\/rodojunior-adquire-140-caminhoes-volvo-fh-euro-6\\\/\"]}]},{\"@type\":\"BreadcrumbList\",\"@id\":\"https:\\\/\\\/dana.com.br\\\/canaldana\\\/2023\\\/01\\\/31\\\/rodojunior-adquire-140-caminhoes-volvo-fh-euro-6\\\/#breadcrumb\",\"itemListElement\":[{\"@type\":\"ListItem\",\"position\":1,\"name\":\"Home\",\"item\":\"https:\\\/\\\/dana.com.br\\\/canaldana\\\/\"},{\"@type\":\"ListItem\",\"position\":2,\"name\":\"Mercado\",\"item\":\"https:\\\/\\\/dana.com.br\\\/canaldana\\\/mercado\\\/\"},{\"@type\":\"ListItem\",\"position\":3,\"name\":\"Rodojunior adquire 140 caminh\u00f5es Volvo FH Euro 6\"}]},{\"@type\":\"WebSite\",\"@id\":\"https:\\\/\\\/dana.com.br\\\/canaldana\\\/#website\",\"url\":\"https:\\\/\\\/dana.com.br\\\/canaldana\\\/\",\"name\":\"Canal Dana\",\"description\":\"Informativo com as principais not\u00edcias da ind\u00fastria automotiva\",\"potentialAction\":[{\"@type\":\"SearchAction\",\"target\":{\"@type\":\"EntryPoint\",\"urlTemplate\":\"https:\\\/\\\/dana.com.br\\\/canaldana\\\/?s={search_term_string}\"},\"query-input\":{\"@type\":\"PropertyValueSpecification\",\"valueRequired\":true,\"valueName\":\"search_term_string\"}}],\"inLanguage\":\"pt-BR\"},{\"@type\":\"Person\",\"@id\":\"https:\\\/\\\/dana.com.br\\\/canaldana\\\/#\\\/schema\\\/person\\\/3c21f22f56fcf3bc46b94bc60ea4fef6\",\"name\":\"Canal Dana\",\"image\":{\"@type\":\"ImageObject\",\"inLanguage\":\"pt-BR\",\"@id\":\"https:\\\/\\\/secure.gravatar.com\\\/avatar\\\/420aaf9278582877d9018637c6817617705899d2858d7572ef0fe59a6b6454b4?s=96&d=mm&r=g\",\"url\":\"https:\\\/\\\/secure.gravatar.com\\\/avatar\\\/420aaf9278582877d9018637c6817617705899d2858d7572ef0fe59a6b6454b4?s=96&d=mm&r=g\",\"contentUrl\":\"https:\\\/\\\/secure.gravatar.com\\\/avatar\\\/420aaf9278582877d9018637c6817617705899d2858d7572ef0fe59a6b6454b4?s=96&d=mm&r=g\",\"caption\":\"Canal Dana\"},\"url\":\"https:\\\/\\\/dana.com.br\\\/canaldana\\\/author\\\/cdeditor\\\/\"}]}<\/script>\n<!-- \/ Yoast SEO plugin. -->","yoast_head_json":{"title":"Rodojunior adquire 140 caminh\u00f5es Volvo FH Euro 6 - Canal Dana","robots":{"index":"index","follow":"follow","max-snippet":"max-snippet:-1","max-image-preview":"max-image-preview:large","max-video-preview":"max-video-preview:-1"},"canonical":"https:\/\/dana.com.br\/canaldana\/2023\/01\/31\/rodojunior-adquire-140-caminhoes-volvo-fh-euro-6\/","og_locale":"pt_BR","og_type":"article","og_title":"Rodojunior adquire 140 caminh\u00f5es Volvo FH Euro 6 - Canal Dana","og_description":"Frota &amp; Cia &nbsp; A Rodojunior Transportes e Log\u00edstica, empresa com sede em Rio Verde, Goi\u00e1s, acaba de anunciar a compra de 140 novos caminh\u00f5es Volvo FH Euro 6. &nbsp; O lote expressivo \u00e9 composto por 80 caminh\u00f5es FH 540 6\u00d74 e 60 exemplares FH 460 6\u00d72, destinados \u00e0s opera\u00e7\u00f5es nos segmentos do agroneg\u00f3cio, industrial\u2026 Leia mais \u00bb","og_url":"https:\/\/dana.com.br\/canaldana\/2023\/01\/31\/rodojunior-adquire-140-caminhoes-volvo-fh-euro-6\/","og_site_name":"Canal Dana","article_published_time":"2023-01-31T11:52:30+00:00","author":"Canal Dana","twitter_card":"summary_large_image","twitter_misc":{"Escrito por":"Canal Dana","Est. tempo de leitura":"2 minutos"},"schema":{"@context":"https:\/\/schema.org","@graph":[{"@type":"Article","@id":"https:\/\/dana.com.br\/canaldana\/2023\/01\/31\/rodojunior-adquire-140-caminhoes-volvo-fh-euro-6\/#article","isPartOf":{"@id":"https:\/\/dana.com.br\/canaldana\/2023\/01\/31\/rodojunior-adquire-140-caminhoes-volvo-fh-euro-6\/"},"author":{"name":"Canal Dana","@id":"https:\/\/dana.com.br\/canaldana\/#\/schema\/person\/3c21f22f56fcf3bc46b94bc60ea4fef6"},"headline":"Rodojunior adquire 140 caminh\u00f5es Volvo FH Euro 6","datePublished":"2023-01-31T11:52:30+00:00","mainEntityOfPage":{"@id":"https:\/\/dana.com.br\/canaldana\/2023\/01\/31\/rodojunior-adquire-140-caminhoes-volvo-fh-euro-6\/"},"wordCount":357,"articleSection":["Mercado"],"inLanguage":"pt-BR"},{"@type":"WebPage","@id":"https:\/\/dana.com.br\/canaldana\/2023\/01\/31\/rodojunior-adquire-140-caminhoes-volvo-fh-euro-6\/","url":"https:\/\/dana.com.br\/canaldana\/2023\/01\/31\/rodojunior-adquire-140-caminhoes-volvo-fh-euro-6\/","name":"Rodojunior adquire 140 caminh\u00f5es Volvo FH Euro 6 - Canal Dana","isPartOf":{"@id":"https:\/\/dana.com.br\/canaldana\/#website"},"datePublished":"2023-01-31T11:52:30+00:00","author":{"@id":"https:\/\/dana.com.br\/canaldana\/#\/schema\/person\/3c21f22f56fcf3bc46b94bc60ea4fef6"},"breadcrumb":{"@id":"https:\/\/dana.com.br\/canaldana\/2023\/01\/31\/rodojunior-adquire-140-caminhoes-volvo-fh-euro-6\/#breadcrumb"},"inLanguage":"pt-BR","potentialAction":[{"@type":"ReadAction","target":["https:\/\/dana.com.br\/canaldana\/2023\/01\/31\/rodojunior-adquire-140-caminhoes-volvo-fh-euro-6\/"]}]},{"@type":"BreadcrumbList","@id":"https:\/\/dana.com.br\/canaldana\/2023\/01\/31\/rodojunior-adquire-140-caminhoes-volvo-fh-euro-6\/#breadcrumb","itemListElement":[{"@type":"ListItem","position":1,"name":"Home","item":"https:\/\/dana.com.br\/canaldana\/"},{"@type":"ListItem","position":2,"name":"Mercado","item":"https:\/\/dana.com.br\/canaldana\/mercado\/"},{"@type":"ListItem","position":3,"name":"Rodojunior adquire 140 caminh\u00f5es Volvo FH Euro 6"}]},{"@type":"WebSite","@id":"https:\/\/dana.com.br\/canaldana\/#website","url":"https:\/\/dana.com.br\/canaldana\/","name":"Canal Dana","description":"Informativo com as principais not\u00edcias da ind\u00fastria automotiva","potentialAction":[{"@type":"SearchAction","target":{"@type":"EntryPoint","urlTemplate":"https:\/\/dana.com.br\/canaldana\/?s={search_term_string}"},"query-input":{"@type":"PropertyValueSpecification","valueRequired":true,"valueName":"search_term_string"}}],"inLanguage":"pt-BR"},{"@type":"Person","@id":"https:\/\/dana.com.br\/canaldana\/#\/schema\/person\/3c21f22f56fcf3bc46b94bc60ea4fef6","name":"Canal Dana","image":{"@type":"ImageObject","inLanguage":"pt-BR","@id":"https:\/\/secure.gravatar.com\/avatar\/420aaf9278582877d9018637c6817617705899d2858d7572ef0fe59a6b6454b4?s=96&d=mm&r=g","url":"https:\/\/secure.gravatar.com\/avatar\/420aaf9278582877d9018637c6817617705899d2858d7572ef0fe59a6b6454b4?s=96&d=mm&r=g","contentUrl":"https:\/\/secure.gravatar.com\/avatar\/420aaf9278582877d9018637c6817617705899d2858d7572ef0fe59a6b6454b4?s=96&d=mm&r=g","caption":"Canal Dana"},"url":"https:\/\/dana.com.br\/canaldana\/author\/cdeditor\/"}]}},"_links":{"self":[{"href":"https:\/\/dana.com.br\/canaldana\/wp-json\/wp\/v2\/posts\/63513","targetHints":{"allow":["GET"]}}],"collection":[{"href":"https:\/\/dana.com.br\/canaldana\/wp-json\/wp\/v2\/posts"}],"about":[{"href":"https:\/\/dana.com.br\/canaldana\/wp-json\/wp\/v2\/types\/post"}],"author":[{"embeddable":true,"href":"https:\/\/dana.com.br\/canaldana\/wp-json\/wp\/v2\/users\/3"}],"replies":[{"embeddable":true,"href":"https:\/\/dana.com.br\/canaldana\/wp-json\/wp\/v2\/comments?post=63513"}],"version-history":[{"count":0,"href":"https:\/\/dana.com.br\/canaldana\/wp-json\/wp\/v2\/posts\/63513\/revisions"}],"wp:attachment":[{"href":"https:\/\/dana.com.br\/canaldana\/wp-json\/wp\/v2\/media?parent=63513"}],"wp:term":[{"taxonomy":"category","embeddable":true,"href":"https:\/\/dana.com.br\/canaldana\/wp-json\/wp\/v2\/categories?post=63513"},{"taxonomy":"post_tag","embeddable":true,"href":"https:\/\/dana.com.br\/canaldana\/wp-json\/wp\/v2\/tags?post=63513"}],"curies":[{"name":"wp","href":"https:\/\/api.w.org\/{rel}","templated":true}]}}