{"id":63511,"date":"2023-01-31T08:51:58","date_gmt":"2023-01-31T11:51:58","guid":{"rendered":"https:\/\/dana.com.br\/canaldana\/?p=63511"},"modified":"2023-01-31T08:51:58","modified_gmt":"2023-01-31T11:51:58","slug":"instituto-renault-prefeitura-de-sao-jose-dos-pinhais-e-senai-parana-celebram-a-formatura-da-primeira-turma-do-geracao-futuro-profissionalizante","status":"publish","type":"post","link":"https:\/\/dana.com.br\/canaldana\/2023\/01\/31\/instituto-renault-prefeitura-de-sao-jose-dos-pinhais-e-senai-parana-celebram-a-formatura-da-primeira-turma-do-geracao-futuro-profissionalizante\/","title":{"rendered":"Instituto Renault, Prefeitura de S\u00e3o Jos\u00e9 dos Pinhais e Senai Paran\u00e1 celebram a formatura da primeira turma do Gera\u00e7\u00e3o Futuro Profissionalizante"},"content":{"rendered":"<p><em>Coisas de Agora<\/em><\/p>\n<p>&nbsp;<\/p>\n<p>A grande Curitiba, acaba de ganhar 41 novos mec\u00e2nicos. S\u00e3o homens e mulheres preparados para iniciar suas carreiras na \u00e1rea de mec\u00e2nica automotiva, ap\u00f3s conclu\u00edrem com \u00eaxito o Gera\u00e7\u00e3o Futuro Profissionalizante, programa de forma\u00e7\u00e3o em mec\u00e2nica b\u00e1sica automotiva ofertado pelo Instituto Renault, em parceria com o Senai Paran\u00e1 e a Prefeitura de S\u00e3o Jos\u00e9 dos Pinhais (PR), por meio da Secretaria Municipal de Assist\u00eancia Social (Semas).<\/p>\n<p>&nbsp;<\/p>\n<p>O Gera\u00e7\u00e3o Futuro Profissionalizante representa uma amplia\u00e7\u00e3o do investimento feito pelo Instituto Renaut em educa\u00e7\u00e3o, que possibilita uma forma\u00e7\u00e3o profissional aos moradores do bairro Borda do Campo, com foco em trazer oportunidades de emprego e renda \u00e0 comunidade que reside no entorno do Complexo Industrial Ayrton Senna, em situa\u00e7\u00e3o de vulnerabilidade social.<\/p>\n<p>&nbsp;<\/p>\n<p>Al\u00e9m das aulas te\u00f3ricas, o programa conta com aulas pr\u00e1ticas, realizadas na Sala Renault, inaugurada especialmente para o programa na unidade do Senai Afonso Pena, em S\u00e3o Jos\u00e9 dos Pinhais. O espa\u00e7o \u00e9 equipado com um ve\u00edculo e tr\u00eas motores, cedidos pela Renault do Brasil ao projeto.<\/p>\n<p>&nbsp;<\/p>\n<p>\u201cO Gera\u00e7\u00e3o Futuro Profissionalizante faz parte do eixo Inclus\u00e3o do Instituto Renault e contribui para o desenvolvimento da sociedade e melhoria na qualidade de vida das pessoas. N\u00f3s acreditamos e investimos no poder transformador da educa\u00e7\u00e3o\u201d, destaca Caique Ferreira, vice-presidente do Instituto Renault.<\/p>\n<p>&nbsp;<\/p>\n<p>\u201c\u00c9 um orgulho imenso formar esta primeira turma de um projeto que vimos nascer. Acredito na parceria entre poder p\u00fablico e privado para potencializar a transforma\u00e7\u00e3o na vida das pessoas. Agrade\u00e7o o olhar cuidadoso do Instituto Renault e da Renault do Brasil com os moradores de S\u00e3o Jos\u00e9 dos Pinhais\u201d, destaca Nina Singer, Prefeita de S\u00e3o Jos\u00e9 dos Pinhais.<\/p>\n<p>&nbsp;<\/p>\n<p>\u201c\u00c9 muito gratificante para a unidade do Senai em S\u00e3o Jos\u00e9 dos Pinhais fazer parte de um projeto que une poder p\u00fablico e uma grande ind\u00fastria do munic\u00edpio, com objetivo de transformar a vida das pessoas por meio da profissionaliza\u00e7\u00e3o. O Sistema Fiep acredita em projetos assim. Estamos orgulhosos dos 41 formandos que nos permitiram fazer parte dessa hist\u00f3ria\u201d, afirma Stephanie Freires Bastos, gerente de educa\u00e7\u00e3o e neg\u00f3cio no Sistema Fiep.<\/p>\n<p>&nbsp;<\/p>\n<p>Participaram do evento de formatura a prefeita de S\u00e3o Jos\u00e9 dos Pinhais, Nina Singer, Jacieli Feltrin Vila Verde Ribeiro, gerente de educa\u00e7\u00e3o e neg\u00f3cio no Sistema Fiep, Wilson Bill, presidente do Sindicato da Ind\u00fastria de Repara\u00e7\u00e3o de Ve\u00edculos e Acess\u00f3rios do Paran\u00e1 (Sindirepa), diretor da Fiep e representante do Conselho Setorial da Ind\u00fastria Automotiva da entidade, al\u00e9m de importantes parceiros do projeto.<\/p>\n<p>&nbsp;<\/p>\n<p><strong>Instituto Renault<\/strong><\/p>\n<p>&nbsp;<\/p>\n<p>A nova estrat\u00e9gia de Responsabilidade Socioambiental do Renault Group est\u00e1 incorporada ao prop\u00f3sito de performance e inova\u00e7\u00e3o da empresa. Ela contribui para a transforma\u00e7\u00e3o da sociedade ao acelerar a transi\u00e7\u00e3o ecol\u00f3gica, fortalecendo a seguran\u00e7a no tr\u00e2nsito e dos colaboradores, atuando em favor da inclus\u00e3o social.<\/p>\n<p>&nbsp;<\/p>\n<p>Nos \u00faltimos 12 anos, o Instituto Renault j\u00e1 impactou mais de 865 mil pessoas, atuando em dois eixos: Inclus\u00e3o e Mobilidade Sustent\u00e1vel. Com a nova estrat\u00e9gia Socioambiental, reestruturamos os pilares para Inclus\u00e3o e Seguran\u00e7a no Tr\u00e2nsito.<\/p>\n<p>&nbsp;<\/p>\n<p>Na Inclus\u00e3o, o Instituto Renault atua por meio da educa\u00e7\u00e3o e do desenvolvimento social, realizando movimentos para diminuir dist\u00e2ncias e promover transforma\u00e7\u00f5es na sociedade.<\/p>\n<p>&nbsp;<\/p>\n<p>O Instituto atua fortemente na regi\u00e3o do entorno do Complexo Ayrton Senna, em projetos como a Associa\u00e7\u00e3o Borda Viva, que promove seguran\u00e7a alimentar para crian\u00e7as e empoderamento feminino por meio do empreendedorismo e da gera\u00e7\u00e3o de renda, beneficiando mais de 100 mil pessoas desde 2002.<\/p>\n<p>&nbsp;<\/p>\n<p>A tecnologia Social da Associa\u00e7\u00e3o Borda Viva foi replicada na AMARB (Associa\u00e7\u00e3o de Moradores e Amigos da Roseira e Borda do Campo), inaugurada em novembro de 2020, tamb\u00e9m no bairro borda do Campo. Com foco em forma\u00e7\u00f5es em gastronomia e costura para promover a gera\u00e7\u00e3o de renda, a AMARB formou 376 pessoas em 2022, contribuindo para o desenvolvimento local e melhoria das condi\u00e7\u00f5es de vida.<\/p>\n<p>&nbsp;<\/p>\n<p>Outro projeto importante na regi\u00e3o \u00e9 o Gera\u00e7\u00e3o Futuro Jovens Talentos, programa de educa\u00e7\u00e3o com foco na empregabilidade de jovens em situa\u00e7\u00e3o de vulnerabilidade social. S\u00e3o 277 jovens formados em seis turmas do programa. Dentre as quatro turmas anteriores, 52% dos jovens formados j\u00e1 est\u00e3o empregados.<\/p>\n<p>&nbsp;<\/p>\n<p>Na Seguran\u00e7a no Tr\u00e2nsito, a Renault promove a\u00e7\u00f5es como o programa \u201cO Tr\u00e2nsito e Eu\u201d, de educa\u00e7\u00e3o para seguran\u00e7a no tr\u00e2nsito, pelo qual mais de 270 mil crian\u00e7as j\u00e1 foram impactadas pela iniciativa e mais de 5 mil professores passaram pela forma\u00e7\u00e3o.<\/p>\n<p>&nbsp;<\/p>\n<p>Al\u00e9m disso, contribuindo significativamente para a redu\u00e7\u00e3o das emiss\u00f5es de carbono, a Renault j\u00e1 comercializou mais de 1.700 ve\u00edculos 100% el\u00e9tricos no Brasil.<\/p>\n<p>&nbsp;<\/p>\n<p>Conhe\u00e7a mais sobre o Instituto Renault, visite: <a href=\"https:\/\/institutorenault.com.br\" target=\"_blank\" rel=\"noopener\">https:\/\/institutorenault.com.br<\/a>.<\/p>\n<p>&nbsp;<\/p>\n<p><strong>Sistema Fiep<\/strong><\/p>\n<p>&nbsp;<\/p>\n<p>O Sistema Fiep \u00e9 composto pela Federa\u00e7\u00e3o das Ind\u00fastrias do Estado do Paran\u00e1 (FIEP), Servi\u00e7o Social da Ind\u00fastria (SESI), Servi\u00e7o Nacional de Aprendizagem Industrial (SENAI) e Instituto Euvaldo Lodi (IEL). As institui\u00e7\u00f5es trabalham integradas em prol do desenvolvimento industrial. Com linhas de atua\u00e7\u00e3o complementares, realizam a interlocu\u00e7\u00e3o com inst\u00e2ncias do poder p\u00fablico, estimulam o fomento de neg\u00f3cios nacionais e internacionais, a competitividade, a inova\u00e7\u00e3o, a tecnologia e a ado\u00e7\u00e3o de pr\u00e1ticas sustent\u00e1veis, e oferecem servi\u00e7os voltados \u00e0 seguran\u00e7a e sa\u00fade dos trabalhadores, \u00e0 educa\u00e7\u00e3o b\u00e1sica de crian\u00e7as, jovens e adultos, \u00e0 forma\u00e7\u00e3o e aperfei\u00e7oamento profissional, \u00e0 forma\u00e7\u00e3o de n\u00edvel superior, al\u00e9m de capacita\u00e7\u00e3o executiva. (Coisas de Agora)<\/p>\n","protected":false},"excerpt":{"rendered":"<p>Coisas de Agora &nbsp; A grande Curitiba, acaba de ganhar 41 novos mec\u00e2nicos. S\u00e3o homens e mulheres preparados para iniciar suas carreiras na \u00e1rea de mec\u00e2nica automotiva, ap\u00f3s conclu\u00edrem com \u00eaxito o Gera\u00e7\u00e3o Futuro Profissionalizante, programa de forma\u00e7\u00e3o em mec\u00e2nica b\u00e1sica automotiva ofertado pelo Instituto Renault, em parceria com o Senai Paran\u00e1 e a Prefeitura\u2026 <a class=\"readmore\" href=\"https:\/\/dana.com.br\/canaldana\/2023\/01\/31\/instituto-renault-prefeitura-de-sao-jose-dos-pinhais-e-senai-parana-celebram-a-formatura-da-primeira-turma-do-geracao-futuro-profissionalizante\/\">Leia mais \u00bb<\/a><\/p>\n","protected":false},"author":3,"featured_media":0,"comment_status":"closed","ping_status":"closed","sticky":false,"template":"","format":"standard","meta":{"_acf_changed":false,"footnotes":""},"categories":[79],"tags":[],"class_list":["post-63511","post","type-post","status-publish","format-standard","hentry","category-mercado"],"acf":[],"yoast_head":"<!-- This site is optimized with the Yoast SEO plugin v27.3 - https:\/\/yoast.com\/product\/yoast-seo-wordpress\/ -->\n<title>Instituto Renault, Prefeitura de S\u00e3o Jos\u00e9 dos Pinhais e Senai Paran\u00e1 celebram a formatura da primeira turma do Gera\u00e7\u00e3o Futuro Profissionalizante - Canal Dana<\/title>\n<meta name=\"robots\" content=\"index, follow, max-snippet:-1, max-image-preview:large, max-video-preview:-1\" \/>\n<link rel=\"canonical\" href=\"https:\/\/dana.com.br\/canaldana\/2023\/01\/31\/instituto-renault-prefeitura-de-sao-jose-dos-pinhais-e-senai-parana-celebram-a-formatura-da-primeira-turma-do-geracao-futuro-profissionalizante\/\" \/>\n<meta property=\"og:locale\" content=\"pt_BR\" \/>\n<meta property=\"og:type\" content=\"article\" \/>\n<meta property=\"og:title\" content=\"Instituto Renault, Prefeitura de S\u00e3o Jos\u00e9 dos Pinhais e Senai Paran\u00e1 celebram a formatura da primeira turma do Gera\u00e7\u00e3o Futuro Profissionalizante - Canal Dana\" \/>\n<meta property=\"og:description\" content=\"Coisas de Agora &nbsp; A grande Curitiba, acaba de ganhar 41 novos mec\u00e2nicos. S\u00e3o homens e mulheres preparados para iniciar suas carreiras na \u00e1rea de mec\u00e2nica automotiva, ap\u00f3s conclu\u00edrem com \u00eaxito o Gera\u00e7\u00e3o Futuro Profissionalizante, programa de forma\u00e7\u00e3o em mec\u00e2nica b\u00e1sica automotiva ofertado pelo Instituto Renault, em parceria com o Senai Paran\u00e1 e a Prefeitura\u2026 Leia mais \u00bb\" \/>\n<meta property=\"og:url\" content=\"https:\/\/dana.com.br\/canaldana\/2023\/01\/31\/instituto-renault-prefeitura-de-sao-jose-dos-pinhais-e-senai-parana-celebram-a-formatura-da-primeira-turma-do-geracao-futuro-profissionalizante\/\" \/>\n<meta property=\"og:site_name\" content=\"Canal Dana\" \/>\n<meta property=\"article:published_time\" content=\"2023-01-31T11:51:58+00:00\" \/>\n<meta name=\"author\" content=\"Canal Dana\" \/>\n<meta name=\"twitter:card\" content=\"summary_large_image\" \/>\n<meta name=\"twitter:label1\" content=\"Escrito por\" \/>\n\t<meta name=\"twitter:data1\" content=\"Canal Dana\" \/>\n\t<meta name=\"twitter:label2\" content=\"Est. tempo de leitura\" \/>\n\t<meta name=\"twitter:data2\" content=\"5 minutos\" \/>\n<script type=\"application\/ld+json\" class=\"yoast-schema-graph\">{\"@context\":\"https:\\\/\\\/schema.org\",\"@graph\":[{\"@type\":\"Article\",\"@id\":\"https:\\\/\\\/dana.com.br\\\/canaldana\\\/2023\\\/01\\\/31\\\/instituto-renault-prefeitura-de-sao-jose-dos-pinhais-e-senai-parana-celebram-a-formatura-da-primeira-turma-do-geracao-futuro-profissionalizante\\\/#article\",\"isPartOf\":{\"@id\":\"https:\\\/\\\/dana.com.br\\\/canaldana\\\/2023\\\/01\\\/31\\\/instituto-renault-prefeitura-de-sao-jose-dos-pinhais-e-senai-parana-celebram-a-formatura-da-primeira-turma-do-geracao-futuro-profissionalizante\\\/\"},\"author\":{\"name\":\"Canal Dana\",\"@id\":\"https:\\\/\\\/dana.com.br\\\/canaldana\\\/#\\\/schema\\\/person\\\/3c21f22f56fcf3bc46b94bc60ea4fef6\"},\"headline\":\"Instituto Renault, Prefeitura de S\u00e3o Jos\u00e9 dos Pinhais e Senai Paran\u00e1 celebram a formatura da primeira turma do Gera\u00e7\u00e3o Futuro Profissionalizante\",\"datePublished\":\"2023-01-31T11:51:58+00:00\",\"mainEntityOfPage\":{\"@id\":\"https:\\\/\\\/dana.com.br\\\/canaldana\\\/2023\\\/01\\\/31\\\/instituto-renault-prefeitura-de-sao-jose-dos-pinhais-e-senai-parana-celebram-a-formatura-da-primeira-turma-do-geracao-futuro-profissionalizante\\\/\"},\"wordCount\":995,\"articleSection\":[\"Mercado\"],\"inLanguage\":\"pt-BR\"},{\"@type\":\"WebPage\",\"@id\":\"https:\\\/\\\/dana.com.br\\\/canaldana\\\/2023\\\/01\\\/31\\\/instituto-renault-prefeitura-de-sao-jose-dos-pinhais-e-senai-parana-celebram-a-formatura-da-primeira-turma-do-geracao-futuro-profissionalizante\\\/\",\"url\":\"https:\\\/\\\/dana.com.br\\\/canaldana\\\/2023\\\/01\\\/31\\\/instituto-renault-prefeitura-de-sao-jose-dos-pinhais-e-senai-parana-celebram-a-formatura-da-primeira-turma-do-geracao-futuro-profissionalizante\\\/\",\"name\":\"Instituto Renault, Prefeitura de S\u00e3o Jos\u00e9 dos Pinhais e Senai Paran\u00e1 celebram a formatura da primeira turma do Gera\u00e7\u00e3o Futuro Profissionalizante - Canal Dana\",\"isPartOf\":{\"@id\":\"https:\\\/\\\/dana.com.br\\\/canaldana\\\/#website\"},\"datePublished\":\"2023-01-31T11:51:58+00:00\",\"author\":{\"@id\":\"https:\\\/\\\/dana.com.br\\\/canaldana\\\/#\\\/schema\\\/person\\\/3c21f22f56fcf3bc46b94bc60ea4fef6\"},\"breadcrumb\":{\"@id\":\"https:\\\/\\\/dana.com.br\\\/canaldana\\\/2023\\\/01\\\/31\\\/instituto-renault-prefeitura-de-sao-jose-dos-pinhais-e-senai-parana-celebram-a-formatura-da-primeira-turma-do-geracao-futuro-profissionalizante\\\/#breadcrumb\"},\"inLanguage\":\"pt-BR\",\"potentialAction\":[{\"@type\":\"ReadAction\",\"target\":[\"https:\\\/\\\/dana.com.br\\\/canaldana\\\/2023\\\/01\\\/31\\\/instituto-renault-prefeitura-de-sao-jose-dos-pinhais-e-senai-parana-celebram-a-formatura-da-primeira-turma-do-geracao-futuro-profissionalizante\\\/\"]}]},{\"@type\":\"BreadcrumbList\",\"@id\":\"https:\\\/\\\/dana.com.br\\\/canaldana\\\/2023\\\/01\\\/31\\\/instituto-renault-prefeitura-de-sao-jose-dos-pinhais-e-senai-parana-celebram-a-formatura-da-primeira-turma-do-geracao-futuro-profissionalizante\\\/#breadcrumb\",\"itemListElement\":[{\"@type\":\"ListItem\",\"position\":1,\"name\":\"Home\",\"item\":\"https:\\\/\\\/dana.com.br\\\/canaldana\\\/\"},{\"@type\":\"ListItem\",\"position\":2,\"name\":\"Mercado\",\"item\":\"https:\\\/\\\/dana.com.br\\\/canaldana\\\/mercado\\\/\"},{\"@type\":\"ListItem\",\"position\":3,\"name\":\"Instituto Renault, Prefeitura de S\u00e3o Jos\u00e9 dos Pinhais e Senai Paran\u00e1 celebram a formatura da primeira turma do Gera\u00e7\u00e3o Futuro Profissionalizante\"}]},{\"@type\":\"WebSite\",\"@id\":\"https:\\\/\\\/dana.com.br\\\/canaldana\\\/#website\",\"url\":\"https:\\\/\\\/dana.com.br\\\/canaldana\\\/\",\"name\":\"Canal Dana\",\"description\":\"Informativo com as principais not\u00edcias da ind\u00fastria automotiva\",\"potentialAction\":[{\"@type\":\"SearchAction\",\"target\":{\"@type\":\"EntryPoint\",\"urlTemplate\":\"https:\\\/\\\/dana.com.br\\\/canaldana\\\/?s={search_term_string}\"},\"query-input\":{\"@type\":\"PropertyValueSpecification\",\"valueRequired\":true,\"valueName\":\"search_term_string\"}}],\"inLanguage\":\"pt-BR\"},{\"@type\":\"Person\",\"@id\":\"https:\\\/\\\/dana.com.br\\\/canaldana\\\/#\\\/schema\\\/person\\\/3c21f22f56fcf3bc46b94bc60ea4fef6\",\"name\":\"Canal Dana\",\"image\":{\"@type\":\"ImageObject\",\"inLanguage\":\"pt-BR\",\"@id\":\"https:\\\/\\\/secure.gravatar.com\\\/avatar\\\/420aaf9278582877d9018637c6817617705899d2858d7572ef0fe59a6b6454b4?s=96&d=mm&r=g\",\"url\":\"https:\\\/\\\/secure.gravatar.com\\\/avatar\\\/420aaf9278582877d9018637c6817617705899d2858d7572ef0fe59a6b6454b4?s=96&d=mm&r=g\",\"contentUrl\":\"https:\\\/\\\/secure.gravatar.com\\\/avatar\\\/420aaf9278582877d9018637c6817617705899d2858d7572ef0fe59a6b6454b4?s=96&d=mm&r=g\",\"caption\":\"Canal Dana\"},\"url\":\"https:\\\/\\\/dana.com.br\\\/canaldana\\\/author\\\/cdeditor\\\/\"}]}<\/script>\n<!-- \/ Yoast SEO plugin. -->","yoast_head_json":{"title":"Instituto Renault, Prefeitura de S\u00e3o Jos\u00e9 dos Pinhais e Senai Paran\u00e1 celebram a formatura da primeira turma do Gera\u00e7\u00e3o Futuro Profissionalizante - Canal Dana","robots":{"index":"index","follow":"follow","max-snippet":"max-snippet:-1","max-image-preview":"max-image-preview:large","max-video-preview":"max-video-preview:-1"},"canonical":"https:\/\/dana.com.br\/canaldana\/2023\/01\/31\/instituto-renault-prefeitura-de-sao-jose-dos-pinhais-e-senai-parana-celebram-a-formatura-da-primeira-turma-do-geracao-futuro-profissionalizante\/","og_locale":"pt_BR","og_type":"article","og_title":"Instituto Renault, Prefeitura de S\u00e3o Jos\u00e9 dos Pinhais e Senai Paran\u00e1 celebram a formatura da primeira turma do Gera\u00e7\u00e3o Futuro Profissionalizante - Canal Dana","og_description":"Coisas de Agora &nbsp; A grande Curitiba, acaba de ganhar 41 novos mec\u00e2nicos. S\u00e3o homens e mulheres preparados para iniciar suas carreiras na \u00e1rea de mec\u00e2nica automotiva, ap\u00f3s conclu\u00edrem com \u00eaxito o Gera\u00e7\u00e3o Futuro Profissionalizante, programa de forma\u00e7\u00e3o em mec\u00e2nica b\u00e1sica automotiva ofertado pelo Instituto Renault, em parceria com o Senai Paran\u00e1 e a Prefeitura\u2026 Leia mais \u00bb","og_url":"https:\/\/dana.com.br\/canaldana\/2023\/01\/31\/instituto-renault-prefeitura-de-sao-jose-dos-pinhais-e-senai-parana-celebram-a-formatura-da-primeira-turma-do-geracao-futuro-profissionalizante\/","og_site_name":"Canal Dana","article_published_time":"2023-01-31T11:51:58+00:00","author":"Canal Dana","twitter_card":"summary_large_image","twitter_misc":{"Escrito por":"Canal Dana","Est. tempo de leitura":"5 minutos"},"schema":{"@context":"https:\/\/schema.org","@graph":[{"@type":"Article","@id":"https:\/\/dana.com.br\/canaldana\/2023\/01\/31\/instituto-renault-prefeitura-de-sao-jose-dos-pinhais-e-senai-parana-celebram-a-formatura-da-primeira-turma-do-geracao-futuro-profissionalizante\/#article","isPartOf":{"@id":"https:\/\/dana.com.br\/canaldana\/2023\/01\/31\/instituto-renault-prefeitura-de-sao-jose-dos-pinhais-e-senai-parana-celebram-a-formatura-da-primeira-turma-do-geracao-futuro-profissionalizante\/"},"author":{"name":"Canal Dana","@id":"https:\/\/dana.com.br\/canaldana\/#\/schema\/person\/3c21f22f56fcf3bc46b94bc60ea4fef6"},"headline":"Instituto Renault, Prefeitura de S\u00e3o Jos\u00e9 dos Pinhais e Senai Paran\u00e1 celebram a formatura da primeira turma do Gera\u00e7\u00e3o Futuro Profissionalizante","datePublished":"2023-01-31T11:51:58+00:00","mainEntityOfPage":{"@id":"https:\/\/dana.com.br\/canaldana\/2023\/01\/31\/instituto-renault-prefeitura-de-sao-jose-dos-pinhais-e-senai-parana-celebram-a-formatura-da-primeira-turma-do-geracao-futuro-profissionalizante\/"},"wordCount":995,"articleSection":["Mercado"],"inLanguage":"pt-BR"},{"@type":"WebPage","@id":"https:\/\/dana.com.br\/canaldana\/2023\/01\/31\/instituto-renault-prefeitura-de-sao-jose-dos-pinhais-e-senai-parana-celebram-a-formatura-da-primeira-turma-do-geracao-futuro-profissionalizante\/","url":"https:\/\/dana.com.br\/canaldana\/2023\/01\/31\/instituto-renault-prefeitura-de-sao-jose-dos-pinhais-e-senai-parana-celebram-a-formatura-da-primeira-turma-do-geracao-futuro-profissionalizante\/","name":"Instituto Renault, Prefeitura de S\u00e3o Jos\u00e9 dos Pinhais e Senai Paran\u00e1 celebram a formatura da primeira turma do Gera\u00e7\u00e3o Futuro Profissionalizante - Canal Dana","isPartOf":{"@id":"https:\/\/dana.com.br\/canaldana\/#website"},"datePublished":"2023-01-31T11:51:58+00:00","author":{"@id":"https:\/\/dana.com.br\/canaldana\/#\/schema\/person\/3c21f22f56fcf3bc46b94bc60ea4fef6"},"breadcrumb":{"@id":"https:\/\/dana.com.br\/canaldana\/2023\/01\/31\/instituto-renault-prefeitura-de-sao-jose-dos-pinhais-e-senai-parana-celebram-a-formatura-da-primeira-turma-do-geracao-futuro-profissionalizante\/#breadcrumb"},"inLanguage":"pt-BR","potentialAction":[{"@type":"ReadAction","target":["https:\/\/dana.com.br\/canaldana\/2023\/01\/31\/instituto-renault-prefeitura-de-sao-jose-dos-pinhais-e-senai-parana-celebram-a-formatura-da-primeira-turma-do-geracao-futuro-profissionalizante\/"]}]},{"@type":"BreadcrumbList","@id":"https:\/\/dana.com.br\/canaldana\/2023\/01\/31\/instituto-renault-prefeitura-de-sao-jose-dos-pinhais-e-senai-parana-celebram-a-formatura-da-primeira-turma-do-geracao-futuro-profissionalizante\/#breadcrumb","itemListElement":[{"@type":"ListItem","position":1,"name":"Home","item":"https:\/\/dana.com.br\/canaldana\/"},{"@type":"ListItem","position":2,"name":"Mercado","item":"https:\/\/dana.com.br\/canaldana\/mercado\/"},{"@type":"ListItem","position":3,"name":"Instituto Renault, Prefeitura de S\u00e3o Jos\u00e9 dos Pinhais e Senai Paran\u00e1 celebram a formatura da primeira turma do Gera\u00e7\u00e3o Futuro Profissionalizante"}]},{"@type":"WebSite","@id":"https:\/\/dana.com.br\/canaldana\/#website","url":"https:\/\/dana.com.br\/canaldana\/","name":"Canal Dana","description":"Informativo com as principais not\u00edcias da ind\u00fastria automotiva","potentialAction":[{"@type":"SearchAction","target":{"@type":"EntryPoint","urlTemplate":"https:\/\/dana.com.br\/canaldana\/?s={search_term_string}"},"query-input":{"@type":"PropertyValueSpecification","valueRequired":true,"valueName":"search_term_string"}}],"inLanguage":"pt-BR"},{"@type":"Person","@id":"https:\/\/dana.com.br\/canaldana\/#\/schema\/person\/3c21f22f56fcf3bc46b94bc60ea4fef6","name":"Canal Dana","image":{"@type":"ImageObject","inLanguage":"pt-BR","@id":"https:\/\/secure.gravatar.com\/avatar\/420aaf9278582877d9018637c6817617705899d2858d7572ef0fe59a6b6454b4?s=96&d=mm&r=g","url":"https:\/\/secure.gravatar.com\/avatar\/420aaf9278582877d9018637c6817617705899d2858d7572ef0fe59a6b6454b4?s=96&d=mm&r=g","contentUrl":"https:\/\/secure.gravatar.com\/avatar\/420aaf9278582877d9018637c6817617705899d2858d7572ef0fe59a6b6454b4?s=96&d=mm&r=g","caption":"Canal Dana"},"url":"https:\/\/dana.com.br\/canaldana\/author\/cdeditor\/"}]}},"_links":{"self":[{"href":"https:\/\/dana.com.br\/canaldana\/wp-json\/wp\/v2\/posts\/63511","targetHints":{"allow":["GET"]}}],"collection":[{"href":"https:\/\/dana.com.br\/canaldana\/wp-json\/wp\/v2\/posts"}],"about":[{"href":"https:\/\/dana.com.br\/canaldana\/wp-json\/wp\/v2\/types\/post"}],"author":[{"embeddable":true,"href":"https:\/\/dana.com.br\/canaldana\/wp-json\/wp\/v2\/users\/3"}],"replies":[{"embeddable":true,"href":"https:\/\/dana.com.br\/canaldana\/wp-json\/wp\/v2\/comments?post=63511"}],"version-history":[{"count":0,"href":"https:\/\/dana.com.br\/canaldana\/wp-json\/wp\/v2\/posts\/63511\/revisions"}],"wp:attachment":[{"href":"https:\/\/dana.com.br\/canaldana\/wp-json\/wp\/v2\/media?parent=63511"}],"wp:term":[{"taxonomy":"category","embeddable":true,"href":"https:\/\/dana.com.br\/canaldana\/wp-json\/wp\/v2\/categories?post=63511"},{"taxonomy":"post_tag","embeddable":true,"href":"https:\/\/dana.com.br\/canaldana\/wp-json\/wp\/v2\/tags?post=63511"}],"curies":[{"name":"wp","href":"https:\/\/api.w.org\/{rel}","templated":true}]}}