{"id":63507,"date":"2023-01-31T08:49:55","date_gmt":"2023-01-31T11:49:55","guid":{"rendered":"https:\/\/dana.com.br\/canaldana\/?p=63507"},"modified":"2023-01-31T08:49:55","modified_gmt":"2023-01-31T11:49:55","slug":"ford-mustang-mach-e-ja-confirmado-para-o-brasil-tem-preco-reduzido","status":"publish","type":"post","link":"https:\/\/dana.com.br\/canaldana\/2023\/01\/31\/ford-mustang-mach-e-ja-confirmado-para-o-brasil-tem-preco-reduzido\/","title":{"rendered":"Ford Mustang Mach-E, j\u00e1 confirmado para o Brasil, tem pre\u00e7o reduzido"},"content":{"rendered":"<p><em>InsideEvs\/Julio Cesar<\/em><\/p>\n<p>&nbsp;<\/p>\n<p>A Ford anunciou hoje uma redu\u00e7\u00e3o de pre\u00e7os em todas as vers\u00f5es do Mustang Mach-E. O SUV el\u00e9trico, que j\u00e1 teve o lan\u00e7amento confirmado para o Brasil neste ano, ficou mais acess\u00edvel em meio \u00e0 &#8216;guerra de pre\u00e7os&#8217; iniciada pela Tesla h\u00e1 poucos dias.<\/p>\n<p>&nbsp;<\/p>\n<p>No entanto, a Ford n\u00e3o admite oficialmente que o corte nos pre\u00e7os esteja relacionado ao movimento da Tesla, que aplicou descontos substanciais para o seu modelo mais vendido, o Tesla Model Y.<\/p>\n<p>&nbsp;<\/p>\n<p>Marin Gjaja, diretor de clientes da divis\u00e3o Ford Model e, disse que &#8220;temos um produto diferente; temos clientes diferentes&#8221;. Outras montadoras de ve\u00edculos el\u00e9tricos, como a chinesa Xpeng Motors, tamb\u00e9m iniciou cortes de pre\u00e7os em resposta \u00e0 Tesla, o que indica que uma guerra de pre\u00e7os realmente pode estar come\u00e7ando.<\/p>\n<p>&nbsp;<\/p>\n<p>A Ford declarou o seguinte sobre a redu\u00e7\u00e3o de pre\u00e7os do Mach-E:<\/p>\n<p>&nbsp;<\/p>\n<p>Com sua nova cadeia de suprimentos de ve\u00edculos el\u00e9tricos entrando em opera\u00e7\u00e3o, a Ford est\u00e1 aumentando significativamente a produ\u00e7\u00e3o do Mustang Mach-E este ano para ajudar a reduzir os tempos de espera dos clientes e aproveitar os custos simplificados para reduzir os pre\u00e7os em toda a linha, tornando o Mustang Mach-E ainda mais acess\u00edvel aos clientes e mantendo-o competitivo no mercado.<\/p>\n<p>&nbsp;<\/p>\n<p>O Mach-E teve cortes que variam de apenas US$ 600 a US$ 5.900 (R$ 31.000), de acordo com a vers\u00e3o. O custo adicional pela bateria de alcance estendido tamb\u00e9m foi reduzido de US$ 8.600 para US$ 7.000 (R$ 35.600). As vers\u00f5es convencionais est\u00e3o equipadas com uma bateria de 75,7 kWh (68 kWh efetivos), sendo que a bateria de alcance estendido possui 98,7 kWh (91 kWh utiliz\u00e1veis).<\/p>\n<p>&nbsp;<\/p>\n<p><strong>Mustang Mach-E 2023 &#8211; Pre\u00e7o Antigo &#8211; Pre\u00e7o Atual &#8211; Diferen\u00e7a<\/strong><\/p>\n<p>&nbsp;<\/p>\n<p>Select RWD Standard Range &#8211; US$ 46.895 &#8211; US$ 45.995 &#8211; US$ 900<\/p>\n<p>Select Standard Range AWD &#8211; US$ 49.595 &#8211; US$ 48.995 &#8211; US$ 600<\/p>\n<p>Calif\u00f3rnia Route 1 AWD Extended Range\u00a0\u00a0\u00a0\u00a0\u00a0\u00a0\u00a0\u00a0 &#8211; US$ 63.575 &#8211; US$ 57.995 &#8211; US$ 5.580<\/p>\n<p>Linha Padr\u00e3o RWD Premium &#8211; US$ 54.975 &#8211; US$ 50.995 &#8211; US$ 3.980<\/p>\n<p>Linha Padr\u00e3o Premium AWD &#8211; US$ 57.675 &#8211; $53.995 &#8211; US$ 3.680<\/p>\n<p>GT AWD Extended Range &#8211; US$ 69.895 &#8211; $63.995 &#8211; US$ 5.900<\/p>\n<p>&nbsp;<\/p>\n<p><strong>Pacotes Opcionais<\/strong><\/p>\n<p>&nbsp;<\/p>\n<p>Extended Range (98,7 kWh) &#8211; US$ 8.600 &#8211; US$ 7.000 &#8211; US$ 1.600<\/p>\n<p>Nite Pony &#8211; US$ 800 &#8211; US$ 800 &#8211; Sem altera\u00e7\u00f5es<\/p>\n<p>Performance GT &#8211; US$ 6.000 &#8211; US$ 6.000 &#8211; Sem altera\u00e7\u00f5es<\/p>\n<p>&nbsp;<\/p>\n<p>Pouco tempo ap\u00f3s divulgar que havia produzido a unidade 150.000\u00ba do Mach-E, a Ford agora est\u00e1 anunciando um aumento na produ\u00e7\u00e3o para 130.000 unidades do SUV el\u00e9trico por ano.<\/p>\n<p>&nbsp;<\/p>\n<p>Estamos indo de 78.000 por ano para 130.000 ao ano&#8230; e achamos que realmente podemos esticar isso um pouco mais ao longo do tempo &#8211; Marin Gjaja, Chief Customer Officer, Ford Model e<\/p>\n<p>&nbsp;<\/p>\n<p>Considerando que a taxa de produ\u00e7\u00e3o atual \u00e9 de 78.000 ve\u00edculos por ano, a Ford est\u00e1 aumentando a produ\u00e7\u00e3o de Mach-E em 67% e agora produzir\u00e1 130.000 Mach-E anualmente, com o objetivo de ampliar ainda mais volume no futuro.<\/p>\n<p>&nbsp;<\/p>\n<p>Confirmado para o Brasil no ano passado, o Mustang Mach-E deve chegar ao Brasil ainda no 1\u00ba semestre. A Ford j\u00e1 incluiu o carro em seu site, com uma \u00e1rea dedicada, o que normalmente \u00e9 feito apenas quando o pr\u00f3ximo lan\u00e7amento est\u00e1 pr\u00f3ximo.<\/p>\n<p>&nbsp;<\/p>\n<p>A Ford ainda n\u00e3o falou sobre quais vers\u00f5es vir\u00e3o, mas as unidades flagradas nas ruas brasileiras eram da vers\u00e3o GT com o pacote Performance, fazendo com que tenha 487 cv e 87,6 kgfm de torque. Nesta configura\u00e7\u00e3o, acelera de 0 a 96 km\/h (60 mi\/h) em 3,5 segundos e recebe tra\u00e7\u00e3o integral. No entanto, a autonomia cai para 418 km, contra os 434 km da variante sem este opcional. (InsideEvs\/Julio Cesar)<\/p>\n","protected":false},"excerpt":{"rendered":"<p>InsideEvs\/Julio Cesar &nbsp; A Ford anunciou hoje uma redu\u00e7\u00e3o de pre\u00e7os em todas as vers\u00f5es do Mustang Mach-E. O SUV el\u00e9trico, que j\u00e1 teve o lan\u00e7amento confirmado para o Brasil neste ano, ficou mais acess\u00edvel em meio \u00e0 &#8216;guerra de pre\u00e7os&#8217; iniciada pela Tesla h\u00e1 poucos dias. &nbsp; No entanto, a Ford n\u00e3o admite oficialmente\u2026 <a class=\"readmore\" href=\"https:\/\/dana.com.br\/canaldana\/2023\/01\/31\/ford-mustang-mach-e-ja-confirmado-para-o-brasil-tem-preco-reduzido\/\">Leia mais \u00bb<\/a><\/p>\n","protected":false},"author":3,"featured_media":0,"comment_status":"closed","ping_status":"closed","sticky":false,"template":"","format":"standard","meta":{"_acf_changed":false,"footnotes":""},"categories":[79],"tags":[],"class_list":["post-63507","post","type-post","status-publish","format-standard","hentry","category-mercado"],"acf":[],"yoast_head":"<!-- This site is optimized with the Yoast SEO plugin v27.3 - https:\/\/yoast.com\/product\/yoast-seo-wordpress\/ -->\n<title>Ford Mustang Mach-E, j\u00e1 confirmado para o Brasil, tem pre\u00e7o reduzido - Canal Dana<\/title>\n<meta name=\"robots\" content=\"index, follow, max-snippet:-1, max-image-preview:large, max-video-preview:-1\" \/>\n<link rel=\"canonical\" href=\"https:\/\/dana.com.br\/canaldana\/2023\/01\/31\/ford-mustang-mach-e-ja-confirmado-para-o-brasil-tem-preco-reduzido\/\" \/>\n<meta property=\"og:locale\" content=\"pt_BR\" \/>\n<meta property=\"og:type\" content=\"article\" \/>\n<meta property=\"og:title\" content=\"Ford Mustang Mach-E, j\u00e1 confirmado para o Brasil, tem pre\u00e7o reduzido - Canal Dana\" \/>\n<meta property=\"og:description\" content=\"InsideEvs\/Julio Cesar &nbsp; A Ford anunciou hoje uma redu\u00e7\u00e3o de pre\u00e7os em todas as vers\u00f5es do Mustang Mach-E. O SUV el\u00e9trico, que j\u00e1 teve o lan\u00e7amento confirmado para o Brasil neste ano, ficou mais acess\u00edvel em meio \u00e0 &#8216;guerra de pre\u00e7os&#8217; iniciada pela Tesla h\u00e1 poucos dias. &nbsp; No entanto, a Ford n\u00e3o admite oficialmente\u2026 Leia mais \u00bb\" \/>\n<meta property=\"og:url\" content=\"https:\/\/dana.com.br\/canaldana\/2023\/01\/31\/ford-mustang-mach-e-ja-confirmado-para-o-brasil-tem-preco-reduzido\/\" \/>\n<meta property=\"og:site_name\" content=\"Canal Dana\" \/>\n<meta property=\"article:published_time\" content=\"2023-01-31T11:49:55+00:00\" \/>\n<meta name=\"author\" content=\"Canal Dana\" \/>\n<meta name=\"twitter:card\" content=\"summary_large_image\" \/>\n<meta name=\"twitter:label1\" content=\"Escrito por\" \/>\n\t<meta name=\"twitter:data1\" content=\"Canal Dana\" \/>\n\t<meta name=\"twitter:label2\" content=\"Est. tempo de leitura\" \/>\n\t<meta name=\"twitter:data2\" content=\"3 minutos\" \/>\n<script type=\"application\/ld+json\" class=\"yoast-schema-graph\">{\"@context\":\"https:\\\/\\\/schema.org\",\"@graph\":[{\"@type\":\"Article\",\"@id\":\"https:\\\/\\\/dana.com.br\\\/canaldana\\\/2023\\\/01\\\/31\\\/ford-mustang-mach-e-ja-confirmado-para-o-brasil-tem-preco-reduzido\\\/#article\",\"isPartOf\":{\"@id\":\"https:\\\/\\\/dana.com.br\\\/canaldana\\\/2023\\\/01\\\/31\\\/ford-mustang-mach-e-ja-confirmado-para-o-brasil-tem-preco-reduzido\\\/\"},\"author\":{\"name\":\"Canal Dana\",\"@id\":\"https:\\\/\\\/dana.com.br\\\/canaldana\\\/#\\\/schema\\\/person\\\/3c21f22f56fcf3bc46b94bc60ea4fef6\"},\"headline\":\"Ford Mustang Mach-E, j\u00e1 confirmado para o Brasil, tem pre\u00e7o reduzido\",\"datePublished\":\"2023-01-31T11:49:55+00:00\",\"mainEntityOfPage\":{\"@id\":\"https:\\\/\\\/dana.com.br\\\/canaldana\\\/2023\\\/01\\\/31\\\/ford-mustang-mach-e-ja-confirmado-para-o-brasil-tem-preco-reduzido\\\/\"},\"wordCount\":633,\"articleSection\":[\"Mercado\"],\"inLanguage\":\"pt-BR\"},{\"@type\":\"WebPage\",\"@id\":\"https:\\\/\\\/dana.com.br\\\/canaldana\\\/2023\\\/01\\\/31\\\/ford-mustang-mach-e-ja-confirmado-para-o-brasil-tem-preco-reduzido\\\/\",\"url\":\"https:\\\/\\\/dana.com.br\\\/canaldana\\\/2023\\\/01\\\/31\\\/ford-mustang-mach-e-ja-confirmado-para-o-brasil-tem-preco-reduzido\\\/\",\"name\":\"Ford Mustang Mach-E, j\u00e1 confirmado para o Brasil, tem pre\u00e7o reduzido - Canal Dana\",\"isPartOf\":{\"@id\":\"https:\\\/\\\/dana.com.br\\\/canaldana\\\/#website\"},\"datePublished\":\"2023-01-31T11:49:55+00:00\",\"author\":{\"@id\":\"https:\\\/\\\/dana.com.br\\\/canaldana\\\/#\\\/schema\\\/person\\\/3c21f22f56fcf3bc46b94bc60ea4fef6\"},\"breadcrumb\":{\"@id\":\"https:\\\/\\\/dana.com.br\\\/canaldana\\\/2023\\\/01\\\/31\\\/ford-mustang-mach-e-ja-confirmado-para-o-brasil-tem-preco-reduzido\\\/#breadcrumb\"},\"inLanguage\":\"pt-BR\",\"potentialAction\":[{\"@type\":\"ReadAction\",\"target\":[\"https:\\\/\\\/dana.com.br\\\/canaldana\\\/2023\\\/01\\\/31\\\/ford-mustang-mach-e-ja-confirmado-para-o-brasil-tem-preco-reduzido\\\/\"]}]},{\"@type\":\"BreadcrumbList\",\"@id\":\"https:\\\/\\\/dana.com.br\\\/canaldana\\\/2023\\\/01\\\/31\\\/ford-mustang-mach-e-ja-confirmado-para-o-brasil-tem-preco-reduzido\\\/#breadcrumb\",\"itemListElement\":[{\"@type\":\"ListItem\",\"position\":1,\"name\":\"Home\",\"item\":\"https:\\\/\\\/dana.com.br\\\/canaldana\\\/\"},{\"@type\":\"ListItem\",\"position\":2,\"name\":\"Mercado\",\"item\":\"https:\\\/\\\/dana.com.br\\\/canaldana\\\/mercado\\\/\"},{\"@type\":\"ListItem\",\"position\":3,\"name\":\"Ford Mustang Mach-E, j\u00e1 confirmado para o Brasil, tem pre\u00e7o reduzido\"}]},{\"@type\":\"WebSite\",\"@id\":\"https:\\\/\\\/dana.com.br\\\/canaldana\\\/#website\",\"url\":\"https:\\\/\\\/dana.com.br\\\/canaldana\\\/\",\"name\":\"Canal Dana\",\"description\":\"Informativo com as principais not\u00edcias da ind\u00fastria automotiva\",\"potentialAction\":[{\"@type\":\"SearchAction\",\"target\":{\"@type\":\"EntryPoint\",\"urlTemplate\":\"https:\\\/\\\/dana.com.br\\\/canaldana\\\/?s={search_term_string}\"},\"query-input\":{\"@type\":\"PropertyValueSpecification\",\"valueRequired\":true,\"valueName\":\"search_term_string\"}}],\"inLanguage\":\"pt-BR\"},{\"@type\":\"Person\",\"@id\":\"https:\\\/\\\/dana.com.br\\\/canaldana\\\/#\\\/schema\\\/person\\\/3c21f22f56fcf3bc46b94bc60ea4fef6\",\"name\":\"Canal Dana\",\"image\":{\"@type\":\"ImageObject\",\"inLanguage\":\"pt-BR\",\"@id\":\"https:\\\/\\\/secure.gravatar.com\\\/avatar\\\/420aaf9278582877d9018637c6817617705899d2858d7572ef0fe59a6b6454b4?s=96&d=mm&r=g\",\"url\":\"https:\\\/\\\/secure.gravatar.com\\\/avatar\\\/420aaf9278582877d9018637c6817617705899d2858d7572ef0fe59a6b6454b4?s=96&d=mm&r=g\",\"contentUrl\":\"https:\\\/\\\/secure.gravatar.com\\\/avatar\\\/420aaf9278582877d9018637c6817617705899d2858d7572ef0fe59a6b6454b4?s=96&d=mm&r=g\",\"caption\":\"Canal Dana\"},\"url\":\"https:\\\/\\\/dana.com.br\\\/canaldana\\\/author\\\/cdeditor\\\/\"}]}<\/script>\n<!-- \/ Yoast SEO plugin. -->","yoast_head_json":{"title":"Ford Mustang Mach-E, j\u00e1 confirmado para o Brasil, tem pre\u00e7o reduzido - Canal Dana","robots":{"index":"index","follow":"follow","max-snippet":"max-snippet:-1","max-image-preview":"max-image-preview:large","max-video-preview":"max-video-preview:-1"},"canonical":"https:\/\/dana.com.br\/canaldana\/2023\/01\/31\/ford-mustang-mach-e-ja-confirmado-para-o-brasil-tem-preco-reduzido\/","og_locale":"pt_BR","og_type":"article","og_title":"Ford Mustang Mach-E, j\u00e1 confirmado para o Brasil, tem pre\u00e7o reduzido - Canal Dana","og_description":"InsideEvs\/Julio Cesar &nbsp; A Ford anunciou hoje uma redu\u00e7\u00e3o de pre\u00e7os em todas as vers\u00f5es do Mustang Mach-E. O SUV el\u00e9trico, que j\u00e1 teve o lan\u00e7amento confirmado para o Brasil neste ano, ficou mais acess\u00edvel em meio \u00e0 &#8216;guerra de pre\u00e7os&#8217; iniciada pela Tesla h\u00e1 poucos dias. &nbsp; No entanto, a Ford n\u00e3o admite oficialmente\u2026 Leia mais \u00bb","og_url":"https:\/\/dana.com.br\/canaldana\/2023\/01\/31\/ford-mustang-mach-e-ja-confirmado-para-o-brasil-tem-preco-reduzido\/","og_site_name":"Canal Dana","article_published_time":"2023-01-31T11:49:55+00:00","author":"Canal Dana","twitter_card":"summary_large_image","twitter_misc":{"Escrito por":"Canal Dana","Est. tempo de leitura":"3 minutos"},"schema":{"@context":"https:\/\/schema.org","@graph":[{"@type":"Article","@id":"https:\/\/dana.com.br\/canaldana\/2023\/01\/31\/ford-mustang-mach-e-ja-confirmado-para-o-brasil-tem-preco-reduzido\/#article","isPartOf":{"@id":"https:\/\/dana.com.br\/canaldana\/2023\/01\/31\/ford-mustang-mach-e-ja-confirmado-para-o-brasil-tem-preco-reduzido\/"},"author":{"name":"Canal Dana","@id":"https:\/\/dana.com.br\/canaldana\/#\/schema\/person\/3c21f22f56fcf3bc46b94bc60ea4fef6"},"headline":"Ford Mustang Mach-E, j\u00e1 confirmado para o Brasil, tem pre\u00e7o reduzido","datePublished":"2023-01-31T11:49:55+00:00","mainEntityOfPage":{"@id":"https:\/\/dana.com.br\/canaldana\/2023\/01\/31\/ford-mustang-mach-e-ja-confirmado-para-o-brasil-tem-preco-reduzido\/"},"wordCount":633,"articleSection":["Mercado"],"inLanguage":"pt-BR"},{"@type":"WebPage","@id":"https:\/\/dana.com.br\/canaldana\/2023\/01\/31\/ford-mustang-mach-e-ja-confirmado-para-o-brasil-tem-preco-reduzido\/","url":"https:\/\/dana.com.br\/canaldana\/2023\/01\/31\/ford-mustang-mach-e-ja-confirmado-para-o-brasil-tem-preco-reduzido\/","name":"Ford Mustang Mach-E, j\u00e1 confirmado para o Brasil, tem pre\u00e7o reduzido - Canal Dana","isPartOf":{"@id":"https:\/\/dana.com.br\/canaldana\/#website"},"datePublished":"2023-01-31T11:49:55+00:00","author":{"@id":"https:\/\/dana.com.br\/canaldana\/#\/schema\/person\/3c21f22f56fcf3bc46b94bc60ea4fef6"},"breadcrumb":{"@id":"https:\/\/dana.com.br\/canaldana\/2023\/01\/31\/ford-mustang-mach-e-ja-confirmado-para-o-brasil-tem-preco-reduzido\/#breadcrumb"},"inLanguage":"pt-BR","potentialAction":[{"@type":"ReadAction","target":["https:\/\/dana.com.br\/canaldana\/2023\/01\/31\/ford-mustang-mach-e-ja-confirmado-para-o-brasil-tem-preco-reduzido\/"]}]},{"@type":"BreadcrumbList","@id":"https:\/\/dana.com.br\/canaldana\/2023\/01\/31\/ford-mustang-mach-e-ja-confirmado-para-o-brasil-tem-preco-reduzido\/#breadcrumb","itemListElement":[{"@type":"ListItem","position":1,"name":"Home","item":"https:\/\/dana.com.br\/canaldana\/"},{"@type":"ListItem","position":2,"name":"Mercado","item":"https:\/\/dana.com.br\/canaldana\/mercado\/"},{"@type":"ListItem","position":3,"name":"Ford Mustang Mach-E, j\u00e1 confirmado para o Brasil, tem pre\u00e7o reduzido"}]},{"@type":"WebSite","@id":"https:\/\/dana.com.br\/canaldana\/#website","url":"https:\/\/dana.com.br\/canaldana\/","name":"Canal Dana","description":"Informativo com as principais not\u00edcias da ind\u00fastria automotiva","potentialAction":[{"@type":"SearchAction","target":{"@type":"EntryPoint","urlTemplate":"https:\/\/dana.com.br\/canaldana\/?s={search_term_string}"},"query-input":{"@type":"PropertyValueSpecification","valueRequired":true,"valueName":"search_term_string"}}],"inLanguage":"pt-BR"},{"@type":"Person","@id":"https:\/\/dana.com.br\/canaldana\/#\/schema\/person\/3c21f22f56fcf3bc46b94bc60ea4fef6","name":"Canal Dana","image":{"@type":"ImageObject","inLanguage":"pt-BR","@id":"https:\/\/secure.gravatar.com\/avatar\/420aaf9278582877d9018637c6817617705899d2858d7572ef0fe59a6b6454b4?s=96&d=mm&r=g","url":"https:\/\/secure.gravatar.com\/avatar\/420aaf9278582877d9018637c6817617705899d2858d7572ef0fe59a6b6454b4?s=96&d=mm&r=g","contentUrl":"https:\/\/secure.gravatar.com\/avatar\/420aaf9278582877d9018637c6817617705899d2858d7572ef0fe59a6b6454b4?s=96&d=mm&r=g","caption":"Canal Dana"},"url":"https:\/\/dana.com.br\/canaldana\/author\/cdeditor\/"}]}},"_links":{"self":[{"href":"https:\/\/dana.com.br\/canaldana\/wp-json\/wp\/v2\/posts\/63507","targetHints":{"allow":["GET"]}}],"collection":[{"href":"https:\/\/dana.com.br\/canaldana\/wp-json\/wp\/v2\/posts"}],"about":[{"href":"https:\/\/dana.com.br\/canaldana\/wp-json\/wp\/v2\/types\/post"}],"author":[{"embeddable":true,"href":"https:\/\/dana.com.br\/canaldana\/wp-json\/wp\/v2\/users\/3"}],"replies":[{"embeddable":true,"href":"https:\/\/dana.com.br\/canaldana\/wp-json\/wp\/v2\/comments?post=63507"}],"version-history":[{"count":0,"href":"https:\/\/dana.com.br\/canaldana\/wp-json\/wp\/v2\/posts\/63507\/revisions"}],"wp:attachment":[{"href":"https:\/\/dana.com.br\/canaldana\/wp-json\/wp\/v2\/media?parent=63507"}],"wp:term":[{"taxonomy":"category","embeddable":true,"href":"https:\/\/dana.com.br\/canaldana\/wp-json\/wp\/v2\/categories?post=63507"},{"taxonomy":"post_tag","embeddable":true,"href":"https:\/\/dana.com.br\/canaldana\/wp-json\/wp\/v2\/tags?post=63507"}],"curies":[{"name":"wp","href":"https:\/\/api.w.org\/{rel}","templated":true}]}}