{"id":63503,"date":"2023-01-31T08:48:53","date_gmt":"2023-01-31T11:48:53","guid":{"rendered":"https:\/\/dana.com.br\/canaldana\/?p=63503"},"modified":"2023-01-31T08:48:53","modified_gmt":"2023-01-31T11:48:53","slug":"daf-cria-fabrica-para-caminhoes-eletricos-na-holanda","status":"publish","type":"post","link":"https:\/\/dana.com.br\/canaldana\/2023\/01\/31\/daf-cria-fabrica-para-caminhoes-eletricos-na-holanda\/","title":{"rendered":"DAF cria f\u00e1brica para caminh\u00f5es el\u00e9tricos na Holanda"},"content":{"rendered":"<p><em>Revista Caminhoneiro<\/em><\/p>\n<p>&nbsp;<\/p>\n<p>A DAF est\u00e1 expandindo as suas instala\u00e7\u00f5es de produ\u00e7\u00e3o com uma nova f\u00e1brica de montagem de caminh\u00f5es el\u00e9tricos em Eindhoven, na Holanda, onde a produ\u00e7\u00e3o das novas gera\u00e7\u00f5es DAF XD e XF Electric ter\u00e1 in\u00edcio. Estes ve\u00edculos totalmente el\u00e9tricos proporcionam um alcance de at\u00e9 500 quil\u00f4metros &#8221;sem emiss\u00f5es&#8221;, o que representa um passo importante da DAF em busca de um transporte rodovi\u00e1rio ainda menos poluente.<\/p>\n<p>&nbsp;<\/p>\n<p>A nova linha de montagem de caminh\u00f5es el\u00e9tricos situa-se nas instala\u00e7\u00f5es da DAF Trucks em Eindhoven. A constru\u00e7\u00e3o desta f\u00e1brica para caminh\u00f5es el\u00e9tricos foi conclu\u00edda em dezoito meses.<\/p>\n<p>&nbsp;<\/p>\n<p><strong>Tratores e r\u00edgidos 4&#215;2 e 6&#215;2<\/strong><\/p>\n<p>&nbsp;<\/p>\n<p>A base de cada caminh\u00e3o DAF el\u00e9trico da nova gera\u00e7\u00e3o \u00e9 o chamado planador, um chassis sem sistema de transmiss\u00e3o, mas com cabina. O planador \u00e9 fabricado na principal linha de produ\u00e7\u00e3o de caminh\u00f5es da DAF. Os tratores e r\u00edgidos 4&#215;2 e 6&#215;2 s\u00e3o ent\u00e3o conclu\u00eddos para cami\u00f5es XD e XF Electric num processo de oito passos na linha de produ\u00e7\u00e3o da montagem de cami\u00f5es el\u00e9tricos.<\/p>\n<p>&nbsp;<\/p>\n<p><strong>Duas linhas de montagem<\/strong><\/p>\n<p>&nbsp;<\/p>\n<p>A nova f\u00e1brica inclui atualmente duas linhas de montagem. As baterias s\u00e3o montadas na linha de submontagem, enquanto todos os componentes de alta tens\u00e3o, incluindo as baterias e o sistema de transmiss\u00e3o, s\u00e3o montados no chassis na linha de montagem principal. Em seguida, s\u00e3o efetuadas verifica\u00e7\u00f5es minuciosas nas esta\u00e7\u00f5es finais para garantir que o caminh\u00e3o est\u00e1 em perfeitas condi\u00e7\u00f5es de funcionamento.<\/p>\n<p>&nbsp;<\/p>\n<p><strong>DAF XD e XF Electric<\/strong><\/p>\n<p>&nbsp;<\/p>\n<p>Os DAF XD e XF Electric foram lan\u00e7ados na feira IAA em Hanover em setembro de 2022. Os sistemas de transmiss\u00e3o Paccar totalmente el\u00e9tricos fornecem pot\u00eancias entre 170 e 350 kW (210 a 480 CV). A DAF tamb\u00e9m proporciona uma sele\u00e7\u00e3o de baterias atrav\u00e9s de uma abordagem modular. A mais reduzida cont\u00e9m dois &#8220;m\u00f3dulos&#8221; que, em conjunto, possuem uma capacidade de 210 kWh e proporcionam uma autonomia de at\u00e9 200 quil\u00f3metros. A maior possui 5 &#8220;m\u00f3dulos&#8221; com uma capacidade de 525 kWh e pode alcan\u00e7ar uma autonomia superior a 500 quil\u00f3metros. Os caminh\u00f5es el\u00e9tricos est\u00e3o totalmente preparados para um carregamento r\u00e1pido e at\u00e9 as baterias de maior dimens\u00e3o podem ser carregadas de 0% a 80% em pouco mais de 45 minutos. (Revista Caminhoneiro)<\/p>\n","protected":false},"excerpt":{"rendered":"<p>Revista Caminhoneiro &nbsp; A DAF est\u00e1 expandindo as suas instala\u00e7\u00f5es de produ\u00e7\u00e3o com uma nova f\u00e1brica de montagem de caminh\u00f5es el\u00e9tricos em Eindhoven, na Holanda, onde a produ\u00e7\u00e3o das novas gera\u00e7\u00f5es DAF XD e XF Electric ter\u00e1 in\u00edcio. Estes ve\u00edculos totalmente el\u00e9tricos proporcionam um alcance de at\u00e9 500 quil\u00f4metros &#8221;sem emiss\u00f5es&#8221;, o que representa um\u2026 <a class=\"readmore\" href=\"https:\/\/dana.com.br\/canaldana\/2023\/01\/31\/daf-cria-fabrica-para-caminhoes-eletricos-na-holanda\/\">Leia mais \u00bb<\/a><\/p>\n","protected":false},"author":3,"featured_media":0,"comment_status":"closed","ping_status":"closed","sticky":false,"template":"","format":"standard","meta":{"_acf_changed":false,"footnotes":""},"categories":[79],"tags":[],"class_list":["post-63503","post","type-post","status-publish","format-standard","hentry","category-mercado"],"acf":[],"yoast_head":"<!-- This site is optimized with the Yoast SEO plugin v27.3 - https:\/\/yoast.com\/product\/yoast-seo-wordpress\/ -->\n<title>DAF cria f\u00e1brica para caminh\u00f5es el\u00e9tricos na Holanda - Canal Dana<\/title>\n<meta name=\"robots\" content=\"index, follow, max-snippet:-1, max-image-preview:large, max-video-preview:-1\" \/>\n<link rel=\"canonical\" href=\"https:\/\/dana.com.br\/canaldana\/2023\/01\/31\/daf-cria-fabrica-para-caminhoes-eletricos-na-holanda\/\" \/>\n<meta property=\"og:locale\" content=\"pt_BR\" \/>\n<meta property=\"og:type\" content=\"article\" \/>\n<meta property=\"og:title\" content=\"DAF cria f\u00e1brica para caminh\u00f5es el\u00e9tricos na Holanda - Canal Dana\" \/>\n<meta property=\"og:description\" content=\"Revista Caminhoneiro &nbsp; A DAF est\u00e1 expandindo as suas instala\u00e7\u00f5es de produ\u00e7\u00e3o com uma nova f\u00e1brica de montagem de caminh\u00f5es el\u00e9tricos em Eindhoven, na Holanda, onde a produ\u00e7\u00e3o das novas gera\u00e7\u00f5es DAF XD e XF Electric ter\u00e1 in\u00edcio. Estes ve\u00edculos totalmente el\u00e9tricos proporcionam um alcance de at\u00e9 500 quil\u00f4metros &#8221;sem emiss\u00f5es&#8221;, o que representa um\u2026 Leia mais \u00bb\" \/>\n<meta property=\"og:url\" content=\"https:\/\/dana.com.br\/canaldana\/2023\/01\/31\/daf-cria-fabrica-para-caminhoes-eletricos-na-holanda\/\" \/>\n<meta property=\"og:site_name\" content=\"Canal Dana\" \/>\n<meta property=\"article:published_time\" content=\"2023-01-31T11:48:53+00:00\" \/>\n<meta name=\"author\" content=\"Canal Dana\" \/>\n<meta name=\"twitter:card\" content=\"summary_large_image\" \/>\n<meta name=\"twitter:label1\" content=\"Escrito por\" \/>\n\t<meta name=\"twitter:data1\" content=\"Canal Dana\" \/>\n\t<meta name=\"twitter:label2\" content=\"Est. tempo de leitura\" \/>\n\t<meta name=\"twitter:data2\" content=\"2 minutos\" \/>\n<script type=\"application\/ld+json\" class=\"yoast-schema-graph\">{\"@context\":\"https:\\\/\\\/schema.org\",\"@graph\":[{\"@type\":\"Article\",\"@id\":\"https:\\\/\\\/dana.com.br\\\/canaldana\\\/2023\\\/01\\\/31\\\/daf-cria-fabrica-para-caminhoes-eletricos-na-holanda\\\/#article\",\"isPartOf\":{\"@id\":\"https:\\\/\\\/dana.com.br\\\/canaldana\\\/2023\\\/01\\\/31\\\/daf-cria-fabrica-para-caminhoes-eletricos-na-holanda\\\/\"},\"author\":{\"name\":\"Canal Dana\",\"@id\":\"https:\\\/\\\/dana.com.br\\\/canaldana\\\/#\\\/schema\\\/person\\\/3c21f22f56fcf3bc46b94bc60ea4fef6\"},\"headline\":\"DAF cria f\u00e1brica para caminh\u00f5es el\u00e9tricos na Holanda\",\"datePublished\":\"2023-01-31T11:48:53+00:00\",\"mainEntityOfPage\":{\"@id\":\"https:\\\/\\\/dana.com.br\\\/canaldana\\\/2023\\\/01\\\/31\\\/daf-cria-fabrica-para-caminhoes-eletricos-na-holanda\\\/\"},\"wordCount\":427,\"articleSection\":[\"Mercado\"],\"inLanguage\":\"pt-BR\"},{\"@type\":\"WebPage\",\"@id\":\"https:\\\/\\\/dana.com.br\\\/canaldana\\\/2023\\\/01\\\/31\\\/daf-cria-fabrica-para-caminhoes-eletricos-na-holanda\\\/\",\"url\":\"https:\\\/\\\/dana.com.br\\\/canaldana\\\/2023\\\/01\\\/31\\\/daf-cria-fabrica-para-caminhoes-eletricos-na-holanda\\\/\",\"name\":\"DAF cria f\u00e1brica para caminh\u00f5es el\u00e9tricos na Holanda - Canal Dana\",\"isPartOf\":{\"@id\":\"https:\\\/\\\/dana.com.br\\\/canaldana\\\/#website\"},\"datePublished\":\"2023-01-31T11:48:53+00:00\",\"author\":{\"@id\":\"https:\\\/\\\/dana.com.br\\\/canaldana\\\/#\\\/schema\\\/person\\\/3c21f22f56fcf3bc46b94bc60ea4fef6\"},\"breadcrumb\":{\"@id\":\"https:\\\/\\\/dana.com.br\\\/canaldana\\\/2023\\\/01\\\/31\\\/daf-cria-fabrica-para-caminhoes-eletricos-na-holanda\\\/#breadcrumb\"},\"inLanguage\":\"pt-BR\",\"potentialAction\":[{\"@type\":\"ReadAction\",\"target\":[\"https:\\\/\\\/dana.com.br\\\/canaldana\\\/2023\\\/01\\\/31\\\/daf-cria-fabrica-para-caminhoes-eletricos-na-holanda\\\/\"]}]},{\"@type\":\"BreadcrumbList\",\"@id\":\"https:\\\/\\\/dana.com.br\\\/canaldana\\\/2023\\\/01\\\/31\\\/daf-cria-fabrica-para-caminhoes-eletricos-na-holanda\\\/#breadcrumb\",\"itemListElement\":[{\"@type\":\"ListItem\",\"position\":1,\"name\":\"Home\",\"item\":\"https:\\\/\\\/dana.com.br\\\/canaldana\\\/\"},{\"@type\":\"ListItem\",\"position\":2,\"name\":\"Mercado\",\"item\":\"https:\\\/\\\/dana.com.br\\\/canaldana\\\/mercado\\\/\"},{\"@type\":\"ListItem\",\"position\":3,\"name\":\"DAF cria f\u00e1brica para caminh\u00f5es el\u00e9tricos na Holanda\"}]},{\"@type\":\"WebSite\",\"@id\":\"https:\\\/\\\/dana.com.br\\\/canaldana\\\/#website\",\"url\":\"https:\\\/\\\/dana.com.br\\\/canaldana\\\/\",\"name\":\"Canal Dana\",\"description\":\"Informativo com as principais not\u00edcias da ind\u00fastria automotiva\",\"potentialAction\":[{\"@type\":\"SearchAction\",\"target\":{\"@type\":\"EntryPoint\",\"urlTemplate\":\"https:\\\/\\\/dana.com.br\\\/canaldana\\\/?s={search_term_string}\"},\"query-input\":{\"@type\":\"PropertyValueSpecification\",\"valueRequired\":true,\"valueName\":\"search_term_string\"}}],\"inLanguage\":\"pt-BR\"},{\"@type\":\"Person\",\"@id\":\"https:\\\/\\\/dana.com.br\\\/canaldana\\\/#\\\/schema\\\/person\\\/3c21f22f56fcf3bc46b94bc60ea4fef6\",\"name\":\"Canal Dana\",\"image\":{\"@type\":\"ImageObject\",\"inLanguage\":\"pt-BR\",\"@id\":\"https:\\\/\\\/secure.gravatar.com\\\/avatar\\\/420aaf9278582877d9018637c6817617705899d2858d7572ef0fe59a6b6454b4?s=96&d=mm&r=g\",\"url\":\"https:\\\/\\\/secure.gravatar.com\\\/avatar\\\/420aaf9278582877d9018637c6817617705899d2858d7572ef0fe59a6b6454b4?s=96&d=mm&r=g\",\"contentUrl\":\"https:\\\/\\\/secure.gravatar.com\\\/avatar\\\/420aaf9278582877d9018637c6817617705899d2858d7572ef0fe59a6b6454b4?s=96&d=mm&r=g\",\"caption\":\"Canal Dana\"},\"url\":\"https:\\\/\\\/dana.com.br\\\/canaldana\\\/author\\\/cdeditor\\\/\"}]}<\/script>\n<!-- \/ Yoast SEO plugin. -->","yoast_head_json":{"title":"DAF cria f\u00e1brica para caminh\u00f5es el\u00e9tricos na Holanda - Canal Dana","robots":{"index":"index","follow":"follow","max-snippet":"max-snippet:-1","max-image-preview":"max-image-preview:large","max-video-preview":"max-video-preview:-1"},"canonical":"https:\/\/dana.com.br\/canaldana\/2023\/01\/31\/daf-cria-fabrica-para-caminhoes-eletricos-na-holanda\/","og_locale":"pt_BR","og_type":"article","og_title":"DAF cria f\u00e1brica para caminh\u00f5es el\u00e9tricos na Holanda - Canal Dana","og_description":"Revista Caminhoneiro &nbsp; A DAF est\u00e1 expandindo as suas instala\u00e7\u00f5es de produ\u00e7\u00e3o com uma nova f\u00e1brica de montagem de caminh\u00f5es el\u00e9tricos em Eindhoven, na Holanda, onde a produ\u00e7\u00e3o das novas gera\u00e7\u00f5es DAF XD e XF Electric ter\u00e1 in\u00edcio. Estes ve\u00edculos totalmente el\u00e9tricos proporcionam um alcance de at\u00e9 500 quil\u00f4metros &#8221;sem emiss\u00f5es&#8221;, o que representa um\u2026 Leia mais \u00bb","og_url":"https:\/\/dana.com.br\/canaldana\/2023\/01\/31\/daf-cria-fabrica-para-caminhoes-eletricos-na-holanda\/","og_site_name":"Canal Dana","article_published_time":"2023-01-31T11:48:53+00:00","author":"Canal Dana","twitter_card":"summary_large_image","twitter_misc":{"Escrito por":"Canal Dana","Est. tempo de leitura":"2 minutos"},"schema":{"@context":"https:\/\/schema.org","@graph":[{"@type":"Article","@id":"https:\/\/dana.com.br\/canaldana\/2023\/01\/31\/daf-cria-fabrica-para-caminhoes-eletricos-na-holanda\/#article","isPartOf":{"@id":"https:\/\/dana.com.br\/canaldana\/2023\/01\/31\/daf-cria-fabrica-para-caminhoes-eletricos-na-holanda\/"},"author":{"name":"Canal Dana","@id":"https:\/\/dana.com.br\/canaldana\/#\/schema\/person\/3c21f22f56fcf3bc46b94bc60ea4fef6"},"headline":"DAF cria f\u00e1brica para caminh\u00f5es el\u00e9tricos na Holanda","datePublished":"2023-01-31T11:48:53+00:00","mainEntityOfPage":{"@id":"https:\/\/dana.com.br\/canaldana\/2023\/01\/31\/daf-cria-fabrica-para-caminhoes-eletricos-na-holanda\/"},"wordCount":427,"articleSection":["Mercado"],"inLanguage":"pt-BR"},{"@type":"WebPage","@id":"https:\/\/dana.com.br\/canaldana\/2023\/01\/31\/daf-cria-fabrica-para-caminhoes-eletricos-na-holanda\/","url":"https:\/\/dana.com.br\/canaldana\/2023\/01\/31\/daf-cria-fabrica-para-caminhoes-eletricos-na-holanda\/","name":"DAF cria f\u00e1brica para caminh\u00f5es el\u00e9tricos na Holanda - Canal Dana","isPartOf":{"@id":"https:\/\/dana.com.br\/canaldana\/#website"},"datePublished":"2023-01-31T11:48:53+00:00","author":{"@id":"https:\/\/dana.com.br\/canaldana\/#\/schema\/person\/3c21f22f56fcf3bc46b94bc60ea4fef6"},"breadcrumb":{"@id":"https:\/\/dana.com.br\/canaldana\/2023\/01\/31\/daf-cria-fabrica-para-caminhoes-eletricos-na-holanda\/#breadcrumb"},"inLanguage":"pt-BR","potentialAction":[{"@type":"ReadAction","target":["https:\/\/dana.com.br\/canaldana\/2023\/01\/31\/daf-cria-fabrica-para-caminhoes-eletricos-na-holanda\/"]}]},{"@type":"BreadcrumbList","@id":"https:\/\/dana.com.br\/canaldana\/2023\/01\/31\/daf-cria-fabrica-para-caminhoes-eletricos-na-holanda\/#breadcrumb","itemListElement":[{"@type":"ListItem","position":1,"name":"Home","item":"https:\/\/dana.com.br\/canaldana\/"},{"@type":"ListItem","position":2,"name":"Mercado","item":"https:\/\/dana.com.br\/canaldana\/mercado\/"},{"@type":"ListItem","position":3,"name":"DAF cria f\u00e1brica para caminh\u00f5es el\u00e9tricos na Holanda"}]},{"@type":"WebSite","@id":"https:\/\/dana.com.br\/canaldana\/#website","url":"https:\/\/dana.com.br\/canaldana\/","name":"Canal Dana","description":"Informativo com as principais not\u00edcias da ind\u00fastria automotiva","potentialAction":[{"@type":"SearchAction","target":{"@type":"EntryPoint","urlTemplate":"https:\/\/dana.com.br\/canaldana\/?s={search_term_string}"},"query-input":{"@type":"PropertyValueSpecification","valueRequired":true,"valueName":"search_term_string"}}],"inLanguage":"pt-BR"},{"@type":"Person","@id":"https:\/\/dana.com.br\/canaldana\/#\/schema\/person\/3c21f22f56fcf3bc46b94bc60ea4fef6","name":"Canal Dana","image":{"@type":"ImageObject","inLanguage":"pt-BR","@id":"https:\/\/secure.gravatar.com\/avatar\/420aaf9278582877d9018637c6817617705899d2858d7572ef0fe59a6b6454b4?s=96&d=mm&r=g","url":"https:\/\/secure.gravatar.com\/avatar\/420aaf9278582877d9018637c6817617705899d2858d7572ef0fe59a6b6454b4?s=96&d=mm&r=g","contentUrl":"https:\/\/secure.gravatar.com\/avatar\/420aaf9278582877d9018637c6817617705899d2858d7572ef0fe59a6b6454b4?s=96&d=mm&r=g","caption":"Canal Dana"},"url":"https:\/\/dana.com.br\/canaldana\/author\/cdeditor\/"}]}},"_links":{"self":[{"href":"https:\/\/dana.com.br\/canaldana\/wp-json\/wp\/v2\/posts\/63503","targetHints":{"allow":["GET"]}}],"collection":[{"href":"https:\/\/dana.com.br\/canaldana\/wp-json\/wp\/v2\/posts"}],"about":[{"href":"https:\/\/dana.com.br\/canaldana\/wp-json\/wp\/v2\/types\/post"}],"author":[{"embeddable":true,"href":"https:\/\/dana.com.br\/canaldana\/wp-json\/wp\/v2\/users\/3"}],"replies":[{"embeddable":true,"href":"https:\/\/dana.com.br\/canaldana\/wp-json\/wp\/v2\/comments?post=63503"}],"version-history":[{"count":0,"href":"https:\/\/dana.com.br\/canaldana\/wp-json\/wp\/v2\/posts\/63503\/revisions"}],"wp:attachment":[{"href":"https:\/\/dana.com.br\/canaldana\/wp-json\/wp\/v2\/media?parent=63503"}],"wp:term":[{"taxonomy":"category","embeddable":true,"href":"https:\/\/dana.com.br\/canaldana\/wp-json\/wp\/v2\/categories?post=63503"},{"taxonomy":"post_tag","embeddable":true,"href":"https:\/\/dana.com.br\/canaldana\/wp-json\/wp\/v2\/tags?post=63503"}],"curies":[{"name":"wp","href":"https:\/\/api.w.org\/{rel}","templated":true}]}}