{"id":63496,"date":"2023-01-30T08:32:50","date_gmt":"2023-01-30T11:32:50","guid":{"rendered":"https:\/\/dana.com.br\/canaldana\/?p=63496"},"modified":"2023-01-30T08:32:50","modified_gmt":"2023-01-30T11:32:50","slug":"inmetro-reduz-autonomia-dos-carros-eletricos-declarada-pelas-marcas","status":"publish","type":"post","link":"https:\/\/dana.com.br\/canaldana\/2023\/01\/30\/inmetro-reduz-autonomia-dos-carros-eletricos-declarada-pelas-marcas\/","title":{"rendered":"Inmetro reduz autonomia dos carros el\u00e9tricos declarada pelas marcas"},"content":{"rendered":"<p><em>Jornal do Carro<\/em><\/p>\n<p>&nbsp;<\/p>\n<p>Quando se fala em autonomia de ve\u00edculos, sabe-se que tal n\u00famero \u00e9 relativo. Seja para motores a combust\u00e3o, ou para el\u00e9tricos, o valor declarado de alcance sofre varia\u00e7\u00f5es pela forma de dirigir de cada motorista, pelas condi\u00e7\u00f5es de pista ou at\u00e9 mesmo pelo clima. Ultimamente, com o avan\u00e7o dos carros alimentados por baterias, passou-se a falar ainda mais sobre a autonomia. Mas at\u00e9 agora n\u00e3o havia um padr\u00e3o brasileiro de aferi\u00e7\u00e3o desse alcance.<\/p>\n<p>&nbsp;<\/p>\n<p>Pois o Inmetro come\u00e7ou a mensurar e &#8220;corrigir&#8221; os dados declarados de autonomia dos ve\u00edculos el\u00e9tricos. At\u00e9 agora, era comum usar n\u00fameros no padr\u00e3o europeu WLTP. Ou no EPA, utilizado pelos norte-americanos. Ou ainda no padr\u00e3o NDEC, dos chineses. Pois a medi\u00e7\u00e3o brasileira vem trazer esses n\u00fameros mais para perto da realidade daqui.<\/p>\n<p>&nbsp;<\/p>\n<p>Ao site Use El\u00e9trico, especializado em ve\u00edculos a baterias (BEVs), o presidente da Associa\u00e7\u00e3o Brasileira do Ve\u00edculo El\u00e9trico (ABVE), Adalberto Maluf, afirmou que a nova metodologia chegar\u00e1 em breve a todas as montadoras. E que isso vai alterar os n\u00fameros declarados at\u00e9 ent\u00e3o.<\/p>\n<p>&nbsp;<\/p>\n<p><strong>30% menor<\/strong><\/p>\n<p>&nbsp;<\/p>\n<p>De acordo com Maluf, o novo m\u00e9todo prop\u00f5e aferi\u00e7\u00e3o mais conservadora. Ou seja, os ve\u00edculos el\u00e9tricos ter\u00e3o autonomia divulgada cerca de 30% menor que a aferida em laborat\u00f3rio. O executivo fala que, se um modelo el\u00e9trico ou h\u00edbrido alcan\u00e7ar 100 quil\u00f4metros de autonomia no teste de laborat\u00f3rio para o Programa Nacional de Etiquetagem Veicular (PBEV), a informa\u00e7\u00e3o oficial deste ve\u00edculo quanto \u00e0 autonomia ser\u00e1 de 70 quil\u00f4metros.<\/p>\n<p>&nbsp;<\/p>\n<p>De acordo com a reportagem do Use El\u00e9trico, o \u00edndice de corre\u00e7\u00e3o &#8220;explica porque alguns modelos tiveram redu\u00e7\u00e3o expressiva na autonomia&#8221;. \u00c9 o caso, por exemplo, do Volvo XC40, que ter\u00e1 o alcance declarado reduzido de 420 km para 231 km, um corte de 45% do total. Segundo o texto, &#8220;15% da redu\u00e7\u00e3o est\u00e1 na diferen\u00e7a dos testes do ciclo WLTP e do PBEV. E os outros 30% s\u00e3o do &#8216;p\u00eanalti&#8217; determinado pelo Inmetro&#8221;.<\/p>\n<p>&nbsp;<\/p>\n<p>Maluf aponta que, para os consumidores, os novos valores ser\u00e3o muito mais condizentes com a pr\u00e1tica. &#8220;Vale para todos os fabricantes e todos os modelos h\u00edbridos e el\u00e9tricos. \u00c9 igual para todo mundo&#8221;, resume. O Nissan Leaf \u00e9 outro modelo que j\u00e1 baixou o alcance de 272 km (ciclo EPA) para 192 km, conforme o novo padr\u00e3o do Inmetro.<\/p>\n<p>&nbsp;<\/p>\n<p>Por fim, o presidente da ABVE acredita que haver\u00e1 uma padroniza\u00e7\u00e3o para a autonomia declarada dos modelos. Isso vai permitir uma real compara\u00e7\u00e3o entre os concorrentes. Afinal, at\u00e9 aqui, cada fabricante utilizava o m\u00e9todo de sua conveni\u00eancia (WLTP, EPA e NEDC).<\/p>\n<p>&nbsp;<\/p>\n<p>Al\u00e9m disso, vale refor\u00e7ar que mesmo as montadoras que j\u00e1 usam o padr\u00e3o nacional, como BYD e Caoa Chery, precisam rever seus conceitos. Isso porque em ambas as marcas a autonomia dos carros el\u00e9tricos tamb\u00e9m ter\u00e1 queda de 30%. (Jornal do Carro\/Vagner Aquino)<\/p>\n","protected":false},"excerpt":{"rendered":"<p>Jornal do Carro &nbsp; Quando se fala em autonomia de ve\u00edculos, sabe-se que tal n\u00famero \u00e9 relativo. Seja para motores a combust\u00e3o, ou para el\u00e9tricos, o valor declarado de alcance sofre varia\u00e7\u00f5es pela forma de dirigir de cada motorista, pelas condi\u00e7\u00f5es de pista ou at\u00e9 mesmo pelo clima. Ultimamente, com o avan\u00e7o dos carros alimentados\u2026 <a class=\"readmore\" href=\"https:\/\/dana.com.br\/canaldana\/2023\/01\/30\/inmetro-reduz-autonomia-dos-carros-eletricos-declarada-pelas-marcas\/\">Leia mais \u00bb<\/a><\/p>\n","protected":false},"author":3,"featured_media":0,"comment_status":"closed","ping_status":"closed","sticky":false,"template":"","format":"standard","meta":{"_acf_changed":false,"footnotes":""},"categories":[61],"tags":[],"class_list":["post-63496","post","type-post","status-publish","format-standard","hentry","category-destaques"],"acf":[],"yoast_head":"<!-- This site is optimized with the Yoast SEO plugin v27.3 - https:\/\/yoast.com\/product\/yoast-seo-wordpress\/ -->\n<title>Inmetro reduz autonomia dos carros el\u00e9tricos declarada pelas marcas - Canal Dana<\/title>\n<meta name=\"robots\" content=\"index, follow, max-snippet:-1, max-image-preview:large, max-video-preview:-1\" \/>\n<link rel=\"canonical\" href=\"https:\/\/dana.com.br\/canaldana\/2023\/01\/30\/inmetro-reduz-autonomia-dos-carros-eletricos-declarada-pelas-marcas\/\" \/>\n<meta property=\"og:locale\" content=\"pt_BR\" \/>\n<meta property=\"og:type\" content=\"article\" \/>\n<meta property=\"og:title\" content=\"Inmetro reduz autonomia dos carros el\u00e9tricos declarada pelas marcas - Canal Dana\" \/>\n<meta property=\"og:description\" content=\"Jornal do Carro &nbsp; Quando se fala em autonomia de ve\u00edculos, sabe-se que tal n\u00famero \u00e9 relativo. Seja para motores a combust\u00e3o, ou para el\u00e9tricos, o valor declarado de alcance sofre varia\u00e7\u00f5es pela forma de dirigir de cada motorista, pelas condi\u00e7\u00f5es de pista ou at\u00e9 mesmo pelo clima. Ultimamente, com o avan\u00e7o dos carros alimentados\u2026 Leia mais \u00bb\" \/>\n<meta property=\"og:url\" content=\"https:\/\/dana.com.br\/canaldana\/2023\/01\/30\/inmetro-reduz-autonomia-dos-carros-eletricos-declarada-pelas-marcas\/\" \/>\n<meta property=\"og:site_name\" content=\"Canal Dana\" \/>\n<meta property=\"article:published_time\" content=\"2023-01-30T11:32:50+00:00\" \/>\n<meta name=\"author\" content=\"Canal Dana\" \/>\n<meta name=\"twitter:card\" content=\"summary_large_image\" \/>\n<meta name=\"twitter:label1\" content=\"Escrito por\" \/>\n\t<meta name=\"twitter:data1\" content=\"Canal Dana\" \/>\n\t<meta name=\"twitter:label2\" content=\"Est. tempo de leitura\" \/>\n\t<meta name=\"twitter:data2\" content=\"3 minutos\" \/>\n<script type=\"application\/ld+json\" class=\"yoast-schema-graph\">{\"@context\":\"https:\\\/\\\/schema.org\",\"@graph\":[{\"@type\":\"Article\",\"@id\":\"https:\\\/\\\/dana.com.br\\\/canaldana\\\/2023\\\/01\\\/30\\\/inmetro-reduz-autonomia-dos-carros-eletricos-declarada-pelas-marcas\\\/#article\",\"isPartOf\":{\"@id\":\"https:\\\/\\\/dana.com.br\\\/canaldana\\\/2023\\\/01\\\/30\\\/inmetro-reduz-autonomia-dos-carros-eletricos-declarada-pelas-marcas\\\/\"},\"author\":{\"name\":\"Canal Dana\",\"@id\":\"https:\\\/\\\/dana.com.br\\\/canaldana\\\/#\\\/schema\\\/person\\\/3c21f22f56fcf3bc46b94bc60ea4fef6\"},\"headline\":\"Inmetro reduz autonomia dos carros el\u00e9tricos declarada pelas marcas\",\"datePublished\":\"2023-01-30T11:32:50+00:00\",\"mainEntityOfPage\":{\"@id\":\"https:\\\/\\\/dana.com.br\\\/canaldana\\\/2023\\\/01\\\/30\\\/inmetro-reduz-autonomia-dos-carros-eletricos-declarada-pelas-marcas\\\/\"},\"wordCount\":522,\"articleSection\":[\"Destaques\"],\"inLanguage\":\"pt-BR\"},{\"@type\":\"WebPage\",\"@id\":\"https:\\\/\\\/dana.com.br\\\/canaldana\\\/2023\\\/01\\\/30\\\/inmetro-reduz-autonomia-dos-carros-eletricos-declarada-pelas-marcas\\\/\",\"url\":\"https:\\\/\\\/dana.com.br\\\/canaldana\\\/2023\\\/01\\\/30\\\/inmetro-reduz-autonomia-dos-carros-eletricos-declarada-pelas-marcas\\\/\",\"name\":\"Inmetro reduz autonomia dos carros el\u00e9tricos declarada pelas marcas - Canal Dana\",\"isPartOf\":{\"@id\":\"https:\\\/\\\/dana.com.br\\\/canaldana\\\/#website\"},\"datePublished\":\"2023-01-30T11:32:50+00:00\",\"author\":{\"@id\":\"https:\\\/\\\/dana.com.br\\\/canaldana\\\/#\\\/schema\\\/person\\\/3c21f22f56fcf3bc46b94bc60ea4fef6\"},\"breadcrumb\":{\"@id\":\"https:\\\/\\\/dana.com.br\\\/canaldana\\\/2023\\\/01\\\/30\\\/inmetro-reduz-autonomia-dos-carros-eletricos-declarada-pelas-marcas\\\/#breadcrumb\"},\"inLanguage\":\"pt-BR\",\"potentialAction\":[{\"@type\":\"ReadAction\",\"target\":[\"https:\\\/\\\/dana.com.br\\\/canaldana\\\/2023\\\/01\\\/30\\\/inmetro-reduz-autonomia-dos-carros-eletricos-declarada-pelas-marcas\\\/\"]}]},{\"@type\":\"BreadcrumbList\",\"@id\":\"https:\\\/\\\/dana.com.br\\\/canaldana\\\/2023\\\/01\\\/30\\\/inmetro-reduz-autonomia-dos-carros-eletricos-declarada-pelas-marcas\\\/#breadcrumb\",\"itemListElement\":[{\"@type\":\"ListItem\",\"position\":1,\"name\":\"Home\",\"item\":\"https:\\\/\\\/dana.com.br\\\/canaldana\\\/\"},{\"@type\":\"ListItem\",\"position\":2,\"name\":\"Destaques\",\"item\":\"https:\\\/\\\/dana.com.br\\\/canaldana\\\/destaques\\\/\"},{\"@type\":\"ListItem\",\"position\":3,\"name\":\"Inmetro reduz autonomia dos carros el\u00e9tricos declarada pelas marcas\"}]},{\"@type\":\"WebSite\",\"@id\":\"https:\\\/\\\/dana.com.br\\\/canaldana\\\/#website\",\"url\":\"https:\\\/\\\/dana.com.br\\\/canaldana\\\/\",\"name\":\"Canal Dana\",\"description\":\"Informativo com as principais not\u00edcias da ind\u00fastria automotiva\",\"potentialAction\":[{\"@type\":\"SearchAction\",\"target\":{\"@type\":\"EntryPoint\",\"urlTemplate\":\"https:\\\/\\\/dana.com.br\\\/canaldana\\\/?s={search_term_string}\"},\"query-input\":{\"@type\":\"PropertyValueSpecification\",\"valueRequired\":true,\"valueName\":\"search_term_string\"}}],\"inLanguage\":\"pt-BR\"},{\"@type\":\"Person\",\"@id\":\"https:\\\/\\\/dana.com.br\\\/canaldana\\\/#\\\/schema\\\/person\\\/3c21f22f56fcf3bc46b94bc60ea4fef6\",\"name\":\"Canal Dana\",\"image\":{\"@type\":\"ImageObject\",\"inLanguage\":\"pt-BR\",\"@id\":\"https:\\\/\\\/secure.gravatar.com\\\/avatar\\\/420aaf9278582877d9018637c6817617705899d2858d7572ef0fe59a6b6454b4?s=96&d=mm&r=g\",\"url\":\"https:\\\/\\\/secure.gravatar.com\\\/avatar\\\/420aaf9278582877d9018637c6817617705899d2858d7572ef0fe59a6b6454b4?s=96&d=mm&r=g\",\"contentUrl\":\"https:\\\/\\\/secure.gravatar.com\\\/avatar\\\/420aaf9278582877d9018637c6817617705899d2858d7572ef0fe59a6b6454b4?s=96&d=mm&r=g\",\"caption\":\"Canal Dana\"},\"url\":\"https:\\\/\\\/dana.com.br\\\/canaldana\\\/author\\\/cdeditor\\\/\"}]}<\/script>\n<!-- \/ Yoast SEO plugin. -->","yoast_head_json":{"title":"Inmetro reduz autonomia dos carros el\u00e9tricos declarada pelas marcas - Canal Dana","robots":{"index":"index","follow":"follow","max-snippet":"max-snippet:-1","max-image-preview":"max-image-preview:large","max-video-preview":"max-video-preview:-1"},"canonical":"https:\/\/dana.com.br\/canaldana\/2023\/01\/30\/inmetro-reduz-autonomia-dos-carros-eletricos-declarada-pelas-marcas\/","og_locale":"pt_BR","og_type":"article","og_title":"Inmetro reduz autonomia dos carros el\u00e9tricos declarada pelas marcas - Canal Dana","og_description":"Jornal do Carro &nbsp; Quando se fala em autonomia de ve\u00edculos, sabe-se que tal n\u00famero \u00e9 relativo. Seja para motores a combust\u00e3o, ou para el\u00e9tricos, o valor declarado de alcance sofre varia\u00e7\u00f5es pela forma de dirigir de cada motorista, pelas condi\u00e7\u00f5es de pista ou at\u00e9 mesmo pelo clima. Ultimamente, com o avan\u00e7o dos carros alimentados\u2026 Leia mais \u00bb","og_url":"https:\/\/dana.com.br\/canaldana\/2023\/01\/30\/inmetro-reduz-autonomia-dos-carros-eletricos-declarada-pelas-marcas\/","og_site_name":"Canal Dana","article_published_time":"2023-01-30T11:32:50+00:00","author":"Canal Dana","twitter_card":"summary_large_image","twitter_misc":{"Escrito por":"Canal Dana","Est. tempo de leitura":"3 minutos"},"schema":{"@context":"https:\/\/schema.org","@graph":[{"@type":"Article","@id":"https:\/\/dana.com.br\/canaldana\/2023\/01\/30\/inmetro-reduz-autonomia-dos-carros-eletricos-declarada-pelas-marcas\/#article","isPartOf":{"@id":"https:\/\/dana.com.br\/canaldana\/2023\/01\/30\/inmetro-reduz-autonomia-dos-carros-eletricos-declarada-pelas-marcas\/"},"author":{"name":"Canal Dana","@id":"https:\/\/dana.com.br\/canaldana\/#\/schema\/person\/3c21f22f56fcf3bc46b94bc60ea4fef6"},"headline":"Inmetro reduz autonomia dos carros el\u00e9tricos declarada pelas marcas","datePublished":"2023-01-30T11:32:50+00:00","mainEntityOfPage":{"@id":"https:\/\/dana.com.br\/canaldana\/2023\/01\/30\/inmetro-reduz-autonomia-dos-carros-eletricos-declarada-pelas-marcas\/"},"wordCount":522,"articleSection":["Destaques"],"inLanguage":"pt-BR"},{"@type":"WebPage","@id":"https:\/\/dana.com.br\/canaldana\/2023\/01\/30\/inmetro-reduz-autonomia-dos-carros-eletricos-declarada-pelas-marcas\/","url":"https:\/\/dana.com.br\/canaldana\/2023\/01\/30\/inmetro-reduz-autonomia-dos-carros-eletricos-declarada-pelas-marcas\/","name":"Inmetro reduz autonomia dos carros el\u00e9tricos declarada pelas marcas - Canal Dana","isPartOf":{"@id":"https:\/\/dana.com.br\/canaldana\/#website"},"datePublished":"2023-01-30T11:32:50+00:00","author":{"@id":"https:\/\/dana.com.br\/canaldana\/#\/schema\/person\/3c21f22f56fcf3bc46b94bc60ea4fef6"},"breadcrumb":{"@id":"https:\/\/dana.com.br\/canaldana\/2023\/01\/30\/inmetro-reduz-autonomia-dos-carros-eletricos-declarada-pelas-marcas\/#breadcrumb"},"inLanguage":"pt-BR","potentialAction":[{"@type":"ReadAction","target":["https:\/\/dana.com.br\/canaldana\/2023\/01\/30\/inmetro-reduz-autonomia-dos-carros-eletricos-declarada-pelas-marcas\/"]}]},{"@type":"BreadcrumbList","@id":"https:\/\/dana.com.br\/canaldana\/2023\/01\/30\/inmetro-reduz-autonomia-dos-carros-eletricos-declarada-pelas-marcas\/#breadcrumb","itemListElement":[{"@type":"ListItem","position":1,"name":"Home","item":"https:\/\/dana.com.br\/canaldana\/"},{"@type":"ListItem","position":2,"name":"Destaques","item":"https:\/\/dana.com.br\/canaldana\/destaques\/"},{"@type":"ListItem","position":3,"name":"Inmetro reduz autonomia dos carros el\u00e9tricos declarada pelas marcas"}]},{"@type":"WebSite","@id":"https:\/\/dana.com.br\/canaldana\/#website","url":"https:\/\/dana.com.br\/canaldana\/","name":"Canal Dana","description":"Informativo com as principais not\u00edcias da ind\u00fastria automotiva","potentialAction":[{"@type":"SearchAction","target":{"@type":"EntryPoint","urlTemplate":"https:\/\/dana.com.br\/canaldana\/?s={search_term_string}"},"query-input":{"@type":"PropertyValueSpecification","valueRequired":true,"valueName":"search_term_string"}}],"inLanguage":"pt-BR"},{"@type":"Person","@id":"https:\/\/dana.com.br\/canaldana\/#\/schema\/person\/3c21f22f56fcf3bc46b94bc60ea4fef6","name":"Canal Dana","image":{"@type":"ImageObject","inLanguage":"pt-BR","@id":"https:\/\/secure.gravatar.com\/avatar\/420aaf9278582877d9018637c6817617705899d2858d7572ef0fe59a6b6454b4?s=96&d=mm&r=g","url":"https:\/\/secure.gravatar.com\/avatar\/420aaf9278582877d9018637c6817617705899d2858d7572ef0fe59a6b6454b4?s=96&d=mm&r=g","contentUrl":"https:\/\/secure.gravatar.com\/avatar\/420aaf9278582877d9018637c6817617705899d2858d7572ef0fe59a6b6454b4?s=96&d=mm&r=g","caption":"Canal Dana"},"url":"https:\/\/dana.com.br\/canaldana\/author\/cdeditor\/"}]}},"_links":{"self":[{"href":"https:\/\/dana.com.br\/canaldana\/wp-json\/wp\/v2\/posts\/63496","targetHints":{"allow":["GET"]}}],"collection":[{"href":"https:\/\/dana.com.br\/canaldana\/wp-json\/wp\/v2\/posts"}],"about":[{"href":"https:\/\/dana.com.br\/canaldana\/wp-json\/wp\/v2\/types\/post"}],"author":[{"embeddable":true,"href":"https:\/\/dana.com.br\/canaldana\/wp-json\/wp\/v2\/users\/3"}],"replies":[{"embeddable":true,"href":"https:\/\/dana.com.br\/canaldana\/wp-json\/wp\/v2\/comments?post=63496"}],"version-history":[{"count":0,"href":"https:\/\/dana.com.br\/canaldana\/wp-json\/wp\/v2\/posts\/63496\/revisions"}],"wp:attachment":[{"href":"https:\/\/dana.com.br\/canaldana\/wp-json\/wp\/v2\/media?parent=63496"}],"wp:term":[{"taxonomy":"category","embeddable":true,"href":"https:\/\/dana.com.br\/canaldana\/wp-json\/wp\/v2\/categories?post=63496"},{"taxonomy":"post_tag","embeddable":true,"href":"https:\/\/dana.com.br\/canaldana\/wp-json\/wp\/v2\/tags?post=63496"}],"curies":[{"name":"wp","href":"https:\/\/api.w.org\/{rel}","templated":true}]}}