{"id":63486,"date":"2023-01-30T08:29:46","date_gmt":"2023-01-30T11:29:46","guid":{"rendered":"https:\/\/dana.com.br\/canaldana\/?p=63486"},"modified":"2023-01-30T08:29:46","modified_gmt":"2023-01-30T11:29:46","slug":"prazo-de-migracao-para-mei-caminhoneiro-termina-nesta-terca-feira-31-menos-de-20-dos-motoristas-aderiram","status":"publish","type":"post","link":"https:\/\/dana.com.br\/canaldana\/2023\/01\/30\/prazo-de-migracao-para-mei-caminhoneiro-termina-nesta-terca-feira-31-menos-de-20-dos-motoristas-aderiram\/","title":{"rendered":"Prazo de migra\u00e7\u00e3o para MEI Caminhoneiro termina nesta ter\u00e7a-feira (31); menos de 20% dos motoristas aderiram"},"content":{"rendered":"<p><em>Caminh\u00f5es e Carretas <\/em><\/p>\n<p>&nbsp;<\/p>\n<p>Termina nesta ter\u00e7a-feira, 31 de janeiro, o prazo para motoristas de caminh\u00e3o registrados como MEI (Microempreendedor Individual) migrarem para a categoria MEI Caminhoneiro. A proximidade do encerramento releva um dado preocupante, somente 17% optaram pela troca de categoria, segundo levantamento feito pela MaisMei, plataforma especializada na abertura e gest\u00e3o de MEIs, que conta em sua base cadastral com 1,5 milh\u00e3o de usu\u00e1rios.<\/p>\n<p>&nbsp;<\/p>\n<p>Para o CEO e cofundador da MaisMei, Mateus Vicente, o resultado da pesquisa \u00e9 surpreendente. \u201cO dado foi obtido ao analisarmos a nossa base, mas apesar de n\u00e3o abranger 100% da base de MEIs, indica que muitos ainda n\u00e3o migraram e, um dos principais motivos \u00e9 a desinforma\u00e7\u00e3o\u201d, ressalta.<\/p>\n<p>&nbsp;<\/p>\n<p>Atualmente, o MEI \u00e9 considerado o primeiro degrau na cadeia formal do empreendedorismo constitu\u00eddo, na maioria, por pessoas que ainda est\u00e3o aprendendo a administrar seus pr\u00f3prios neg\u00f3cios. \u201cS\u00e3o pessoas habilitadas e eficientes na parte operacional de suas atividades, mas que ainda n\u00e3o est\u00e3o acostumadas e confort\u00e1veis em cuidar da parte burocr\u00e1tica de uma empresa. O aprendizado ocorre aos poucos\u201d, comenta.<\/p>\n<p>&nbsp;<\/p>\n<p>Dentre as vantagens do MEI Caminhoneiro, destaca-se, a possibilidade de faturamento anual de R$ 251,6 mil sem risco de desenquadramento, enquanto o limite do MEI tradicional \u00e9 de apenas R$ 81 mil por ano. Al\u00e9m disso, o caminhoneiro que adere a categoria tamb\u00e9m passa a ser reconhecido como transportador aut\u00f4nomo de carga, podendo atuar no transporte de carga municipal, intermunicipal, interestadual, internacional, de produtos perigosos e de mudan\u00e7as.<\/p>\n<p>&nbsp;<\/p>\n<p>\u201cCom o registro de MEI Caminhoneiro, o profissional aut\u00f4nomo passa a ter um CNPJ, que confere facilidades na hora de tomar cr\u00e9dito com juros menores, por exemplo. Ele tamb\u00e9m pode emitir nota fiscal com imposto fixo e reduzido, o que facilita o fechamento de neg\u00f3cios e diminui o custo com tributos. Conta tamb\u00e9m os direitos que a formalidade traz, como benef\u00edcios previdenci\u00e1rios\u201d, explica Mateus Vicente. \u201cO MEI Caminhoneiro tamb\u00e9m s\u00f3 pode ter um empregado registrado em carteira. E o fato de ele ter se registrado como MEI n\u00e3o o faz perder alguns direitos j\u00e1 conquistados pela CLT. Ali\u00e1s, ele pode atuar como MEI e CLT simultaneamente para manter direitos trabalhistas\u201d, completa o CEO.<\/p>\n<p>&nbsp;<\/p>\n<p>O custo mensal para ser MEI Caminhoneiro tamb\u00e9m n\u00e3o \u00e9 alto. O imposto mensal corresponde a 12% do sal\u00e1rio-m\u00ednimo, equivalente a R $ 156,24 somado a R $ 5 de ISS (Imposto sobre Servi\u00e7os) e a R $ 1 de ICMS no caso de transporte intermunicipal ou interestadual.<\/p>\n<p>&nbsp;<\/p>\n<p>Entretanto, vale ressaltar que a ades\u00e3o ao MEI Caminhoneiro impede, por exemplo, que o motorista participe formalmente de cooperativas de frete ou de ser s\u00f3cio de outra empresa. Por\u00e9m, o aumento significativo no limite de faturamento pode ser vantajoso para aqueles quem tem caminh\u00f5es menores, mas pode ser pouco para quem trabalha com ve\u00edculos pesados ou extrapesados.<\/p>\n<p>&nbsp;<\/p>\n<p>A migra\u00e7\u00e3o de MEI para MEI Caminhoneiro pode ser feita de maneira simples atrav\u00e9s do Portal do Empreendedor, que conta com um passo a passo detalhado. J\u00e1 os usu\u00e1rios da plataforma MaisMei contam com todo o suporte necess\u00e1rio para o preenchimento do formul\u00e1rio. \u201cNossos usu\u00e1rios t\u00eam a facilidade de contar com uma equipe que d\u00e1 a assist\u00eancia necess\u00e1ria para que as etapas sejam cumpridas sem erros e sem complica\u00e7\u00f5es\u201d, conclui o Vicente. (Caminh\u00f5es e Carretas\/Lucas Duarte)<\/p>\n","protected":false},"excerpt":{"rendered":"<p>Caminh\u00f5es e Carretas &nbsp; Termina nesta ter\u00e7a-feira, 31 de janeiro, o prazo para motoristas de caminh\u00e3o registrados como MEI (Microempreendedor Individual) migrarem para a categoria MEI Caminhoneiro. A proximidade do encerramento releva um dado preocupante, somente 17% optaram pela troca de categoria, segundo levantamento feito pela MaisMei, plataforma especializada na abertura e gest\u00e3o de MEIs,\u2026 <a class=\"readmore\" href=\"https:\/\/dana.com.br\/canaldana\/2023\/01\/30\/prazo-de-migracao-para-mei-caminhoneiro-termina-nesta-terca-feira-31-menos-de-20-dos-motoristas-aderiram\/\">Leia mais \u00bb<\/a><\/p>\n","protected":false},"author":3,"featured_media":0,"comment_status":"closed","ping_status":"closed","sticky":false,"template":"","format":"standard","meta":{"_acf_changed":false,"footnotes":""},"categories":[79],"tags":[],"class_list":["post-63486","post","type-post","status-publish","format-standard","hentry","category-mercado"],"acf":[],"yoast_head":"<!-- This site is optimized with the Yoast SEO plugin v27.3 - https:\/\/yoast.com\/product\/yoast-seo-wordpress\/ -->\n<title>Prazo de migra\u00e7\u00e3o para MEI Caminhoneiro termina nesta ter\u00e7a-feira (31); menos de 20% dos motoristas aderiram - Canal Dana<\/title>\n<meta name=\"robots\" content=\"index, follow, max-snippet:-1, max-image-preview:large, max-video-preview:-1\" \/>\n<link rel=\"canonical\" href=\"https:\/\/dana.com.br\/canaldana\/2023\/01\/30\/prazo-de-migracao-para-mei-caminhoneiro-termina-nesta-terca-feira-31-menos-de-20-dos-motoristas-aderiram\/\" \/>\n<meta property=\"og:locale\" content=\"pt_BR\" \/>\n<meta property=\"og:type\" content=\"article\" \/>\n<meta property=\"og:title\" content=\"Prazo de migra\u00e7\u00e3o para MEI Caminhoneiro termina nesta ter\u00e7a-feira (31); menos de 20% dos motoristas aderiram - Canal Dana\" \/>\n<meta property=\"og:description\" content=\"Caminh\u00f5es e Carretas &nbsp; Termina nesta ter\u00e7a-feira, 31 de janeiro, o prazo para motoristas de caminh\u00e3o registrados como MEI (Microempreendedor Individual) migrarem para a categoria MEI Caminhoneiro. A proximidade do encerramento releva um dado preocupante, somente 17% optaram pela troca de categoria, segundo levantamento feito pela MaisMei, plataforma especializada na abertura e gest\u00e3o de MEIs,\u2026 Leia mais \u00bb\" \/>\n<meta property=\"og:url\" content=\"https:\/\/dana.com.br\/canaldana\/2023\/01\/30\/prazo-de-migracao-para-mei-caminhoneiro-termina-nesta-terca-feira-31-menos-de-20-dos-motoristas-aderiram\/\" \/>\n<meta property=\"og:site_name\" content=\"Canal Dana\" \/>\n<meta property=\"article:published_time\" content=\"2023-01-30T11:29:46+00:00\" \/>\n<meta name=\"author\" content=\"Canal Dana\" \/>\n<meta name=\"twitter:card\" content=\"summary_large_image\" \/>\n<meta name=\"twitter:label1\" content=\"Escrito por\" \/>\n\t<meta name=\"twitter:data1\" content=\"Canal Dana\" \/>\n\t<meta name=\"twitter:label2\" content=\"Est. tempo de leitura\" \/>\n\t<meta name=\"twitter:data2\" content=\"3 minutos\" \/>\n<script type=\"application\/ld+json\" class=\"yoast-schema-graph\">{\"@context\":\"https:\\\/\\\/schema.org\",\"@graph\":[{\"@type\":\"Article\",\"@id\":\"https:\\\/\\\/dana.com.br\\\/canaldana\\\/2023\\\/01\\\/30\\\/prazo-de-migracao-para-mei-caminhoneiro-termina-nesta-terca-feira-31-menos-de-20-dos-motoristas-aderiram\\\/#article\",\"isPartOf\":{\"@id\":\"https:\\\/\\\/dana.com.br\\\/canaldana\\\/2023\\\/01\\\/30\\\/prazo-de-migracao-para-mei-caminhoneiro-termina-nesta-terca-feira-31-menos-de-20-dos-motoristas-aderiram\\\/\"},\"author\":{\"name\":\"Canal Dana\",\"@id\":\"https:\\\/\\\/dana.com.br\\\/canaldana\\\/#\\\/schema\\\/person\\\/3c21f22f56fcf3bc46b94bc60ea4fef6\"},\"headline\":\"Prazo de migra\u00e7\u00e3o para MEI Caminhoneiro termina nesta ter\u00e7a-feira (31); menos de 20% dos motoristas aderiram\",\"datePublished\":\"2023-01-30T11:29:46+00:00\",\"mainEntityOfPage\":{\"@id\":\"https:\\\/\\\/dana.com.br\\\/canaldana\\\/2023\\\/01\\\/30\\\/prazo-de-migracao-para-mei-caminhoneiro-termina-nesta-terca-feira-31-menos-de-20-dos-motoristas-aderiram\\\/\"},\"wordCount\":596,\"articleSection\":[\"Mercado\"],\"inLanguage\":\"pt-BR\"},{\"@type\":\"WebPage\",\"@id\":\"https:\\\/\\\/dana.com.br\\\/canaldana\\\/2023\\\/01\\\/30\\\/prazo-de-migracao-para-mei-caminhoneiro-termina-nesta-terca-feira-31-menos-de-20-dos-motoristas-aderiram\\\/\",\"url\":\"https:\\\/\\\/dana.com.br\\\/canaldana\\\/2023\\\/01\\\/30\\\/prazo-de-migracao-para-mei-caminhoneiro-termina-nesta-terca-feira-31-menos-de-20-dos-motoristas-aderiram\\\/\",\"name\":\"Prazo de migra\u00e7\u00e3o para MEI Caminhoneiro termina nesta ter\u00e7a-feira (31); menos de 20% dos motoristas aderiram - Canal Dana\",\"isPartOf\":{\"@id\":\"https:\\\/\\\/dana.com.br\\\/canaldana\\\/#website\"},\"datePublished\":\"2023-01-30T11:29:46+00:00\",\"author\":{\"@id\":\"https:\\\/\\\/dana.com.br\\\/canaldana\\\/#\\\/schema\\\/person\\\/3c21f22f56fcf3bc46b94bc60ea4fef6\"},\"breadcrumb\":{\"@id\":\"https:\\\/\\\/dana.com.br\\\/canaldana\\\/2023\\\/01\\\/30\\\/prazo-de-migracao-para-mei-caminhoneiro-termina-nesta-terca-feira-31-menos-de-20-dos-motoristas-aderiram\\\/#breadcrumb\"},\"inLanguage\":\"pt-BR\",\"potentialAction\":[{\"@type\":\"ReadAction\",\"target\":[\"https:\\\/\\\/dana.com.br\\\/canaldana\\\/2023\\\/01\\\/30\\\/prazo-de-migracao-para-mei-caminhoneiro-termina-nesta-terca-feira-31-menos-de-20-dos-motoristas-aderiram\\\/\"]}]},{\"@type\":\"BreadcrumbList\",\"@id\":\"https:\\\/\\\/dana.com.br\\\/canaldana\\\/2023\\\/01\\\/30\\\/prazo-de-migracao-para-mei-caminhoneiro-termina-nesta-terca-feira-31-menos-de-20-dos-motoristas-aderiram\\\/#breadcrumb\",\"itemListElement\":[{\"@type\":\"ListItem\",\"position\":1,\"name\":\"Home\",\"item\":\"https:\\\/\\\/dana.com.br\\\/canaldana\\\/\"},{\"@type\":\"ListItem\",\"position\":2,\"name\":\"Mercado\",\"item\":\"https:\\\/\\\/dana.com.br\\\/canaldana\\\/mercado\\\/\"},{\"@type\":\"ListItem\",\"position\":3,\"name\":\"Prazo de migra\u00e7\u00e3o para MEI Caminhoneiro termina nesta ter\u00e7a-feira (31); menos de 20% dos motoristas aderiram\"}]},{\"@type\":\"WebSite\",\"@id\":\"https:\\\/\\\/dana.com.br\\\/canaldana\\\/#website\",\"url\":\"https:\\\/\\\/dana.com.br\\\/canaldana\\\/\",\"name\":\"Canal Dana\",\"description\":\"Informativo com as principais not\u00edcias da ind\u00fastria automotiva\",\"potentialAction\":[{\"@type\":\"SearchAction\",\"target\":{\"@type\":\"EntryPoint\",\"urlTemplate\":\"https:\\\/\\\/dana.com.br\\\/canaldana\\\/?s={search_term_string}\"},\"query-input\":{\"@type\":\"PropertyValueSpecification\",\"valueRequired\":true,\"valueName\":\"search_term_string\"}}],\"inLanguage\":\"pt-BR\"},{\"@type\":\"Person\",\"@id\":\"https:\\\/\\\/dana.com.br\\\/canaldana\\\/#\\\/schema\\\/person\\\/3c21f22f56fcf3bc46b94bc60ea4fef6\",\"name\":\"Canal Dana\",\"image\":{\"@type\":\"ImageObject\",\"inLanguage\":\"pt-BR\",\"@id\":\"https:\\\/\\\/secure.gravatar.com\\\/avatar\\\/420aaf9278582877d9018637c6817617705899d2858d7572ef0fe59a6b6454b4?s=96&d=mm&r=g\",\"url\":\"https:\\\/\\\/secure.gravatar.com\\\/avatar\\\/420aaf9278582877d9018637c6817617705899d2858d7572ef0fe59a6b6454b4?s=96&d=mm&r=g\",\"contentUrl\":\"https:\\\/\\\/secure.gravatar.com\\\/avatar\\\/420aaf9278582877d9018637c6817617705899d2858d7572ef0fe59a6b6454b4?s=96&d=mm&r=g\",\"caption\":\"Canal Dana\"},\"url\":\"https:\\\/\\\/dana.com.br\\\/canaldana\\\/author\\\/cdeditor\\\/\"}]}<\/script>\n<!-- \/ Yoast SEO plugin. -->","yoast_head_json":{"title":"Prazo de migra\u00e7\u00e3o para MEI Caminhoneiro termina nesta ter\u00e7a-feira (31); menos de 20% dos motoristas aderiram - Canal Dana","robots":{"index":"index","follow":"follow","max-snippet":"max-snippet:-1","max-image-preview":"max-image-preview:large","max-video-preview":"max-video-preview:-1"},"canonical":"https:\/\/dana.com.br\/canaldana\/2023\/01\/30\/prazo-de-migracao-para-mei-caminhoneiro-termina-nesta-terca-feira-31-menos-de-20-dos-motoristas-aderiram\/","og_locale":"pt_BR","og_type":"article","og_title":"Prazo de migra\u00e7\u00e3o para MEI Caminhoneiro termina nesta ter\u00e7a-feira (31); menos de 20% dos motoristas aderiram - Canal Dana","og_description":"Caminh\u00f5es e Carretas &nbsp; Termina nesta ter\u00e7a-feira, 31 de janeiro, o prazo para motoristas de caminh\u00e3o registrados como MEI (Microempreendedor Individual) migrarem para a categoria MEI Caminhoneiro. A proximidade do encerramento releva um dado preocupante, somente 17% optaram pela troca de categoria, segundo levantamento feito pela MaisMei, plataforma especializada na abertura e gest\u00e3o de MEIs,\u2026 Leia mais \u00bb","og_url":"https:\/\/dana.com.br\/canaldana\/2023\/01\/30\/prazo-de-migracao-para-mei-caminhoneiro-termina-nesta-terca-feira-31-menos-de-20-dos-motoristas-aderiram\/","og_site_name":"Canal Dana","article_published_time":"2023-01-30T11:29:46+00:00","author":"Canal Dana","twitter_card":"summary_large_image","twitter_misc":{"Escrito por":"Canal Dana","Est. tempo de leitura":"3 minutos"},"schema":{"@context":"https:\/\/schema.org","@graph":[{"@type":"Article","@id":"https:\/\/dana.com.br\/canaldana\/2023\/01\/30\/prazo-de-migracao-para-mei-caminhoneiro-termina-nesta-terca-feira-31-menos-de-20-dos-motoristas-aderiram\/#article","isPartOf":{"@id":"https:\/\/dana.com.br\/canaldana\/2023\/01\/30\/prazo-de-migracao-para-mei-caminhoneiro-termina-nesta-terca-feira-31-menos-de-20-dos-motoristas-aderiram\/"},"author":{"name":"Canal Dana","@id":"https:\/\/dana.com.br\/canaldana\/#\/schema\/person\/3c21f22f56fcf3bc46b94bc60ea4fef6"},"headline":"Prazo de migra\u00e7\u00e3o para MEI Caminhoneiro termina nesta ter\u00e7a-feira (31); menos de 20% dos motoristas aderiram","datePublished":"2023-01-30T11:29:46+00:00","mainEntityOfPage":{"@id":"https:\/\/dana.com.br\/canaldana\/2023\/01\/30\/prazo-de-migracao-para-mei-caminhoneiro-termina-nesta-terca-feira-31-menos-de-20-dos-motoristas-aderiram\/"},"wordCount":596,"articleSection":["Mercado"],"inLanguage":"pt-BR"},{"@type":"WebPage","@id":"https:\/\/dana.com.br\/canaldana\/2023\/01\/30\/prazo-de-migracao-para-mei-caminhoneiro-termina-nesta-terca-feira-31-menos-de-20-dos-motoristas-aderiram\/","url":"https:\/\/dana.com.br\/canaldana\/2023\/01\/30\/prazo-de-migracao-para-mei-caminhoneiro-termina-nesta-terca-feira-31-menos-de-20-dos-motoristas-aderiram\/","name":"Prazo de migra\u00e7\u00e3o para MEI Caminhoneiro termina nesta ter\u00e7a-feira (31); menos de 20% dos motoristas aderiram - Canal Dana","isPartOf":{"@id":"https:\/\/dana.com.br\/canaldana\/#website"},"datePublished":"2023-01-30T11:29:46+00:00","author":{"@id":"https:\/\/dana.com.br\/canaldana\/#\/schema\/person\/3c21f22f56fcf3bc46b94bc60ea4fef6"},"breadcrumb":{"@id":"https:\/\/dana.com.br\/canaldana\/2023\/01\/30\/prazo-de-migracao-para-mei-caminhoneiro-termina-nesta-terca-feira-31-menos-de-20-dos-motoristas-aderiram\/#breadcrumb"},"inLanguage":"pt-BR","potentialAction":[{"@type":"ReadAction","target":["https:\/\/dana.com.br\/canaldana\/2023\/01\/30\/prazo-de-migracao-para-mei-caminhoneiro-termina-nesta-terca-feira-31-menos-de-20-dos-motoristas-aderiram\/"]}]},{"@type":"BreadcrumbList","@id":"https:\/\/dana.com.br\/canaldana\/2023\/01\/30\/prazo-de-migracao-para-mei-caminhoneiro-termina-nesta-terca-feira-31-menos-de-20-dos-motoristas-aderiram\/#breadcrumb","itemListElement":[{"@type":"ListItem","position":1,"name":"Home","item":"https:\/\/dana.com.br\/canaldana\/"},{"@type":"ListItem","position":2,"name":"Mercado","item":"https:\/\/dana.com.br\/canaldana\/mercado\/"},{"@type":"ListItem","position":3,"name":"Prazo de migra\u00e7\u00e3o para MEI Caminhoneiro termina nesta ter\u00e7a-feira (31); menos de 20% dos motoristas aderiram"}]},{"@type":"WebSite","@id":"https:\/\/dana.com.br\/canaldana\/#website","url":"https:\/\/dana.com.br\/canaldana\/","name":"Canal Dana","description":"Informativo com as principais not\u00edcias da ind\u00fastria automotiva","potentialAction":[{"@type":"SearchAction","target":{"@type":"EntryPoint","urlTemplate":"https:\/\/dana.com.br\/canaldana\/?s={search_term_string}"},"query-input":{"@type":"PropertyValueSpecification","valueRequired":true,"valueName":"search_term_string"}}],"inLanguage":"pt-BR"},{"@type":"Person","@id":"https:\/\/dana.com.br\/canaldana\/#\/schema\/person\/3c21f22f56fcf3bc46b94bc60ea4fef6","name":"Canal Dana","image":{"@type":"ImageObject","inLanguage":"pt-BR","@id":"https:\/\/secure.gravatar.com\/avatar\/420aaf9278582877d9018637c6817617705899d2858d7572ef0fe59a6b6454b4?s=96&d=mm&r=g","url":"https:\/\/secure.gravatar.com\/avatar\/420aaf9278582877d9018637c6817617705899d2858d7572ef0fe59a6b6454b4?s=96&d=mm&r=g","contentUrl":"https:\/\/secure.gravatar.com\/avatar\/420aaf9278582877d9018637c6817617705899d2858d7572ef0fe59a6b6454b4?s=96&d=mm&r=g","caption":"Canal Dana"},"url":"https:\/\/dana.com.br\/canaldana\/author\/cdeditor\/"}]}},"_links":{"self":[{"href":"https:\/\/dana.com.br\/canaldana\/wp-json\/wp\/v2\/posts\/63486","targetHints":{"allow":["GET"]}}],"collection":[{"href":"https:\/\/dana.com.br\/canaldana\/wp-json\/wp\/v2\/posts"}],"about":[{"href":"https:\/\/dana.com.br\/canaldana\/wp-json\/wp\/v2\/types\/post"}],"author":[{"embeddable":true,"href":"https:\/\/dana.com.br\/canaldana\/wp-json\/wp\/v2\/users\/3"}],"replies":[{"embeddable":true,"href":"https:\/\/dana.com.br\/canaldana\/wp-json\/wp\/v2\/comments?post=63486"}],"version-history":[{"count":0,"href":"https:\/\/dana.com.br\/canaldana\/wp-json\/wp\/v2\/posts\/63486\/revisions"}],"wp:attachment":[{"href":"https:\/\/dana.com.br\/canaldana\/wp-json\/wp\/v2\/media?parent=63486"}],"wp:term":[{"taxonomy":"category","embeddable":true,"href":"https:\/\/dana.com.br\/canaldana\/wp-json\/wp\/v2\/categories?post=63486"},{"taxonomy":"post_tag","embeddable":true,"href":"https:\/\/dana.com.br\/canaldana\/wp-json\/wp\/v2\/tags?post=63486"}],"curies":[{"name":"wp","href":"https:\/\/api.w.org\/{rel}","templated":true}]}}