{"id":63478,"date":"2023-01-30T08:27:03","date_gmt":"2023-01-30T11:27:03","guid":{"rendered":"https:\/\/dana.com.br\/canaldana\/?p=63478"},"modified":"2023-01-30T08:27:03","modified_gmt":"2023-01-30T11:27:03","slug":"bmw-apresenta-nova-versao-do-modelo-m3-competition-com-maior-potencia-e-menor-peso","status":"publish","type":"post","link":"https:\/\/dana.com.br\/canaldana\/2023\/01\/30\/bmw-apresenta-nova-versao-do-modelo-m3-competition-com-maior-potencia-e-menor-peso\/","title":{"rendered":"BMW apresenta nova vers\u00e3o do modelo M3 Competition com maior pot\u00eancia e menor peso"},"content":{"rendered":"<p><em>Aglomerado Digital<\/em><\/p>\n<p>&nbsp;<\/p>\n<p>A BMW oferecer\u00e1 o M3 CS em um n\u00famero limitado de c\u00f3pias, e os clientes poder\u00e3o contar com uma transmiss\u00e3o autom\u00e1tica de 8 marchas e tra\u00e7\u00e3o adaptativa em ambos os eixos (xDrive) com op\u00e7\u00e3o (i) de tra\u00e7\u00e3o apenas no eixo traseiro.<\/p>\n<p>&nbsp;<\/p>\n<p>No departamento M da BMW, usaram uma receita semelhante que ofereciam com o M3 da gera\u00e7\u00e3o anterior, ent\u00e3o com a designa\u00e7\u00e3o CS, chega desta vez o M3, que \u00e9 mais leve e potente que a vers\u00e3o M3 Competition na qual foi baseado.<\/p>\n<p>&nbsp;<\/p>\n<p>Mais pot\u00eancia por menos quilogramas significa que neste caso, o famoso motor biturbo de 6 cilindros em linha de tr\u00eas litros (S58), desenvolve 550 cavalos de pot\u00eancia e 650 Nm de torque m\u00e1ximo, que resulta em um carro 34 kg mais leve que o M3 Competition (510 CV).<\/p>\n<p>&nbsp;<\/p>\n<p>A redu\u00e7\u00e3o de peso \u00e9 resultado do uso abundante de carbono, que \u00e9 utilizado em v\u00e1rios componentes da carroceria, inclusive na tampa do motor, e a \u201cdieta\u201d tamb\u00e9m foi auxiliada por elementos do sistema de escapamento feitos de tit\u00e2nio, conchas de carbono dos bancos dianteiros e ultrajantes refor\u00e7adas leves de 19 e 20 polegadas com pneus Michelin Pilot Sport Cup 2 dimens\u00f5es 275\/35\/19 \u00e0 frente e 285\/30\/20 atr\u00e1s.<\/p>\n<p>&nbsp;<\/p>\n<p>O M3 mais potente, cuja produ\u00e7\u00e3o come\u00e7a em mar\u00e7o, acelera de 0 a 100 km\/h em 3,4 segundos e desenvolve 302 km\/h limitados eletronicamente.<\/p>\n<p>&nbsp;<\/p>\n<p>Em Munique, a BMW confirmou que o ve\u00edculo ser\u00e1 oferecido em um n\u00famero limitado de c\u00f3pias.<\/p>\n<p>&nbsp;<\/p>\n<p>Nos Estados Unidos, o novo M3 CS ser\u00e1 vendido pela bagatela de US$ 118.700. (Aglomerado Digital)<\/p>\n","protected":false},"excerpt":{"rendered":"<p>Aglomerado Digital &nbsp; A BMW oferecer\u00e1 o M3 CS em um n\u00famero limitado de c\u00f3pias, e os clientes poder\u00e3o contar com uma transmiss\u00e3o autom\u00e1tica de 8 marchas e tra\u00e7\u00e3o adaptativa em ambos os eixos (xDrive) com op\u00e7\u00e3o (i) de tra\u00e7\u00e3o apenas no eixo traseiro. &nbsp; No departamento M da BMW, usaram uma receita semelhante que\u2026 <a class=\"readmore\" href=\"https:\/\/dana.com.br\/canaldana\/2023\/01\/30\/bmw-apresenta-nova-versao-do-modelo-m3-competition-com-maior-potencia-e-menor-peso\/\">Leia mais \u00bb<\/a><\/p>\n","protected":false},"author":3,"featured_media":0,"comment_status":"closed","ping_status":"closed","sticky":false,"template":"","format":"standard","meta":{"_acf_changed":false,"footnotes":""},"categories":[79],"tags":[],"class_list":["post-63478","post","type-post","status-publish","format-standard","hentry","category-mercado"],"acf":[],"yoast_head":"<!-- This site is optimized with the Yoast SEO plugin v27.3 - https:\/\/yoast.com\/product\/yoast-seo-wordpress\/ -->\n<title>BMW apresenta nova vers\u00e3o do modelo M3 Competition com maior pot\u00eancia e menor peso - Canal Dana<\/title>\n<meta name=\"robots\" content=\"index, follow, max-snippet:-1, max-image-preview:large, max-video-preview:-1\" \/>\n<link rel=\"canonical\" href=\"https:\/\/dana.com.br\/canaldana\/2023\/01\/30\/bmw-apresenta-nova-versao-do-modelo-m3-competition-com-maior-potencia-e-menor-peso\/\" \/>\n<meta property=\"og:locale\" content=\"pt_BR\" \/>\n<meta property=\"og:type\" content=\"article\" \/>\n<meta property=\"og:title\" content=\"BMW apresenta nova vers\u00e3o do modelo M3 Competition com maior pot\u00eancia e menor peso - Canal Dana\" \/>\n<meta property=\"og:description\" content=\"Aglomerado Digital &nbsp; A BMW oferecer\u00e1 o M3 CS em um n\u00famero limitado de c\u00f3pias, e os clientes poder\u00e3o contar com uma transmiss\u00e3o autom\u00e1tica de 8 marchas e tra\u00e7\u00e3o adaptativa em ambos os eixos (xDrive) com op\u00e7\u00e3o (i) de tra\u00e7\u00e3o apenas no eixo traseiro. &nbsp; No departamento M da BMW, usaram uma receita semelhante que\u2026 Leia mais \u00bb\" \/>\n<meta property=\"og:url\" content=\"https:\/\/dana.com.br\/canaldana\/2023\/01\/30\/bmw-apresenta-nova-versao-do-modelo-m3-competition-com-maior-potencia-e-menor-peso\/\" \/>\n<meta property=\"og:site_name\" content=\"Canal Dana\" \/>\n<meta property=\"article:published_time\" content=\"2023-01-30T11:27:03+00:00\" \/>\n<meta name=\"author\" content=\"Canal Dana\" \/>\n<meta name=\"twitter:card\" content=\"summary_large_image\" \/>\n<meta name=\"twitter:label1\" content=\"Escrito por\" \/>\n\t<meta name=\"twitter:data1\" content=\"Canal Dana\" \/>\n\t<meta name=\"twitter:label2\" content=\"Est. tempo de leitura\" \/>\n\t<meta name=\"twitter:data2\" content=\"2 minutos\" \/>\n<script type=\"application\/ld+json\" class=\"yoast-schema-graph\">{\"@context\":\"https:\\\/\\\/schema.org\",\"@graph\":[{\"@type\":\"Article\",\"@id\":\"https:\\\/\\\/dana.com.br\\\/canaldana\\\/2023\\\/01\\\/30\\\/bmw-apresenta-nova-versao-do-modelo-m3-competition-com-maior-potencia-e-menor-peso\\\/#article\",\"isPartOf\":{\"@id\":\"https:\\\/\\\/dana.com.br\\\/canaldana\\\/2023\\\/01\\\/30\\\/bmw-apresenta-nova-versao-do-modelo-m3-competition-com-maior-potencia-e-menor-peso\\\/\"},\"author\":{\"name\":\"Canal Dana\",\"@id\":\"https:\\\/\\\/dana.com.br\\\/canaldana\\\/#\\\/schema\\\/person\\\/3c21f22f56fcf3bc46b94bc60ea4fef6\"},\"headline\":\"BMW apresenta nova vers\u00e3o do modelo M3 Competition com maior pot\u00eancia e menor peso\",\"datePublished\":\"2023-01-30T11:27:03+00:00\",\"mainEntityOfPage\":{\"@id\":\"https:\\\/\\\/dana.com.br\\\/canaldana\\\/2023\\\/01\\\/30\\\/bmw-apresenta-nova-versao-do-modelo-m3-competition-com-maior-potencia-e-menor-peso\\\/\"},\"wordCount\":291,\"articleSection\":[\"Mercado\"],\"inLanguage\":\"pt-BR\"},{\"@type\":\"WebPage\",\"@id\":\"https:\\\/\\\/dana.com.br\\\/canaldana\\\/2023\\\/01\\\/30\\\/bmw-apresenta-nova-versao-do-modelo-m3-competition-com-maior-potencia-e-menor-peso\\\/\",\"url\":\"https:\\\/\\\/dana.com.br\\\/canaldana\\\/2023\\\/01\\\/30\\\/bmw-apresenta-nova-versao-do-modelo-m3-competition-com-maior-potencia-e-menor-peso\\\/\",\"name\":\"BMW apresenta nova vers\u00e3o do modelo M3 Competition com maior pot\u00eancia e menor peso - Canal Dana\",\"isPartOf\":{\"@id\":\"https:\\\/\\\/dana.com.br\\\/canaldana\\\/#website\"},\"datePublished\":\"2023-01-30T11:27:03+00:00\",\"author\":{\"@id\":\"https:\\\/\\\/dana.com.br\\\/canaldana\\\/#\\\/schema\\\/person\\\/3c21f22f56fcf3bc46b94bc60ea4fef6\"},\"breadcrumb\":{\"@id\":\"https:\\\/\\\/dana.com.br\\\/canaldana\\\/2023\\\/01\\\/30\\\/bmw-apresenta-nova-versao-do-modelo-m3-competition-com-maior-potencia-e-menor-peso\\\/#breadcrumb\"},\"inLanguage\":\"pt-BR\",\"potentialAction\":[{\"@type\":\"ReadAction\",\"target\":[\"https:\\\/\\\/dana.com.br\\\/canaldana\\\/2023\\\/01\\\/30\\\/bmw-apresenta-nova-versao-do-modelo-m3-competition-com-maior-potencia-e-menor-peso\\\/\"]}]},{\"@type\":\"BreadcrumbList\",\"@id\":\"https:\\\/\\\/dana.com.br\\\/canaldana\\\/2023\\\/01\\\/30\\\/bmw-apresenta-nova-versao-do-modelo-m3-competition-com-maior-potencia-e-menor-peso\\\/#breadcrumb\",\"itemListElement\":[{\"@type\":\"ListItem\",\"position\":1,\"name\":\"Home\",\"item\":\"https:\\\/\\\/dana.com.br\\\/canaldana\\\/\"},{\"@type\":\"ListItem\",\"position\":2,\"name\":\"Mercado\",\"item\":\"https:\\\/\\\/dana.com.br\\\/canaldana\\\/mercado\\\/\"},{\"@type\":\"ListItem\",\"position\":3,\"name\":\"BMW apresenta nova vers\u00e3o do modelo M3 Competition com maior pot\u00eancia e menor peso\"}]},{\"@type\":\"WebSite\",\"@id\":\"https:\\\/\\\/dana.com.br\\\/canaldana\\\/#website\",\"url\":\"https:\\\/\\\/dana.com.br\\\/canaldana\\\/\",\"name\":\"Canal Dana\",\"description\":\"Informativo com as principais not\u00edcias da ind\u00fastria automotiva\",\"potentialAction\":[{\"@type\":\"SearchAction\",\"target\":{\"@type\":\"EntryPoint\",\"urlTemplate\":\"https:\\\/\\\/dana.com.br\\\/canaldana\\\/?s={search_term_string}\"},\"query-input\":{\"@type\":\"PropertyValueSpecification\",\"valueRequired\":true,\"valueName\":\"search_term_string\"}}],\"inLanguage\":\"pt-BR\"},{\"@type\":\"Person\",\"@id\":\"https:\\\/\\\/dana.com.br\\\/canaldana\\\/#\\\/schema\\\/person\\\/3c21f22f56fcf3bc46b94bc60ea4fef6\",\"name\":\"Canal Dana\",\"image\":{\"@type\":\"ImageObject\",\"inLanguage\":\"pt-BR\",\"@id\":\"https:\\\/\\\/secure.gravatar.com\\\/avatar\\\/420aaf9278582877d9018637c6817617705899d2858d7572ef0fe59a6b6454b4?s=96&d=mm&r=g\",\"url\":\"https:\\\/\\\/secure.gravatar.com\\\/avatar\\\/420aaf9278582877d9018637c6817617705899d2858d7572ef0fe59a6b6454b4?s=96&d=mm&r=g\",\"contentUrl\":\"https:\\\/\\\/secure.gravatar.com\\\/avatar\\\/420aaf9278582877d9018637c6817617705899d2858d7572ef0fe59a6b6454b4?s=96&d=mm&r=g\",\"caption\":\"Canal Dana\"},\"url\":\"https:\\\/\\\/dana.com.br\\\/canaldana\\\/author\\\/cdeditor\\\/\"}]}<\/script>\n<!-- \/ Yoast SEO plugin. -->","yoast_head_json":{"title":"BMW apresenta nova vers\u00e3o do modelo M3 Competition com maior pot\u00eancia e menor peso - Canal Dana","robots":{"index":"index","follow":"follow","max-snippet":"max-snippet:-1","max-image-preview":"max-image-preview:large","max-video-preview":"max-video-preview:-1"},"canonical":"https:\/\/dana.com.br\/canaldana\/2023\/01\/30\/bmw-apresenta-nova-versao-do-modelo-m3-competition-com-maior-potencia-e-menor-peso\/","og_locale":"pt_BR","og_type":"article","og_title":"BMW apresenta nova vers\u00e3o do modelo M3 Competition com maior pot\u00eancia e menor peso - Canal Dana","og_description":"Aglomerado Digital &nbsp; A BMW oferecer\u00e1 o M3 CS em um n\u00famero limitado de c\u00f3pias, e os clientes poder\u00e3o contar com uma transmiss\u00e3o autom\u00e1tica de 8 marchas e tra\u00e7\u00e3o adaptativa em ambos os eixos (xDrive) com op\u00e7\u00e3o (i) de tra\u00e7\u00e3o apenas no eixo traseiro. &nbsp; No departamento M da BMW, usaram uma receita semelhante que\u2026 Leia mais \u00bb","og_url":"https:\/\/dana.com.br\/canaldana\/2023\/01\/30\/bmw-apresenta-nova-versao-do-modelo-m3-competition-com-maior-potencia-e-menor-peso\/","og_site_name":"Canal Dana","article_published_time":"2023-01-30T11:27:03+00:00","author":"Canal Dana","twitter_card":"summary_large_image","twitter_misc":{"Escrito por":"Canal Dana","Est. tempo de leitura":"2 minutos"},"schema":{"@context":"https:\/\/schema.org","@graph":[{"@type":"Article","@id":"https:\/\/dana.com.br\/canaldana\/2023\/01\/30\/bmw-apresenta-nova-versao-do-modelo-m3-competition-com-maior-potencia-e-menor-peso\/#article","isPartOf":{"@id":"https:\/\/dana.com.br\/canaldana\/2023\/01\/30\/bmw-apresenta-nova-versao-do-modelo-m3-competition-com-maior-potencia-e-menor-peso\/"},"author":{"name":"Canal Dana","@id":"https:\/\/dana.com.br\/canaldana\/#\/schema\/person\/3c21f22f56fcf3bc46b94bc60ea4fef6"},"headline":"BMW apresenta nova vers\u00e3o do modelo M3 Competition com maior pot\u00eancia e menor peso","datePublished":"2023-01-30T11:27:03+00:00","mainEntityOfPage":{"@id":"https:\/\/dana.com.br\/canaldana\/2023\/01\/30\/bmw-apresenta-nova-versao-do-modelo-m3-competition-com-maior-potencia-e-menor-peso\/"},"wordCount":291,"articleSection":["Mercado"],"inLanguage":"pt-BR"},{"@type":"WebPage","@id":"https:\/\/dana.com.br\/canaldana\/2023\/01\/30\/bmw-apresenta-nova-versao-do-modelo-m3-competition-com-maior-potencia-e-menor-peso\/","url":"https:\/\/dana.com.br\/canaldana\/2023\/01\/30\/bmw-apresenta-nova-versao-do-modelo-m3-competition-com-maior-potencia-e-menor-peso\/","name":"BMW apresenta nova vers\u00e3o do modelo M3 Competition com maior pot\u00eancia e menor peso - Canal Dana","isPartOf":{"@id":"https:\/\/dana.com.br\/canaldana\/#website"},"datePublished":"2023-01-30T11:27:03+00:00","author":{"@id":"https:\/\/dana.com.br\/canaldana\/#\/schema\/person\/3c21f22f56fcf3bc46b94bc60ea4fef6"},"breadcrumb":{"@id":"https:\/\/dana.com.br\/canaldana\/2023\/01\/30\/bmw-apresenta-nova-versao-do-modelo-m3-competition-com-maior-potencia-e-menor-peso\/#breadcrumb"},"inLanguage":"pt-BR","potentialAction":[{"@type":"ReadAction","target":["https:\/\/dana.com.br\/canaldana\/2023\/01\/30\/bmw-apresenta-nova-versao-do-modelo-m3-competition-com-maior-potencia-e-menor-peso\/"]}]},{"@type":"BreadcrumbList","@id":"https:\/\/dana.com.br\/canaldana\/2023\/01\/30\/bmw-apresenta-nova-versao-do-modelo-m3-competition-com-maior-potencia-e-menor-peso\/#breadcrumb","itemListElement":[{"@type":"ListItem","position":1,"name":"Home","item":"https:\/\/dana.com.br\/canaldana\/"},{"@type":"ListItem","position":2,"name":"Mercado","item":"https:\/\/dana.com.br\/canaldana\/mercado\/"},{"@type":"ListItem","position":3,"name":"BMW apresenta nova vers\u00e3o do modelo M3 Competition com maior pot\u00eancia e menor peso"}]},{"@type":"WebSite","@id":"https:\/\/dana.com.br\/canaldana\/#website","url":"https:\/\/dana.com.br\/canaldana\/","name":"Canal Dana","description":"Informativo com as principais not\u00edcias da ind\u00fastria automotiva","potentialAction":[{"@type":"SearchAction","target":{"@type":"EntryPoint","urlTemplate":"https:\/\/dana.com.br\/canaldana\/?s={search_term_string}"},"query-input":{"@type":"PropertyValueSpecification","valueRequired":true,"valueName":"search_term_string"}}],"inLanguage":"pt-BR"},{"@type":"Person","@id":"https:\/\/dana.com.br\/canaldana\/#\/schema\/person\/3c21f22f56fcf3bc46b94bc60ea4fef6","name":"Canal Dana","image":{"@type":"ImageObject","inLanguage":"pt-BR","@id":"https:\/\/secure.gravatar.com\/avatar\/420aaf9278582877d9018637c6817617705899d2858d7572ef0fe59a6b6454b4?s=96&d=mm&r=g","url":"https:\/\/secure.gravatar.com\/avatar\/420aaf9278582877d9018637c6817617705899d2858d7572ef0fe59a6b6454b4?s=96&d=mm&r=g","contentUrl":"https:\/\/secure.gravatar.com\/avatar\/420aaf9278582877d9018637c6817617705899d2858d7572ef0fe59a6b6454b4?s=96&d=mm&r=g","caption":"Canal Dana"},"url":"https:\/\/dana.com.br\/canaldana\/author\/cdeditor\/"}]}},"_links":{"self":[{"href":"https:\/\/dana.com.br\/canaldana\/wp-json\/wp\/v2\/posts\/63478","targetHints":{"allow":["GET"]}}],"collection":[{"href":"https:\/\/dana.com.br\/canaldana\/wp-json\/wp\/v2\/posts"}],"about":[{"href":"https:\/\/dana.com.br\/canaldana\/wp-json\/wp\/v2\/types\/post"}],"author":[{"embeddable":true,"href":"https:\/\/dana.com.br\/canaldana\/wp-json\/wp\/v2\/users\/3"}],"replies":[{"embeddable":true,"href":"https:\/\/dana.com.br\/canaldana\/wp-json\/wp\/v2\/comments?post=63478"}],"version-history":[{"count":0,"href":"https:\/\/dana.com.br\/canaldana\/wp-json\/wp\/v2\/posts\/63478\/revisions"}],"wp:attachment":[{"href":"https:\/\/dana.com.br\/canaldana\/wp-json\/wp\/v2\/media?parent=63478"}],"wp:term":[{"taxonomy":"category","embeddable":true,"href":"https:\/\/dana.com.br\/canaldana\/wp-json\/wp\/v2\/categories?post=63478"},{"taxonomy":"post_tag","embeddable":true,"href":"https:\/\/dana.com.br\/canaldana\/wp-json\/wp\/v2\/tags?post=63478"}],"curies":[{"name":"wp","href":"https:\/\/api.w.org\/{rel}","templated":true}]}}