{"id":63476,"date":"2023-01-30T08:26:23","date_gmt":"2023-01-30T11:26:23","guid":{"rendered":"https:\/\/dana.com.br\/canaldana\/?p=63476"},"modified":"2023-01-30T08:26:23","modified_gmt":"2023-01-30T11:26:23","slug":"investimento-em-carros-eletricos-caminho-para-reindustrializacao","status":"publish","type":"post","link":"https:\/\/dana.com.br\/canaldana\/2023\/01\/30\/investimento-em-carros-eletricos-caminho-para-reindustrializacao\/","title":{"rendered":"Investimento em carros el\u00e9tricos: caminho para reindustrializa\u00e7\u00e3o"},"content":{"rendered":"<p><em>Portal da Autope\u00e7as<\/em><\/p>\n<p>&nbsp;<\/p>\n<p>A revitaliza\u00e7\u00e3o da ind\u00fastria no Brasil \u00e9 crucial para alcan\u00e7ar o progresso sustent\u00e1vel e equidade social. Essa \u00e9 a vis\u00e3o defendida pela atual administra\u00e7\u00e3o do Minist\u00e9rio do Desenvolvimento, Ind\u00fastria, Com\u00e9rcio e Servi\u00e7os (MDIC), que estabeleceu como objetivo principal o fortalecimento da cadeia industrial nacional, com o objetivo de aumentar as exporta\u00e7\u00f5es do pa\u00eds. Um dos desafios mais importantes desse plano \u00e9 a promo\u00e7\u00e3o do setor de ve\u00edculos el\u00e9tricos no Brasil.<\/p>\n<p>&nbsp;<\/p>\n<p>Segundo Ricardo David, s\u00f3cio-diretor da Elev, uma empresa que desenvolve solu\u00e7\u00f5es para todo o ecossistema de mobilidade el\u00e9trica, ainda \u00e9 necess\u00e1rio um plano de desenvolvimento do setor a n\u00edvel nacional. \u201cEu acredito que o segmento poderia se beneficiar muito com um plano nacional que abranja desde os aspectos log\u00edsticos at\u00e9 quest\u00f5es relacionadas \u00e0 exporta\u00e7\u00e3o de carros e \u00f4nibus el\u00e9tricos. N\u00f3s estamos atrasados na corrida pela eletrifica\u00e7\u00e3o e precisamos desenvolver o setor, especialmente porque temos a capacidade de produ\u00e7\u00e3o para sermos autossuficientes nessa ind\u00fastria\u201d, disse o executivo.<\/p>\n<p>&nbsp;<\/p>\n<p>Recentemente, o vice-presidente e ministro do MDIC, Geraldo Alckmin, enfatizou a necessidade de criar uma pol\u00edtica moderna de desenvolvimento industrial. Ele destacou a cria\u00e7\u00e3o da Secretaria de Economia Verde, Descarboniza\u00e7\u00e3o e Bioind\u00fastria, que trabalhar\u00e1 em conjunto com o Minist\u00e9rio do Meio Ambiente. Uma das principais estrat\u00e9gias para alcan\u00e7ar essas metas pode ser a eletrifica\u00e7\u00e3o das frotas.<\/p>\n<p>&nbsp;<\/p>\n<p>No entanto, o Brasil ainda est\u00e1 em sua fase inicial quando se trata de eletrifica\u00e7\u00e3o. Apesar disso, o pa\u00eds tem apresentado crescimento no seu mercado interno. Os dados da Associa\u00e7\u00e3o Brasileira do Ve\u00edculo El\u00e9trico (ABVE) mostram que as vendas de ve\u00edculos eletrificados (h\u00edbridos, h\u00edbridos plug-in e el\u00e9tricos) no Brasil encerraram em 2022 com um aumento recorde de 41% em compara\u00e7\u00e3o com o ano anterior. A frota atual de ve\u00edculos eletrificados no pa\u00eds \u00e9 de 126.504 unidades, incluindo carros h\u00edbridos (HEV), h\u00edbridos plug-in (PHEV) e totalmente el\u00e9tricos (BEV).<\/p>\n<p>&nbsp;<\/p>\n<p>\u201cOs resultados s\u00e3o positivos, mas ainda est\u00e3o muito distantes do desejado, especialmente quando observamos o mercado como um todo. Somente com o desenvolvimento sustent\u00e1vel da ind\u00fastria automobil\u00edstica poderemos alcan\u00e7ar a independ\u00eancia no setor,\u201d explica o executivo. Os ve\u00edculos el\u00e9tricos (BEV) foram destaque entre os eletrificados, encerrando o ano passado com 8.460 unidades vendidas, representando 17% do total de eletrificados.<\/p>\n<p>&nbsp;<\/p>\n<p>\u201cUm dos pontos que devemos considerar \u00e9 a possibilidade de vermos cada vez mais ind\u00fastrias voltadas para a produ\u00e7\u00e3o de ve\u00edculos el\u00e9tricos, carregadores e baterias. Isso significa emprego e crescimento sustent\u00e1vel. Algo que podemos exportar para os pa\u00edses vizinhos da Am\u00e9rica do Sul. Mas tudo passa pelo apoio do Estado a esses segmentos privados\u201d, aponta Ricardo David.<\/p>\n<p>&nbsp;<\/p>\n<p>Alguns fabricantes de autom\u00f3veis que j\u00e1 anunciaram planos para produzir ve\u00edculos eletrificados no Brasil incluem a Great Wall Motor, a CAOA Chery e a BYD. A Great Wall Motor planeja produzir ve\u00edculos el\u00e9tricos e h\u00edbridos no pa\u00eds e j\u00e1 selecionou uma localidade para construir sua f\u00e1brica, a CAOA Chery anunciou que planeja investir em ve\u00edculos el\u00e9tricos no Brasil, e a BYD est\u00e1 em negocia\u00e7\u00e3o para construir um complexo para produzir autom\u00f3veis el\u00e9tricos e h\u00edbridos no pa\u00eds.<\/p>\n<p>&nbsp;<\/p>\n<p><strong>Sobre a Elev<\/strong><\/p>\n<p>&nbsp;<\/p>\n<p>Fundada em 2021, a ELEV \u00e9 uma empresa que oferece ao mercado solu\u00e7\u00f5es para o ecossistema de mobilidade el\u00e9trica, desde o aplicativo que indica os eletropostos pelo pa\u00eds, at\u00e9 a implanta\u00e7\u00e3o de pontos de carregamento el\u00e9trico e atua\u00e7\u00e3o em Pesquisa e Desenvolvimento. (Portal da Autope\u00e7as)<\/p>\n","protected":false},"excerpt":{"rendered":"<p>Portal da Autope\u00e7as &nbsp; A revitaliza\u00e7\u00e3o da ind\u00fastria no Brasil \u00e9 crucial para alcan\u00e7ar o progresso sustent\u00e1vel e equidade social. Essa \u00e9 a vis\u00e3o defendida pela atual administra\u00e7\u00e3o do Minist\u00e9rio do Desenvolvimento, Ind\u00fastria, Com\u00e9rcio e Servi\u00e7os (MDIC), que estabeleceu como objetivo principal o fortalecimento da cadeia industrial nacional, com o objetivo de aumentar as exporta\u00e7\u00f5es\u2026 <a class=\"readmore\" href=\"https:\/\/dana.com.br\/canaldana\/2023\/01\/30\/investimento-em-carros-eletricos-caminho-para-reindustrializacao\/\">Leia mais \u00bb<\/a><\/p>\n","protected":false},"author":3,"featured_media":0,"comment_status":"closed","ping_status":"closed","sticky":false,"template":"","format":"standard","meta":{"_acf_changed":false,"footnotes":""},"categories":[110],"tags":[],"class_list":["post-63476","post","type-post","status-publish","format-standard","hentry","category-eletricos"],"acf":[],"yoast_head":"<!-- This site is optimized with the Yoast SEO plugin v27.3 - https:\/\/yoast.com\/product\/yoast-seo-wordpress\/ -->\n<title>Investimento em carros el\u00e9tricos: caminho para reindustrializa\u00e7\u00e3o - Canal Dana<\/title>\n<meta name=\"robots\" content=\"index, follow, max-snippet:-1, max-image-preview:large, max-video-preview:-1\" \/>\n<link rel=\"canonical\" href=\"https:\/\/dana.com.br\/canaldana\/2023\/01\/30\/investimento-em-carros-eletricos-caminho-para-reindustrializacao\/\" \/>\n<meta property=\"og:locale\" content=\"pt_BR\" \/>\n<meta property=\"og:type\" content=\"article\" \/>\n<meta property=\"og:title\" content=\"Investimento em carros el\u00e9tricos: caminho para reindustrializa\u00e7\u00e3o - Canal Dana\" \/>\n<meta property=\"og:description\" content=\"Portal da Autope\u00e7as &nbsp; A revitaliza\u00e7\u00e3o da ind\u00fastria no Brasil \u00e9 crucial para alcan\u00e7ar o progresso sustent\u00e1vel e equidade social. Essa \u00e9 a vis\u00e3o defendida pela atual administra\u00e7\u00e3o do Minist\u00e9rio do Desenvolvimento, Ind\u00fastria, Com\u00e9rcio e Servi\u00e7os (MDIC), que estabeleceu como objetivo principal o fortalecimento da cadeia industrial nacional, com o objetivo de aumentar as exporta\u00e7\u00f5es\u2026 Leia mais \u00bb\" \/>\n<meta property=\"og:url\" content=\"https:\/\/dana.com.br\/canaldana\/2023\/01\/30\/investimento-em-carros-eletricos-caminho-para-reindustrializacao\/\" \/>\n<meta property=\"og:site_name\" content=\"Canal Dana\" \/>\n<meta property=\"article:published_time\" content=\"2023-01-30T11:26:23+00:00\" \/>\n<meta name=\"author\" content=\"Canal Dana\" \/>\n<meta name=\"twitter:card\" content=\"summary_large_image\" \/>\n<meta name=\"twitter:label1\" content=\"Escrito por\" \/>\n\t<meta name=\"twitter:data1\" content=\"Canal Dana\" \/>\n\t<meta name=\"twitter:label2\" content=\"Est. tempo de leitura\" \/>\n\t<meta name=\"twitter:data2\" content=\"3 minutos\" \/>\n<script type=\"application\/ld+json\" class=\"yoast-schema-graph\">{\"@context\":\"https:\\\/\\\/schema.org\",\"@graph\":[{\"@type\":\"Article\",\"@id\":\"https:\\\/\\\/dana.com.br\\\/canaldana\\\/2023\\\/01\\\/30\\\/investimento-em-carros-eletricos-caminho-para-reindustrializacao\\\/#article\",\"isPartOf\":{\"@id\":\"https:\\\/\\\/dana.com.br\\\/canaldana\\\/2023\\\/01\\\/30\\\/investimento-em-carros-eletricos-caminho-para-reindustrializacao\\\/\"},\"author\":{\"name\":\"Canal Dana\",\"@id\":\"https:\\\/\\\/dana.com.br\\\/canaldana\\\/#\\\/schema\\\/person\\\/3c21f22f56fcf3bc46b94bc60ea4fef6\"},\"headline\":\"Investimento em carros el\u00e9tricos: caminho para reindustrializa\u00e7\u00e3o\",\"datePublished\":\"2023-01-30T11:26:23+00:00\",\"mainEntityOfPage\":{\"@id\":\"https:\\\/\\\/dana.com.br\\\/canaldana\\\/2023\\\/01\\\/30\\\/investimento-em-carros-eletricos-caminho-para-reindustrializacao\\\/\"},\"wordCount\":635,\"articleSection\":[\"El\u00e9tricos\"],\"inLanguage\":\"pt-BR\"},{\"@type\":\"WebPage\",\"@id\":\"https:\\\/\\\/dana.com.br\\\/canaldana\\\/2023\\\/01\\\/30\\\/investimento-em-carros-eletricos-caminho-para-reindustrializacao\\\/\",\"url\":\"https:\\\/\\\/dana.com.br\\\/canaldana\\\/2023\\\/01\\\/30\\\/investimento-em-carros-eletricos-caminho-para-reindustrializacao\\\/\",\"name\":\"Investimento em carros el\u00e9tricos: caminho para reindustrializa\u00e7\u00e3o - Canal Dana\",\"isPartOf\":{\"@id\":\"https:\\\/\\\/dana.com.br\\\/canaldana\\\/#website\"},\"datePublished\":\"2023-01-30T11:26:23+00:00\",\"author\":{\"@id\":\"https:\\\/\\\/dana.com.br\\\/canaldana\\\/#\\\/schema\\\/person\\\/3c21f22f56fcf3bc46b94bc60ea4fef6\"},\"breadcrumb\":{\"@id\":\"https:\\\/\\\/dana.com.br\\\/canaldana\\\/2023\\\/01\\\/30\\\/investimento-em-carros-eletricos-caminho-para-reindustrializacao\\\/#breadcrumb\"},\"inLanguage\":\"pt-BR\",\"potentialAction\":[{\"@type\":\"ReadAction\",\"target\":[\"https:\\\/\\\/dana.com.br\\\/canaldana\\\/2023\\\/01\\\/30\\\/investimento-em-carros-eletricos-caminho-para-reindustrializacao\\\/\"]}]},{\"@type\":\"BreadcrumbList\",\"@id\":\"https:\\\/\\\/dana.com.br\\\/canaldana\\\/2023\\\/01\\\/30\\\/investimento-em-carros-eletricos-caminho-para-reindustrializacao\\\/#breadcrumb\",\"itemListElement\":[{\"@type\":\"ListItem\",\"position\":1,\"name\":\"Home\",\"item\":\"https:\\\/\\\/dana.com.br\\\/canaldana\\\/\"},{\"@type\":\"ListItem\",\"position\":2,\"name\":\"El\u00e9tricos\",\"item\":\"https:\\\/\\\/dana.com.br\\\/canaldana\\\/eletricos\\\/\"},{\"@type\":\"ListItem\",\"position\":3,\"name\":\"Investimento em carros el\u00e9tricos: caminho para reindustrializa\u00e7\u00e3o\"}]},{\"@type\":\"WebSite\",\"@id\":\"https:\\\/\\\/dana.com.br\\\/canaldana\\\/#website\",\"url\":\"https:\\\/\\\/dana.com.br\\\/canaldana\\\/\",\"name\":\"Canal Dana\",\"description\":\"Informativo com as principais not\u00edcias da ind\u00fastria automotiva\",\"potentialAction\":[{\"@type\":\"SearchAction\",\"target\":{\"@type\":\"EntryPoint\",\"urlTemplate\":\"https:\\\/\\\/dana.com.br\\\/canaldana\\\/?s={search_term_string}\"},\"query-input\":{\"@type\":\"PropertyValueSpecification\",\"valueRequired\":true,\"valueName\":\"search_term_string\"}}],\"inLanguage\":\"pt-BR\"},{\"@type\":\"Person\",\"@id\":\"https:\\\/\\\/dana.com.br\\\/canaldana\\\/#\\\/schema\\\/person\\\/3c21f22f56fcf3bc46b94bc60ea4fef6\",\"name\":\"Canal Dana\",\"image\":{\"@type\":\"ImageObject\",\"inLanguage\":\"pt-BR\",\"@id\":\"https:\\\/\\\/secure.gravatar.com\\\/avatar\\\/420aaf9278582877d9018637c6817617705899d2858d7572ef0fe59a6b6454b4?s=96&d=mm&r=g\",\"url\":\"https:\\\/\\\/secure.gravatar.com\\\/avatar\\\/420aaf9278582877d9018637c6817617705899d2858d7572ef0fe59a6b6454b4?s=96&d=mm&r=g\",\"contentUrl\":\"https:\\\/\\\/secure.gravatar.com\\\/avatar\\\/420aaf9278582877d9018637c6817617705899d2858d7572ef0fe59a6b6454b4?s=96&d=mm&r=g\",\"caption\":\"Canal Dana\"},\"url\":\"https:\\\/\\\/dana.com.br\\\/canaldana\\\/author\\\/cdeditor\\\/\"}]}<\/script>\n<!-- \/ Yoast SEO plugin. -->","yoast_head_json":{"title":"Investimento em carros el\u00e9tricos: caminho para reindustrializa\u00e7\u00e3o - Canal Dana","robots":{"index":"index","follow":"follow","max-snippet":"max-snippet:-1","max-image-preview":"max-image-preview:large","max-video-preview":"max-video-preview:-1"},"canonical":"https:\/\/dana.com.br\/canaldana\/2023\/01\/30\/investimento-em-carros-eletricos-caminho-para-reindustrializacao\/","og_locale":"pt_BR","og_type":"article","og_title":"Investimento em carros el\u00e9tricos: caminho para reindustrializa\u00e7\u00e3o - Canal Dana","og_description":"Portal da Autope\u00e7as &nbsp; A revitaliza\u00e7\u00e3o da ind\u00fastria no Brasil \u00e9 crucial para alcan\u00e7ar o progresso sustent\u00e1vel e equidade social. Essa \u00e9 a vis\u00e3o defendida pela atual administra\u00e7\u00e3o do Minist\u00e9rio do Desenvolvimento, Ind\u00fastria, Com\u00e9rcio e Servi\u00e7os (MDIC), que estabeleceu como objetivo principal o fortalecimento da cadeia industrial nacional, com o objetivo de aumentar as exporta\u00e7\u00f5es\u2026 Leia mais \u00bb","og_url":"https:\/\/dana.com.br\/canaldana\/2023\/01\/30\/investimento-em-carros-eletricos-caminho-para-reindustrializacao\/","og_site_name":"Canal Dana","article_published_time":"2023-01-30T11:26:23+00:00","author":"Canal Dana","twitter_card":"summary_large_image","twitter_misc":{"Escrito por":"Canal Dana","Est. tempo de leitura":"3 minutos"},"schema":{"@context":"https:\/\/schema.org","@graph":[{"@type":"Article","@id":"https:\/\/dana.com.br\/canaldana\/2023\/01\/30\/investimento-em-carros-eletricos-caminho-para-reindustrializacao\/#article","isPartOf":{"@id":"https:\/\/dana.com.br\/canaldana\/2023\/01\/30\/investimento-em-carros-eletricos-caminho-para-reindustrializacao\/"},"author":{"name":"Canal Dana","@id":"https:\/\/dana.com.br\/canaldana\/#\/schema\/person\/3c21f22f56fcf3bc46b94bc60ea4fef6"},"headline":"Investimento em carros el\u00e9tricos: caminho para reindustrializa\u00e7\u00e3o","datePublished":"2023-01-30T11:26:23+00:00","mainEntityOfPage":{"@id":"https:\/\/dana.com.br\/canaldana\/2023\/01\/30\/investimento-em-carros-eletricos-caminho-para-reindustrializacao\/"},"wordCount":635,"articleSection":["El\u00e9tricos"],"inLanguage":"pt-BR"},{"@type":"WebPage","@id":"https:\/\/dana.com.br\/canaldana\/2023\/01\/30\/investimento-em-carros-eletricos-caminho-para-reindustrializacao\/","url":"https:\/\/dana.com.br\/canaldana\/2023\/01\/30\/investimento-em-carros-eletricos-caminho-para-reindustrializacao\/","name":"Investimento em carros el\u00e9tricos: caminho para reindustrializa\u00e7\u00e3o - Canal Dana","isPartOf":{"@id":"https:\/\/dana.com.br\/canaldana\/#website"},"datePublished":"2023-01-30T11:26:23+00:00","author":{"@id":"https:\/\/dana.com.br\/canaldana\/#\/schema\/person\/3c21f22f56fcf3bc46b94bc60ea4fef6"},"breadcrumb":{"@id":"https:\/\/dana.com.br\/canaldana\/2023\/01\/30\/investimento-em-carros-eletricos-caminho-para-reindustrializacao\/#breadcrumb"},"inLanguage":"pt-BR","potentialAction":[{"@type":"ReadAction","target":["https:\/\/dana.com.br\/canaldana\/2023\/01\/30\/investimento-em-carros-eletricos-caminho-para-reindustrializacao\/"]}]},{"@type":"BreadcrumbList","@id":"https:\/\/dana.com.br\/canaldana\/2023\/01\/30\/investimento-em-carros-eletricos-caminho-para-reindustrializacao\/#breadcrumb","itemListElement":[{"@type":"ListItem","position":1,"name":"Home","item":"https:\/\/dana.com.br\/canaldana\/"},{"@type":"ListItem","position":2,"name":"El\u00e9tricos","item":"https:\/\/dana.com.br\/canaldana\/eletricos\/"},{"@type":"ListItem","position":3,"name":"Investimento em carros el\u00e9tricos: caminho para reindustrializa\u00e7\u00e3o"}]},{"@type":"WebSite","@id":"https:\/\/dana.com.br\/canaldana\/#website","url":"https:\/\/dana.com.br\/canaldana\/","name":"Canal Dana","description":"Informativo com as principais not\u00edcias da ind\u00fastria automotiva","potentialAction":[{"@type":"SearchAction","target":{"@type":"EntryPoint","urlTemplate":"https:\/\/dana.com.br\/canaldana\/?s={search_term_string}"},"query-input":{"@type":"PropertyValueSpecification","valueRequired":true,"valueName":"search_term_string"}}],"inLanguage":"pt-BR"},{"@type":"Person","@id":"https:\/\/dana.com.br\/canaldana\/#\/schema\/person\/3c21f22f56fcf3bc46b94bc60ea4fef6","name":"Canal Dana","image":{"@type":"ImageObject","inLanguage":"pt-BR","@id":"https:\/\/secure.gravatar.com\/avatar\/420aaf9278582877d9018637c6817617705899d2858d7572ef0fe59a6b6454b4?s=96&d=mm&r=g","url":"https:\/\/secure.gravatar.com\/avatar\/420aaf9278582877d9018637c6817617705899d2858d7572ef0fe59a6b6454b4?s=96&d=mm&r=g","contentUrl":"https:\/\/secure.gravatar.com\/avatar\/420aaf9278582877d9018637c6817617705899d2858d7572ef0fe59a6b6454b4?s=96&d=mm&r=g","caption":"Canal Dana"},"url":"https:\/\/dana.com.br\/canaldana\/author\/cdeditor\/"}]}},"_links":{"self":[{"href":"https:\/\/dana.com.br\/canaldana\/wp-json\/wp\/v2\/posts\/63476","targetHints":{"allow":["GET"]}}],"collection":[{"href":"https:\/\/dana.com.br\/canaldana\/wp-json\/wp\/v2\/posts"}],"about":[{"href":"https:\/\/dana.com.br\/canaldana\/wp-json\/wp\/v2\/types\/post"}],"author":[{"embeddable":true,"href":"https:\/\/dana.com.br\/canaldana\/wp-json\/wp\/v2\/users\/3"}],"replies":[{"embeddable":true,"href":"https:\/\/dana.com.br\/canaldana\/wp-json\/wp\/v2\/comments?post=63476"}],"version-history":[{"count":0,"href":"https:\/\/dana.com.br\/canaldana\/wp-json\/wp\/v2\/posts\/63476\/revisions"}],"wp:attachment":[{"href":"https:\/\/dana.com.br\/canaldana\/wp-json\/wp\/v2\/media?parent=63476"}],"wp:term":[{"taxonomy":"category","embeddable":true,"href":"https:\/\/dana.com.br\/canaldana\/wp-json\/wp\/v2\/categories?post=63476"},{"taxonomy":"post_tag","embeddable":true,"href":"https:\/\/dana.com.br\/canaldana\/wp-json\/wp\/v2\/tags?post=63476"}],"curies":[{"name":"wp","href":"https:\/\/api.w.org\/{rel}","templated":true}]}}