{"id":63474,"date":"2023-01-30T08:25:37","date_gmt":"2023-01-30T11:25:37","guid":{"rendered":"https:\/\/dana.com.br\/canaldana\/?p=63474"},"modified":"2023-01-30T08:25:37","modified_gmt":"2023-01-30T11:25:37","slug":"automec-2023-abre-credenciamento-para-receber-80-mil-visitantes","status":"publish","type":"post","link":"https:\/\/dana.com.br\/canaldana\/2023\/01\/30\/automec-2023-abre-credenciamento-para-receber-80-mil-visitantes\/","title":{"rendered":"Automec 2023 abre credenciamento para receber 80 mil visitantes"},"content":{"rendered":"<p><em>Portal da Autope\u00e7as<\/em><\/p>\n<p>&nbsp;<\/p>\n<p>A Automec, maior evento do Aftermarket Automotivo da Am\u00e9rica Latina, vai ocupar todos os 8 pavilh\u00f5es do S\u00e3o Paulo Expo, somando uma \u00e1rea total de 100 mil m2, para atender a grande demanda de expositores da feira que ser\u00e1 realizada de 25 a 29 de abril de 2023. O evento tem o apoio das principais entidades setoriais \u2013 Sindipe\u00e7as, Sindirepa, Sincope\u00e7as, Andap\/Sicap \u2013 e conta com mais de 1.500 marcas expositoras. A edi\u00e7\u00e3o desse ano dever\u00e1 receber um p\u00fablico de 80.000 visitantes que al\u00e9m das novidades que ser\u00e3o apresentadas poder\u00e1 acompanhar ainda uma variedade de atividades e experi\u00eancias durante 5 dias.<\/p>\n<p>&nbsp;<\/p>\n<p>A edi\u00e7\u00e3o marcar\u00e1 a retomada, desde 2019, do principal palco de novidades e oportunidades de neg\u00f3cios do mercado de reposi\u00e7\u00e3o e repara\u00e7\u00e3o para ve\u00edculos leves, pesados e comerciais. A estimativa da organiza\u00e7\u00e3o da feira \u00e9 de um volume total de gera\u00e7\u00e3o de neg\u00f3cios da ordem de R$ 24 bilh\u00f5es.<\/p>\n<p>&nbsp;<\/p>\n<p>Entre as grandes marcas que j\u00e1 garantiram participa\u00e7\u00e3o na Automec para apresentar as suas novidades para o mercado est\u00e3o a Borgwarner, Bosch, Continental, Denso, Grupo Randon, Fras-le, KSPG, Magneti Marelli, Mahle Metal Leve, Sab\u00f3, Schaeffler, Tecnomotor, Valeo e ZF, al\u00e9m de v\u00e1rias outras.<\/p>\n<p>&nbsp;<\/p>\n<p><a href=\"https:\/\/portaldaautopeca.com.br\/wp-content\/uploads\/2023\/01\/Automec230111b_PADRAO_VIS_Credenciamento.html\" target=\"_blank\" rel=\"noopener\">Clique, credencie-se e saiba tudo sobre a Automec 2023<\/a>.<\/p>\n<p>&nbsp;<\/p>\n<p><strong>Automec Experience<\/strong><\/p>\n<p>&nbsp;<\/p>\n<p>Al\u00e9m das novidades das marcas expositoras, uma das principais atra\u00e7\u00f5es da feira ser\u00e1 a Automec Experience, que \u00e9 composta por espa\u00e7os de experi\u00eancia com oficinas modelo, espa\u00e7o de forma\u00e7\u00e3o de profissionais e arena de conte\u00fado. Ela ter\u00e1 uma programa\u00e7\u00e3o variada de demonstra\u00e7\u00f5es de produtos e servi\u00e7os do mercado de reposi\u00e7\u00e3o e repara\u00e7\u00e3o.<\/p>\n<p>&nbsp;<\/p>\n<p>Os visitantes poder\u00e3o se atualizar sobre as principais demandas e oportunidades do mercado durante a programa\u00e7\u00e3o di\u00e1ria da Automec Experience, que contar\u00e1 com apresenta\u00e7\u00f5es de empresas, entidades, especialistas e influenciadores do setor, e que ser\u00e1 anunciada brevemente. Para aproveitar a grande demanda desse mercado, a Automec vai promover tamb\u00e9m Rodadas de Neg\u00f3cios entre as empresas expositoras e compradores convidados que visam estreitar o relacionamento e acelerar o processo de negocia\u00e7\u00e3o entre eles.<\/p>\n<p>&nbsp;<\/p>\n<p>Na \u00e1rea Batistinha Experience, os visitantes poder\u00e3o acompanhar e tirar d\u00favidas relacionadas \u00e0 montagem de motor no laborat\u00f3rio com equipamentos de precis\u00e3o; polimento de pintura em carros especiais; alinhamento de dire\u00e7\u00e3o; montagem de pneus para customiza\u00e7\u00e3o, balanceamento de rodas; uso de scanner para diagn\u00f3stico eletr\u00f4nico; reparo r\u00e1pido de funilaria; instala\u00e7\u00e3o de acess\u00f3rios est\u00e9ticos na parte externa ve\u00edculo; soldas \u2013 sistema de escape e suportes customizados; cabine de pintura para carros inteiros ou cabine de pintura pequena para pe\u00e7as; al\u00e9m de outras experi\u00eancias e servi\u00e7os do mercado.<\/p>\n<p>&nbsp;<\/p>\n<p>A mesma \u00e1rea contar\u00e1 ainda com a exposi\u00e7\u00e3o do Mustang Shelby, preparado e customizado, que atingiu a velocidade m\u00e1xima de 381,2 km\/h, e do Corvette Track Day, para demonstra\u00e7\u00e3o das pe\u00e7as e da manuten\u00e7\u00e3o dos modelos.<\/p>\n<p>&nbsp;<\/p>\n<p>Outra atra\u00e7\u00e3o dentro da Automec Experience ser\u00e1 a arena do Senai\/IQA, onde os visitantes encontrar\u00e3o ambientes tem\u00e1ticos para acompanharem demonstra\u00e7\u00f5es di\u00e1rias de atividades pr\u00e1ticas em ve\u00edculo eletrificado com foco nos procedimentos de seguran\u00e7a; est\u00e9tica automotiva; sistema de condu\u00e7\u00e3o semiaut\u00f4noma (Sistema ADAS) com destaque para procedimentos de calibra\u00e7\u00e3o dos sensores\/radares. A arena ainda contar\u00e1 com um audit\u00f3rio com uma programa\u00e7\u00e3o de palestras envolvendo os temas mencionados.<\/p>\n<p>&nbsp;<\/p>\n<p>A RX, organizadora da Automec, abre hoje o credenciamento para o p\u00fablico da 15\u00aa Feira Internacional de Autope\u00e7as, Equipamentos e Servi\u00e7os. O credenciamento \u00e9 gratuito e deve ser feito pelo site www.automecfeira.com.br.<\/p>\n<p>&nbsp;<\/p>\n<p><strong>RX<\/strong><\/p>\n<p>&nbsp;<\/p>\n<p>A RX constr\u00f3i neg\u00f3cios para indiv\u00edduos, comunidades e organiza\u00e7\u00f5es. Usamos o poder dos eventos presenciais, combinando dados e produtos digitais para conectar pessoas oferecendo experi\u00eancias e oportunidades de neg\u00f3cios por meio de mais de 400 eventos realizados em 22 pa\u00edses e 43 diferentes setores da economia. \u00c9 apaixonada por causar impactos positivos na sociedade e est\u00e1 comprometida em criar um ambiente de trabalho inclusivo para todos. A RX faz parte da RELX, um provedor global de an\u00e1lises baseadas em informa\u00e7\u00f5es e ferramentas de decis\u00e3o para profissionais e clientes corporativos. RX Latam \u2013 In the business of building businesses <a href=\"http:\/\/www.rxglobal.com\" target=\"_blank\" rel=\"noopener\">www.rxglobal.com<\/a>. (Portal da Autope\u00e7as)<\/p>\n","protected":false},"excerpt":{"rendered":"<p>Portal da Autope\u00e7as &nbsp; A Automec, maior evento do Aftermarket Automotivo da Am\u00e9rica Latina, vai ocupar todos os 8 pavilh\u00f5es do S\u00e3o Paulo Expo, somando uma \u00e1rea total de 100 mil m2, para atender a grande demanda de expositores da feira que ser\u00e1 realizada de 25 a 29 de abril de 2023. O evento tem\u2026 <a class=\"readmore\" href=\"https:\/\/dana.com.br\/canaldana\/2023\/01\/30\/automec-2023-abre-credenciamento-para-receber-80-mil-visitantes\/\">Leia mais \u00bb<\/a><\/p>\n","protected":false},"author":3,"featured_media":0,"comment_status":"closed","ping_status":"closed","sticky":false,"template":"","format":"standard","meta":{"_acf_changed":false,"footnotes":""},"categories":[71],"tags":[],"class_list":["post-63474","post","type-post","status-publish","format-standard","hentry","category-automec"],"acf":[],"yoast_head":"<!-- This site is optimized with the Yoast SEO plugin v27.3 - https:\/\/yoast.com\/product\/yoast-seo-wordpress\/ -->\n<title>Automec 2023 abre credenciamento para receber 80 mil visitantes - Canal Dana<\/title>\n<meta name=\"robots\" content=\"index, follow, max-snippet:-1, max-image-preview:large, max-video-preview:-1\" \/>\n<link rel=\"canonical\" href=\"https:\/\/dana.com.br\/canaldana\/2023\/01\/30\/automec-2023-abre-credenciamento-para-receber-80-mil-visitantes\/\" \/>\n<meta property=\"og:locale\" content=\"pt_BR\" \/>\n<meta property=\"og:type\" content=\"article\" \/>\n<meta property=\"og:title\" content=\"Automec 2023 abre credenciamento para receber 80 mil visitantes - Canal Dana\" \/>\n<meta property=\"og:description\" content=\"Portal da Autope\u00e7as &nbsp; A Automec, maior evento do Aftermarket Automotivo da Am\u00e9rica Latina, vai ocupar todos os 8 pavilh\u00f5es do S\u00e3o Paulo Expo, somando uma \u00e1rea total de 100 mil m2, para atender a grande demanda de expositores da feira que ser\u00e1 realizada de 25 a 29 de abril de 2023. O evento tem\u2026 Leia mais \u00bb\" \/>\n<meta property=\"og:url\" content=\"https:\/\/dana.com.br\/canaldana\/2023\/01\/30\/automec-2023-abre-credenciamento-para-receber-80-mil-visitantes\/\" \/>\n<meta property=\"og:site_name\" content=\"Canal Dana\" \/>\n<meta property=\"article:published_time\" content=\"2023-01-30T11:25:37+00:00\" \/>\n<meta name=\"author\" content=\"Canal Dana\" \/>\n<meta name=\"twitter:card\" content=\"summary_large_image\" \/>\n<meta name=\"twitter:label1\" content=\"Escrito por\" \/>\n\t<meta name=\"twitter:data1\" content=\"Canal Dana\" \/>\n\t<meta name=\"twitter:label2\" content=\"Est. tempo de leitura\" \/>\n\t<meta name=\"twitter:data2\" content=\"4 minutos\" \/>\n<script type=\"application\/ld+json\" class=\"yoast-schema-graph\">{\"@context\":\"https:\\\/\\\/schema.org\",\"@graph\":[{\"@type\":\"Article\",\"@id\":\"https:\\\/\\\/dana.com.br\\\/canaldana\\\/2023\\\/01\\\/30\\\/automec-2023-abre-credenciamento-para-receber-80-mil-visitantes\\\/#article\",\"isPartOf\":{\"@id\":\"https:\\\/\\\/dana.com.br\\\/canaldana\\\/2023\\\/01\\\/30\\\/automec-2023-abre-credenciamento-para-receber-80-mil-visitantes\\\/\"},\"author\":{\"name\":\"Canal Dana\",\"@id\":\"https:\\\/\\\/dana.com.br\\\/canaldana\\\/#\\\/schema\\\/person\\\/3c21f22f56fcf3bc46b94bc60ea4fef6\"},\"headline\":\"Automec 2023 abre credenciamento para receber 80 mil visitantes\",\"datePublished\":\"2023-01-30T11:25:37+00:00\",\"mainEntityOfPage\":{\"@id\":\"https:\\\/\\\/dana.com.br\\\/canaldana\\\/2023\\\/01\\\/30\\\/automec-2023-abre-credenciamento-para-receber-80-mil-visitantes\\\/\"},\"wordCount\":750,\"articleSection\":[\"Automec\"],\"inLanguage\":\"pt-BR\"},{\"@type\":\"WebPage\",\"@id\":\"https:\\\/\\\/dana.com.br\\\/canaldana\\\/2023\\\/01\\\/30\\\/automec-2023-abre-credenciamento-para-receber-80-mil-visitantes\\\/\",\"url\":\"https:\\\/\\\/dana.com.br\\\/canaldana\\\/2023\\\/01\\\/30\\\/automec-2023-abre-credenciamento-para-receber-80-mil-visitantes\\\/\",\"name\":\"Automec 2023 abre credenciamento para receber 80 mil visitantes - Canal Dana\",\"isPartOf\":{\"@id\":\"https:\\\/\\\/dana.com.br\\\/canaldana\\\/#website\"},\"datePublished\":\"2023-01-30T11:25:37+00:00\",\"author\":{\"@id\":\"https:\\\/\\\/dana.com.br\\\/canaldana\\\/#\\\/schema\\\/person\\\/3c21f22f56fcf3bc46b94bc60ea4fef6\"},\"breadcrumb\":{\"@id\":\"https:\\\/\\\/dana.com.br\\\/canaldana\\\/2023\\\/01\\\/30\\\/automec-2023-abre-credenciamento-para-receber-80-mil-visitantes\\\/#breadcrumb\"},\"inLanguage\":\"pt-BR\",\"potentialAction\":[{\"@type\":\"ReadAction\",\"target\":[\"https:\\\/\\\/dana.com.br\\\/canaldana\\\/2023\\\/01\\\/30\\\/automec-2023-abre-credenciamento-para-receber-80-mil-visitantes\\\/\"]}]},{\"@type\":\"BreadcrumbList\",\"@id\":\"https:\\\/\\\/dana.com.br\\\/canaldana\\\/2023\\\/01\\\/30\\\/automec-2023-abre-credenciamento-para-receber-80-mil-visitantes\\\/#breadcrumb\",\"itemListElement\":[{\"@type\":\"ListItem\",\"position\":1,\"name\":\"Home\",\"item\":\"https:\\\/\\\/dana.com.br\\\/canaldana\\\/\"},{\"@type\":\"ListItem\",\"position\":2,\"name\":\"Automec\",\"item\":\"https:\\\/\\\/dana.com.br\\\/canaldana\\\/automec\\\/\"},{\"@type\":\"ListItem\",\"position\":3,\"name\":\"Automec 2023 abre credenciamento para receber 80 mil visitantes\"}]},{\"@type\":\"WebSite\",\"@id\":\"https:\\\/\\\/dana.com.br\\\/canaldana\\\/#website\",\"url\":\"https:\\\/\\\/dana.com.br\\\/canaldana\\\/\",\"name\":\"Canal Dana\",\"description\":\"Informativo com as principais not\u00edcias da ind\u00fastria automotiva\",\"potentialAction\":[{\"@type\":\"SearchAction\",\"target\":{\"@type\":\"EntryPoint\",\"urlTemplate\":\"https:\\\/\\\/dana.com.br\\\/canaldana\\\/?s={search_term_string}\"},\"query-input\":{\"@type\":\"PropertyValueSpecification\",\"valueRequired\":true,\"valueName\":\"search_term_string\"}}],\"inLanguage\":\"pt-BR\"},{\"@type\":\"Person\",\"@id\":\"https:\\\/\\\/dana.com.br\\\/canaldana\\\/#\\\/schema\\\/person\\\/3c21f22f56fcf3bc46b94bc60ea4fef6\",\"name\":\"Canal Dana\",\"image\":{\"@type\":\"ImageObject\",\"inLanguage\":\"pt-BR\",\"@id\":\"https:\\\/\\\/secure.gravatar.com\\\/avatar\\\/420aaf9278582877d9018637c6817617705899d2858d7572ef0fe59a6b6454b4?s=96&d=mm&r=g\",\"url\":\"https:\\\/\\\/secure.gravatar.com\\\/avatar\\\/420aaf9278582877d9018637c6817617705899d2858d7572ef0fe59a6b6454b4?s=96&d=mm&r=g\",\"contentUrl\":\"https:\\\/\\\/secure.gravatar.com\\\/avatar\\\/420aaf9278582877d9018637c6817617705899d2858d7572ef0fe59a6b6454b4?s=96&d=mm&r=g\",\"caption\":\"Canal Dana\"},\"url\":\"https:\\\/\\\/dana.com.br\\\/canaldana\\\/author\\\/cdeditor\\\/\"}]}<\/script>\n<!-- \/ Yoast SEO plugin. -->","yoast_head_json":{"title":"Automec 2023 abre credenciamento para receber 80 mil visitantes - Canal Dana","robots":{"index":"index","follow":"follow","max-snippet":"max-snippet:-1","max-image-preview":"max-image-preview:large","max-video-preview":"max-video-preview:-1"},"canonical":"https:\/\/dana.com.br\/canaldana\/2023\/01\/30\/automec-2023-abre-credenciamento-para-receber-80-mil-visitantes\/","og_locale":"pt_BR","og_type":"article","og_title":"Automec 2023 abre credenciamento para receber 80 mil visitantes - Canal Dana","og_description":"Portal da Autope\u00e7as &nbsp; A Automec, maior evento do Aftermarket Automotivo da Am\u00e9rica Latina, vai ocupar todos os 8 pavilh\u00f5es do S\u00e3o Paulo Expo, somando uma \u00e1rea total de 100 mil m2, para atender a grande demanda de expositores da feira que ser\u00e1 realizada de 25 a 29 de abril de 2023. O evento tem\u2026 Leia mais \u00bb","og_url":"https:\/\/dana.com.br\/canaldana\/2023\/01\/30\/automec-2023-abre-credenciamento-para-receber-80-mil-visitantes\/","og_site_name":"Canal Dana","article_published_time":"2023-01-30T11:25:37+00:00","author":"Canal Dana","twitter_card":"summary_large_image","twitter_misc":{"Escrito por":"Canal Dana","Est. tempo de leitura":"4 minutos"},"schema":{"@context":"https:\/\/schema.org","@graph":[{"@type":"Article","@id":"https:\/\/dana.com.br\/canaldana\/2023\/01\/30\/automec-2023-abre-credenciamento-para-receber-80-mil-visitantes\/#article","isPartOf":{"@id":"https:\/\/dana.com.br\/canaldana\/2023\/01\/30\/automec-2023-abre-credenciamento-para-receber-80-mil-visitantes\/"},"author":{"name":"Canal Dana","@id":"https:\/\/dana.com.br\/canaldana\/#\/schema\/person\/3c21f22f56fcf3bc46b94bc60ea4fef6"},"headline":"Automec 2023 abre credenciamento para receber 80 mil visitantes","datePublished":"2023-01-30T11:25:37+00:00","mainEntityOfPage":{"@id":"https:\/\/dana.com.br\/canaldana\/2023\/01\/30\/automec-2023-abre-credenciamento-para-receber-80-mil-visitantes\/"},"wordCount":750,"articleSection":["Automec"],"inLanguage":"pt-BR"},{"@type":"WebPage","@id":"https:\/\/dana.com.br\/canaldana\/2023\/01\/30\/automec-2023-abre-credenciamento-para-receber-80-mil-visitantes\/","url":"https:\/\/dana.com.br\/canaldana\/2023\/01\/30\/automec-2023-abre-credenciamento-para-receber-80-mil-visitantes\/","name":"Automec 2023 abre credenciamento para receber 80 mil visitantes - Canal Dana","isPartOf":{"@id":"https:\/\/dana.com.br\/canaldana\/#website"},"datePublished":"2023-01-30T11:25:37+00:00","author":{"@id":"https:\/\/dana.com.br\/canaldana\/#\/schema\/person\/3c21f22f56fcf3bc46b94bc60ea4fef6"},"breadcrumb":{"@id":"https:\/\/dana.com.br\/canaldana\/2023\/01\/30\/automec-2023-abre-credenciamento-para-receber-80-mil-visitantes\/#breadcrumb"},"inLanguage":"pt-BR","potentialAction":[{"@type":"ReadAction","target":["https:\/\/dana.com.br\/canaldana\/2023\/01\/30\/automec-2023-abre-credenciamento-para-receber-80-mil-visitantes\/"]}]},{"@type":"BreadcrumbList","@id":"https:\/\/dana.com.br\/canaldana\/2023\/01\/30\/automec-2023-abre-credenciamento-para-receber-80-mil-visitantes\/#breadcrumb","itemListElement":[{"@type":"ListItem","position":1,"name":"Home","item":"https:\/\/dana.com.br\/canaldana\/"},{"@type":"ListItem","position":2,"name":"Automec","item":"https:\/\/dana.com.br\/canaldana\/automec\/"},{"@type":"ListItem","position":3,"name":"Automec 2023 abre credenciamento para receber 80 mil visitantes"}]},{"@type":"WebSite","@id":"https:\/\/dana.com.br\/canaldana\/#website","url":"https:\/\/dana.com.br\/canaldana\/","name":"Canal Dana","description":"Informativo com as principais not\u00edcias da ind\u00fastria automotiva","potentialAction":[{"@type":"SearchAction","target":{"@type":"EntryPoint","urlTemplate":"https:\/\/dana.com.br\/canaldana\/?s={search_term_string}"},"query-input":{"@type":"PropertyValueSpecification","valueRequired":true,"valueName":"search_term_string"}}],"inLanguage":"pt-BR"},{"@type":"Person","@id":"https:\/\/dana.com.br\/canaldana\/#\/schema\/person\/3c21f22f56fcf3bc46b94bc60ea4fef6","name":"Canal Dana","image":{"@type":"ImageObject","inLanguage":"pt-BR","@id":"https:\/\/secure.gravatar.com\/avatar\/420aaf9278582877d9018637c6817617705899d2858d7572ef0fe59a6b6454b4?s=96&d=mm&r=g","url":"https:\/\/secure.gravatar.com\/avatar\/420aaf9278582877d9018637c6817617705899d2858d7572ef0fe59a6b6454b4?s=96&d=mm&r=g","contentUrl":"https:\/\/secure.gravatar.com\/avatar\/420aaf9278582877d9018637c6817617705899d2858d7572ef0fe59a6b6454b4?s=96&d=mm&r=g","caption":"Canal Dana"},"url":"https:\/\/dana.com.br\/canaldana\/author\/cdeditor\/"}]}},"_links":{"self":[{"href":"https:\/\/dana.com.br\/canaldana\/wp-json\/wp\/v2\/posts\/63474","targetHints":{"allow":["GET"]}}],"collection":[{"href":"https:\/\/dana.com.br\/canaldana\/wp-json\/wp\/v2\/posts"}],"about":[{"href":"https:\/\/dana.com.br\/canaldana\/wp-json\/wp\/v2\/types\/post"}],"author":[{"embeddable":true,"href":"https:\/\/dana.com.br\/canaldana\/wp-json\/wp\/v2\/users\/3"}],"replies":[{"embeddable":true,"href":"https:\/\/dana.com.br\/canaldana\/wp-json\/wp\/v2\/comments?post=63474"}],"version-history":[{"count":0,"href":"https:\/\/dana.com.br\/canaldana\/wp-json\/wp\/v2\/posts\/63474\/revisions"}],"wp:attachment":[{"href":"https:\/\/dana.com.br\/canaldana\/wp-json\/wp\/v2\/media?parent=63474"}],"wp:term":[{"taxonomy":"category","embeddable":true,"href":"https:\/\/dana.com.br\/canaldana\/wp-json\/wp\/v2\/categories?post=63474"},{"taxonomy":"post_tag","embeddable":true,"href":"https:\/\/dana.com.br\/canaldana\/wp-json\/wp\/v2\/tags?post=63474"}],"curies":[{"name":"wp","href":"https:\/\/api.w.org\/{rel}","templated":true}]}}