{"id":63469,"date":"2023-01-27T08:54:40","date_gmt":"2023-01-27T11:54:40","guid":{"rendered":"https:\/\/dana.com.br\/canaldana\/?p=63469"},"modified":"2023-01-27T08:54:40","modified_gmt":"2023-01-27T11:54:40","slug":"volvo-celebra-25-anos-de-producao-de-cabines-no-brasil","status":"publish","type":"post","link":"https:\/\/dana.com.br\/canaldana\/2023\/01\/27\/volvo-celebra-25-anos-de-producao-de-cabines-no-brasil\/","title":{"rendered":"Volvo celebra 25 anos de produ\u00e7\u00e3o de cabines no Brasil"},"content":{"rendered":"<p><em>Truck&amp; Bus Builder Am\u00e9rica do Sul<\/em><\/p>\n<p>&nbsp;<\/p>\n<p>Instalada dentro do complexo industrial da marca em Curitiba (PR), a f\u00e1brica de cabines da Volvo Trucks no Brasil \u00e9 uma das mais modernas do grupo no mundo, com elevada automa\u00e7\u00e3o e avan\u00e7ados processos de ind\u00fastria 4.0. Em 25 anos, a planta alcan\u00e7ou a marca de 368 mil unidades produzidas.<\/p>\n<p>&nbsp;<\/p>\n<p>Constru\u00edda para a manufatura local das cabines do caminh\u00e3o Volvo FH, nacionalizado em 1998, a planta foi um ponto de inflex\u00e3o na hist\u00f3ria da Volvo na Am\u00e9rica Latina. Com ela, a marca ampliou seus neg\u00f3cios na regi\u00e3o, com novos ve\u00edculos e tecnologias avan\u00e7adas. \u201cH\u00e1 25 anos, a produ\u00e7\u00e3o de cabines no Brasil era um sonho. Foi nosso ingresso numa nova era de caminh\u00f5es, que representava uma ousada revolu\u00e7\u00e3o tecnol\u00f3gica\u201d, lembra Cyro Martins, vice-presidente de opera\u00e7\u00f5es industriais da Volvo na Am\u00e9rica Latina.<\/p>\n<p>&nbsp;<\/p>\n<p>De 1980, quando iniciou a produ\u00e7\u00e3o de caminh\u00f5es no pa\u00eds, at\u00e9 1997, a Volvo terceirizava a fabrica\u00e7\u00e3o das cabines dos ve\u00edculos das linhas N e NL. A constru\u00e7\u00e3o da nova unidade de produ\u00e7\u00e3o fez parte de uma expans\u00e3o industrial robusta que demandou, naquele per\u00edodo, cerca de US$ 400 milh\u00f5es em investimentos, o maior volume de recursos aplicados pela Volvo desde sua funda\u00e7\u00e3o no Brasil. A amplia\u00e7\u00e3o do parque fabril provocou uma mudan\u00e7a significativa nos neg\u00f3cios e na arquitetura industrial da marca. Foi a partir dali que a opera\u00e7\u00e3o brasileira come\u00e7ou a ter a capacidade de produzir os mais avan\u00e7ados caminh\u00f5es do planeta, o mesmo dispon\u00edvel nos mercados mundiais mais exigentes, com um grau de tecnologia embarcada nunca visto no pa\u00eds.<\/p>\n<p>&nbsp;<\/p>\n<p><strong>Incubadora de ideias<\/strong><\/p>\n<p>&nbsp;<\/p>\n<p>Atualmente com 515 funcion\u00e1rios ligados diretamente \u00e0 sua opera\u00e7\u00e3o, a unidade sempre foi altamente robotizada. Por isso, a f\u00e1brica de cabines \u00e9 uma grande incubadora de ideias, com a introdu\u00e7\u00e3o de conceitos de uso de realidade virtual e aumentada, big data, internet das coisas, rob\u00f4s aut\u00f4nomos e diversas outras iniciativas que comp\u00f5em o que \u00e9 chamado de ind\u00fastria 4.0. \u201cAinda hoje \u00e9 a unidade mais automatizada do complexo da Volvo em Curitiba\u201d, destaca Cyro Martins. Ao todo, s\u00e3o 85 rob\u00f4s e diversos outros dispositivos que funcionam de forma aut\u00f4noma, para mais seguran\u00e7a, qualidade e conforto ergon\u00f4mico para os funcion\u00e1rios.<\/p>\n<p>&nbsp;<\/p>\n<p>A unidade \u00e9 respons\u00e1vel tanto pela solda como pela pintura das cabines. Al\u00e9m disso, faz pintura de elementos pl\u00e1sticos, culminando em solu\u00e7\u00f5es que s\u00e3o aproveitadas tamb\u00e9m por outras f\u00e1bricas da Volvo no mundo. \u00c9 o caso, por exemplo, do processo do painel frontal dos novos caminh\u00f5es Volvo Euro 6, que t\u00eam partes pl\u00e1sticas e met\u00e1licas pintadas em igual tonalidade.<\/p>\n<p>&nbsp;<\/p>\n<p>Al\u00e9m da produ\u00e7\u00e3o di\u00e1ria para atender as demandas dos caminh\u00f5es zero km, a f\u00e1brica tamb\u00e9m opera no atendimento de pe\u00e7as de p\u00f3s-venda, desde a produ\u00e7\u00e3o do conjunto completo de uma cabine de reposi\u00e7\u00e3o at\u00e9 componentes espec\u00edficos. Na f\u00e1brica, as linhas atendem a produ\u00e7\u00e3o de caminh\u00f5es FH, FM, FMX, VM e VMX, com in\u00fameras varia\u00e7\u00f5es. Al\u00e9m disso, ainda \u00e9 poss\u00edvel a entrega de cabines com at\u00e9 100 cores diferentes, entre tonalidades s\u00f3lidas e met\u00e1licas. Mas apesar de toda essa variabilidade, em 2022, ano em que a unidade bateu seu recorde hist\u00f3rico com a produ\u00e7\u00e3o de mais de 32 mil unidades, 70% das cabines foram entregues na cor branca, ainda uma prefer\u00eancia not\u00e1vel do mercado transportador.<\/p>\n<p>&nbsp;<\/p>\n<p><strong>Sustentabilidade e inclus\u00e3o<\/strong><\/p>\n<p>&nbsp;<\/p>\n<p>Com forte voca\u00e7\u00e3o para inova\u00e7\u00e3o, a f\u00e1brica de cabines tem dedicado especial aten\u00e7\u00e3o tamb\u00e9m aos projetos voltados \u00e0 sustentabilidade. \u201cTodos os dias nos perguntamos como tornar o futuro mais seguro, mais sustent\u00e1vel e mais humano, premissas de nosso compromisso com um futuro mais Volvo. Assim, os fluxos s\u00e3o constantemente avaliados, para que possamos ter processos ambientalmente mais adequados, mais \u00e1geis e produtivos\u201d, destaca Carlos Lima, gerente de produ\u00e7\u00e3o de cabines. \u201cTemos aqui tamb\u00e9m um interesse muito forte em fortalecer a diversidade. Em nosso time h\u00e1, por exemplo, PCDs (pessoas com defici\u00eancia), que t\u00eam responsabilidades e metas ajustadas \u00e0s suas capacidades e est\u00e3o totalmente integrados ao processo de produ\u00e7\u00e3o. Ao incorporar tecnologias cada vez mais avan\u00e7adas, tamb\u00e9m valorizamos as pessoas e as contribui\u00e7\u00f5es que cada um pode dar ao processo e nos surpreendemos positivamente com tudo isso. Esperamos assim continuar evoluindo pelos pr\u00f3ximos 25 anos e ir al\u00e9m\u201d, finaliza. (Truck&amp; Bus Builder Am\u00e9rica do Sul)<\/p>\n","protected":false},"excerpt":{"rendered":"<p>Truck&amp; Bus Builder Am\u00e9rica do Sul &nbsp; Instalada dentro do complexo industrial da marca em Curitiba (PR), a f\u00e1brica de cabines da Volvo Trucks no Brasil \u00e9 uma das mais modernas do grupo no mundo, com elevada automa\u00e7\u00e3o e avan\u00e7ados processos de ind\u00fastria 4.0. Em 25 anos, a planta alcan\u00e7ou a marca de 368 mil\u2026 <a class=\"readmore\" href=\"https:\/\/dana.com.br\/canaldana\/2023\/01\/27\/volvo-celebra-25-anos-de-producao-de-cabines-no-brasil\/\">Leia mais \u00bb<\/a><\/p>\n","protected":false},"author":3,"featured_media":0,"comment_status":"closed","ping_status":"closed","sticky":false,"template":"","format":"standard","meta":{"_acf_changed":false,"footnotes":""},"categories":[61],"tags":[],"class_list":["post-63469","post","type-post","status-publish","format-standard","hentry","category-destaques"],"acf":[],"yoast_head":"<!-- This site is optimized with the Yoast SEO plugin v27.3 - https:\/\/yoast.com\/product\/yoast-seo-wordpress\/ -->\n<title>Volvo celebra 25 anos de produ\u00e7\u00e3o de cabines no Brasil - Canal Dana<\/title>\n<meta name=\"robots\" content=\"index, follow, max-snippet:-1, max-image-preview:large, max-video-preview:-1\" \/>\n<link rel=\"canonical\" href=\"https:\/\/dana.com.br\/canaldana\/2023\/01\/27\/volvo-celebra-25-anos-de-producao-de-cabines-no-brasil\/\" \/>\n<meta property=\"og:locale\" content=\"pt_BR\" \/>\n<meta property=\"og:type\" content=\"article\" \/>\n<meta property=\"og:title\" content=\"Volvo celebra 25 anos de produ\u00e7\u00e3o de cabines no Brasil - Canal Dana\" \/>\n<meta property=\"og:description\" content=\"Truck&amp; Bus Builder Am\u00e9rica do Sul &nbsp; Instalada dentro do complexo industrial da marca em Curitiba (PR), a f\u00e1brica de cabines da Volvo Trucks no Brasil \u00e9 uma das mais modernas do grupo no mundo, com elevada automa\u00e7\u00e3o e avan\u00e7ados processos de ind\u00fastria 4.0. Em 25 anos, a planta alcan\u00e7ou a marca de 368 mil\u2026 Leia mais \u00bb\" \/>\n<meta property=\"og:url\" content=\"https:\/\/dana.com.br\/canaldana\/2023\/01\/27\/volvo-celebra-25-anos-de-producao-de-cabines-no-brasil\/\" \/>\n<meta property=\"og:site_name\" content=\"Canal Dana\" \/>\n<meta property=\"article:published_time\" content=\"2023-01-27T11:54:40+00:00\" \/>\n<meta name=\"author\" content=\"Canal Dana\" \/>\n<meta name=\"twitter:card\" content=\"summary_large_image\" \/>\n<meta name=\"twitter:label1\" content=\"Escrito por\" \/>\n\t<meta name=\"twitter:data1\" content=\"Canal Dana\" \/>\n\t<meta name=\"twitter:label2\" content=\"Est. tempo de leitura\" \/>\n\t<meta name=\"twitter:data2\" content=\"4 minutos\" \/>\n<script type=\"application\/ld+json\" class=\"yoast-schema-graph\">{\"@context\":\"https:\\\/\\\/schema.org\",\"@graph\":[{\"@type\":\"Article\",\"@id\":\"https:\\\/\\\/dana.com.br\\\/canaldana\\\/2023\\\/01\\\/27\\\/volvo-celebra-25-anos-de-producao-de-cabines-no-brasil\\\/#article\",\"isPartOf\":{\"@id\":\"https:\\\/\\\/dana.com.br\\\/canaldana\\\/2023\\\/01\\\/27\\\/volvo-celebra-25-anos-de-producao-de-cabines-no-brasil\\\/\"},\"author\":{\"name\":\"Canal Dana\",\"@id\":\"https:\\\/\\\/dana.com.br\\\/canaldana\\\/#\\\/schema\\\/person\\\/3c21f22f56fcf3bc46b94bc60ea4fef6\"},\"headline\":\"Volvo celebra 25 anos de produ\u00e7\u00e3o de cabines no Brasil\",\"datePublished\":\"2023-01-27T11:54:40+00:00\",\"mainEntityOfPage\":{\"@id\":\"https:\\\/\\\/dana.com.br\\\/canaldana\\\/2023\\\/01\\\/27\\\/volvo-celebra-25-anos-de-producao-de-cabines-no-brasil\\\/\"},\"wordCount\":794,\"articleSection\":[\"Destaques\"],\"inLanguage\":\"pt-BR\"},{\"@type\":\"WebPage\",\"@id\":\"https:\\\/\\\/dana.com.br\\\/canaldana\\\/2023\\\/01\\\/27\\\/volvo-celebra-25-anos-de-producao-de-cabines-no-brasil\\\/\",\"url\":\"https:\\\/\\\/dana.com.br\\\/canaldana\\\/2023\\\/01\\\/27\\\/volvo-celebra-25-anos-de-producao-de-cabines-no-brasil\\\/\",\"name\":\"Volvo celebra 25 anos de produ\u00e7\u00e3o de cabines no Brasil - Canal Dana\",\"isPartOf\":{\"@id\":\"https:\\\/\\\/dana.com.br\\\/canaldana\\\/#website\"},\"datePublished\":\"2023-01-27T11:54:40+00:00\",\"author\":{\"@id\":\"https:\\\/\\\/dana.com.br\\\/canaldana\\\/#\\\/schema\\\/person\\\/3c21f22f56fcf3bc46b94bc60ea4fef6\"},\"breadcrumb\":{\"@id\":\"https:\\\/\\\/dana.com.br\\\/canaldana\\\/2023\\\/01\\\/27\\\/volvo-celebra-25-anos-de-producao-de-cabines-no-brasil\\\/#breadcrumb\"},\"inLanguage\":\"pt-BR\",\"potentialAction\":[{\"@type\":\"ReadAction\",\"target\":[\"https:\\\/\\\/dana.com.br\\\/canaldana\\\/2023\\\/01\\\/27\\\/volvo-celebra-25-anos-de-producao-de-cabines-no-brasil\\\/\"]}]},{\"@type\":\"BreadcrumbList\",\"@id\":\"https:\\\/\\\/dana.com.br\\\/canaldana\\\/2023\\\/01\\\/27\\\/volvo-celebra-25-anos-de-producao-de-cabines-no-brasil\\\/#breadcrumb\",\"itemListElement\":[{\"@type\":\"ListItem\",\"position\":1,\"name\":\"Home\",\"item\":\"https:\\\/\\\/dana.com.br\\\/canaldana\\\/\"},{\"@type\":\"ListItem\",\"position\":2,\"name\":\"Destaques\",\"item\":\"https:\\\/\\\/dana.com.br\\\/canaldana\\\/destaques\\\/\"},{\"@type\":\"ListItem\",\"position\":3,\"name\":\"Volvo celebra 25 anos de produ\u00e7\u00e3o de cabines no Brasil\"}]},{\"@type\":\"WebSite\",\"@id\":\"https:\\\/\\\/dana.com.br\\\/canaldana\\\/#website\",\"url\":\"https:\\\/\\\/dana.com.br\\\/canaldana\\\/\",\"name\":\"Canal Dana\",\"description\":\"Informativo com as principais not\u00edcias da ind\u00fastria automotiva\",\"potentialAction\":[{\"@type\":\"SearchAction\",\"target\":{\"@type\":\"EntryPoint\",\"urlTemplate\":\"https:\\\/\\\/dana.com.br\\\/canaldana\\\/?s={search_term_string}\"},\"query-input\":{\"@type\":\"PropertyValueSpecification\",\"valueRequired\":true,\"valueName\":\"search_term_string\"}}],\"inLanguage\":\"pt-BR\"},{\"@type\":\"Person\",\"@id\":\"https:\\\/\\\/dana.com.br\\\/canaldana\\\/#\\\/schema\\\/person\\\/3c21f22f56fcf3bc46b94bc60ea4fef6\",\"name\":\"Canal Dana\",\"image\":{\"@type\":\"ImageObject\",\"inLanguage\":\"pt-BR\",\"@id\":\"https:\\\/\\\/secure.gravatar.com\\\/avatar\\\/420aaf9278582877d9018637c6817617705899d2858d7572ef0fe59a6b6454b4?s=96&d=mm&r=g\",\"url\":\"https:\\\/\\\/secure.gravatar.com\\\/avatar\\\/420aaf9278582877d9018637c6817617705899d2858d7572ef0fe59a6b6454b4?s=96&d=mm&r=g\",\"contentUrl\":\"https:\\\/\\\/secure.gravatar.com\\\/avatar\\\/420aaf9278582877d9018637c6817617705899d2858d7572ef0fe59a6b6454b4?s=96&d=mm&r=g\",\"caption\":\"Canal Dana\"},\"url\":\"https:\\\/\\\/dana.com.br\\\/canaldana\\\/author\\\/cdeditor\\\/\"}]}<\/script>\n<!-- \/ Yoast SEO plugin. -->","yoast_head_json":{"title":"Volvo celebra 25 anos de produ\u00e7\u00e3o de cabines no Brasil - Canal Dana","robots":{"index":"index","follow":"follow","max-snippet":"max-snippet:-1","max-image-preview":"max-image-preview:large","max-video-preview":"max-video-preview:-1"},"canonical":"https:\/\/dana.com.br\/canaldana\/2023\/01\/27\/volvo-celebra-25-anos-de-producao-de-cabines-no-brasil\/","og_locale":"pt_BR","og_type":"article","og_title":"Volvo celebra 25 anos de produ\u00e7\u00e3o de cabines no Brasil - Canal Dana","og_description":"Truck&amp; Bus Builder Am\u00e9rica do Sul &nbsp; Instalada dentro do complexo industrial da marca em Curitiba (PR), a f\u00e1brica de cabines da Volvo Trucks no Brasil \u00e9 uma das mais modernas do grupo no mundo, com elevada automa\u00e7\u00e3o e avan\u00e7ados processos de ind\u00fastria 4.0. Em 25 anos, a planta alcan\u00e7ou a marca de 368 mil\u2026 Leia mais \u00bb","og_url":"https:\/\/dana.com.br\/canaldana\/2023\/01\/27\/volvo-celebra-25-anos-de-producao-de-cabines-no-brasil\/","og_site_name":"Canal Dana","article_published_time":"2023-01-27T11:54:40+00:00","author":"Canal Dana","twitter_card":"summary_large_image","twitter_misc":{"Escrito por":"Canal Dana","Est. tempo de leitura":"4 minutos"},"schema":{"@context":"https:\/\/schema.org","@graph":[{"@type":"Article","@id":"https:\/\/dana.com.br\/canaldana\/2023\/01\/27\/volvo-celebra-25-anos-de-producao-de-cabines-no-brasil\/#article","isPartOf":{"@id":"https:\/\/dana.com.br\/canaldana\/2023\/01\/27\/volvo-celebra-25-anos-de-producao-de-cabines-no-brasil\/"},"author":{"name":"Canal Dana","@id":"https:\/\/dana.com.br\/canaldana\/#\/schema\/person\/3c21f22f56fcf3bc46b94bc60ea4fef6"},"headline":"Volvo celebra 25 anos de produ\u00e7\u00e3o de cabines no Brasil","datePublished":"2023-01-27T11:54:40+00:00","mainEntityOfPage":{"@id":"https:\/\/dana.com.br\/canaldana\/2023\/01\/27\/volvo-celebra-25-anos-de-producao-de-cabines-no-brasil\/"},"wordCount":794,"articleSection":["Destaques"],"inLanguage":"pt-BR"},{"@type":"WebPage","@id":"https:\/\/dana.com.br\/canaldana\/2023\/01\/27\/volvo-celebra-25-anos-de-producao-de-cabines-no-brasil\/","url":"https:\/\/dana.com.br\/canaldana\/2023\/01\/27\/volvo-celebra-25-anos-de-producao-de-cabines-no-brasil\/","name":"Volvo celebra 25 anos de produ\u00e7\u00e3o de cabines no Brasil - Canal Dana","isPartOf":{"@id":"https:\/\/dana.com.br\/canaldana\/#website"},"datePublished":"2023-01-27T11:54:40+00:00","author":{"@id":"https:\/\/dana.com.br\/canaldana\/#\/schema\/person\/3c21f22f56fcf3bc46b94bc60ea4fef6"},"breadcrumb":{"@id":"https:\/\/dana.com.br\/canaldana\/2023\/01\/27\/volvo-celebra-25-anos-de-producao-de-cabines-no-brasil\/#breadcrumb"},"inLanguage":"pt-BR","potentialAction":[{"@type":"ReadAction","target":["https:\/\/dana.com.br\/canaldana\/2023\/01\/27\/volvo-celebra-25-anos-de-producao-de-cabines-no-brasil\/"]}]},{"@type":"BreadcrumbList","@id":"https:\/\/dana.com.br\/canaldana\/2023\/01\/27\/volvo-celebra-25-anos-de-producao-de-cabines-no-brasil\/#breadcrumb","itemListElement":[{"@type":"ListItem","position":1,"name":"Home","item":"https:\/\/dana.com.br\/canaldana\/"},{"@type":"ListItem","position":2,"name":"Destaques","item":"https:\/\/dana.com.br\/canaldana\/destaques\/"},{"@type":"ListItem","position":3,"name":"Volvo celebra 25 anos de produ\u00e7\u00e3o de cabines no Brasil"}]},{"@type":"WebSite","@id":"https:\/\/dana.com.br\/canaldana\/#website","url":"https:\/\/dana.com.br\/canaldana\/","name":"Canal Dana","description":"Informativo com as principais not\u00edcias da ind\u00fastria automotiva","potentialAction":[{"@type":"SearchAction","target":{"@type":"EntryPoint","urlTemplate":"https:\/\/dana.com.br\/canaldana\/?s={search_term_string}"},"query-input":{"@type":"PropertyValueSpecification","valueRequired":true,"valueName":"search_term_string"}}],"inLanguage":"pt-BR"},{"@type":"Person","@id":"https:\/\/dana.com.br\/canaldana\/#\/schema\/person\/3c21f22f56fcf3bc46b94bc60ea4fef6","name":"Canal Dana","image":{"@type":"ImageObject","inLanguage":"pt-BR","@id":"https:\/\/secure.gravatar.com\/avatar\/420aaf9278582877d9018637c6817617705899d2858d7572ef0fe59a6b6454b4?s=96&d=mm&r=g","url":"https:\/\/secure.gravatar.com\/avatar\/420aaf9278582877d9018637c6817617705899d2858d7572ef0fe59a6b6454b4?s=96&d=mm&r=g","contentUrl":"https:\/\/secure.gravatar.com\/avatar\/420aaf9278582877d9018637c6817617705899d2858d7572ef0fe59a6b6454b4?s=96&d=mm&r=g","caption":"Canal Dana"},"url":"https:\/\/dana.com.br\/canaldana\/author\/cdeditor\/"}]}},"_links":{"self":[{"href":"https:\/\/dana.com.br\/canaldana\/wp-json\/wp\/v2\/posts\/63469","targetHints":{"allow":["GET"]}}],"collection":[{"href":"https:\/\/dana.com.br\/canaldana\/wp-json\/wp\/v2\/posts"}],"about":[{"href":"https:\/\/dana.com.br\/canaldana\/wp-json\/wp\/v2\/types\/post"}],"author":[{"embeddable":true,"href":"https:\/\/dana.com.br\/canaldana\/wp-json\/wp\/v2\/users\/3"}],"replies":[{"embeddable":true,"href":"https:\/\/dana.com.br\/canaldana\/wp-json\/wp\/v2\/comments?post=63469"}],"version-history":[{"count":0,"href":"https:\/\/dana.com.br\/canaldana\/wp-json\/wp\/v2\/posts\/63469\/revisions"}],"wp:attachment":[{"href":"https:\/\/dana.com.br\/canaldana\/wp-json\/wp\/v2\/media?parent=63469"}],"wp:term":[{"taxonomy":"category","embeddable":true,"href":"https:\/\/dana.com.br\/canaldana\/wp-json\/wp\/v2\/categories?post=63469"},{"taxonomy":"post_tag","embeddable":true,"href":"https:\/\/dana.com.br\/canaldana\/wp-json\/wp\/v2\/tags?post=63469"}],"curies":[{"name":"wp","href":"https:\/\/api.w.org\/{rel}","templated":true}]}}