{"id":63461,"date":"2023-01-27T08:52:07","date_gmt":"2023-01-27T11:52:07","guid":{"rendered":"https:\/\/dana.com.br\/canaldana\/?p=63461"},"modified":"2023-01-27T08:52:07","modified_gmt":"2023-01-27T11:52:07","slug":"librelato-inaugura-mais-uma-unidade-industrial-em-icara-sc","status":"publish","type":"post","link":"https:\/\/dana.com.br\/canaldana\/2023\/01\/27\/librelato-inaugura-mais-uma-unidade-industrial-em-icara-sc\/","title":{"rendered":"Librelato inaugura mais uma unidade industrial em I\u00e7ara (SC)"},"content":{"rendered":"<p><em>Truck&amp; Bus Builder Am\u00e9rica do Sul<\/em><\/p>\n<p>&nbsp;<\/p>\n<p>A Librelato S.A. inaugurou, em janeiro, mais uma planta industrial em I\u00e7ara (SC). Com 11.390m\u00b2 de \u00e1rea constru\u00edda e 40.000m\u00b2 de pavimento em concreto pr\u00e9-moldado, o novo espa\u00e7o est\u00e1 localizado ao lado da sede administrativa da empresa e foi planejado para otimizar o processo de montagem final dos implementos. Foram investidos 46 milh\u00f5es de reais, sendo R$ 24 milh\u00f5es destinados \u00e0 nova planta industrial e R$ 22 milh\u00f5es para melhorias na \u00e1rea de automa\u00e7\u00e3o industrial e processos internos.<\/p>\n<p>&nbsp;<\/p>\n<p>\u201cO processo final de montagem dos implementos ser\u00e1 facilitado e feito em um lugar apenas e at\u00e9 ent\u00e3o, acontecia em duas plantas. Daqui para frente, todos os produtos em fase de montagem final e finaliza\u00e7\u00e3o para entrega ir\u00e3o para esse novo local, que tem capacidade para receber diariamente 90 implementos e gerar 600 novos empregos diretos no decorrer de 2023, considerando 140 contrata\u00e7\u00f5es imediatas. Esse feito ser\u00e1 muito positivo para a empresa, pois trar\u00e1 maior produtividade e qualidade \u00e0 opera\u00e7\u00e3o\u201d, explica o CEO da Librelato, Jos\u00e9 Carlos Spr\u00edcigo.<\/p>\n<p>&nbsp;<\/p>\n<p>Com a abertura da nova planta, a Librelato totaliza quatro unidades industriais, tr\u00eas delas em I\u00e7ara (SC) e uma em Crici\u00fama (SC).<\/p>\n<p>&nbsp;<\/p>\n<p>A nova unidade inaugurada possui caracter\u00edsticas que minimizam os impactos ambientais, seguindo as boas pr\u00e1ticas de ESG e da Ind\u00fastria 4.0. Uma das solu\u00e7\u00f5es sustent\u00e1veis que a implementadora adotou \u00e9 o sistema de ilumina\u00e7\u00e3o natural Domus Linealight, que utiliza telhas transl\u00facidas em policarbonato. A solu\u00e7\u00e3o proporciona conforto t\u00e9rmico ao ambiente e bem-estar aos profissionais, al\u00e9m de gerar economia de energia el\u00e9trica. A empresa tamb\u00e9m prev\u00ea a instala\u00e7\u00e3o de pain\u00e9is fotovoltaicos para gera\u00e7\u00e3o de energia solar.<\/p>\n<p>&nbsp;<\/p>\n<p>Outro aspecto sustent\u00e1vel da nova planta est\u00e1 na constru\u00e7\u00e3o de um sistema de reutiliza\u00e7\u00e3o da \u00e1gua das chuvas dotado de cisternas para reserva t\u00e9cnica e tratamento, com capacidade di\u00e1ria de armazenamento de 40 mil litros. Com o aproveitamento, a planta n\u00e3o utilizar\u00e1 a rede de abastecimento de \u00e1gua externa.<\/p>\n<p>&nbsp;<\/p>\n<p><strong>Librelato <\/strong><\/p>\n<p>&nbsp;<\/p>\n<p>Fundada em 1969, na cidade de Orleans, SC, a Librelato \u00e9 hoje uma das mais inovadoras fabricantes de implementos do Brasil. Com cerca de 1,6 mil profissionais, a empresa concentra suas f\u00e1bricas em seu Estado natal, sendo duas unidades em I\u00e7ara e uma em Crici\u00fama. Seus 60 representantes est\u00e3o estrategicamente instalados em todas as regi\u00f5es brasileiras, assim como em pa\u00edses da Am\u00e9rica do Sul como Paraguai, Uruguai, Bol\u00edvia e Chile. A Librelato possui um dos mais completos portf\u00f3lios de produtos do Pa\u00eds. S\u00e3o reboques, semirreboques, bitrens, tritrens e rodotrens: para aplica\u00e7\u00f5es em carga seca, graneleiro, carrega tudo, tanque a\u00e7o carbono polic\u00eantrico, tanque a\u00e7o carbono cil\u00edndrico, florestal, furg\u00e3o alum\u00ednio, furg\u00e3o lonado, furg\u00e3o lonado para transporte de bebidas, porta cont\u00eainer, tanque a\u00e7o inox cil\u00edndrico, canavieiro e frigor\u00edfico. (Truck&amp; Bus Builder Am\u00e9rica do Sul)<\/p>\n","protected":false},"excerpt":{"rendered":"<p>Truck&amp; Bus Builder Am\u00e9rica do Sul &nbsp; A Librelato S.A. inaugurou, em janeiro, mais uma planta industrial em I\u00e7ara (SC). Com 11.390m\u00b2 de \u00e1rea constru\u00edda e 40.000m\u00b2 de pavimento em concreto pr\u00e9-moldado, o novo espa\u00e7o est\u00e1 localizado ao lado da sede administrativa da empresa e foi planejado para otimizar o processo de montagem final dos\u2026 <a class=\"readmore\" href=\"https:\/\/dana.com.br\/canaldana\/2023\/01\/27\/librelato-inaugura-mais-uma-unidade-industrial-em-icara-sc\/\">Leia mais \u00bb<\/a><\/p>\n","protected":false},"author":3,"featured_media":0,"comment_status":"closed","ping_status":"closed","sticky":false,"template":"","format":"standard","meta":{"_acf_changed":false,"footnotes":""},"categories":[79],"tags":[],"class_list":["post-63461","post","type-post","status-publish","format-standard","hentry","category-mercado"],"acf":[],"yoast_head":"<!-- This site is optimized with the Yoast SEO plugin v27.3 - https:\/\/yoast.com\/product\/yoast-seo-wordpress\/ -->\n<title>Librelato inaugura mais uma unidade industrial em I\u00e7ara (SC) - Canal Dana<\/title>\n<meta name=\"robots\" content=\"index, follow, max-snippet:-1, max-image-preview:large, max-video-preview:-1\" \/>\n<link rel=\"canonical\" href=\"https:\/\/dana.com.br\/canaldana\/2023\/01\/27\/librelato-inaugura-mais-uma-unidade-industrial-em-icara-sc\/\" \/>\n<meta property=\"og:locale\" content=\"pt_BR\" \/>\n<meta property=\"og:type\" content=\"article\" \/>\n<meta property=\"og:title\" content=\"Librelato inaugura mais uma unidade industrial em I\u00e7ara (SC) - Canal Dana\" \/>\n<meta property=\"og:description\" content=\"Truck&amp; Bus Builder Am\u00e9rica do Sul &nbsp; A Librelato S.A. inaugurou, em janeiro, mais uma planta industrial em I\u00e7ara (SC). Com 11.390m\u00b2 de \u00e1rea constru\u00edda e 40.000m\u00b2 de pavimento em concreto pr\u00e9-moldado, o novo espa\u00e7o est\u00e1 localizado ao lado da sede administrativa da empresa e foi planejado para otimizar o processo de montagem final dos\u2026 Leia mais \u00bb\" \/>\n<meta property=\"og:url\" content=\"https:\/\/dana.com.br\/canaldana\/2023\/01\/27\/librelato-inaugura-mais-uma-unidade-industrial-em-icara-sc\/\" \/>\n<meta property=\"og:site_name\" content=\"Canal Dana\" \/>\n<meta property=\"article:published_time\" content=\"2023-01-27T11:52:07+00:00\" \/>\n<meta name=\"author\" content=\"Canal Dana\" \/>\n<meta name=\"twitter:card\" content=\"summary_large_image\" \/>\n<meta name=\"twitter:label1\" content=\"Escrito por\" \/>\n\t<meta name=\"twitter:data1\" content=\"Canal Dana\" \/>\n\t<meta name=\"twitter:label2\" content=\"Est. tempo de leitura\" \/>\n\t<meta name=\"twitter:data2\" content=\"3 minutos\" \/>\n<script type=\"application\/ld+json\" class=\"yoast-schema-graph\">{\"@context\":\"https:\\\/\\\/schema.org\",\"@graph\":[{\"@type\":\"Article\",\"@id\":\"https:\\\/\\\/dana.com.br\\\/canaldana\\\/2023\\\/01\\\/27\\\/librelato-inaugura-mais-uma-unidade-industrial-em-icara-sc\\\/#article\",\"isPartOf\":{\"@id\":\"https:\\\/\\\/dana.com.br\\\/canaldana\\\/2023\\\/01\\\/27\\\/librelato-inaugura-mais-uma-unidade-industrial-em-icara-sc\\\/\"},\"author\":{\"name\":\"Canal Dana\",\"@id\":\"https:\\\/\\\/dana.com.br\\\/canaldana\\\/#\\\/schema\\\/person\\\/3c21f22f56fcf3bc46b94bc60ea4fef6\"},\"headline\":\"Librelato inaugura mais uma unidade industrial em I\u00e7ara (SC)\",\"datePublished\":\"2023-01-27T11:52:07+00:00\",\"mainEntityOfPage\":{\"@id\":\"https:\\\/\\\/dana.com.br\\\/canaldana\\\/2023\\\/01\\\/27\\\/librelato-inaugura-mais-uma-unidade-industrial-em-icara-sc\\\/\"},\"wordCount\":518,\"articleSection\":[\"Mercado\"],\"inLanguage\":\"pt-BR\"},{\"@type\":\"WebPage\",\"@id\":\"https:\\\/\\\/dana.com.br\\\/canaldana\\\/2023\\\/01\\\/27\\\/librelato-inaugura-mais-uma-unidade-industrial-em-icara-sc\\\/\",\"url\":\"https:\\\/\\\/dana.com.br\\\/canaldana\\\/2023\\\/01\\\/27\\\/librelato-inaugura-mais-uma-unidade-industrial-em-icara-sc\\\/\",\"name\":\"Librelato inaugura mais uma unidade industrial em I\u00e7ara (SC) - Canal Dana\",\"isPartOf\":{\"@id\":\"https:\\\/\\\/dana.com.br\\\/canaldana\\\/#website\"},\"datePublished\":\"2023-01-27T11:52:07+00:00\",\"author\":{\"@id\":\"https:\\\/\\\/dana.com.br\\\/canaldana\\\/#\\\/schema\\\/person\\\/3c21f22f56fcf3bc46b94bc60ea4fef6\"},\"breadcrumb\":{\"@id\":\"https:\\\/\\\/dana.com.br\\\/canaldana\\\/2023\\\/01\\\/27\\\/librelato-inaugura-mais-uma-unidade-industrial-em-icara-sc\\\/#breadcrumb\"},\"inLanguage\":\"pt-BR\",\"potentialAction\":[{\"@type\":\"ReadAction\",\"target\":[\"https:\\\/\\\/dana.com.br\\\/canaldana\\\/2023\\\/01\\\/27\\\/librelato-inaugura-mais-uma-unidade-industrial-em-icara-sc\\\/\"]}]},{\"@type\":\"BreadcrumbList\",\"@id\":\"https:\\\/\\\/dana.com.br\\\/canaldana\\\/2023\\\/01\\\/27\\\/librelato-inaugura-mais-uma-unidade-industrial-em-icara-sc\\\/#breadcrumb\",\"itemListElement\":[{\"@type\":\"ListItem\",\"position\":1,\"name\":\"Home\",\"item\":\"https:\\\/\\\/dana.com.br\\\/canaldana\\\/\"},{\"@type\":\"ListItem\",\"position\":2,\"name\":\"Mercado\",\"item\":\"https:\\\/\\\/dana.com.br\\\/canaldana\\\/mercado\\\/\"},{\"@type\":\"ListItem\",\"position\":3,\"name\":\"Librelato inaugura mais uma unidade industrial em I\u00e7ara (SC)\"}]},{\"@type\":\"WebSite\",\"@id\":\"https:\\\/\\\/dana.com.br\\\/canaldana\\\/#website\",\"url\":\"https:\\\/\\\/dana.com.br\\\/canaldana\\\/\",\"name\":\"Canal Dana\",\"description\":\"Informativo com as principais not\u00edcias da ind\u00fastria automotiva\",\"potentialAction\":[{\"@type\":\"SearchAction\",\"target\":{\"@type\":\"EntryPoint\",\"urlTemplate\":\"https:\\\/\\\/dana.com.br\\\/canaldana\\\/?s={search_term_string}\"},\"query-input\":{\"@type\":\"PropertyValueSpecification\",\"valueRequired\":true,\"valueName\":\"search_term_string\"}}],\"inLanguage\":\"pt-BR\"},{\"@type\":\"Person\",\"@id\":\"https:\\\/\\\/dana.com.br\\\/canaldana\\\/#\\\/schema\\\/person\\\/3c21f22f56fcf3bc46b94bc60ea4fef6\",\"name\":\"Canal Dana\",\"image\":{\"@type\":\"ImageObject\",\"inLanguage\":\"pt-BR\",\"@id\":\"https:\\\/\\\/secure.gravatar.com\\\/avatar\\\/420aaf9278582877d9018637c6817617705899d2858d7572ef0fe59a6b6454b4?s=96&d=mm&r=g\",\"url\":\"https:\\\/\\\/secure.gravatar.com\\\/avatar\\\/420aaf9278582877d9018637c6817617705899d2858d7572ef0fe59a6b6454b4?s=96&d=mm&r=g\",\"contentUrl\":\"https:\\\/\\\/secure.gravatar.com\\\/avatar\\\/420aaf9278582877d9018637c6817617705899d2858d7572ef0fe59a6b6454b4?s=96&d=mm&r=g\",\"caption\":\"Canal Dana\"},\"url\":\"https:\\\/\\\/dana.com.br\\\/canaldana\\\/author\\\/cdeditor\\\/\"}]}<\/script>\n<!-- \/ Yoast SEO plugin. -->","yoast_head_json":{"title":"Librelato inaugura mais uma unidade industrial em I\u00e7ara (SC) - Canal Dana","robots":{"index":"index","follow":"follow","max-snippet":"max-snippet:-1","max-image-preview":"max-image-preview:large","max-video-preview":"max-video-preview:-1"},"canonical":"https:\/\/dana.com.br\/canaldana\/2023\/01\/27\/librelato-inaugura-mais-uma-unidade-industrial-em-icara-sc\/","og_locale":"pt_BR","og_type":"article","og_title":"Librelato inaugura mais uma unidade industrial em I\u00e7ara (SC) - Canal Dana","og_description":"Truck&amp; Bus Builder Am\u00e9rica do Sul &nbsp; A Librelato S.A. inaugurou, em janeiro, mais uma planta industrial em I\u00e7ara (SC). Com 11.390m\u00b2 de \u00e1rea constru\u00edda e 40.000m\u00b2 de pavimento em concreto pr\u00e9-moldado, o novo espa\u00e7o est\u00e1 localizado ao lado da sede administrativa da empresa e foi planejado para otimizar o processo de montagem final dos\u2026 Leia mais \u00bb","og_url":"https:\/\/dana.com.br\/canaldana\/2023\/01\/27\/librelato-inaugura-mais-uma-unidade-industrial-em-icara-sc\/","og_site_name":"Canal Dana","article_published_time":"2023-01-27T11:52:07+00:00","author":"Canal Dana","twitter_card":"summary_large_image","twitter_misc":{"Escrito por":"Canal Dana","Est. tempo de leitura":"3 minutos"},"schema":{"@context":"https:\/\/schema.org","@graph":[{"@type":"Article","@id":"https:\/\/dana.com.br\/canaldana\/2023\/01\/27\/librelato-inaugura-mais-uma-unidade-industrial-em-icara-sc\/#article","isPartOf":{"@id":"https:\/\/dana.com.br\/canaldana\/2023\/01\/27\/librelato-inaugura-mais-uma-unidade-industrial-em-icara-sc\/"},"author":{"name":"Canal Dana","@id":"https:\/\/dana.com.br\/canaldana\/#\/schema\/person\/3c21f22f56fcf3bc46b94bc60ea4fef6"},"headline":"Librelato inaugura mais uma unidade industrial em I\u00e7ara (SC)","datePublished":"2023-01-27T11:52:07+00:00","mainEntityOfPage":{"@id":"https:\/\/dana.com.br\/canaldana\/2023\/01\/27\/librelato-inaugura-mais-uma-unidade-industrial-em-icara-sc\/"},"wordCount":518,"articleSection":["Mercado"],"inLanguage":"pt-BR"},{"@type":"WebPage","@id":"https:\/\/dana.com.br\/canaldana\/2023\/01\/27\/librelato-inaugura-mais-uma-unidade-industrial-em-icara-sc\/","url":"https:\/\/dana.com.br\/canaldana\/2023\/01\/27\/librelato-inaugura-mais-uma-unidade-industrial-em-icara-sc\/","name":"Librelato inaugura mais uma unidade industrial em I\u00e7ara (SC) - Canal Dana","isPartOf":{"@id":"https:\/\/dana.com.br\/canaldana\/#website"},"datePublished":"2023-01-27T11:52:07+00:00","author":{"@id":"https:\/\/dana.com.br\/canaldana\/#\/schema\/person\/3c21f22f56fcf3bc46b94bc60ea4fef6"},"breadcrumb":{"@id":"https:\/\/dana.com.br\/canaldana\/2023\/01\/27\/librelato-inaugura-mais-uma-unidade-industrial-em-icara-sc\/#breadcrumb"},"inLanguage":"pt-BR","potentialAction":[{"@type":"ReadAction","target":["https:\/\/dana.com.br\/canaldana\/2023\/01\/27\/librelato-inaugura-mais-uma-unidade-industrial-em-icara-sc\/"]}]},{"@type":"BreadcrumbList","@id":"https:\/\/dana.com.br\/canaldana\/2023\/01\/27\/librelato-inaugura-mais-uma-unidade-industrial-em-icara-sc\/#breadcrumb","itemListElement":[{"@type":"ListItem","position":1,"name":"Home","item":"https:\/\/dana.com.br\/canaldana\/"},{"@type":"ListItem","position":2,"name":"Mercado","item":"https:\/\/dana.com.br\/canaldana\/mercado\/"},{"@type":"ListItem","position":3,"name":"Librelato inaugura mais uma unidade industrial em I\u00e7ara (SC)"}]},{"@type":"WebSite","@id":"https:\/\/dana.com.br\/canaldana\/#website","url":"https:\/\/dana.com.br\/canaldana\/","name":"Canal Dana","description":"Informativo com as principais not\u00edcias da ind\u00fastria automotiva","potentialAction":[{"@type":"SearchAction","target":{"@type":"EntryPoint","urlTemplate":"https:\/\/dana.com.br\/canaldana\/?s={search_term_string}"},"query-input":{"@type":"PropertyValueSpecification","valueRequired":true,"valueName":"search_term_string"}}],"inLanguage":"pt-BR"},{"@type":"Person","@id":"https:\/\/dana.com.br\/canaldana\/#\/schema\/person\/3c21f22f56fcf3bc46b94bc60ea4fef6","name":"Canal Dana","image":{"@type":"ImageObject","inLanguage":"pt-BR","@id":"https:\/\/secure.gravatar.com\/avatar\/420aaf9278582877d9018637c6817617705899d2858d7572ef0fe59a6b6454b4?s=96&d=mm&r=g","url":"https:\/\/secure.gravatar.com\/avatar\/420aaf9278582877d9018637c6817617705899d2858d7572ef0fe59a6b6454b4?s=96&d=mm&r=g","contentUrl":"https:\/\/secure.gravatar.com\/avatar\/420aaf9278582877d9018637c6817617705899d2858d7572ef0fe59a6b6454b4?s=96&d=mm&r=g","caption":"Canal Dana"},"url":"https:\/\/dana.com.br\/canaldana\/author\/cdeditor\/"}]}},"_links":{"self":[{"href":"https:\/\/dana.com.br\/canaldana\/wp-json\/wp\/v2\/posts\/63461","targetHints":{"allow":["GET"]}}],"collection":[{"href":"https:\/\/dana.com.br\/canaldana\/wp-json\/wp\/v2\/posts"}],"about":[{"href":"https:\/\/dana.com.br\/canaldana\/wp-json\/wp\/v2\/types\/post"}],"author":[{"embeddable":true,"href":"https:\/\/dana.com.br\/canaldana\/wp-json\/wp\/v2\/users\/3"}],"replies":[{"embeddable":true,"href":"https:\/\/dana.com.br\/canaldana\/wp-json\/wp\/v2\/comments?post=63461"}],"version-history":[{"count":0,"href":"https:\/\/dana.com.br\/canaldana\/wp-json\/wp\/v2\/posts\/63461\/revisions"}],"wp:attachment":[{"href":"https:\/\/dana.com.br\/canaldana\/wp-json\/wp\/v2\/media?parent=63461"}],"wp:term":[{"taxonomy":"category","embeddable":true,"href":"https:\/\/dana.com.br\/canaldana\/wp-json\/wp\/v2\/categories?post=63461"},{"taxonomy":"post_tag","embeddable":true,"href":"https:\/\/dana.com.br\/canaldana\/wp-json\/wp\/v2\/tags?post=63461"}],"curies":[{"name":"wp","href":"https:\/\/api.w.org\/{rel}","templated":true}]}}