{"id":63459,"date":"2023-01-27T08:51:27","date_gmt":"2023-01-27T11:51:27","guid":{"rendered":"https:\/\/dana.com.br\/canaldana\/?p=63459"},"modified":"2023-01-27T08:51:27","modified_gmt":"2023-01-27T11:51:27","slug":"rcr-locacao-de-recife-renova-frota-com-modelos-marcopolo-para-fretamento","status":"publish","type":"post","link":"https:\/\/dana.com.br\/canaldana\/2023\/01\/27\/rcr-locacao-de-recife-renova-frota-com-modelos-marcopolo-para-fretamento\/","title":{"rendered":"RCR Loca\u00e7\u00e3o, de Recife, renova frota com modelos Marcopolo para fretamento"},"content":{"rendered":"<p><em>Truck&amp; Bus Builder Am\u00e9rica do Sul<\/em><\/p>\n<p>&nbsp;<\/p>\n<p>A RCR, uma das principais operadoras de transporte das regi\u00f5es Norte e Nordeste do Brasil e integrante do Grupo Parvi, adquiriu recentemente 157 novos ve\u00edculos Marcopolo, dos modelos rodovi\u00e1rio Ideale 800, e os micro-\u00f4nibus Senior e Volare. Tradicional cliente da marca, a RCR recebeu, desde 2019, 388 novas unidades.<\/p>\n<p>&nbsp;<\/p>\n<p>Noventa e nove \u00f4nibus e micro-\u00f4nibus j\u00e1 foram entregues, pela Polobus\/Compacto, respons\u00e1vel pela venda de produtos Marcopolo e Volare na regi\u00e3o. Cinquenta e oito unidades ser\u00e3o entregues no primeiro trimestre de 2023 e a frota foi adquirida para expans\u00e3o de mercado dentro das regi\u00f5es Norte e Nordeste.<\/p>\n<p>&nbsp;<\/p>\n<p>\u201cA parceria com a RCR Loca\u00e7\u00e3o \u00e9 muito forte e longa, o que valoriza ainda mais esse neg\u00f3cio. \u00c9 muito importante fornecer quase 400 novos ve\u00edculos, de diferentes modelos, pois demonstra o amplo portf\u00f3lio da marca e suas vantagens competitivas\u201d, enfatiza Ricardo Portolan, diretor de Opera\u00e7\u00f5es Comerciais Mercado Interno e Marketing da Marcopolo.<\/p>\n<p>&nbsp;<\/p>\n<p>Todos os 157 novos ve\u00edculos receberam o novo padr\u00e3o de pintura na cor verde (PARVI), que se tornou refer\u00eancia no mercado de Fretamento. Desse total, 125 s\u00e3o rodovi\u00e1rios Ideale 800, 24 unidades do micro-\u00f4nibus Senior e oito micros Volare. Os novos 125 Ideale 800 t\u00eam 12.700mm de comprimento total e 45 a 48 poltronas Executiva, com cintos de seguran\u00e7a de tr\u00eas pontos com sinaliza\u00e7\u00e3o sonora e luminosa de utiliza\u00e7\u00e3o, tomadas USB e porta-copos. Algumas unidades s\u00e3o equipadas ainda com sanit\u00e1rio e monitores. Todas possuem elevador, sistema de ar-condicionado, vidros colados, parede de separa\u00e7\u00e3o total, cortinas, itiner\u00e1rio eletr\u00f4nico, bagageiro, porta-pacotes e prepara\u00e7\u00e3o para sistema de \u00e1udio, com Internet, r\u00e1dio e quatro c\u00e2meras para monitoramento.<\/p>\n<p>&nbsp;<\/p>\n<p>Os 24 micros Senior t\u00eam 9.155mm de comprimento, com 31 poltronas reclin\u00e1veis, com cinto de seguran\u00e7a de tr\u00eas pontos, sinaliza\u00e7\u00e3o sonora e luminosa de utiliza\u00e7\u00e3o, tomadas USB e porta-copos. Todos os ve\u00edculos s\u00e3o equipados com sistema de ar-condicionado, vidros colados, quatro c\u00e2meras, elevador para total acessibilidade e contam com parede de separa\u00e7\u00e3o total, cortinas, itiner\u00e1rio eletr\u00f4nico, bagageiro, prepara\u00e7\u00e3o para sistema de \u00e1udio, e Internet, al\u00e9m de porta-pacotes.<\/p>\n<p>&nbsp;<\/p>\n<p>J\u00e1 os oito Volare Attack 8 4\u00d74 foram desenvolvidos para a aplica\u00e7\u00e3o de minera\u00e7\u00e3o e contam com 22 poltronas com revestimento em pl\u00e1stico, cinto de seguran\u00e7a de tr\u00eas pontos, com sinaliza\u00e7\u00e3o de utiliza\u00e7\u00e3o e tomadas USB. Contam ainda com sistema de ar-condicionado e c\u00e2meras de monitoramento. (Truck&amp; Bus Builder Am\u00e9rica do Sul)<\/p>\n","protected":false},"excerpt":{"rendered":"<p>Truck&amp; Bus Builder Am\u00e9rica do Sul &nbsp; A RCR, uma das principais operadoras de transporte das regi\u00f5es Norte e Nordeste do Brasil e integrante do Grupo Parvi, adquiriu recentemente 157 novos ve\u00edculos Marcopolo, dos modelos rodovi\u00e1rio Ideale 800, e os micro-\u00f4nibus Senior e Volare. Tradicional cliente da marca, a RCR recebeu, desde 2019, 388 novas\u2026 <a class=\"readmore\" href=\"https:\/\/dana.com.br\/canaldana\/2023\/01\/27\/rcr-locacao-de-recife-renova-frota-com-modelos-marcopolo-para-fretamento\/\">Leia mais \u00bb<\/a><\/p>\n","protected":false},"author":3,"featured_media":0,"comment_status":"closed","ping_status":"closed","sticky":false,"template":"","format":"standard","meta":{"_acf_changed":false,"footnotes":""},"categories":[79],"tags":[],"class_list":["post-63459","post","type-post","status-publish","format-standard","hentry","category-mercado"],"acf":[],"yoast_head":"<!-- This site is optimized with the Yoast SEO plugin v27.3 - https:\/\/yoast.com\/product\/yoast-seo-wordpress\/ -->\n<title>RCR Loca\u00e7\u00e3o, de Recife, renova frota com modelos Marcopolo para fretamento - Canal Dana<\/title>\n<meta name=\"robots\" content=\"index, follow, max-snippet:-1, max-image-preview:large, max-video-preview:-1\" \/>\n<link rel=\"canonical\" href=\"https:\/\/dana.com.br\/canaldana\/2023\/01\/27\/rcr-locacao-de-recife-renova-frota-com-modelos-marcopolo-para-fretamento\/\" \/>\n<meta property=\"og:locale\" content=\"pt_BR\" \/>\n<meta property=\"og:type\" content=\"article\" \/>\n<meta property=\"og:title\" content=\"RCR Loca\u00e7\u00e3o, de Recife, renova frota com modelos Marcopolo para fretamento - Canal Dana\" \/>\n<meta property=\"og:description\" content=\"Truck&amp; Bus Builder Am\u00e9rica do Sul &nbsp; A RCR, uma das principais operadoras de transporte das regi\u00f5es Norte e Nordeste do Brasil e integrante do Grupo Parvi, adquiriu recentemente 157 novos ve\u00edculos Marcopolo, dos modelos rodovi\u00e1rio Ideale 800, e os micro-\u00f4nibus Senior e Volare. Tradicional cliente da marca, a RCR recebeu, desde 2019, 388 novas\u2026 Leia mais \u00bb\" \/>\n<meta property=\"og:url\" content=\"https:\/\/dana.com.br\/canaldana\/2023\/01\/27\/rcr-locacao-de-recife-renova-frota-com-modelos-marcopolo-para-fretamento\/\" \/>\n<meta property=\"og:site_name\" content=\"Canal Dana\" \/>\n<meta property=\"article:published_time\" content=\"2023-01-27T11:51:27+00:00\" \/>\n<meta name=\"author\" content=\"Canal Dana\" \/>\n<meta name=\"twitter:card\" content=\"summary_large_image\" \/>\n<meta name=\"twitter:label1\" content=\"Escrito por\" \/>\n\t<meta name=\"twitter:data1\" content=\"Canal Dana\" \/>\n\t<meta name=\"twitter:label2\" content=\"Est. tempo de leitura\" \/>\n\t<meta name=\"twitter:data2\" content=\"3 minutos\" \/>\n<script type=\"application\/ld+json\" class=\"yoast-schema-graph\">{\"@context\":\"https:\\\/\\\/schema.org\",\"@graph\":[{\"@type\":\"Article\",\"@id\":\"https:\\\/\\\/dana.com.br\\\/canaldana\\\/2023\\\/01\\\/27\\\/rcr-locacao-de-recife-renova-frota-com-modelos-marcopolo-para-fretamento\\\/#article\",\"isPartOf\":{\"@id\":\"https:\\\/\\\/dana.com.br\\\/canaldana\\\/2023\\\/01\\\/27\\\/rcr-locacao-de-recife-renova-frota-com-modelos-marcopolo-para-fretamento\\\/\"},\"author\":{\"name\":\"Canal Dana\",\"@id\":\"https:\\\/\\\/dana.com.br\\\/canaldana\\\/#\\\/schema\\\/person\\\/3c21f22f56fcf3bc46b94bc60ea4fef6\"},\"headline\":\"RCR Loca\u00e7\u00e3o, de Recife, renova frota com modelos Marcopolo para fretamento\",\"datePublished\":\"2023-01-27T11:51:27+00:00\",\"mainEntityOfPage\":{\"@id\":\"https:\\\/\\\/dana.com.br\\\/canaldana\\\/2023\\\/01\\\/27\\\/rcr-locacao-de-recife-renova-frota-com-modelos-marcopolo-para-fretamento\\\/\"},\"wordCount\":445,\"articleSection\":[\"Mercado\"],\"inLanguage\":\"pt-BR\"},{\"@type\":\"WebPage\",\"@id\":\"https:\\\/\\\/dana.com.br\\\/canaldana\\\/2023\\\/01\\\/27\\\/rcr-locacao-de-recife-renova-frota-com-modelos-marcopolo-para-fretamento\\\/\",\"url\":\"https:\\\/\\\/dana.com.br\\\/canaldana\\\/2023\\\/01\\\/27\\\/rcr-locacao-de-recife-renova-frota-com-modelos-marcopolo-para-fretamento\\\/\",\"name\":\"RCR Loca\u00e7\u00e3o, de Recife, renova frota com modelos Marcopolo para fretamento - Canal Dana\",\"isPartOf\":{\"@id\":\"https:\\\/\\\/dana.com.br\\\/canaldana\\\/#website\"},\"datePublished\":\"2023-01-27T11:51:27+00:00\",\"author\":{\"@id\":\"https:\\\/\\\/dana.com.br\\\/canaldana\\\/#\\\/schema\\\/person\\\/3c21f22f56fcf3bc46b94bc60ea4fef6\"},\"breadcrumb\":{\"@id\":\"https:\\\/\\\/dana.com.br\\\/canaldana\\\/2023\\\/01\\\/27\\\/rcr-locacao-de-recife-renova-frota-com-modelos-marcopolo-para-fretamento\\\/#breadcrumb\"},\"inLanguage\":\"pt-BR\",\"potentialAction\":[{\"@type\":\"ReadAction\",\"target\":[\"https:\\\/\\\/dana.com.br\\\/canaldana\\\/2023\\\/01\\\/27\\\/rcr-locacao-de-recife-renova-frota-com-modelos-marcopolo-para-fretamento\\\/\"]}]},{\"@type\":\"BreadcrumbList\",\"@id\":\"https:\\\/\\\/dana.com.br\\\/canaldana\\\/2023\\\/01\\\/27\\\/rcr-locacao-de-recife-renova-frota-com-modelos-marcopolo-para-fretamento\\\/#breadcrumb\",\"itemListElement\":[{\"@type\":\"ListItem\",\"position\":1,\"name\":\"Home\",\"item\":\"https:\\\/\\\/dana.com.br\\\/canaldana\\\/\"},{\"@type\":\"ListItem\",\"position\":2,\"name\":\"Mercado\",\"item\":\"https:\\\/\\\/dana.com.br\\\/canaldana\\\/mercado\\\/\"},{\"@type\":\"ListItem\",\"position\":3,\"name\":\"RCR Loca\u00e7\u00e3o, de Recife, renova frota com modelos Marcopolo para fretamento\"}]},{\"@type\":\"WebSite\",\"@id\":\"https:\\\/\\\/dana.com.br\\\/canaldana\\\/#website\",\"url\":\"https:\\\/\\\/dana.com.br\\\/canaldana\\\/\",\"name\":\"Canal Dana\",\"description\":\"Informativo com as principais not\u00edcias da ind\u00fastria automotiva\",\"potentialAction\":[{\"@type\":\"SearchAction\",\"target\":{\"@type\":\"EntryPoint\",\"urlTemplate\":\"https:\\\/\\\/dana.com.br\\\/canaldana\\\/?s={search_term_string}\"},\"query-input\":{\"@type\":\"PropertyValueSpecification\",\"valueRequired\":true,\"valueName\":\"search_term_string\"}}],\"inLanguage\":\"pt-BR\"},{\"@type\":\"Person\",\"@id\":\"https:\\\/\\\/dana.com.br\\\/canaldana\\\/#\\\/schema\\\/person\\\/3c21f22f56fcf3bc46b94bc60ea4fef6\",\"name\":\"Canal Dana\",\"image\":{\"@type\":\"ImageObject\",\"inLanguage\":\"pt-BR\",\"@id\":\"https:\\\/\\\/secure.gravatar.com\\\/avatar\\\/420aaf9278582877d9018637c6817617705899d2858d7572ef0fe59a6b6454b4?s=96&d=mm&r=g\",\"url\":\"https:\\\/\\\/secure.gravatar.com\\\/avatar\\\/420aaf9278582877d9018637c6817617705899d2858d7572ef0fe59a6b6454b4?s=96&d=mm&r=g\",\"contentUrl\":\"https:\\\/\\\/secure.gravatar.com\\\/avatar\\\/420aaf9278582877d9018637c6817617705899d2858d7572ef0fe59a6b6454b4?s=96&d=mm&r=g\",\"caption\":\"Canal Dana\"},\"url\":\"https:\\\/\\\/dana.com.br\\\/canaldana\\\/author\\\/cdeditor\\\/\"}]}<\/script>\n<!-- \/ Yoast SEO plugin. -->","yoast_head_json":{"title":"RCR Loca\u00e7\u00e3o, de Recife, renova frota com modelos Marcopolo para fretamento - Canal Dana","robots":{"index":"index","follow":"follow","max-snippet":"max-snippet:-1","max-image-preview":"max-image-preview:large","max-video-preview":"max-video-preview:-1"},"canonical":"https:\/\/dana.com.br\/canaldana\/2023\/01\/27\/rcr-locacao-de-recife-renova-frota-com-modelos-marcopolo-para-fretamento\/","og_locale":"pt_BR","og_type":"article","og_title":"RCR Loca\u00e7\u00e3o, de Recife, renova frota com modelos Marcopolo para fretamento - Canal Dana","og_description":"Truck&amp; Bus Builder Am\u00e9rica do Sul &nbsp; A RCR, uma das principais operadoras de transporte das regi\u00f5es Norte e Nordeste do Brasil e integrante do Grupo Parvi, adquiriu recentemente 157 novos ve\u00edculos Marcopolo, dos modelos rodovi\u00e1rio Ideale 800, e os micro-\u00f4nibus Senior e Volare. Tradicional cliente da marca, a RCR recebeu, desde 2019, 388 novas\u2026 Leia mais \u00bb","og_url":"https:\/\/dana.com.br\/canaldana\/2023\/01\/27\/rcr-locacao-de-recife-renova-frota-com-modelos-marcopolo-para-fretamento\/","og_site_name":"Canal Dana","article_published_time":"2023-01-27T11:51:27+00:00","author":"Canal Dana","twitter_card":"summary_large_image","twitter_misc":{"Escrito por":"Canal Dana","Est. tempo de leitura":"3 minutos"},"schema":{"@context":"https:\/\/schema.org","@graph":[{"@type":"Article","@id":"https:\/\/dana.com.br\/canaldana\/2023\/01\/27\/rcr-locacao-de-recife-renova-frota-com-modelos-marcopolo-para-fretamento\/#article","isPartOf":{"@id":"https:\/\/dana.com.br\/canaldana\/2023\/01\/27\/rcr-locacao-de-recife-renova-frota-com-modelos-marcopolo-para-fretamento\/"},"author":{"name":"Canal Dana","@id":"https:\/\/dana.com.br\/canaldana\/#\/schema\/person\/3c21f22f56fcf3bc46b94bc60ea4fef6"},"headline":"RCR Loca\u00e7\u00e3o, de Recife, renova frota com modelos Marcopolo para fretamento","datePublished":"2023-01-27T11:51:27+00:00","mainEntityOfPage":{"@id":"https:\/\/dana.com.br\/canaldana\/2023\/01\/27\/rcr-locacao-de-recife-renova-frota-com-modelos-marcopolo-para-fretamento\/"},"wordCount":445,"articleSection":["Mercado"],"inLanguage":"pt-BR"},{"@type":"WebPage","@id":"https:\/\/dana.com.br\/canaldana\/2023\/01\/27\/rcr-locacao-de-recife-renova-frota-com-modelos-marcopolo-para-fretamento\/","url":"https:\/\/dana.com.br\/canaldana\/2023\/01\/27\/rcr-locacao-de-recife-renova-frota-com-modelos-marcopolo-para-fretamento\/","name":"RCR Loca\u00e7\u00e3o, de Recife, renova frota com modelos Marcopolo para fretamento - Canal Dana","isPartOf":{"@id":"https:\/\/dana.com.br\/canaldana\/#website"},"datePublished":"2023-01-27T11:51:27+00:00","author":{"@id":"https:\/\/dana.com.br\/canaldana\/#\/schema\/person\/3c21f22f56fcf3bc46b94bc60ea4fef6"},"breadcrumb":{"@id":"https:\/\/dana.com.br\/canaldana\/2023\/01\/27\/rcr-locacao-de-recife-renova-frota-com-modelos-marcopolo-para-fretamento\/#breadcrumb"},"inLanguage":"pt-BR","potentialAction":[{"@type":"ReadAction","target":["https:\/\/dana.com.br\/canaldana\/2023\/01\/27\/rcr-locacao-de-recife-renova-frota-com-modelos-marcopolo-para-fretamento\/"]}]},{"@type":"BreadcrumbList","@id":"https:\/\/dana.com.br\/canaldana\/2023\/01\/27\/rcr-locacao-de-recife-renova-frota-com-modelos-marcopolo-para-fretamento\/#breadcrumb","itemListElement":[{"@type":"ListItem","position":1,"name":"Home","item":"https:\/\/dana.com.br\/canaldana\/"},{"@type":"ListItem","position":2,"name":"Mercado","item":"https:\/\/dana.com.br\/canaldana\/mercado\/"},{"@type":"ListItem","position":3,"name":"RCR Loca\u00e7\u00e3o, de Recife, renova frota com modelos Marcopolo para fretamento"}]},{"@type":"WebSite","@id":"https:\/\/dana.com.br\/canaldana\/#website","url":"https:\/\/dana.com.br\/canaldana\/","name":"Canal Dana","description":"Informativo com as principais not\u00edcias da ind\u00fastria automotiva","potentialAction":[{"@type":"SearchAction","target":{"@type":"EntryPoint","urlTemplate":"https:\/\/dana.com.br\/canaldana\/?s={search_term_string}"},"query-input":{"@type":"PropertyValueSpecification","valueRequired":true,"valueName":"search_term_string"}}],"inLanguage":"pt-BR"},{"@type":"Person","@id":"https:\/\/dana.com.br\/canaldana\/#\/schema\/person\/3c21f22f56fcf3bc46b94bc60ea4fef6","name":"Canal Dana","image":{"@type":"ImageObject","inLanguage":"pt-BR","@id":"https:\/\/secure.gravatar.com\/avatar\/420aaf9278582877d9018637c6817617705899d2858d7572ef0fe59a6b6454b4?s=96&d=mm&r=g","url":"https:\/\/secure.gravatar.com\/avatar\/420aaf9278582877d9018637c6817617705899d2858d7572ef0fe59a6b6454b4?s=96&d=mm&r=g","contentUrl":"https:\/\/secure.gravatar.com\/avatar\/420aaf9278582877d9018637c6817617705899d2858d7572ef0fe59a6b6454b4?s=96&d=mm&r=g","caption":"Canal Dana"},"url":"https:\/\/dana.com.br\/canaldana\/author\/cdeditor\/"}]}},"_links":{"self":[{"href":"https:\/\/dana.com.br\/canaldana\/wp-json\/wp\/v2\/posts\/63459","targetHints":{"allow":["GET"]}}],"collection":[{"href":"https:\/\/dana.com.br\/canaldana\/wp-json\/wp\/v2\/posts"}],"about":[{"href":"https:\/\/dana.com.br\/canaldana\/wp-json\/wp\/v2\/types\/post"}],"author":[{"embeddable":true,"href":"https:\/\/dana.com.br\/canaldana\/wp-json\/wp\/v2\/users\/3"}],"replies":[{"embeddable":true,"href":"https:\/\/dana.com.br\/canaldana\/wp-json\/wp\/v2\/comments?post=63459"}],"version-history":[{"count":0,"href":"https:\/\/dana.com.br\/canaldana\/wp-json\/wp\/v2\/posts\/63459\/revisions"}],"wp:attachment":[{"href":"https:\/\/dana.com.br\/canaldana\/wp-json\/wp\/v2\/media?parent=63459"}],"wp:term":[{"taxonomy":"category","embeddable":true,"href":"https:\/\/dana.com.br\/canaldana\/wp-json\/wp\/v2\/categories?post=63459"},{"taxonomy":"post_tag","embeddable":true,"href":"https:\/\/dana.com.br\/canaldana\/wp-json\/wp\/v2\/tags?post=63459"}],"curies":[{"name":"wp","href":"https:\/\/api.w.org\/{rel}","templated":true}]}}