{"id":63455,"date":"2023-01-27T08:50:17","date_gmt":"2023-01-27T11:50:17","guid":{"rendered":"https:\/\/dana.com.br\/canaldana\/?p=63455"},"modified":"2023-01-27T08:50:17","modified_gmt":"2023-01-27T11:50:17","slug":"toyota-inicia-a-venda-do-rav4-2023-por-r-3229-mil","status":"publish","type":"post","link":"https:\/\/dana.com.br\/canaldana\/2023\/01\/27\/toyota-inicia-a-venda-do-rav4-2023-por-r-3229-mil\/","title":{"rendered":"Toyota inicia a venda do RAV4 2023 por R$ 322,9 mil"},"content":{"rendered":"<p><em>AutoInd\u00fastria<\/em><\/p>\n<p>&nbsp;<\/p>\n<p>Com novos itens de seguran\u00e7a, como a LTA, Assist\u00eancia de Perman\u00eancia de Faixa, e de conveni\u00eancia, como o sistema de monitoramento de vis\u00e3o 360\u00b0 e o multim\u00eddia com tela de oito polegadas, chega ao mercado brasileiro o Toyota RV4 2023, com propulsor 2.5DOHC 4 cilindros que, combinado com tr\u00eas motores el\u00e9tricos, resulta em pot\u00eancia m\u00e1xima de 222 cv.<\/p>\n<p>&nbsp;<\/p>\n<p>Dispon\u00edvel na rede de concession\u00e1rias da marca a partir desta quinta-feira, 26, por R$ 322.890, o SUV h\u00edbrido chega para fortalecer a estrat\u00e9gia de oferta de ve\u00edculos eletrificados da marca no Pa\u00eds. O modelo \u00e9 oferecido em vers\u00e3o \u00fanica SX Connect Hybrid, equipada de s\u00e9rie com ar-condicionado digital de duas zonas e abertura e fechamento da tampa do porta-malas com acionamento por chave ou pelo sensor de movimento, localizado debaixo do para-choque traseiro.<\/p>\n<p>&nbsp;<\/p>\n<p>Al\u00e9m disso, o RAV4 conta com RCTA, Alerta de Tr\u00e1fego Traseiro, e alerta para utiliza\u00e7\u00e3o dos cintos de seguran\u00e7a traseiros. A lista de seguran\u00e7a do ve\u00edculo tamb\u00e9m inclui sete airbags, VSC, Controle de Estabilidade, HAC, Assistente de Partida em Rampa e freios ABS com EBD, entre outros itens. O console central vem equipado com carregador de celular por indu\u00e7\u00e3o.<\/p>\n<p>&nbsp;<\/p>\n<p>A Toyota j\u00e1 est\u00e1 oferecendo o novo RAV4 2023 para aluguel, por meio da KINTO e de seus servi\u00e7os KINTO One Personal, de assinatura de ve\u00edculos 0km, KINTO One Fleet, focado em gest\u00e3o de frotas corporativas e KINTO Share para clientes que precisam alugar modelos da marca por horas, dias ou semanas. (AutoInd\u00fastria)<\/p>\n","protected":false},"excerpt":{"rendered":"<p>AutoInd\u00fastria &nbsp; Com novos itens de seguran\u00e7a, como a LTA, Assist\u00eancia de Perman\u00eancia de Faixa, e de conveni\u00eancia, como o sistema de monitoramento de vis\u00e3o 360\u00b0 e o multim\u00eddia com tela de oito polegadas, chega ao mercado brasileiro o Toyota RV4 2023, com propulsor 2.5DOHC 4 cilindros que, combinado com tr\u00eas motores el\u00e9tricos, resulta em\u2026 <a class=\"readmore\" href=\"https:\/\/dana.com.br\/canaldana\/2023\/01\/27\/toyota-inicia-a-venda-do-rav4-2023-por-r-3229-mil\/\">Leia mais \u00bb<\/a><\/p>\n","protected":false},"author":3,"featured_media":0,"comment_status":"closed","ping_status":"closed","sticky":false,"template":"","format":"standard","meta":{"_acf_changed":false,"footnotes":""},"categories":[79],"tags":[],"class_list":["post-63455","post","type-post","status-publish","format-standard","hentry","category-mercado"],"acf":[],"yoast_head":"<!-- This site is optimized with the Yoast SEO plugin v27.3 - https:\/\/yoast.com\/product\/yoast-seo-wordpress\/ -->\n<title>Toyota inicia a venda do RAV4 2023 por R$ 322,9 mil - Canal Dana<\/title>\n<meta name=\"robots\" content=\"index, follow, max-snippet:-1, max-image-preview:large, max-video-preview:-1\" \/>\n<link rel=\"canonical\" href=\"https:\/\/dana.com.br\/canaldana\/2023\/01\/27\/toyota-inicia-a-venda-do-rav4-2023-por-r-3229-mil\/\" \/>\n<meta property=\"og:locale\" content=\"pt_BR\" \/>\n<meta property=\"og:type\" content=\"article\" \/>\n<meta property=\"og:title\" content=\"Toyota inicia a venda do RAV4 2023 por R$ 322,9 mil - Canal Dana\" \/>\n<meta property=\"og:description\" content=\"AutoInd\u00fastria &nbsp; Com novos itens de seguran\u00e7a, como a LTA, Assist\u00eancia de Perman\u00eancia de Faixa, e de conveni\u00eancia, como o sistema de monitoramento de vis\u00e3o 360\u00b0 e o multim\u00eddia com tela de oito polegadas, chega ao mercado brasileiro o Toyota RV4 2023, com propulsor 2.5DOHC 4 cilindros que, combinado com tr\u00eas motores el\u00e9tricos, resulta em\u2026 Leia mais \u00bb\" \/>\n<meta property=\"og:url\" content=\"https:\/\/dana.com.br\/canaldana\/2023\/01\/27\/toyota-inicia-a-venda-do-rav4-2023-por-r-3229-mil\/\" \/>\n<meta property=\"og:site_name\" content=\"Canal Dana\" \/>\n<meta property=\"article:published_time\" content=\"2023-01-27T11:50:17+00:00\" \/>\n<meta name=\"author\" content=\"Canal Dana\" \/>\n<meta name=\"twitter:card\" content=\"summary_large_image\" \/>\n<meta name=\"twitter:label1\" content=\"Escrito por\" \/>\n\t<meta name=\"twitter:data1\" content=\"Canal Dana\" \/>\n\t<meta name=\"twitter:label2\" content=\"Est. tempo de leitura\" \/>\n\t<meta name=\"twitter:data2\" content=\"2 minutos\" \/>\n<script type=\"application\/ld+json\" class=\"yoast-schema-graph\">{\"@context\":\"https:\\\/\\\/schema.org\",\"@graph\":[{\"@type\":\"Article\",\"@id\":\"https:\\\/\\\/dana.com.br\\\/canaldana\\\/2023\\\/01\\\/27\\\/toyota-inicia-a-venda-do-rav4-2023-por-r-3229-mil\\\/#article\",\"isPartOf\":{\"@id\":\"https:\\\/\\\/dana.com.br\\\/canaldana\\\/2023\\\/01\\\/27\\\/toyota-inicia-a-venda-do-rav4-2023-por-r-3229-mil\\\/\"},\"author\":{\"name\":\"Canal Dana\",\"@id\":\"https:\\\/\\\/dana.com.br\\\/canaldana\\\/#\\\/schema\\\/person\\\/3c21f22f56fcf3bc46b94bc60ea4fef6\"},\"headline\":\"Toyota inicia a venda do RAV4 2023 por R$ 322,9 mil\",\"datePublished\":\"2023-01-27T11:50:17+00:00\",\"mainEntityOfPage\":{\"@id\":\"https:\\\/\\\/dana.com.br\\\/canaldana\\\/2023\\\/01\\\/27\\\/toyota-inicia-a-venda-do-rav4-2023-por-r-3229-mil\\\/\"},\"wordCount\":280,\"articleSection\":[\"Mercado\"],\"inLanguage\":\"pt-BR\"},{\"@type\":\"WebPage\",\"@id\":\"https:\\\/\\\/dana.com.br\\\/canaldana\\\/2023\\\/01\\\/27\\\/toyota-inicia-a-venda-do-rav4-2023-por-r-3229-mil\\\/\",\"url\":\"https:\\\/\\\/dana.com.br\\\/canaldana\\\/2023\\\/01\\\/27\\\/toyota-inicia-a-venda-do-rav4-2023-por-r-3229-mil\\\/\",\"name\":\"Toyota inicia a venda do RAV4 2023 por R$ 322,9 mil - Canal Dana\",\"isPartOf\":{\"@id\":\"https:\\\/\\\/dana.com.br\\\/canaldana\\\/#website\"},\"datePublished\":\"2023-01-27T11:50:17+00:00\",\"author\":{\"@id\":\"https:\\\/\\\/dana.com.br\\\/canaldana\\\/#\\\/schema\\\/person\\\/3c21f22f56fcf3bc46b94bc60ea4fef6\"},\"breadcrumb\":{\"@id\":\"https:\\\/\\\/dana.com.br\\\/canaldana\\\/2023\\\/01\\\/27\\\/toyota-inicia-a-venda-do-rav4-2023-por-r-3229-mil\\\/#breadcrumb\"},\"inLanguage\":\"pt-BR\",\"potentialAction\":[{\"@type\":\"ReadAction\",\"target\":[\"https:\\\/\\\/dana.com.br\\\/canaldana\\\/2023\\\/01\\\/27\\\/toyota-inicia-a-venda-do-rav4-2023-por-r-3229-mil\\\/\"]}]},{\"@type\":\"BreadcrumbList\",\"@id\":\"https:\\\/\\\/dana.com.br\\\/canaldana\\\/2023\\\/01\\\/27\\\/toyota-inicia-a-venda-do-rav4-2023-por-r-3229-mil\\\/#breadcrumb\",\"itemListElement\":[{\"@type\":\"ListItem\",\"position\":1,\"name\":\"Home\",\"item\":\"https:\\\/\\\/dana.com.br\\\/canaldana\\\/\"},{\"@type\":\"ListItem\",\"position\":2,\"name\":\"Mercado\",\"item\":\"https:\\\/\\\/dana.com.br\\\/canaldana\\\/mercado\\\/\"},{\"@type\":\"ListItem\",\"position\":3,\"name\":\"Toyota inicia a venda do RAV4 2023 por R$ 322,9 mil\"}]},{\"@type\":\"WebSite\",\"@id\":\"https:\\\/\\\/dana.com.br\\\/canaldana\\\/#website\",\"url\":\"https:\\\/\\\/dana.com.br\\\/canaldana\\\/\",\"name\":\"Canal Dana\",\"description\":\"Informativo com as principais not\u00edcias da ind\u00fastria automotiva\",\"potentialAction\":[{\"@type\":\"SearchAction\",\"target\":{\"@type\":\"EntryPoint\",\"urlTemplate\":\"https:\\\/\\\/dana.com.br\\\/canaldana\\\/?s={search_term_string}\"},\"query-input\":{\"@type\":\"PropertyValueSpecification\",\"valueRequired\":true,\"valueName\":\"search_term_string\"}}],\"inLanguage\":\"pt-BR\"},{\"@type\":\"Person\",\"@id\":\"https:\\\/\\\/dana.com.br\\\/canaldana\\\/#\\\/schema\\\/person\\\/3c21f22f56fcf3bc46b94bc60ea4fef6\",\"name\":\"Canal Dana\",\"image\":{\"@type\":\"ImageObject\",\"inLanguage\":\"pt-BR\",\"@id\":\"https:\\\/\\\/secure.gravatar.com\\\/avatar\\\/420aaf9278582877d9018637c6817617705899d2858d7572ef0fe59a6b6454b4?s=96&d=mm&r=g\",\"url\":\"https:\\\/\\\/secure.gravatar.com\\\/avatar\\\/420aaf9278582877d9018637c6817617705899d2858d7572ef0fe59a6b6454b4?s=96&d=mm&r=g\",\"contentUrl\":\"https:\\\/\\\/secure.gravatar.com\\\/avatar\\\/420aaf9278582877d9018637c6817617705899d2858d7572ef0fe59a6b6454b4?s=96&d=mm&r=g\",\"caption\":\"Canal Dana\"},\"url\":\"https:\\\/\\\/dana.com.br\\\/canaldana\\\/author\\\/cdeditor\\\/\"}]}<\/script>\n<!-- \/ Yoast SEO plugin. -->","yoast_head_json":{"title":"Toyota inicia a venda do RAV4 2023 por R$ 322,9 mil - Canal Dana","robots":{"index":"index","follow":"follow","max-snippet":"max-snippet:-1","max-image-preview":"max-image-preview:large","max-video-preview":"max-video-preview:-1"},"canonical":"https:\/\/dana.com.br\/canaldana\/2023\/01\/27\/toyota-inicia-a-venda-do-rav4-2023-por-r-3229-mil\/","og_locale":"pt_BR","og_type":"article","og_title":"Toyota inicia a venda do RAV4 2023 por R$ 322,9 mil - Canal Dana","og_description":"AutoInd\u00fastria &nbsp; Com novos itens de seguran\u00e7a, como a LTA, Assist\u00eancia de Perman\u00eancia de Faixa, e de conveni\u00eancia, como o sistema de monitoramento de vis\u00e3o 360\u00b0 e o multim\u00eddia com tela de oito polegadas, chega ao mercado brasileiro o Toyota RV4 2023, com propulsor 2.5DOHC 4 cilindros que, combinado com tr\u00eas motores el\u00e9tricos, resulta em\u2026 Leia mais \u00bb","og_url":"https:\/\/dana.com.br\/canaldana\/2023\/01\/27\/toyota-inicia-a-venda-do-rav4-2023-por-r-3229-mil\/","og_site_name":"Canal Dana","article_published_time":"2023-01-27T11:50:17+00:00","author":"Canal Dana","twitter_card":"summary_large_image","twitter_misc":{"Escrito por":"Canal Dana","Est. tempo de leitura":"2 minutos"},"schema":{"@context":"https:\/\/schema.org","@graph":[{"@type":"Article","@id":"https:\/\/dana.com.br\/canaldana\/2023\/01\/27\/toyota-inicia-a-venda-do-rav4-2023-por-r-3229-mil\/#article","isPartOf":{"@id":"https:\/\/dana.com.br\/canaldana\/2023\/01\/27\/toyota-inicia-a-venda-do-rav4-2023-por-r-3229-mil\/"},"author":{"name":"Canal Dana","@id":"https:\/\/dana.com.br\/canaldana\/#\/schema\/person\/3c21f22f56fcf3bc46b94bc60ea4fef6"},"headline":"Toyota inicia a venda do RAV4 2023 por R$ 322,9 mil","datePublished":"2023-01-27T11:50:17+00:00","mainEntityOfPage":{"@id":"https:\/\/dana.com.br\/canaldana\/2023\/01\/27\/toyota-inicia-a-venda-do-rav4-2023-por-r-3229-mil\/"},"wordCount":280,"articleSection":["Mercado"],"inLanguage":"pt-BR"},{"@type":"WebPage","@id":"https:\/\/dana.com.br\/canaldana\/2023\/01\/27\/toyota-inicia-a-venda-do-rav4-2023-por-r-3229-mil\/","url":"https:\/\/dana.com.br\/canaldana\/2023\/01\/27\/toyota-inicia-a-venda-do-rav4-2023-por-r-3229-mil\/","name":"Toyota inicia a venda do RAV4 2023 por R$ 322,9 mil - Canal Dana","isPartOf":{"@id":"https:\/\/dana.com.br\/canaldana\/#website"},"datePublished":"2023-01-27T11:50:17+00:00","author":{"@id":"https:\/\/dana.com.br\/canaldana\/#\/schema\/person\/3c21f22f56fcf3bc46b94bc60ea4fef6"},"breadcrumb":{"@id":"https:\/\/dana.com.br\/canaldana\/2023\/01\/27\/toyota-inicia-a-venda-do-rav4-2023-por-r-3229-mil\/#breadcrumb"},"inLanguage":"pt-BR","potentialAction":[{"@type":"ReadAction","target":["https:\/\/dana.com.br\/canaldana\/2023\/01\/27\/toyota-inicia-a-venda-do-rav4-2023-por-r-3229-mil\/"]}]},{"@type":"BreadcrumbList","@id":"https:\/\/dana.com.br\/canaldana\/2023\/01\/27\/toyota-inicia-a-venda-do-rav4-2023-por-r-3229-mil\/#breadcrumb","itemListElement":[{"@type":"ListItem","position":1,"name":"Home","item":"https:\/\/dana.com.br\/canaldana\/"},{"@type":"ListItem","position":2,"name":"Mercado","item":"https:\/\/dana.com.br\/canaldana\/mercado\/"},{"@type":"ListItem","position":3,"name":"Toyota inicia a venda do RAV4 2023 por R$ 322,9 mil"}]},{"@type":"WebSite","@id":"https:\/\/dana.com.br\/canaldana\/#website","url":"https:\/\/dana.com.br\/canaldana\/","name":"Canal Dana","description":"Informativo com as principais not\u00edcias da ind\u00fastria automotiva","potentialAction":[{"@type":"SearchAction","target":{"@type":"EntryPoint","urlTemplate":"https:\/\/dana.com.br\/canaldana\/?s={search_term_string}"},"query-input":{"@type":"PropertyValueSpecification","valueRequired":true,"valueName":"search_term_string"}}],"inLanguage":"pt-BR"},{"@type":"Person","@id":"https:\/\/dana.com.br\/canaldana\/#\/schema\/person\/3c21f22f56fcf3bc46b94bc60ea4fef6","name":"Canal Dana","image":{"@type":"ImageObject","inLanguage":"pt-BR","@id":"https:\/\/secure.gravatar.com\/avatar\/420aaf9278582877d9018637c6817617705899d2858d7572ef0fe59a6b6454b4?s=96&d=mm&r=g","url":"https:\/\/secure.gravatar.com\/avatar\/420aaf9278582877d9018637c6817617705899d2858d7572ef0fe59a6b6454b4?s=96&d=mm&r=g","contentUrl":"https:\/\/secure.gravatar.com\/avatar\/420aaf9278582877d9018637c6817617705899d2858d7572ef0fe59a6b6454b4?s=96&d=mm&r=g","caption":"Canal Dana"},"url":"https:\/\/dana.com.br\/canaldana\/author\/cdeditor\/"}]}},"_links":{"self":[{"href":"https:\/\/dana.com.br\/canaldana\/wp-json\/wp\/v2\/posts\/63455","targetHints":{"allow":["GET"]}}],"collection":[{"href":"https:\/\/dana.com.br\/canaldana\/wp-json\/wp\/v2\/posts"}],"about":[{"href":"https:\/\/dana.com.br\/canaldana\/wp-json\/wp\/v2\/types\/post"}],"author":[{"embeddable":true,"href":"https:\/\/dana.com.br\/canaldana\/wp-json\/wp\/v2\/users\/3"}],"replies":[{"embeddable":true,"href":"https:\/\/dana.com.br\/canaldana\/wp-json\/wp\/v2\/comments?post=63455"}],"version-history":[{"count":0,"href":"https:\/\/dana.com.br\/canaldana\/wp-json\/wp\/v2\/posts\/63455\/revisions"}],"wp:attachment":[{"href":"https:\/\/dana.com.br\/canaldana\/wp-json\/wp\/v2\/media?parent=63455"}],"wp:term":[{"taxonomy":"category","embeddable":true,"href":"https:\/\/dana.com.br\/canaldana\/wp-json\/wp\/v2\/categories?post=63455"},{"taxonomy":"post_tag","embeddable":true,"href":"https:\/\/dana.com.br\/canaldana\/wp-json\/wp\/v2\/tags?post=63455"}],"curies":[{"name":"wp","href":"https:\/\/api.w.org\/{rel}","templated":true}]}}