{"id":63436,"date":"2023-01-26T08:51:44","date_gmt":"2023-01-26T11:51:44","guid":{"rendered":"https:\/\/dana.com.br\/canaldana\/?p=63436"},"modified":"2023-01-26T08:51:44","modified_gmt":"2023-01-26T11:51:44","slug":"financiamento-de-veiculos-pesados-cai-11-no-brasil-em-2022","status":"publish","type":"post","link":"https:\/\/dana.com.br\/canaldana\/2023\/01\/26\/financiamento-de-veiculos-pesados-cai-11-no-brasil-em-2022\/","title":{"rendered":"Financiamento de ve\u00edculos pesados cai 11% no Brasil em 2022"},"content":{"rendered":"<p><em>Estrad\u00e3o <\/em><\/p>\n<p>&nbsp;<\/p>\n<p>A venda de caminh\u00f5es e \u00f4nibus por meio de financiamento caiu 11% no ano passado. De janeiro a dezembro de 2022, o Pa\u00eds financiou 276.473 ve\u00edculos pesados. Para compara\u00e7\u00e3o, em 2021 foram 310.509 transa\u00e7\u00f5es. As informa\u00e7\u00f5es s\u00e3o da B3, a Bolsa de Valores.<\/p>\n<p>&nbsp;<\/p>\n<p>No acumulado do \u00faltimo ano, os ve\u00edculos 0-km foram os mais procurados. Ao longo de 2022, estes modelos somaram 139.571 unidades. Ou seja, ainda uma retra\u00e7\u00e3o de 13,1% frente aos 160.634 pesados novos financiados em 2021.<\/p>\n<p>&nbsp;<\/p>\n<p>Do mesmo modo, entre os usados houve retra\u00e7\u00e3o de 8,7%. Nesse sentido, nos 12 meses de 2022, o setor vendeu a cr\u00e9dito 136.902 modelos. Enquanto, no mesmo per\u00edodo no ano anterior, registrou o financiamento de 149.875 ve\u00edculos usados ou seminovos.<\/p>\n<p>&nbsp;<\/p>\n<p><strong>Cr\u00e9dito em queda<\/strong><\/p>\n<p>&nbsp;<\/p>\n<p>Seja como for, de acordo com especialistas da ind\u00fastria de ve\u00edculos comerciais, a retra\u00e7\u00e3o nas vendas por financiamento ocorre sobretudo por causa de falta de cr\u00e9dito. O presidente da Fenauto, Enilson Sales, explica que o cr\u00e9dito sempre foi importante. Entretanto, nos \u00faltimos anos, as financeiras aumentaram as restri\u00e7\u00f5es ao cr\u00e9dito para compra de ve\u00edculos. Para completar, as altas taxas de juros s\u00e3o pouco convidativas e dificultam a ida \u00e0s compras.<\/p>\n<p>&nbsp;<\/p>\n<p>Para o presidente da Anfavea, M\u00e1rcio de Lima Leite, as taxas de juros t\u00eam trazido preocupa\u00e7\u00e3o. &#8220;Estamos falando de uma taxa de 30% de financiamento via CDC. E se conseguirmos romper essa barreira, o ano de 2023 pode ser surpreendente&#8221;, diz Leite.<\/p>\n<p>&nbsp;<\/p>\n<p><strong>Desempenho de caminh\u00f5es e \u00f4nibus<\/strong><\/p>\n<p>&nbsp;<\/p>\n<p>Historicamente, caminh\u00e3o \u00e9 o produto mais procurado. Assim, em 2022, a ind\u00fastria financiou 253.839 unidades. Destas, 134.504 foram de modelos 0-km. Ou seja, o total de caminh\u00f5es vendidos no ano passado \u00e9 11,6% menor que o de 2021. Naquele ano, o segmento faturou 287.147 unidades, sendo 155.825 novos.<\/p>\n<p>&nbsp;<\/p>\n<p>Por outro lado, o setor de \u00f4nibus apresentou queda mais t\u00edmida, de 3,1%. De janeiro a dezembro do ano passado, foram negociados 22.634 \u00f4nibus a cr\u00e9dito. O mesmo per\u00edodo, em 2021, teve 23.362 \u00f4nibus financiados. Assim, em volume, o melhor desempenho vem dos \u00f4nibus usados. O setor registrou 17.567 unidades financiadas em 2022. Mesmo assim, queda de 5,3% na compara\u00e7\u00e3o com os 18.553 modelos entregues no ano anterior.<\/p>\n<p>&nbsp;<\/p>\n<p>Entre os \u00f4nibus 0-km, as vendas foram menores, por\u00e9m, positivas. O Pa\u00eds vendeu 5.067 modelos por financiamento em 2022. Ou seja, alta de 5,4% em rela\u00e7\u00e3o a 2021, que somou 4.809 unidades. Dessa forma, o resultado reflete a renova\u00e7\u00e3o de frota que o setor n\u00e3o fazia desde 2020, por causa da pandemia.<\/p>\n<p>&nbsp;<\/p>\n<p><strong>CDC<\/strong><\/p>\n<p>&nbsp;<\/p>\n<p>Segundo o levantamento do B3, a linha de cr\u00e9dito mais utilizada no setor de ve\u00edculos pesados \u00e9 Cr\u00e9dito Direto ao Consumidor (CDC). Em n\u00fameros, a modalidade representou com 234.938 transa\u00e7\u00f5es de caminh\u00f5es e \u00f4nibus durante 2022. Contudo, tamb\u00e9m reflete retra\u00e7\u00e3o de 10,7% frente a 2021, quando o CDC respondeu por 263.005 transa\u00e7\u00f5es. (Estrad\u00e3o\/Andrea Ramos)<\/p>\n","protected":false},"excerpt":{"rendered":"<p>Estrad\u00e3o &nbsp; A venda de caminh\u00f5es e \u00f4nibus por meio de financiamento caiu 11% no ano passado. De janeiro a dezembro de 2022, o Pa\u00eds financiou 276.473 ve\u00edculos pesados. Para compara\u00e7\u00e3o, em 2021 foram 310.509 transa\u00e7\u00f5es. As informa\u00e7\u00f5es s\u00e3o da B3, a Bolsa de Valores. &nbsp; No acumulado do \u00faltimo ano, os ve\u00edculos 0-km foram\u2026 <a class=\"readmore\" href=\"https:\/\/dana.com.br\/canaldana\/2023\/01\/26\/financiamento-de-veiculos-pesados-cai-11-no-brasil-em-2022\/\">Leia mais \u00bb<\/a><\/p>\n","protected":false},"author":3,"featured_media":0,"comment_status":"closed","ping_status":"closed","sticky":false,"template":"","format":"standard","meta":{"_acf_changed":false,"footnotes":""},"categories":[61],"tags":[],"class_list":["post-63436","post","type-post","status-publish","format-standard","hentry","category-destaques"],"acf":[],"yoast_head":"<!-- This site is optimized with the Yoast SEO plugin v27.3 - https:\/\/yoast.com\/product\/yoast-seo-wordpress\/ -->\n<title>Financiamento de ve\u00edculos pesados cai 11% no Brasil em 2022 - Canal Dana<\/title>\n<meta name=\"robots\" content=\"index, follow, max-snippet:-1, max-image-preview:large, max-video-preview:-1\" \/>\n<link rel=\"canonical\" href=\"https:\/\/dana.com.br\/canaldana\/2023\/01\/26\/financiamento-de-veiculos-pesados-cai-11-no-brasil-em-2022\/\" \/>\n<meta property=\"og:locale\" content=\"pt_BR\" \/>\n<meta property=\"og:type\" content=\"article\" \/>\n<meta property=\"og:title\" content=\"Financiamento de ve\u00edculos pesados cai 11% no Brasil em 2022 - Canal Dana\" \/>\n<meta property=\"og:description\" content=\"Estrad\u00e3o &nbsp; A venda de caminh\u00f5es e \u00f4nibus por meio de financiamento caiu 11% no ano passado. De janeiro a dezembro de 2022, o Pa\u00eds financiou 276.473 ve\u00edculos pesados. Para compara\u00e7\u00e3o, em 2021 foram 310.509 transa\u00e7\u00f5es. As informa\u00e7\u00f5es s\u00e3o da B3, a Bolsa de Valores. &nbsp; No acumulado do \u00faltimo ano, os ve\u00edculos 0-km foram\u2026 Leia mais \u00bb\" \/>\n<meta property=\"og:url\" content=\"https:\/\/dana.com.br\/canaldana\/2023\/01\/26\/financiamento-de-veiculos-pesados-cai-11-no-brasil-em-2022\/\" \/>\n<meta property=\"og:site_name\" content=\"Canal Dana\" \/>\n<meta property=\"article:published_time\" content=\"2023-01-26T11:51:44+00:00\" \/>\n<meta name=\"author\" content=\"Canal Dana\" \/>\n<meta name=\"twitter:card\" content=\"summary_large_image\" \/>\n<meta name=\"twitter:label1\" content=\"Escrito por\" \/>\n\t<meta name=\"twitter:data1\" content=\"Canal Dana\" \/>\n\t<meta name=\"twitter:label2\" content=\"Est. tempo de leitura\" \/>\n\t<meta name=\"twitter:data2\" content=\"3 minutos\" \/>\n<script type=\"application\/ld+json\" class=\"yoast-schema-graph\">{\"@context\":\"https:\\\/\\\/schema.org\",\"@graph\":[{\"@type\":\"Article\",\"@id\":\"https:\\\/\\\/dana.com.br\\\/canaldana\\\/2023\\\/01\\\/26\\\/financiamento-de-veiculos-pesados-cai-11-no-brasil-em-2022\\\/#article\",\"isPartOf\":{\"@id\":\"https:\\\/\\\/dana.com.br\\\/canaldana\\\/2023\\\/01\\\/26\\\/financiamento-de-veiculos-pesados-cai-11-no-brasil-em-2022\\\/\"},\"author\":{\"name\":\"Canal Dana\",\"@id\":\"https:\\\/\\\/dana.com.br\\\/canaldana\\\/#\\\/schema\\\/person\\\/3c21f22f56fcf3bc46b94bc60ea4fef6\"},\"headline\":\"Financiamento de ve\u00edculos pesados cai 11% no Brasil em 2022\",\"datePublished\":\"2023-01-26T11:51:44+00:00\",\"mainEntityOfPage\":{\"@id\":\"https:\\\/\\\/dana.com.br\\\/canaldana\\\/2023\\\/01\\\/26\\\/financiamento-de-veiculos-pesados-cai-11-no-brasil-em-2022\\\/\"},\"wordCount\":489,\"articleSection\":[\"Destaques\"],\"inLanguage\":\"pt-BR\"},{\"@type\":\"WebPage\",\"@id\":\"https:\\\/\\\/dana.com.br\\\/canaldana\\\/2023\\\/01\\\/26\\\/financiamento-de-veiculos-pesados-cai-11-no-brasil-em-2022\\\/\",\"url\":\"https:\\\/\\\/dana.com.br\\\/canaldana\\\/2023\\\/01\\\/26\\\/financiamento-de-veiculos-pesados-cai-11-no-brasil-em-2022\\\/\",\"name\":\"Financiamento de ve\u00edculos pesados cai 11% no Brasil em 2022 - Canal Dana\",\"isPartOf\":{\"@id\":\"https:\\\/\\\/dana.com.br\\\/canaldana\\\/#website\"},\"datePublished\":\"2023-01-26T11:51:44+00:00\",\"author\":{\"@id\":\"https:\\\/\\\/dana.com.br\\\/canaldana\\\/#\\\/schema\\\/person\\\/3c21f22f56fcf3bc46b94bc60ea4fef6\"},\"breadcrumb\":{\"@id\":\"https:\\\/\\\/dana.com.br\\\/canaldana\\\/2023\\\/01\\\/26\\\/financiamento-de-veiculos-pesados-cai-11-no-brasil-em-2022\\\/#breadcrumb\"},\"inLanguage\":\"pt-BR\",\"potentialAction\":[{\"@type\":\"ReadAction\",\"target\":[\"https:\\\/\\\/dana.com.br\\\/canaldana\\\/2023\\\/01\\\/26\\\/financiamento-de-veiculos-pesados-cai-11-no-brasil-em-2022\\\/\"]}]},{\"@type\":\"BreadcrumbList\",\"@id\":\"https:\\\/\\\/dana.com.br\\\/canaldana\\\/2023\\\/01\\\/26\\\/financiamento-de-veiculos-pesados-cai-11-no-brasil-em-2022\\\/#breadcrumb\",\"itemListElement\":[{\"@type\":\"ListItem\",\"position\":1,\"name\":\"Home\",\"item\":\"https:\\\/\\\/dana.com.br\\\/canaldana\\\/\"},{\"@type\":\"ListItem\",\"position\":2,\"name\":\"Destaques\",\"item\":\"https:\\\/\\\/dana.com.br\\\/canaldana\\\/destaques\\\/\"},{\"@type\":\"ListItem\",\"position\":3,\"name\":\"Financiamento de ve\u00edculos pesados cai 11% no Brasil em 2022\"}]},{\"@type\":\"WebSite\",\"@id\":\"https:\\\/\\\/dana.com.br\\\/canaldana\\\/#website\",\"url\":\"https:\\\/\\\/dana.com.br\\\/canaldana\\\/\",\"name\":\"Canal Dana\",\"description\":\"Informativo com as principais not\u00edcias da ind\u00fastria automotiva\",\"potentialAction\":[{\"@type\":\"SearchAction\",\"target\":{\"@type\":\"EntryPoint\",\"urlTemplate\":\"https:\\\/\\\/dana.com.br\\\/canaldana\\\/?s={search_term_string}\"},\"query-input\":{\"@type\":\"PropertyValueSpecification\",\"valueRequired\":true,\"valueName\":\"search_term_string\"}}],\"inLanguage\":\"pt-BR\"},{\"@type\":\"Person\",\"@id\":\"https:\\\/\\\/dana.com.br\\\/canaldana\\\/#\\\/schema\\\/person\\\/3c21f22f56fcf3bc46b94bc60ea4fef6\",\"name\":\"Canal Dana\",\"image\":{\"@type\":\"ImageObject\",\"inLanguage\":\"pt-BR\",\"@id\":\"https:\\\/\\\/secure.gravatar.com\\\/avatar\\\/420aaf9278582877d9018637c6817617705899d2858d7572ef0fe59a6b6454b4?s=96&d=mm&r=g\",\"url\":\"https:\\\/\\\/secure.gravatar.com\\\/avatar\\\/420aaf9278582877d9018637c6817617705899d2858d7572ef0fe59a6b6454b4?s=96&d=mm&r=g\",\"contentUrl\":\"https:\\\/\\\/secure.gravatar.com\\\/avatar\\\/420aaf9278582877d9018637c6817617705899d2858d7572ef0fe59a6b6454b4?s=96&d=mm&r=g\",\"caption\":\"Canal Dana\"},\"url\":\"https:\\\/\\\/dana.com.br\\\/canaldana\\\/author\\\/cdeditor\\\/\"}]}<\/script>\n<!-- \/ Yoast SEO plugin. -->","yoast_head_json":{"title":"Financiamento de ve\u00edculos pesados cai 11% no Brasil em 2022 - Canal Dana","robots":{"index":"index","follow":"follow","max-snippet":"max-snippet:-1","max-image-preview":"max-image-preview:large","max-video-preview":"max-video-preview:-1"},"canonical":"https:\/\/dana.com.br\/canaldana\/2023\/01\/26\/financiamento-de-veiculos-pesados-cai-11-no-brasil-em-2022\/","og_locale":"pt_BR","og_type":"article","og_title":"Financiamento de ve\u00edculos pesados cai 11% no Brasil em 2022 - Canal Dana","og_description":"Estrad\u00e3o &nbsp; A venda de caminh\u00f5es e \u00f4nibus por meio de financiamento caiu 11% no ano passado. De janeiro a dezembro de 2022, o Pa\u00eds financiou 276.473 ve\u00edculos pesados. Para compara\u00e7\u00e3o, em 2021 foram 310.509 transa\u00e7\u00f5es. As informa\u00e7\u00f5es s\u00e3o da B3, a Bolsa de Valores. &nbsp; No acumulado do \u00faltimo ano, os ve\u00edculos 0-km foram\u2026 Leia mais \u00bb","og_url":"https:\/\/dana.com.br\/canaldana\/2023\/01\/26\/financiamento-de-veiculos-pesados-cai-11-no-brasil-em-2022\/","og_site_name":"Canal Dana","article_published_time":"2023-01-26T11:51:44+00:00","author":"Canal Dana","twitter_card":"summary_large_image","twitter_misc":{"Escrito por":"Canal Dana","Est. tempo de leitura":"3 minutos"},"schema":{"@context":"https:\/\/schema.org","@graph":[{"@type":"Article","@id":"https:\/\/dana.com.br\/canaldana\/2023\/01\/26\/financiamento-de-veiculos-pesados-cai-11-no-brasil-em-2022\/#article","isPartOf":{"@id":"https:\/\/dana.com.br\/canaldana\/2023\/01\/26\/financiamento-de-veiculos-pesados-cai-11-no-brasil-em-2022\/"},"author":{"name":"Canal Dana","@id":"https:\/\/dana.com.br\/canaldana\/#\/schema\/person\/3c21f22f56fcf3bc46b94bc60ea4fef6"},"headline":"Financiamento de ve\u00edculos pesados cai 11% no Brasil em 2022","datePublished":"2023-01-26T11:51:44+00:00","mainEntityOfPage":{"@id":"https:\/\/dana.com.br\/canaldana\/2023\/01\/26\/financiamento-de-veiculos-pesados-cai-11-no-brasil-em-2022\/"},"wordCount":489,"articleSection":["Destaques"],"inLanguage":"pt-BR"},{"@type":"WebPage","@id":"https:\/\/dana.com.br\/canaldana\/2023\/01\/26\/financiamento-de-veiculos-pesados-cai-11-no-brasil-em-2022\/","url":"https:\/\/dana.com.br\/canaldana\/2023\/01\/26\/financiamento-de-veiculos-pesados-cai-11-no-brasil-em-2022\/","name":"Financiamento de ve\u00edculos pesados cai 11% no Brasil em 2022 - Canal Dana","isPartOf":{"@id":"https:\/\/dana.com.br\/canaldana\/#website"},"datePublished":"2023-01-26T11:51:44+00:00","author":{"@id":"https:\/\/dana.com.br\/canaldana\/#\/schema\/person\/3c21f22f56fcf3bc46b94bc60ea4fef6"},"breadcrumb":{"@id":"https:\/\/dana.com.br\/canaldana\/2023\/01\/26\/financiamento-de-veiculos-pesados-cai-11-no-brasil-em-2022\/#breadcrumb"},"inLanguage":"pt-BR","potentialAction":[{"@type":"ReadAction","target":["https:\/\/dana.com.br\/canaldana\/2023\/01\/26\/financiamento-de-veiculos-pesados-cai-11-no-brasil-em-2022\/"]}]},{"@type":"BreadcrumbList","@id":"https:\/\/dana.com.br\/canaldana\/2023\/01\/26\/financiamento-de-veiculos-pesados-cai-11-no-brasil-em-2022\/#breadcrumb","itemListElement":[{"@type":"ListItem","position":1,"name":"Home","item":"https:\/\/dana.com.br\/canaldana\/"},{"@type":"ListItem","position":2,"name":"Destaques","item":"https:\/\/dana.com.br\/canaldana\/destaques\/"},{"@type":"ListItem","position":3,"name":"Financiamento de ve\u00edculos pesados cai 11% no Brasil em 2022"}]},{"@type":"WebSite","@id":"https:\/\/dana.com.br\/canaldana\/#website","url":"https:\/\/dana.com.br\/canaldana\/","name":"Canal Dana","description":"Informativo com as principais not\u00edcias da ind\u00fastria automotiva","potentialAction":[{"@type":"SearchAction","target":{"@type":"EntryPoint","urlTemplate":"https:\/\/dana.com.br\/canaldana\/?s={search_term_string}"},"query-input":{"@type":"PropertyValueSpecification","valueRequired":true,"valueName":"search_term_string"}}],"inLanguage":"pt-BR"},{"@type":"Person","@id":"https:\/\/dana.com.br\/canaldana\/#\/schema\/person\/3c21f22f56fcf3bc46b94bc60ea4fef6","name":"Canal Dana","image":{"@type":"ImageObject","inLanguage":"pt-BR","@id":"https:\/\/secure.gravatar.com\/avatar\/420aaf9278582877d9018637c6817617705899d2858d7572ef0fe59a6b6454b4?s=96&d=mm&r=g","url":"https:\/\/secure.gravatar.com\/avatar\/420aaf9278582877d9018637c6817617705899d2858d7572ef0fe59a6b6454b4?s=96&d=mm&r=g","contentUrl":"https:\/\/secure.gravatar.com\/avatar\/420aaf9278582877d9018637c6817617705899d2858d7572ef0fe59a6b6454b4?s=96&d=mm&r=g","caption":"Canal Dana"},"url":"https:\/\/dana.com.br\/canaldana\/author\/cdeditor\/"}]}},"_links":{"self":[{"href":"https:\/\/dana.com.br\/canaldana\/wp-json\/wp\/v2\/posts\/63436","targetHints":{"allow":["GET"]}}],"collection":[{"href":"https:\/\/dana.com.br\/canaldana\/wp-json\/wp\/v2\/posts"}],"about":[{"href":"https:\/\/dana.com.br\/canaldana\/wp-json\/wp\/v2\/types\/post"}],"author":[{"embeddable":true,"href":"https:\/\/dana.com.br\/canaldana\/wp-json\/wp\/v2\/users\/3"}],"replies":[{"embeddable":true,"href":"https:\/\/dana.com.br\/canaldana\/wp-json\/wp\/v2\/comments?post=63436"}],"version-history":[{"count":0,"href":"https:\/\/dana.com.br\/canaldana\/wp-json\/wp\/v2\/posts\/63436\/revisions"}],"wp:attachment":[{"href":"https:\/\/dana.com.br\/canaldana\/wp-json\/wp\/v2\/media?parent=63436"}],"wp:term":[{"taxonomy":"category","embeddable":true,"href":"https:\/\/dana.com.br\/canaldana\/wp-json\/wp\/v2\/categories?post=63436"},{"taxonomy":"post_tag","embeddable":true,"href":"https:\/\/dana.com.br\/canaldana\/wp-json\/wp\/v2\/tags?post=63436"}],"curies":[{"name":"wp","href":"https:\/\/api.w.org\/{rel}","templated":true}]}}