{"id":63396,"date":"2023-01-25T08:20:47","date_gmt":"2023-01-25T11:20:47","guid":{"rendered":"https:\/\/dana.com.br\/canaldana\/?p=63396"},"modified":"2023-01-26T08:18:07","modified_gmt":"2023-01-26T11:18:07","slug":"projeto-estabelece-que-veiculos-agricolas-poderao-ser-cobertos-pelo-seguro-obrigatorio","status":"publish","type":"post","link":"https:\/\/dana.com.br\/canaldana\/2023\/01\/25\/projeto-estabelece-que-veiculos-agricolas-poderao-ser-cobertos-pelo-seguro-obrigatorio\/","title":{"rendered":"Projeto estabelece que ve\u00edculos agr\u00edcolas poder\u00e3o ser cobertos pelo seguro obrigat\u00f3rio"},"content":{"rendered":"<p><em>Ag\u00eancia C\u00e2mara de Not\u00edcias<\/em><\/p>\n<p>&nbsp;<\/p>\n<p>O Projeto de Lei 2958\/22 estabelece que os ve\u00edculos agr\u00edcolas que transitam por via terrestre poder\u00e3o ser cobertos pelo Seguro Obrigat\u00f3rio de Danos Pessoais (DPVAT). A cobertura vale para os ve\u00edculos parados ou em tr\u00e2nsito. Atualmente, ve\u00edculos agr\u00edcolas n\u00e3o s\u00e3o cobertos pelo benef\u00edcio.<\/p>\n<p>&nbsp;<\/p>\n<p>O autor da proposta, deputado Carlos Henrique Gaguim (Uni\u00e3o-TO), afirma que j\u00e1 h\u00e1 jurisprud\u00eancia definida pelo Superior Tribunal de Justi\u00e7a (STJ) com esse entendimento e, portanto, \u00e9 necess\u00e1rio legislar sobre o tema para pacificar as controv\u00e9rsias sobre o limite da cobertura.<\/p>\n<p>&nbsp;<\/p>\n<p>\u201cDurante muito tempo se discutiu, entre outras quest\u00f5es, se os acidentes ocorridos com ve\u00edculos agr\u00edcolas estariam ou n\u00e3o cobertos pelo seguro em quest\u00e3o. Outra importante discuss\u00e3o dizia respeito \u00e0 cobertura dos incidentes que tamb\u00e9m possam configurar acidente de trabalho&#8221;, afirma o deputado.<\/p>\n<p>&nbsp;<\/p>\n<p><strong>Tramita\u00e7\u00e3o<\/strong><\/p>\n<p>&nbsp;<\/p>\n<p>O projeto de lei tramita, em car\u00e1ter conclusivo, nas comiss\u00f5es de Via\u00e7\u00e3o e Transportes; de Finan\u00e7as e Tributa\u00e7\u00e3o; e de Constitui\u00e7\u00e3o e Justi\u00e7a e de Cidadania.<\/p>\n<p>&nbsp;<\/p>\n<p><a href=\"https:\/\/www.camara.leg.br\/noticias\/573454-SAIBA-MAIS-SOBRE-A-TRAMITACAO-DE-PROJETOS-DE-LEI\" target=\"_blank\" rel=\"noopener\">Saiba mais sobre a tramita\u00e7\u00e3o de projetos de lei<\/a>. (Ag\u00eancia C\u00e2mara de Not\u00edcias\/Luiz Gustavo Xavier e Ana Chalub)<\/p>\n","protected":false},"excerpt":{"rendered":"<p>Ag\u00eancia C\u00e2mara de Not\u00edcias &nbsp; O Projeto de Lei 2958\/22 estabelece que os ve\u00edculos agr\u00edcolas que transitam por via terrestre poder\u00e3o ser cobertos pelo Seguro Obrigat\u00f3rio de Danos Pessoais (DPVAT). A cobertura vale para os ve\u00edculos parados ou em tr\u00e2nsito. Atualmente, ve\u00edculos agr\u00edcolas n\u00e3o s\u00e3o cobertos pelo benef\u00edcio. &nbsp; O autor da proposta, deputado Carlos\u2026 <a class=\"readmore\" href=\"https:\/\/dana.com.br\/canaldana\/2023\/01\/25\/projeto-estabelece-que-veiculos-agricolas-poderao-ser-cobertos-pelo-seguro-obrigatorio\/\">Leia mais \u00bb<\/a><\/p>\n","protected":false},"author":3,"featured_media":0,"comment_status":"closed","ping_status":"closed","sticky":false,"template":"","format":"standard","meta":{"_acf_changed":false,"footnotes":""},"categories":[79],"tags":[],"class_list":["post-63396","post","type-post","status-publish","format-standard","hentry","category-mercado"],"acf":[],"yoast_head":"<!-- This site is optimized with the Yoast SEO plugin v27.3 - https:\/\/yoast.com\/product\/yoast-seo-wordpress\/ -->\n<title>Projeto estabelece que ve\u00edculos agr\u00edcolas poder\u00e3o ser cobertos pelo seguro obrigat\u00f3rio - Canal Dana<\/title>\n<meta name=\"robots\" content=\"index, follow, max-snippet:-1, max-image-preview:large, max-video-preview:-1\" \/>\n<link rel=\"canonical\" href=\"https:\/\/dana.com.br\/canaldana\/2023\/01\/25\/projeto-estabelece-que-veiculos-agricolas-poderao-ser-cobertos-pelo-seguro-obrigatorio\/\" \/>\n<meta property=\"og:locale\" content=\"pt_BR\" \/>\n<meta property=\"og:type\" content=\"article\" \/>\n<meta property=\"og:title\" content=\"Projeto estabelece que ve\u00edculos agr\u00edcolas poder\u00e3o ser cobertos pelo seguro obrigat\u00f3rio - Canal Dana\" \/>\n<meta property=\"og:description\" content=\"Ag\u00eancia C\u00e2mara de Not\u00edcias &nbsp; O Projeto de Lei 2958\/22 estabelece que os ve\u00edculos agr\u00edcolas que transitam por via terrestre poder\u00e3o ser cobertos pelo Seguro Obrigat\u00f3rio de Danos Pessoais (DPVAT). A cobertura vale para os ve\u00edculos parados ou em tr\u00e2nsito. Atualmente, ve\u00edculos agr\u00edcolas n\u00e3o s\u00e3o cobertos pelo benef\u00edcio. &nbsp; O autor da proposta, deputado Carlos\u2026 Leia mais \u00bb\" \/>\n<meta property=\"og:url\" content=\"https:\/\/dana.com.br\/canaldana\/2023\/01\/25\/projeto-estabelece-que-veiculos-agricolas-poderao-ser-cobertos-pelo-seguro-obrigatorio\/\" \/>\n<meta property=\"og:site_name\" content=\"Canal Dana\" \/>\n<meta property=\"article:published_time\" content=\"2023-01-25T11:20:47+00:00\" \/>\n<meta property=\"article:modified_time\" content=\"2023-01-26T11:18:07+00:00\" \/>\n<meta name=\"author\" content=\"Canal Dana\" \/>\n<meta name=\"twitter:card\" content=\"summary_large_image\" \/>\n<meta name=\"twitter:label1\" content=\"Escrito por\" \/>\n\t<meta name=\"twitter:data1\" content=\"Canal Dana\" \/>\n\t<meta name=\"twitter:label2\" content=\"Est. tempo de leitura\" \/>\n\t<meta name=\"twitter:data2\" content=\"1 minuto\" \/>\n<script type=\"application\/ld+json\" class=\"yoast-schema-graph\">{\"@context\":\"https:\\\/\\\/schema.org\",\"@graph\":[{\"@type\":\"Article\",\"@id\":\"https:\\\/\\\/dana.com.br\\\/canaldana\\\/2023\\\/01\\\/25\\\/projeto-estabelece-que-veiculos-agricolas-poderao-ser-cobertos-pelo-seguro-obrigatorio\\\/#article\",\"isPartOf\":{\"@id\":\"https:\\\/\\\/dana.com.br\\\/canaldana\\\/2023\\\/01\\\/25\\\/projeto-estabelece-que-veiculos-agricolas-poderao-ser-cobertos-pelo-seguro-obrigatorio\\\/\"},\"author\":{\"name\":\"Canal Dana\",\"@id\":\"https:\\\/\\\/dana.com.br\\\/canaldana\\\/#\\\/schema\\\/person\\\/3c21f22f56fcf3bc46b94bc60ea4fef6\"},\"headline\":\"Projeto estabelece que ve\u00edculos agr\u00edcolas poder\u00e3o ser cobertos pelo seguro obrigat\u00f3rio\",\"datePublished\":\"2023-01-25T11:20:47+00:00\",\"dateModified\":\"2023-01-26T11:18:07+00:00\",\"mainEntityOfPage\":{\"@id\":\"https:\\\/\\\/dana.com.br\\\/canaldana\\\/2023\\\/01\\\/25\\\/projeto-estabelece-que-veiculos-agricolas-poderao-ser-cobertos-pelo-seguro-obrigatorio\\\/\"},\"wordCount\":232,\"articleSection\":[\"Mercado\"],\"inLanguage\":\"pt-BR\"},{\"@type\":\"WebPage\",\"@id\":\"https:\\\/\\\/dana.com.br\\\/canaldana\\\/2023\\\/01\\\/25\\\/projeto-estabelece-que-veiculos-agricolas-poderao-ser-cobertos-pelo-seguro-obrigatorio\\\/\",\"url\":\"https:\\\/\\\/dana.com.br\\\/canaldana\\\/2023\\\/01\\\/25\\\/projeto-estabelece-que-veiculos-agricolas-poderao-ser-cobertos-pelo-seguro-obrigatorio\\\/\",\"name\":\"Projeto estabelece que ve\u00edculos agr\u00edcolas poder\u00e3o ser cobertos pelo seguro obrigat\u00f3rio - Canal Dana\",\"isPartOf\":{\"@id\":\"https:\\\/\\\/dana.com.br\\\/canaldana\\\/#website\"},\"datePublished\":\"2023-01-25T11:20:47+00:00\",\"dateModified\":\"2023-01-26T11:18:07+00:00\",\"author\":{\"@id\":\"https:\\\/\\\/dana.com.br\\\/canaldana\\\/#\\\/schema\\\/person\\\/3c21f22f56fcf3bc46b94bc60ea4fef6\"},\"breadcrumb\":{\"@id\":\"https:\\\/\\\/dana.com.br\\\/canaldana\\\/2023\\\/01\\\/25\\\/projeto-estabelece-que-veiculos-agricolas-poderao-ser-cobertos-pelo-seguro-obrigatorio\\\/#breadcrumb\"},\"inLanguage\":\"pt-BR\",\"potentialAction\":[{\"@type\":\"ReadAction\",\"target\":[\"https:\\\/\\\/dana.com.br\\\/canaldana\\\/2023\\\/01\\\/25\\\/projeto-estabelece-que-veiculos-agricolas-poderao-ser-cobertos-pelo-seguro-obrigatorio\\\/\"]}]},{\"@type\":\"BreadcrumbList\",\"@id\":\"https:\\\/\\\/dana.com.br\\\/canaldana\\\/2023\\\/01\\\/25\\\/projeto-estabelece-que-veiculos-agricolas-poderao-ser-cobertos-pelo-seguro-obrigatorio\\\/#breadcrumb\",\"itemListElement\":[{\"@type\":\"ListItem\",\"position\":1,\"name\":\"Home\",\"item\":\"https:\\\/\\\/dana.com.br\\\/canaldana\\\/\"},{\"@type\":\"ListItem\",\"position\":2,\"name\":\"Mercado\",\"item\":\"https:\\\/\\\/dana.com.br\\\/canaldana\\\/mercado\\\/\"},{\"@type\":\"ListItem\",\"position\":3,\"name\":\"Projeto estabelece que ve\u00edculos agr\u00edcolas poder\u00e3o ser cobertos pelo seguro obrigat\u00f3rio\"}]},{\"@type\":\"WebSite\",\"@id\":\"https:\\\/\\\/dana.com.br\\\/canaldana\\\/#website\",\"url\":\"https:\\\/\\\/dana.com.br\\\/canaldana\\\/\",\"name\":\"Canal Dana\",\"description\":\"Informativo com as principais not\u00edcias da ind\u00fastria automotiva\",\"potentialAction\":[{\"@type\":\"SearchAction\",\"target\":{\"@type\":\"EntryPoint\",\"urlTemplate\":\"https:\\\/\\\/dana.com.br\\\/canaldana\\\/?s={search_term_string}\"},\"query-input\":{\"@type\":\"PropertyValueSpecification\",\"valueRequired\":true,\"valueName\":\"search_term_string\"}}],\"inLanguage\":\"pt-BR\"},{\"@type\":\"Person\",\"@id\":\"https:\\\/\\\/dana.com.br\\\/canaldana\\\/#\\\/schema\\\/person\\\/3c21f22f56fcf3bc46b94bc60ea4fef6\",\"name\":\"Canal Dana\",\"image\":{\"@type\":\"ImageObject\",\"inLanguage\":\"pt-BR\",\"@id\":\"https:\\\/\\\/secure.gravatar.com\\\/avatar\\\/420aaf9278582877d9018637c6817617705899d2858d7572ef0fe59a6b6454b4?s=96&d=mm&r=g\",\"url\":\"https:\\\/\\\/secure.gravatar.com\\\/avatar\\\/420aaf9278582877d9018637c6817617705899d2858d7572ef0fe59a6b6454b4?s=96&d=mm&r=g\",\"contentUrl\":\"https:\\\/\\\/secure.gravatar.com\\\/avatar\\\/420aaf9278582877d9018637c6817617705899d2858d7572ef0fe59a6b6454b4?s=96&d=mm&r=g\",\"caption\":\"Canal Dana\"},\"url\":\"https:\\\/\\\/dana.com.br\\\/canaldana\\\/author\\\/cdeditor\\\/\"}]}<\/script>\n<!-- \/ Yoast SEO plugin. -->","yoast_head_json":{"title":"Projeto estabelece que ve\u00edculos agr\u00edcolas poder\u00e3o ser cobertos pelo seguro obrigat\u00f3rio - Canal Dana","robots":{"index":"index","follow":"follow","max-snippet":"max-snippet:-1","max-image-preview":"max-image-preview:large","max-video-preview":"max-video-preview:-1"},"canonical":"https:\/\/dana.com.br\/canaldana\/2023\/01\/25\/projeto-estabelece-que-veiculos-agricolas-poderao-ser-cobertos-pelo-seguro-obrigatorio\/","og_locale":"pt_BR","og_type":"article","og_title":"Projeto estabelece que ve\u00edculos agr\u00edcolas poder\u00e3o ser cobertos pelo seguro obrigat\u00f3rio - Canal Dana","og_description":"Ag\u00eancia C\u00e2mara de Not\u00edcias &nbsp; O Projeto de Lei 2958\/22 estabelece que os ve\u00edculos agr\u00edcolas que transitam por via terrestre poder\u00e3o ser cobertos pelo Seguro Obrigat\u00f3rio de Danos Pessoais (DPVAT). A cobertura vale para os ve\u00edculos parados ou em tr\u00e2nsito. Atualmente, ve\u00edculos agr\u00edcolas n\u00e3o s\u00e3o cobertos pelo benef\u00edcio. &nbsp; O autor da proposta, deputado Carlos\u2026 Leia mais \u00bb","og_url":"https:\/\/dana.com.br\/canaldana\/2023\/01\/25\/projeto-estabelece-que-veiculos-agricolas-poderao-ser-cobertos-pelo-seguro-obrigatorio\/","og_site_name":"Canal Dana","article_published_time":"2023-01-25T11:20:47+00:00","article_modified_time":"2023-01-26T11:18:07+00:00","author":"Canal Dana","twitter_card":"summary_large_image","twitter_misc":{"Escrito por":"Canal Dana","Est. tempo de leitura":"1 minuto"},"schema":{"@context":"https:\/\/schema.org","@graph":[{"@type":"Article","@id":"https:\/\/dana.com.br\/canaldana\/2023\/01\/25\/projeto-estabelece-que-veiculos-agricolas-poderao-ser-cobertos-pelo-seguro-obrigatorio\/#article","isPartOf":{"@id":"https:\/\/dana.com.br\/canaldana\/2023\/01\/25\/projeto-estabelece-que-veiculos-agricolas-poderao-ser-cobertos-pelo-seguro-obrigatorio\/"},"author":{"name":"Canal Dana","@id":"https:\/\/dana.com.br\/canaldana\/#\/schema\/person\/3c21f22f56fcf3bc46b94bc60ea4fef6"},"headline":"Projeto estabelece que ve\u00edculos agr\u00edcolas poder\u00e3o ser cobertos pelo seguro obrigat\u00f3rio","datePublished":"2023-01-25T11:20:47+00:00","dateModified":"2023-01-26T11:18:07+00:00","mainEntityOfPage":{"@id":"https:\/\/dana.com.br\/canaldana\/2023\/01\/25\/projeto-estabelece-que-veiculos-agricolas-poderao-ser-cobertos-pelo-seguro-obrigatorio\/"},"wordCount":232,"articleSection":["Mercado"],"inLanguage":"pt-BR"},{"@type":"WebPage","@id":"https:\/\/dana.com.br\/canaldana\/2023\/01\/25\/projeto-estabelece-que-veiculos-agricolas-poderao-ser-cobertos-pelo-seguro-obrigatorio\/","url":"https:\/\/dana.com.br\/canaldana\/2023\/01\/25\/projeto-estabelece-que-veiculos-agricolas-poderao-ser-cobertos-pelo-seguro-obrigatorio\/","name":"Projeto estabelece que ve\u00edculos agr\u00edcolas poder\u00e3o ser cobertos pelo seguro obrigat\u00f3rio - Canal Dana","isPartOf":{"@id":"https:\/\/dana.com.br\/canaldana\/#website"},"datePublished":"2023-01-25T11:20:47+00:00","dateModified":"2023-01-26T11:18:07+00:00","author":{"@id":"https:\/\/dana.com.br\/canaldana\/#\/schema\/person\/3c21f22f56fcf3bc46b94bc60ea4fef6"},"breadcrumb":{"@id":"https:\/\/dana.com.br\/canaldana\/2023\/01\/25\/projeto-estabelece-que-veiculos-agricolas-poderao-ser-cobertos-pelo-seguro-obrigatorio\/#breadcrumb"},"inLanguage":"pt-BR","potentialAction":[{"@type":"ReadAction","target":["https:\/\/dana.com.br\/canaldana\/2023\/01\/25\/projeto-estabelece-que-veiculos-agricolas-poderao-ser-cobertos-pelo-seguro-obrigatorio\/"]}]},{"@type":"BreadcrumbList","@id":"https:\/\/dana.com.br\/canaldana\/2023\/01\/25\/projeto-estabelece-que-veiculos-agricolas-poderao-ser-cobertos-pelo-seguro-obrigatorio\/#breadcrumb","itemListElement":[{"@type":"ListItem","position":1,"name":"Home","item":"https:\/\/dana.com.br\/canaldana\/"},{"@type":"ListItem","position":2,"name":"Mercado","item":"https:\/\/dana.com.br\/canaldana\/mercado\/"},{"@type":"ListItem","position":3,"name":"Projeto estabelece que ve\u00edculos agr\u00edcolas poder\u00e3o ser cobertos pelo seguro obrigat\u00f3rio"}]},{"@type":"WebSite","@id":"https:\/\/dana.com.br\/canaldana\/#website","url":"https:\/\/dana.com.br\/canaldana\/","name":"Canal Dana","description":"Informativo com as principais not\u00edcias da ind\u00fastria automotiva","potentialAction":[{"@type":"SearchAction","target":{"@type":"EntryPoint","urlTemplate":"https:\/\/dana.com.br\/canaldana\/?s={search_term_string}"},"query-input":{"@type":"PropertyValueSpecification","valueRequired":true,"valueName":"search_term_string"}}],"inLanguage":"pt-BR"},{"@type":"Person","@id":"https:\/\/dana.com.br\/canaldana\/#\/schema\/person\/3c21f22f56fcf3bc46b94bc60ea4fef6","name":"Canal Dana","image":{"@type":"ImageObject","inLanguage":"pt-BR","@id":"https:\/\/secure.gravatar.com\/avatar\/420aaf9278582877d9018637c6817617705899d2858d7572ef0fe59a6b6454b4?s=96&d=mm&r=g","url":"https:\/\/secure.gravatar.com\/avatar\/420aaf9278582877d9018637c6817617705899d2858d7572ef0fe59a6b6454b4?s=96&d=mm&r=g","contentUrl":"https:\/\/secure.gravatar.com\/avatar\/420aaf9278582877d9018637c6817617705899d2858d7572ef0fe59a6b6454b4?s=96&d=mm&r=g","caption":"Canal Dana"},"url":"https:\/\/dana.com.br\/canaldana\/author\/cdeditor\/"}]}},"_links":{"self":[{"href":"https:\/\/dana.com.br\/canaldana\/wp-json\/wp\/v2\/posts\/63396","targetHints":{"allow":["GET"]}}],"collection":[{"href":"https:\/\/dana.com.br\/canaldana\/wp-json\/wp\/v2\/posts"}],"about":[{"href":"https:\/\/dana.com.br\/canaldana\/wp-json\/wp\/v2\/types\/post"}],"author":[{"embeddable":true,"href":"https:\/\/dana.com.br\/canaldana\/wp-json\/wp\/v2\/users\/3"}],"replies":[{"embeddable":true,"href":"https:\/\/dana.com.br\/canaldana\/wp-json\/wp\/v2\/comments?post=63396"}],"version-history":[{"count":0,"href":"https:\/\/dana.com.br\/canaldana\/wp-json\/wp\/v2\/posts\/63396\/revisions"}],"wp:attachment":[{"href":"https:\/\/dana.com.br\/canaldana\/wp-json\/wp\/v2\/media?parent=63396"}],"wp:term":[{"taxonomy":"category","embeddable":true,"href":"https:\/\/dana.com.br\/canaldana\/wp-json\/wp\/v2\/categories?post=63396"},{"taxonomy":"post_tag","embeddable":true,"href":"https:\/\/dana.com.br\/canaldana\/wp-json\/wp\/v2\/tags?post=63396"}],"curies":[{"name":"wp","href":"https:\/\/api.w.org\/{rel}","templated":true}]}}