{"id":63394,"date":"2023-01-25T08:19:46","date_gmt":"2023-01-25T11:19:46","guid":{"rendered":"https:\/\/dana.com.br\/canaldana\/?p=63394"},"modified":"2023-01-25T08:19:46","modified_gmt":"2023-01-25T11:19:46","slug":"nova-geracao-do-bmw-x1-desembarca-no-pais","status":"publish","type":"post","link":"https:\/\/dana.com.br\/canaldana\/2023\/01\/25\/nova-geracao-do-bmw-x1-desembarca-no-pais\/","title":{"rendered":"Nova gera\u00e7\u00e3o do BMW X1 desembarca no Pa\u00eds"},"content":{"rendered":"<p><em>AutoInd\u00fastria<\/em><\/p>\n<p>&nbsp;<\/p>\n<p>A f\u00e1brica de Araquari (SC) j\u00e1 tem programa\u00e7\u00e3o de produ\u00e7\u00e3o da nova gera\u00e7\u00e3o do BMW X1. O modelo chega ao Pa\u00eds renovado visualmente, com novos motores e portf\u00f3lio acrescido com uma nova vers\u00e3o entrada.<\/p>\n<p>&nbsp;<\/p>\n<p>Agora, a oferta abriga tr\u00eas variantes: sDrive 18i GP, sDrive20i X-Line e sDrive20i M Sport. Os pre\u00e7os partem de R$ 296.950 a R$ 349.950. Todas as op\u00e7\u00f5es contam com o programa de manuten\u00e7\u00e3o BSI gratuito pelo per\u00edodo de tr\u00eas anos ou 40.000 km.<\/p>\n<p>&nbsp;<\/p>\n<p>Como principal novidade, \u00e9 inclus\u00e3o na linha do motor de tr\u00eas cilindros 1.5 TwinPower com 156 cv e 23,4 kgfm de torque. O restante do cat\u00e1logo traz nova gera\u00e7\u00e3o do motor 2.0 TwinPower que desenvolve 204 cv e 30,6 kgfm de torque, 12 cv a mais em rela\u00e7\u00e3o ao motor anterior. Em todos os casos, a transmiss\u00e3o \u00e9 a Steptronic de 7 velocidades.<\/p>\n<p>&nbsp;<\/p>\n<p>A nova gera\u00e7\u00e3o do X1 tamb\u00e9m cresceu e rela\u00e7\u00e3o anterior, com 7 cent\u00edmetros a mais no comprimento, de 4,43 metros para 4,50 m. A fabricante destaca que na medida, 2 cm s\u00e3o de aumento da dist\u00e2ncia de entre eixos, o que beneficia o espa\u00e7o interno. O modelo tem 2 cm a mais na largura (de 1,82m para 1,84m) e 5 cm a mais de altura (de 1,59m para 1,64m).<\/p>\n<p>&nbsp;<\/p>\n<p>O visual recebeu modifica\u00e7\u00f5es t\u00edmidas. N\u00e3o recebeu, por exemplo, as grades frontais aumentadas, como se v\u00ea em outros modelos da marca. As mudan\u00e7as mais percept\u00edveis est\u00e3o no desenho das tomadas de ar do para-choque dianteiro, em todo conjunto \u00f3tico e para-choque traseiro.<\/p>\n<p>&nbsp;<\/p>\n<p>As maiores altera\u00e7\u00f5es se encontram no interior que, segundo a BMW, traz inspira\u00e7\u00f5es do iX, o modelo 100% da marca. Chama aten\u00e7\u00e3o a grande tela curvada de alta resolu\u00e7\u00e3o composta por duas pe\u00e7as, de 10,2 polegadas para o painel de instrumentos e de 10,7 polegadas da central multim\u00eddia. O sistema e os comandos podem ser acionados por voz, tato ou pelo comando central girat\u00f3rio do i-Drive. (AutoInd\u00fastria)<\/p>\n","protected":false},"excerpt":{"rendered":"<p>AutoInd\u00fastria &nbsp; A f\u00e1brica de Araquari (SC) j\u00e1 tem programa\u00e7\u00e3o de produ\u00e7\u00e3o da nova gera\u00e7\u00e3o do BMW X1. O modelo chega ao Pa\u00eds renovado visualmente, com novos motores e portf\u00f3lio acrescido com uma nova vers\u00e3o entrada. &nbsp; Agora, a oferta abriga tr\u00eas variantes: sDrive 18i GP, sDrive20i X-Line e sDrive20i M Sport. Os pre\u00e7os partem\u2026 <a class=\"readmore\" href=\"https:\/\/dana.com.br\/canaldana\/2023\/01\/25\/nova-geracao-do-bmw-x1-desembarca-no-pais\/\">Leia mais \u00bb<\/a><\/p>\n","protected":false},"author":3,"featured_media":0,"comment_status":"closed","ping_status":"closed","sticky":false,"template":"","format":"standard","meta":{"_acf_changed":false,"footnotes":""},"categories":[79],"tags":[],"class_list":["post-63394","post","type-post","status-publish","format-standard","hentry","category-mercado"],"acf":[],"yoast_head":"<!-- This site is optimized with the Yoast SEO plugin v27.3 - https:\/\/yoast.com\/product\/yoast-seo-wordpress\/ -->\n<title>Nova gera\u00e7\u00e3o do BMW X1 desembarca no Pa\u00eds - Canal Dana<\/title>\n<meta name=\"robots\" content=\"index, follow, max-snippet:-1, max-image-preview:large, max-video-preview:-1\" \/>\n<link rel=\"canonical\" href=\"https:\/\/dana.com.br\/canaldana\/2023\/01\/25\/nova-geracao-do-bmw-x1-desembarca-no-pais\/\" \/>\n<meta property=\"og:locale\" content=\"pt_BR\" \/>\n<meta property=\"og:type\" content=\"article\" \/>\n<meta property=\"og:title\" content=\"Nova gera\u00e7\u00e3o do BMW X1 desembarca no Pa\u00eds - Canal Dana\" \/>\n<meta property=\"og:description\" content=\"AutoInd\u00fastria &nbsp; A f\u00e1brica de Araquari (SC) j\u00e1 tem programa\u00e7\u00e3o de produ\u00e7\u00e3o da nova gera\u00e7\u00e3o do BMW X1. O modelo chega ao Pa\u00eds renovado visualmente, com novos motores e portf\u00f3lio acrescido com uma nova vers\u00e3o entrada. &nbsp; Agora, a oferta abriga tr\u00eas variantes: sDrive 18i GP, sDrive20i X-Line e sDrive20i M Sport. Os pre\u00e7os partem\u2026 Leia mais \u00bb\" \/>\n<meta property=\"og:url\" content=\"https:\/\/dana.com.br\/canaldana\/2023\/01\/25\/nova-geracao-do-bmw-x1-desembarca-no-pais\/\" \/>\n<meta property=\"og:site_name\" content=\"Canal Dana\" \/>\n<meta property=\"article:published_time\" content=\"2023-01-25T11:19:46+00:00\" \/>\n<meta name=\"author\" content=\"Canal Dana\" \/>\n<meta name=\"twitter:card\" content=\"summary_large_image\" \/>\n<meta name=\"twitter:label1\" content=\"Escrito por\" \/>\n\t<meta name=\"twitter:data1\" content=\"Canal Dana\" \/>\n\t<meta name=\"twitter:label2\" content=\"Est. tempo de leitura\" \/>\n\t<meta name=\"twitter:data2\" content=\"2 minutos\" \/>\n<script type=\"application\/ld+json\" class=\"yoast-schema-graph\">{\"@context\":\"https:\\\/\\\/schema.org\",\"@graph\":[{\"@type\":\"Article\",\"@id\":\"https:\\\/\\\/dana.com.br\\\/canaldana\\\/2023\\\/01\\\/25\\\/nova-geracao-do-bmw-x1-desembarca-no-pais\\\/#article\",\"isPartOf\":{\"@id\":\"https:\\\/\\\/dana.com.br\\\/canaldana\\\/2023\\\/01\\\/25\\\/nova-geracao-do-bmw-x1-desembarca-no-pais\\\/\"},\"author\":{\"name\":\"Canal Dana\",\"@id\":\"https:\\\/\\\/dana.com.br\\\/canaldana\\\/#\\\/schema\\\/person\\\/3c21f22f56fcf3bc46b94bc60ea4fef6\"},\"headline\":\"Nova gera\u00e7\u00e3o do BMW X1 desembarca no Pa\u00eds\",\"datePublished\":\"2023-01-25T11:19:46+00:00\",\"mainEntityOfPage\":{\"@id\":\"https:\\\/\\\/dana.com.br\\\/canaldana\\\/2023\\\/01\\\/25\\\/nova-geracao-do-bmw-x1-desembarca-no-pais\\\/\"},\"wordCount\":356,\"articleSection\":[\"Mercado\"],\"inLanguage\":\"pt-BR\"},{\"@type\":\"WebPage\",\"@id\":\"https:\\\/\\\/dana.com.br\\\/canaldana\\\/2023\\\/01\\\/25\\\/nova-geracao-do-bmw-x1-desembarca-no-pais\\\/\",\"url\":\"https:\\\/\\\/dana.com.br\\\/canaldana\\\/2023\\\/01\\\/25\\\/nova-geracao-do-bmw-x1-desembarca-no-pais\\\/\",\"name\":\"Nova gera\u00e7\u00e3o do BMW X1 desembarca no Pa\u00eds - Canal Dana\",\"isPartOf\":{\"@id\":\"https:\\\/\\\/dana.com.br\\\/canaldana\\\/#website\"},\"datePublished\":\"2023-01-25T11:19:46+00:00\",\"author\":{\"@id\":\"https:\\\/\\\/dana.com.br\\\/canaldana\\\/#\\\/schema\\\/person\\\/3c21f22f56fcf3bc46b94bc60ea4fef6\"},\"breadcrumb\":{\"@id\":\"https:\\\/\\\/dana.com.br\\\/canaldana\\\/2023\\\/01\\\/25\\\/nova-geracao-do-bmw-x1-desembarca-no-pais\\\/#breadcrumb\"},\"inLanguage\":\"pt-BR\",\"potentialAction\":[{\"@type\":\"ReadAction\",\"target\":[\"https:\\\/\\\/dana.com.br\\\/canaldana\\\/2023\\\/01\\\/25\\\/nova-geracao-do-bmw-x1-desembarca-no-pais\\\/\"]}]},{\"@type\":\"BreadcrumbList\",\"@id\":\"https:\\\/\\\/dana.com.br\\\/canaldana\\\/2023\\\/01\\\/25\\\/nova-geracao-do-bmw-x1-desembarca-no-pais\\\/#breadcrumb\",\"itemListElement\":[{\"@type\":\"ListItem\",\"position\":1,\"name\":\"Home\",\"item\":\"https:\\\/\\\/dana.com.br\\\/canaldana\\\/\"},{\"@type\":\"ListItem\",\"position\":2,\"name\":\"Mercado\",\"item\":\"https:\\\/\\\/dana.com.br\\\/canaldana\\\/mercado\\\/\"},{\"@type\":\"ListItem\",\"position\":3,\"name\":\"Nova gera\u00e7\u00e3o do BMW X1 desembarca no Pa\u00eds\"}]},{\"@type\":\"WebSite\",\"@id\":\"https:\\\/\\\/dana.com.br\\\/canaldana\\\/#website\",\"url\":\"https:\\\/\\\/dana.com.br\\\/canaldana\\\/\",\"name\":\"Canal Dana\",\"description\":\"Informativo com as principais not\u00edcias da ind\u00fastria automotiva\",\"potentialAction\":[{\"@type\":\"SearchAction\",\"target\":{\"@type\":\"EntryPoint\",\"urlTemplate\":\"https:\\\/\\\/dana.com.br\\\/canaldana\\\/?s={search_term_string}\"},\"query-input\":{\"@type\":\"PropertyValueSpecification\",\"valueRequired\":true,\"valueName\":\"search_term_string\"}}],\"inLanguage\":\"pt-BR\"},{\"@type\":\"Person\",\"@id\":\"https:\\\/\\\/dana.com.br\\\/canaldana\\\/#\\\/schema\\\/person\\\/3c21f22f56fcf3bc46b94bc60ea4fef6\",\"name\":\"Canal Dana\",\"image\":{\"@type\":\"ImageObject\",\"inLanguage\":\"pt-BR\",\"@id\":\"https:\\\/\\\/secure.gravatar.com\\\/avatar\\\/420aaf9278582877d9018637c6817617705899d2858d7572ef0fe59a6b6454b4?s=96&d=mm&r=g\",\"url\":\"https:\\\/\\\/secure.gravatar.com\\\/avatar\\\/420aaf9278582877d9018637c6817617705899d2858d7572ef0fe59a6b6454b4?s=96&d=mm&r=g\",\"contentUrl\":\"https:\\\/\\\/secure.gravatar.com\\\/avatar\\\/420aaf9278582877d9018637c6817617705899d2858d7572ef0fe59a6b6454b4?s=96&d=mm&r=g\",\"caption\":\"Canal Dana\"},\"url\":\"https:\\\/\\\/dana.com.br\\\/canaldana\\\/author\\\/cdeditor\\\/\"}]}<\/script>\n<!-- \/ Yoast SEO plugin. -->","yoast_head_json":{"title":"Nova gera\u00e7\u00e3o do BMW X1 desembarca no Pa\u00eds - Canal Dana","robots":{"index":"index","follow":"follow","max-snippet":"max-snippet:-1","max-image-preview":"max-image-preview:large","max-video-preview":"max-video-preview:-1"},"canonical":"https:\/\/dana.com.br\/canaldana\/2023\/01\/25\/nova-geracao-do-bmw-x1-desembarca-no-pais\/","og_locale":"pt_BR","og_type":"article","og_title":"Nova gera\u00e7\u00e3o do BMW X1 desembarca no Pa\u00eds - Canal Dana","og_description":"AutoInd\u00fastria &nbsp; A f\u00e1brica de Araquari (SC) j\u00e1 tem programa\u00e7\u00e3o de produ\u00e7\u00e3o da nova gera\u00e7\u00e3o do BMW X1. O modelo chega ao Pa\u00eds renovado visualmente, com novos motores e portf\u00f3lio acrescido com uma nova vers\u00e3o entrada. &nbsp; Agora, a oferta abriga tr\u00eas variantes: sDrive 18i GP, sDrive20i X-Line e sDrive20i M Sport. Os pre\u00e7os partem\u2026 Leia mais \u00bb","og_url":"https:\/\/dana.com.br\/canaldana\/2023\/01\/25\/nova-geracao-do-bmw-x1-desembarca-no-pais\/","og_site_name":"Canal Dana","article_published_time":"2023-01-25T11:19:46+00:00","author":"Canal Dana","twitter_card":"summary_large_image","twitter_misc":{"Escrito por":"Canal Dana","Est. tempo de leitura":"2 minutos"},"schema":{"@context":"https:\/\/schema.org","@graph":[{"@type":"Article","@id":"https:\/\/dana.com.br\/canaldana\/2023\/01\/25\/nova-geracao-do-bmw-x1-desembarca-no-pais\/#article","isPartOf":{"@id":"https:\/\/dana.com.br\/canaldana\/2023\/01\/25\/nova-geracao-do-bmw-x1-desembarca-no-pais\/"},"author":{"name":"Canal Dana","@id":"https:\/\/dana.com.br\/canaldana\/#\/schema\/person\/3c21f22f56fcf3bc46b94bc60ea4fef6"},"headline":"Nova gera\u00e7\u00e3o do BMW X1 desembarca no Pa\u00eds","datePublished":"2023-01-25T11:19:46+00:00","mainEntityOfPage":{"@id":"https:\/\/dana.com.br\/canaldana\/2023\/01\/25\/nova-geracao-do-bmw-x1-desembarca-no-pais\/"},"wordCount":356,"articleSection":["Mercado"],"inLanguage":"pt-BR"},{"@type":"WebPage","@id":"https:\/\/dana.com.br\/canaldana\/2023\/01\/25\/nova-geracao-do-bmw-x1-desembarca-no-pais\/","url":"https:\/\/dana.com.br\/canaldana\/2023\/01\/25\/nova-geracao-do-bmw-x1-desembarca-no-pais\/","name":"Nova gera\u00e7\u00e3o do BMW X1 desembarca no Pa\u00eds - Canal Dana","isPartOf":{"@id":"https:\/\/dana.com.br\/canaldana\/#website"},"datePublished":"2023-01-25T11:19:46+00:00","author":{"@id":"https:\/\/dana.com.br\/canaldana\/#\/schema\/person\/3c21f22f56fcf3bc46b94bc60ea4fef6"},"breadcrumb":{"@id":"https:\/\/dana.com.br\/canaldana\/2023\/01\/25\/nova-geracao-do-bmw-x1-desembarca-no-pais\/#breadcrumb"},"inLanguage":"pt-BR","potentialAction":[{"@type":"ReadAction","target":["https:\/\/dana.com.br\/canaldana\/2023\/01\/25\/nova-geracao-do-bmw-x1-desembarca-no-pais\/"]}]},{"@type":"BreadcrumbList","@id":"https:\/\/dana.com.br\/canaldana\/2023\/01\/25\/nova-geracao-do-bmw-x1-desembarca-no-pais\/#breadcrumb","itemListElement":[{"@type":"ListItem","position":1,"name":"Home","item":"https:\/\/dana.com.br\/canaldana\/"},{"@type":"ListItem","position":2,"name":"Mercado","item":"https:\/\/dana.com.br\/canaldana\/mercado\/"},{"@type":"ListItem","position":3,"name":"Nova gera\u00e7\u00e3o do BMW X1 desembarca no Pa\u00eds"}]},{"@type":"WebSite","@id":"https:\/\/dana.com.br\/canaldana\/#website","url":"https:\/\/dana.com.br\/canaldana\/","name":"Canal Dana","description":"Informativo com as principais not\u00edcias da ind\u00fastria automotiva","potentialAction":[{"@type":"SearchAction","target":{"@type":"EntryPoint","urlTemplate":"https:\/\/dana.com.br\/canaldana\/?s={search_term_string}"},"query-input":{"@type":"PropertyValueSpecification","valueRequired":true,"valueName":"search_term_string"}}],"inLanguage":"pt-BR"},{"@type":"Person","@id":"https:\/\/dana.com.br\/canaldana\/#\/schema\/person\/3c21f22f56fcf3bc46b94bc60ea4fef6","name":"Canal Dana","image":{"@type":"ImageObject","inLanguage":"pt-BR","@id":"https:\/\/secure.gravatar.com\/avatar\/420aaf9278582877d9018637c6817617705899d2858d7572ef0fe59a6b6454b4?s=96&d=mm&r=g","url":"https:\/\/secure.gravatar.com\/avatar\/420aaf9278582877d9018637c6817617705899d2858d7572ef0fe59a6b6454b4?s=96&d=mm&r=g","contentUrl":"https:\/\/secure.gravatar.com\/avatar\/420aaf9278582877d9018637c6817617705899d2858d7572ef0fe59a6b6454b4?s=96&d=mm&r=g","caption":"Canal Dana"},"url":"https:\/\/dana.com.br\/canaldana\/author\/cdeditor\/"}]}},"_links":{"self":[{"href":"https:\/\/dana.com.br\/canaldana\/wp-json\/wp\/v2\/posts\/63394","targetHints":{"allow":["GET"]}}],"collection":[{"href":"https:\/\/dana.com.br\/canaldana\/wp-json\/wp\/v2\/posts"}],"about":[{"href":"https:\/\/dana.com.br\/canaldana\/wp-json\/wp\/v2\/types\/post"}],"author":[{"embeddable":true,"href":"https:\/\/dana.com.br\/canaldana\/wp-json\/wp\/v2\/users\/3"}],"replies":[{"embeddable":true,"href":"https:\/\/dana.com.br\/canaldana\/wp-json\/wp\/v2\/comments?post=63394"}],"version-history":[{"count":0,"href":"https:\/\/dana.com.br\/canaldana\/wp-json\/wp\/v2\/posts\/63394\/revisions"}],"wp:attachment":[{"href":"https:\/\/dana.com.br\/canaldana\/wp-json\/wp\/v2\/media?parent=63394"}],"wp:term":[{"taxonomy":"category","embeddable":true,"href":"https:\/\/dana.com.br\/canaldana\/wp-json\/wp\/v2\/categories?post=63394"},{"taxonomy":"post_tag","embeddable":true,"href":"https:\/\/dana.com.br\/canaldana\/wp-json\/wp\/v2\/tags?post=63394"}],"curies":[{"name":"wp","href":"https:\/\/api.w.org\/{rel}","templated":true}]}}