{"id":63361,"date":"2023-01-24T08:41:07","date_gmt":"2023-01-24T11:41:07","guid":{"rendered":"https:\/\/dana.com.br\/canaldana\/?p=63361"},"modified":"2023-01-24T08:41:07","modified_gmt":"2023-01-24T11:41:07","slug":"prazo-de-inscricao-no-mei-caminhoneiro-esta-no-fim-veja-o-que-muda","status":"publish","type":"post","link":"https:\/\/dana.com.br\/canaldana\/2023\/01\/24\/prazo-de-inscricao-no-mei-caminhoneiro-esta-no-fim-veja-o-que-muda\/","title":{"rendered":"Prazo de inscri\u00e7\u00e3o no MEI Caminhoneiro est\u00e1 no fim; veja o que muda"},"content":{"rendered":"<p><em>Estrad\u00e3o<\/em><\/p>\n<p>&nbsp;<\/p>\n<p>MEI Caminhoneiro \u00e9 o nome do cadastro que, na pr\u00e1tica, faz com que o motorista aut\u00f4nomo se trone uma esp\u00e9cie de empresa. Com isso, o profissional pode emitir nota fiscal. Bem como, ao menos em tese, passa a ter acesso a linhas de cr\u00e9dito com juros mais baixos. Por\u00e9m, os interessados devem se apressar. Afinal, o prazo para inscri\u00e7\u00e3o no programa termina no pr\u00f3ximo dia 31 de janeiro.<\/p>\n<p>&nbsp;<\/p>\n<p>MEI \u00e9 a sigla de microempreendedor individual. Portanto, ao fazer o cadastro no MEI caminhoneiro o motorista se enquadra na categoria de transportador aut\u00f4nomo de carga. De acordo com informa\u00e7\u00f5es do governo federal, todos os motoristas de caminh\u00e3o independentes podem se inscrever.<\/p>\n<p>&nbsp;<\/p>\n<p>Contudo, h\u00e1 algumas regras para participar do MEI Caminhoneiro. Por exemplo, o aut\u00f4nomo pode ter apenas um funcion\u00e1rio com piso salarial m\u00ednimo. Al\u00e9m disso, n\u00e3o pode ter cadastro como CNPJ. Bem como o faturamento anual deve ser inferior ou igual a R$ 251,6 mil.<\/p>\n<p>&nbsp;<\/p>\n<p><strong>MEI recolhe imposto de 12%<\/strong><\/p>\n<p>&nbsp;<\/p>\n<p>Portanto, o faturamento m\u00e9dio mensal n\u00e3o pode passar de R$ 20 mil. Ali\u00e1s, essa \u00e9 a principal diferen\u00e7a entre o MEI Caminhoneiro e o MEI, digamos, comum. Para este \u00faltimo, s\u00e3o R$ 81 mil de limite de faturamento anual.<\/p>\n<p>&nbsp;<\/p>\n<p>Portanto, como fatura mais o MEI Caminhoneiro recolhe imposto maior. Ou seja, s\u00e3o 12% sobre o sal\u00e1rio-m\u00ednimo nacional, ante 8% do MEI convencional. Seja como for, quem pode virar MEI caminhoneiro s\u00e3o motoristas aut\u00f4nomos que atuam em opera\u00e7\u00f5es de municipais, intermunicipais, interestaduais e internacionais. Bem como os que transportam cargas perigosas e os que fazem mudan\u00e7as.<\/p>\n<p>&nbsp;<\/p>\n<p><strong>Como virar MEI Caminhoneiro<\/strong><\/p>\n<p>&nbsp;<\/p>\n<p>Primeiramente, o interessado em fazer o cadastro como MEI Caminhoneiro deve entrar no portal gov.br. Depois, tem de clicar na tecla \u201cQuero ser MEI\u201d e, em seguida, na op\u00e7\u00e3o \u201cFormalize-se\u201d. Para isso, \u00e9 preciso ter em m\u00e3os os seguintes documentos: CPF, CNH, RG, comprovante de resid\u00eancia e de declara\u00e7\u00e3o do Imposto de Renda.<\/p>\n<p>&nbsp;<\/p>\n<p>O MEI Caminhoneiro foi criado pela lei complementar 188\/2021. Ou seja, que trata do Estatuto Nacional da Microempresa e da Empresa de Pequeno Porte. Sua regulamenta\u00e7\u00e3o ocorreu em fevereiro de 2022. A medida possibilita que profissionais aut\u00f4nomos que atuam como transportadores de carga possam se formalizar. Assim, t\u00eam direito a benef\u00edcios pelo INSS, como aposentadoria e aux\u00edlio-doen\u00e7a, entre outros. (Estrad\u00e3o)<\/p>\n","protected":false},"excerpt":{"rendered":"<p>Estrad\u00e3o &nbsp; MEI Caminhoneiro \u00e9 o nome do cadastro que, na pr\u00e1tica, faz com que o motorista aut\u00f4nomo se trone uma esp\u00e9cie de empresa. Com isso, o profissional pode emitir nota fiscal. Bem como, ao menos em tese, passa a ter acesso a linhas de cr\u00e9dito com juros mais baixos. Por\u00e9m, os interessados devem se\u2026 <a class=\"readmore\" href=\"https:\/\/dana.com.br\/canaldana\/2023\/01\/24\/prazo-de-inscricao-no-mei-caminhoneiro-esta-no-fim-veja-o-que-muda\/\">Leia mais \u00bb<\/a><\/p>\n","protected":false},"author":3,"featured_media":0,"comment_status":"closed","ping_status":"closed","sticky":false,"template":"","format":"standard","meta":{"_acf_changed":false,"footnotes":""},"categories":[79],"tags":[],"class_list":["post-63361","post","type-post","status-publish","format-standard","hentry","category-mercado"],"acf":[],"yoast_head":"<!-- This site is optimized with the Yoast SEO plugin v27.3 - https:\/\/yoast.com\/product\/yoast-seo-wordpress\/ -->\n<title>Prazo de inscri\u00e7\u00e3o no MEI Caminhoneiro est\u00e1 no fim; veja o que muda - Canal Dana<\/title>\n<meta name=\"robots\" content=\"index, follow, max-snippet:-1, max-image-preview:large, max-video-preview:-1\" \/>\n<link rel=\"canonical\" href=\"https:\/\/dana.com.br\/canaldana\/2023\/01\/24\/prazo-de-inscricao-no-mei-caminhoneiro-esta-no-fim-veja-o-que-muda\/\" \/>\n<meta property=\"og:locale\" content=\"pt_BR\" \/>\n<meta property=\"og:type\" content=\"article\" \/>\n<meta property=\"og:title\" content=\"Prazo de inscri\u00e7\u00e3o no MEI Caminhoneiro est\u00e1 no fim; veja o que muda - Canal Dana\" \/>\n<meta property=\"og:description\" content=\"Estrad\u00e3o &nbsp; MEI Caminhoneiro \u00e9 o nome do cadastro que, na pr\u00e1tica, faz com que o motorista aut\u00f4nomo se trone uma esp\u00e9cie de empresa. Com isso, o profissional pode emitir nota fiscal. Bem como, ao menos em tese, passa a ter acesso a linhas de cr\u00e9dito com juros mais baixos. Por\u00e9m, os interessados devem se\u2026 Leia mais \u00bb\" \/>\n<meta property=\"og:url\" content=\"https:\/\/dana.com.br\/canaldana\/2023\/01\/24\/prazo-de-inscricao-no-mei-caminhoneiro-esta-no-fim-veja-o-que-muda\/\" \/>\n<meta property=\"og:site_name\" content=\"Canal Dana\" \/>\n<meta property=\"article:published_time\" content=\"2023-01-24T11:41:07+00:00\" \/>\n<meta name=\"author\" content=\"Canal Dana\" \/>\n<meta name=\"twitter:card\" content=\"summary_large_image\" \/>\n<meta name=\"twitter:label1\" content=\"Escrito por\" \/>\n\t<meta name=\"twitter:data1\" content=\"Canal Dana\" \/>\n\t<meta name=\"twitter:label2\" content=\"Est. tempo de leitura\" \/>\n\t<meta name=\"twitter:data2\" content=\"3 minutos\" \/>\n<script type=\"application\/ld+json\" class=\"yoast-schema-graph\">{\"@context\":\"https:\\\/\\\/schema.org\",\"@graph\":[{\"@type\":\"Article\",\"@id\":\"https:\\\/\\\/dana.com.br\\\/canaldana\\\/2023\\\/01\\\/24\\\/prazo-de-inscricao-no-mei-caminhoneiro-esta-no-fim-veja-o-que-muda\\\/#article\",\"isPartOf\":{\"@id\":\"https:\\\/\\\/dana.com.br\\\/canaldana\\\/2023\\\/01\\\/24\\\/prazo-de-inscricao-no-mei-caminhoneiro-esta-no-fim-veja-o-que-muda\\\/\"},\"author\":{\"name\":\"Canal Dana\",\"@id\":\"https:\\\/\\\/dana.com.br\\\/canaldana\\\/#\\\/schema\\\/person\\\/3c21f22f56fcf3bc46b94bc60ea4fef6\"},\"headline\":\"Prazo de inscri\u00e7\u00e3o no MEI Caminhoneiro est\u00e1 no fim; veja o que muda\",\"datePublished\":\"2023-01-24T11:41:07+00:00\",\"mainEntityOfPage\":{\"@id\":\"https:\\\/\\\/dana.com.br\\\/canaldana\\\/2023\\\/01\\\/24\\\/prazo-de-inscricao-no-mei-caminhoneiro-esta-no-fim-veja-o-que-muda\\\/\"},\"wordCount\":422,\"articleSection\":[\"Mercado\"],\"inLanguage\":\"pt-BR\"},{\"@type\":\"WebPage\",\"@id\":\"https:\\\/\\\/dana.com.br\\\/canaldana\\\/2023\\\/01\\\/24\\\/prazo-de-inscricao-no-mei-caminhoneiro-esta-no-fim-veja-o-que-muda\\\/\",\"url\":\"https:\\\/\\\/dana.com.br\\\/canaldana\\\/2023\\\/01\\\/24\\\/prazo-de-inscricao-no-mei-caminhoneiro-esta-no-fim-veja-o-que-muda\\\/\",\"name\":\"Prazo de inscri\u00e7\u00e3o no MEI Caminhoneiro est\u00e1 no fim; veja o que muda - Canal Dana\",\"isPartOf\":{\"@id\":\"https:\\\/\\\/dana.com.br\\\/canaldana\\\/#website\"},\"datePublished\":\"2023-01-24T11:41:07+00:00\",\"author\":{\"@id\":\"https:\\\/\\\/dana.com.br\\\/canaldana\\\/#\\\/schema\\\/person\\\/3c21f22f56fcf3bc46b94bc60ea4fef6\"},\"breadcrumb\":{\"@id\":\"https:\\\/\\\/dana.com.br\\\/canaldana\\\/2023\\\/01\\\/24\\\/prazo-de-inscricao-no-mei-caminhoneiro-esta-no-fim-veja-o-que-muda\\\/#breadcrumb\"},\"inLanguage\":\"pt-BR\",\"potentialAction\":[{\"@type\":\"ReadAction\",\"target\":[\"https:\\\/\\\/dana.com.br\\\/canaldana\\\/2023\\\/01\\\/24\\\/prazo-de-inscricao-no-mei-caminhoneiro-esta-no-fim-veja-o-que-muda\\\/\"]}]},{\"@type\":\"BreadcrumbList\",\"@id\":\"https:\\\/\\\/dana.com.br\\\/canaldana\\\/2023\\\/01\\\/24\\\/prazo-de-inscricao-no-mei-caminhoneiro-esta-no-fim-veja-o-que-muda\\\/#breadcrumb\",\"itemListElement\":[{\"@type\":\"ListItem\",\"position\":1,\"name\":\"Home\",\"item\":\"https:\\\/\\\/dana.com.br\\\/canaldana\\\/\"},{\"@type\":\"ListItem\",\"position\":2,\"name\":\"Mercado\",\"item\":\"https:\\\/\\\/dana.com.br\\\/canaldana\\\/mercado\\\/\"},{\"@type\":\"ListItem\",\"position\":3,\"name\":\"Prazo de inscri\u00e7\u00e3o no MEI Caminhoneiro est\u00e1 no fim; veja o que muda\"}]},{\"@type\":\"WebSite\",\"@id\":\"https:\\\/\\\/dana.com.br\\\/canaldana\\\/#website\",\"url\":\"https:\\\/\\\/dana.com.br\\\/canaldana\\\/\",\"name\":\"Canal Dana\",\"description\":\"Informativo com as principais not\u00edcias da ind\u00fastria automotiva\",\"potentialAction\":[{\"@type\":\"SearchAction\",\"target\":{\"@type\":\"EntryPoint\",\"urlTemplate\":\"https:\\\/\\\/dana.com.br\\\/canaldana\\\/?s={search_term_string}\"},\"query-input\":{\"@type\":\"PropertyValueSpecification\",\"valueRequired\":true,\"valueName\":\"search_term_string\"}}],\"inLanguage\":\"pt-BR\"},{\"@type\":\"Person\",\"@id\":\"https:\\\/\\\/dana.com.br\\\/canaldana\\\/#\\\/schema\\\/person\\\/3c21f22f56fcf3bc46b94bc60ea4fef6\",\"name\":\"Canal Dana\",\"image\":{\"@type\":\"ImageObject\",\"inLanguage\":\"pt-BR\",\"@id\":\"https:\\\/\\\/secure.gravatar.com\\\/avatar\\\/420aaf9278582877d9018637c6817617705899d2858d7572ef0fe59a6b6454b4?s=96&d=mm&r=g\",\"url\":\"https:\\\/\\\/secure.gravatar.com\\\/avatar\\\/420aaf9278582877d9018637c6817617705899d2858d7572ef0fe59a6b6454b4?s=96&d=mm&r=g\",\"contentUrl\":\"https:\\\/\\\/secure.gravatar.com\\\/avatar\\\/420aaf9278582877d9018637c6817617705899d2858d7572ef0fe59a6b6454b4?s=96&d=mm&r=g\",\"caption\":\"Canal Dana\"},\"url\":\"https:\\\/\\\/dana.com.br\\\/canaldana\\\/author\\\/cdeditor\\\/\"}]}<\/script>\n<!-- \/ Yoast SEO plugin. -->","yoast_head_json":{"title":"Prazo de inscri\u00e7\u00e3o no MEI Caminhoneiro est\u00e1 no fim; veja o que muda - Canal Dana","robots":{"index":"index","follow":"follow","max-snippet":"max-snippet:-1","max-image-preview":"max-image-preview:large","max-video-preview":"max-video-preview:-1"},"canonical":"https:\/\/dana.com.br\/canaldana\/2023\/01\/24\/prazo-de-inscricao-no-mei-caminhoneiro-esta-no-fim-veja-o-que-muda\/","og_locale":"pt_BR","og_type":"article","og_title":"Prazo de inscri\u00e7\u00e3o no MEI Caminhoneiro est\u00e1 no fim; veja o que muda - Canal Dana","og_description":"Estrad\u00e3o &nbsp; MEI Caminhoneiro \u00e9 o nome do cadastro que, na pr\u00e1tica, faz com que o motorista aut\u00f4nomo se trone uma esp\u00e9cie de empresa. Com isso, o profissional pode emitir nota fiscal. Bem como, ao menos em tese, passa a ter acesso a linhas de cr\u00e9dito com juros mais baixos. Por\u00e9m, os interessados devem se\u2026 Leia mais \u00bb","og_url":"https:\/\/dana.com.br\/canaldana\/2023\/01\/24\/prazo-de-inscricao-no-mei-caminhoneiro-esta-no-fim-veja-o-que-muda\/","og_site_name":"Canal Dana","article_published_time":"2023-01-24T11:41:07+00:00","author":"Canal Dana","twitter_card":"summary_large_image","twitter_misc":{"Escrito por":"Canal Dana","Est. tempo de leitura":"3 minutos"},"schema":{"@context":"https:\/\/schema.org","@graph":[{"@type":"Article","@id":"https:\/\/dana.com.br\/canaldana\/2023\/01\/24\/prazo-de-inscricao-no-mei-caminhoneiro-esta-no-fim-veja-o-que-muda\/#article","isPartOf":{"@id":"https:\/\/dana.com.br\/canaldana\/2023\/01\/24\/prazo-de-inscricao-no-mei-caminhoneiro-esta-no-fim-veja-o-que-muda\/"},"author":{"name":"Canal Dana","@id":"https:\/\/dana.com.br\/canaldana\/#\/schema\/person\/3c21f22f56fcf3bc46b94bc60ea4fef6"},"headline":"Prazo de inscri\u00e7\u00e3o no MEI Caminhoneiro est\u00e1 no fim; veja o que muda","datePublished":"2023-01-24T11:41:07+00:00","mainEntityOfPage":{"@id":"https:\/\/dana.com.br\/canaldana\/2023\/01\/24\/prazo-de-inscricao-no-mei-caminhoneiro-esta-no-fim-veja-o-que-muda\/"},"wordCount":422,"articleSection":["Mercado"],"inLanguage":"pt-BR"},{"@type":"WebPage","@id":"https:\/\/dana.com.br\/canaldana\/2023\/01\/24\/prazo-de-inscricao-no-mei-caminhoneiro-esta-no-fim-veja-o-que-muda\/","url":"https:\/\/dana.com.br\/canaldana\/2023\/01\/24\/prazo-de-inscricao-no-mei-caminhoneiro-esta-no-fim-veja-o-que-muda\/","name":"Prazo de inscri\u00e7\u00e3o no MEI Caminhoneiro est\u00e1 no fim; veja o que muda - Canal Dana","isPartOf":{"@id":"https:\/\/dana.com.br\/canaldana\/#website"},"datePublished":"2023-01-24T11:41:07+00:00","author":{"@id":"https:\/\/dana.com.br\/canaldana\/#\/schema\/person\/3c21f22f56fcf3bc46b94bc60ea4fef6"},"breadcrumb":{"@id":"https:\/\/dana.com.br\/canaldana\/2023\/01\/24\/prazo-de-inscricao-no-mei-caminhoneiro-esta-no-fim-veja-o-que-muda\/#breadcrumb"},"inLanguage":"pt-BR","potentialAction":[{"@type":"ReadAction","target":["https:\/\/dana.com.br\/canaldana\/2023\/01\/24\/prazo-de-inscricao-no-mei-caminhoneiro-esta-no-fim-veja-o-que-muda\/"]}]},{"@type":"BreadcrumbList","@id":"https:\/\/dana.com.br\/canaldana\/2023\/01\/24\/prazo-de-inscricao-no-mei-caminhoneiro-esta-no-fim-veja-o-que-muda\/#breadcrumb","itemListElement":[{"@type":"ListItem","position":1,"name":"Home","item":"https:\/\/dana.com.br\/canaldana\/"},{"@type":"ListItem","position":2,"name":"Mercado","item":"https:\/\/dana.com.br\/canaldana\/mercado\/"},{"@type":"ListItem","position":3,"name":"Prazo de inscri\u00e7\u00e3o no MEI Caminhoneiro est\u00e1 no fim; veja o que muda"}]},{"@type":"WebSite","@id":"https:\/\/dana.com.br\/canaldana\/#website","url":"https:\/\/dana.com.br\/canaldana\/","name":"Canal Dana","description":"Informativo com as principais not\u00edcias da ind\u00fastria automotiva","potentialAction":[{"@type":"SearchAction","target":{"@type":"EntryPoint","urlTemplate":"https:\/\/dana.com.br\/canaldana\/?s={search_term_string}"},"query-input":{"@type":"PropertyValueSpecification","valueRequired":true,"valueName":"search_term_string"}}],"inLanguage":"pt-BR"},{"@type":"Person","@id":"https:\/\/dana.com.br\/canaldana\/#\/schema\/person\/3c21f22f56fcf3bc46b94bc60ea4fef6","name":"Canal Dana","image":{"@type":"ImageObject","inLanguage":"pt-BR","@id":"https:\/\/secure.gravatar.com\/avatar\/420aaf9278582877d9018637c6817617705899d2858d7572ef0fe59a6b6454b4?s=96&d=mm&r=g","url":"https:\/\/secure.gravatar.com\/avatar\/420aaf9278582877d9018637c6817617705899d2858d7572ef0fe59a6b6454b4?s=96&d=mm&r=g","contentUrl":"https:\/\/secure.gravatar.com\/avatar\/420aaf9278582877d9018637c6817617705899d2858d7572ef0fe59a6b6454b4?s=96&d=mm&r=g","caption":"Canal Dana"},"url":"https:\/\/dana.com.br\/canaldana\/author\/cdeditor\/"}]}},"_links":{"self":[{"href":"https:\/\/dana.com.br\/canaldana\/wp-json\/wp\/v2\/posts\/63361","targetHints":{"allow":["GET"]}}],"collection":[{"href":"https:\/\/dana.com.br\/canaldana\/wp-json\/wp\/v2\/posts"}],"about":[{"href":"https:\/\/dana.com.br\/canaldana\/wp-json\/wp\/v2\/types\/post"}],"author":[{"embeddable":true,"href":"https:\/\/dana.com.br\/canaldana\/wp-json\/wp\/v2\/users\/3"}],"replies":[{"embeddable":true,"href":"https:\/\/dana.com.br\/canaldana\/wp-json\/wp\/v2\/comments?post=63361"}],"version-history":[{"count":0,"href":"https:\/\/dana.com.br\/canaldana\/wp-json\/wp\/v2\/posts\/63361\/revisions"}],"wp:attachment":[{"href":"https:\/\/dana.com.br\/canaldana\/wp-json\/wp\/v2\/media?parent=63361"}],"wp:term":[{"taxonomy":"category","embeddable":true,"href":"https:\/\/dana.com.br\/canaldana\/wp-json\/wp\/v2\/categories?post=63361"},{"taxonomy":"post_tag","embeddable":true,"href":"https:\/\/dana.com.br\/canaldana\/wp-json\/wp\/v2\/tags?post=63361"}],"curies":[{"name":"wp","href":"https:\/\/api.w.org\/{rel}","templated":true}]}}