{"id":63359,"date":"2023-01-24T08:40:35","date_gmt":"2023-01-24T11:40:35","guid":{"rendered":"https:\/\/dana.com.br\/canaldana\/?p=63359"},"modified":"2023-01-24T08:40:35","modified_gmt":"2023-01-24T11:40:35","slug":"sobra-entusiasmo-para-o-etanol-diz-executivo-da-unica-apos-viagem-a-india","status":"publish","type":"post","link":"https:\/\/dana.com.br\/canaldana\/2023\/01\/24\/sobra-entusiasmo-para-o-etanol-diz-executivo-da-unica-apos-viagem-a-india\/","title":{"rendered":"\u201cSobra entusiasmo para o etanol\u201d, diz executivo da Unica ap\u00f3s viagem \u00e0 \u00cdndia"},"content":{"rendered":"<p><em>Portal Nova Cana<\/em><\/p>\n<p>&nbsp;<\/p>\n<p>A participa\u00e7\u00e3o brasileira no Sal\u00e3o do Autom\u00f3vel da \u00c1sia, o AutoExpo 2023, que ocorreu na \u00faltima semana, teve um pavilh\u00e3o exclusivo para o etanol. O espa\u00e7o, que contou com a participa\u00e7\u00e3o da Uni\u00e3o da Ind\u00fastria da Cana-de-a\u00e7\u00facar e Bioenergia (Unica) e do Arranjo Produtivo Local do \u00c1lcool (Apla), recebeu a visita de importantes ministros da \u00cdndia para o programa do etanol, como Hardeep Singh Puri (petr\u00f3leo e g\u00e1s) e Nitin Jairam Gadkari (transportes).<\/p>\n<p>&nbsp;<\/p>\n<p>De acordo com o diretor executivo da Unica, Eduardo Le\u00e3o de Sousa, o evento foi \u201cum sucesso\u201d. \u201cAo concluir essa produtiva miss\u00e3o \u00e0 \u00cdndia, sobra entusiasmo no que se refere ao futuro do etanol como uma das solu\u00e7\u00f5es relevantes para a descarboniza\u00e7\u00e3o da matriz de transportes no mundo\u201d, disse.<\/p>\n<p>&nbsp;<\/p>\n<p>Segundo Sousa, foi surpreendente presenciar a transforma\u00e7\u00e3o do pa\u00eds indiano e a velocidade com que o etanol passou a ser percebido como uma alternativa para a descarboniza\u00e7\u00e3o da \u00cdndia \u2013 que hoje \u00e9 o terceiro maior pa\u00eds emissor de CO2 do mundo \u2013 e para a redu\u00e7\u00e3o da depend\u00eancia do petr\u00f3leo importado, que representa hoje mais de 80% do seu consumo.<\/p>\n<p>&nbsp;<\/p>\n<p>\u201cNos \u00faltimos oito anos, a mistura de etanol na gasolina saiu de 1,4% para mais de 10%, e segue firme rumo aos 20% at\u00e9 2025. Al\u00e9m disso, nessa semana, montadoras locais e estrangeiras aproveitaram o sal\u00e3o do autom\u00f3vel indiano para o lan\u00e7amento de diversos modelos de carros e motos flex. Uma verdadeira transforma\u00e7\u00e3o\u201d, comemorou o diretor executivo da Unica.<\/p>\n<p>&nbsp;<\/p>\n<p>De acordo com ele, o pr\u00f3ximo passo ser\u00e1 o estreitamento da coopera\u00e7\u00e3o global entre grandes pa\u00edses produtores de etanol, em um esfor\u00e7o conjunto de promo\u00e7\u00e3o dos benef\u00edcios associados ao seu uso. Isso deve envolver governos e setores privados de pa\u00edses como \u00cdndia, Brasil, Estados Unidos e Uni\u00e3o Europeia, dentre outros.<\/p>\n<p>&nbsp;<\/p>\n<p>\u201cEm um ano em que a \u00cdndia presidir\u00e1 o G20, seguida da presid\u00eancia do Brasil no pr\u00f3ximo ano [em 2024], temos uma oportunidade hist\u00f3rica e \u00fanica para consolidarmos os biocombust\u00edveis como solu\u00e7\u00e3o dispon\u00edvel, economicamente vi\u00e1vel e ambientalmente sustent\u00e1vel para endere\u00e7ar os grandes desafios globais deste s\u00e9culo\u201d, destacou Sousa. (Portal Nova Cana\/Nat\u00e1lia Cherubin)<\/p>\n","protected":false},"excerpt":{"rendered":"<p>Portal Nova Cana &nbsp; A participa\u00e7\u00e3o brasileira no Sal\u00e3o do Autom\u00f3vel da \u00c1sia, o AutoExpo 2023, que ocorreu na \u00faltima semana, teve um pavilh\u00e3o exclusivo para o etanol. O espa\u00e7o, que contou com a participa\u00e7\u00e3o da Uni\u00e3o da Ind\u00fastria da Cana-de-a\u00e7\u00facar e Bioenergia (Unica) e do Arranjo Produtivo Local do \u00c1lcool (Apla), recebeu a visita\u2026 <a class=\"readmore\" href=\"https:\/\/dana.com.br\/canaldana\/2023\/01\/24\/sobra-entusiasmo-para-o-etanol-diz-executivo-da-unica-apos-viagem-a-india\/\">Leia mais \u00bb<\/a><\/p>\n","protected":false},"author":3,"featured_media":0,"comment_status":"closed","ping_status":"closed","sticky":false,"template":"","format":"standard","meta":{"_acf_changed":false,"footnotes":""},"categories":[79],"tags":[],"class_list":["post-63359","post","type-post","status-publish","format-standard","hentry","category-mercado"],"acf":[],"yoast_head":"<!-- This site is optimized with the Yoast SEO plugin v27.3 - https:\/\/yoast.com\/product\/yoast-seo-wordpress\/ -->\n<title>\u201cSobra entusiasmo para o etanol\u201d, diz executivo da Unica ap\u00f3s viagem \u00e0 \u00cdndia - Canal Dana<\/title>\n<meta name=\"robots\" content=\"index, follow, max-snippet:-1, max-image-preview:large, max-video-preview:-1\" \/>\n<link rel=\"canonical\" href=\"https:\/\/dana.com.br\/canaldana\/2023\/01\/24\/sobra-entusiasmo-para-o-etanol-diz-executivo-da-unica-apos-viagem-a-india\/\" \/>\n<meta property=\"og:locale\" content=\"pt_BR\" \/>\n<meta property=\"og:type\" content=\"article\" \/>\n<meta property=\"og:title\" content=\"\u201cSobra entusiasmo para o etanol\u201d, diz executivo da Unica ap\u00f3s viagem \u00e0 \u00cdndia - Canal Dana\" \/>\n<meta property=\"og:description\" content=\"Portal Nova Cana &nbsp; A participa\u00e7\u00e3o brasileira no Sal\u00e3o do Autom\u00f3vel da \u00c1sia, o AutoExpo 2023, que ocorreu na \u00faltima semana, teve um pavilh\u00e3o exclusivo para o etanol. O espa\u00e7o, que contou com a participa\u00e7\u00e3o da Uni\u00e3o da Ind\u00fastria da Cana-de-a\u00e7\u00facar e Bioenergia (Unica) e do Arranjo Produtivo Local do \u00c1lcool (Apla), recebeu a visita\u2026 Leia mais \u00bb\" \/>\n<meta property=\"og:url\" content=\"https:\/\/dana.com.br\/canaldana\/2023\/01\/24\/sobra-entusiasmo-para-o-etanol-diz-executivo-da-unica-apos-viagem-a-india\/\" \/>\n<meta property=\"og:site_name\" content=\"Canal Dana\" \/>\n<meta property=\"article:published_time\" content=\"2023-01-24T11:40:35+00:00\" \/>\n<meta name=\"author\" content=\"Canal Dana\" \/>\n<meta name=\"twitter:card\" content=\"summary_large_image\" \/>\n<meta name=\"twitter:label1\" content=\"Escrito por\" \/>\n\t<meta name=\"twitter:data1\" content=\"Canal Dana\" \/>\n\t<meta name=\"twitter:label2\" content=\"Est. tempo de leitura\" \/>\n\t<meta name=\"twitter:data2\" content=\"2 minutos\" \/>\n<script type=\"application\/ld+json\" class=\"yoast-schema-graph\">{\"@context\":\"https:\\\/\\\/schema.org\",\"@graph\":[{\"@type\":\"Article\",\"@id\":\"https:\\\/\\\/dana.com.br\\\/canaldana\\\/2023\\\/01\\\/24\\\/sobra-entusiasmo-para-o-etanol-diz-executivo-da-unica-apos-viagem-a-india\\\/#article\",\"isPartOf\":{\"@id\":\"https:\\\/\\\/dana.com.br\\\/canaldana\\\/2023\\\/01\\\/24\\\/sobra-entusiasmo-para-o-etanol-diz-executivo-da-unica-apos-viagem-a-india\\\/\"},\"author\":{\"name\":\"Canal Dana\",\"@id\":\"https:\\\/\\\/dana.com.br\\\/canaldana\\\/#\\\/schema\\\/person\\\/3c21f22f56fcf3bc46b94bc60ea4fef6\"},\"headline\":\"\u201cSobra entusiasmo para o etanol\u201d, diz executivo da Unica ap\u00f3s viagem \u00e0 \u00cdndia\",\"datePublished\":\"2023-01-24T11:40:35+00:00\",\"mainEntityOfPage\":{\"@id\":\"https:\\\/\\\/dana.com.br\\\/canaldana\\\/2023\\\/01\\\/24\\\/sobra-entusiasmo-para-o-etanol-diz-executivo-da-unica-apos-viagem-a-india\\\/\"},\"wordCount\":402,\"articleSection\":[\"Mercado\"],\"inLanguage\":\"pt-BR\"},{\"@type\":\"WebPage\",\"@id\":\"https:\\\/\\\/dana.com.br\\\/canaldana\\\/2023\\\/01\\\/24\\\/sobra-entusiasmo-para-o-etanol-diz-executivo-da-unica-apos-viagem-a-india\\\/\",\"url\":\"https:\\\/\\\/dana.com.br\\\/canaldana\\\/2023\\\/01\\\/24\\\/sobra-entusiasmo-para-o-etanol-diz-executivo-da-unica-apos-viagem-a-india\\\/\",\"name\":\"\u201cSobra entusiasmo para o etanol\u201d, diz executivo da Unica ap\u00f3s viagem \u00e0 \u00cdndia - Canal Dana\",\"isPartOf\":{\"@id\":\"https:\\\/\\\/dana.com.br\\\/canaldana\\\/#website\"},\"datePublished\":\"2023-01-24T11:40:35+00:00\",\"author\":{\"@id\":\"https:\\\/\\\/dana.com.br\\\/canaldana\\\/#\\\/schema\\\/person\\\/3c21f22f56fcf3bc46b94bc60ea4fef6\"},\"breadcrumb\":{\"@id\":\"https:\\\/\\\/dana.com.br\\\/canaldana\\\/2023\\\/01\\\/24\\\/sobra-entusiasmo-para-o-etanol-diz-executivo-da-unica-apos-viagem-a-india\\\/#breadcrumb\"},\"inLanguage\":\"pt-BR\",\"potentialAction\":[{\"@type\":\"ReadAction\",\"target\":[\"https:\\\/\\\/dana.com.br\\\/canaldana\\\/2023\\\/01\\\/24\\\/sobra-entusiasmo-para-o-etanol-diz-executivo-da-unica-apos-viagem-a-india\\\/\"]}]},{\"@type\":\"BreadcrumbList\",\"@id\":\"https:\\\/\\\/dana.com.br\\\/canaldana\\\/2023\\\/01\\\/24\\\/sobra-entusiasmo-para-o-etanol-diz-executivo-da-unica-apos-viagem-a-india\\\/#breadcrumb\",\"itemListElement\":[{\"@type\":\"ListItem\",\"position\":1,\"name\":\"Home\",\"item\":\"https:\\\/\\\/dana.com.br\\\/canaldana\\\/\"},{\"@type\":\"ListItem\",\"position\":2,\"name\":\"Mercado\",\"item\":\"https:\\\/\\\/dana.com.br\\\/canaldana\\\/mercado\\\/\"},{\"@type\":\"ListItem\",\"position\":3,\"name\":\"\u201cSobra entusiasmo para o etanol\u201d, diz executivo da Unica ap\u00f3s viagem \u00e0 \u00cdndia\"}]},{\"@type\":\"WebSite\",\"@id\":\"https:\\\/\\\/dana.com.br\\\/canaldana\\\/#website\",\"url\":\"https:\\\/\\\/dana.com.br\\\/canaldana\\\/\",\"name\":\"Canal Dana\",\"description\":\"Informativo com as principais not\u00edcias da ind\u00fastria automotiva\",\"potentialAction\":[{\"@type\":\"SearchAction\",\"target\":{\"@type\":\"EntryPoint\",\"urlTemplate\":\"https:\\\/\\\/dana.com.br\\\/canaldana\\\/?s={search_term_string}\"},\"query-input\":{\"@type\":\"PropertyValueSpecification\",\"valueRequired\":true,\"valueName\":\"search_term_string\"}}],\"inLanguage\":\"pt-BR\"},{\"@type\":\"Person\",\"@id\":\"https:\\\/\\\/dana.com.br\\\/canaldana\\\/#\\\/schema\\\/person\\\/3c21f22f56fcf3bc46b94bc60ea4fef6\",\"name\":\"Canal Dana\",\"image\":{\"@type\":\"ImageObject\",\"inLanguage\":\"pt-BR\",\"@id\":\"https:\\\/\\\/secure.gravatar.com\\\/avatar\\\/420aaf9278582877d9018637c6817617705899d2858d7572ef0fe59a6b6454b4?s=96&d=mm&r=g\",\"url\":\"https:\\\/\\\/secure.gravatar.com\\\/avatar\\\/420aaf9278582877d9018637c6817617705899d2858d7572ef0fe59a6b6454b4?s=96&d=mm&r=g\",\"contentUrl\":\"https:\\\/\\\/secure.gravatar.com\\\/avatar\\\/420aaf9278582877d9018637c6817617705899d2858d7572ef0fe59a6b6454b4?s=96&d=mm&r=g\",\"caption\":\"Canal Dana\"},\"url\":\"https:\\\/\\\/dana.com.br\\\/canaldana\\\/author\\\/cdeditor\\\/\"}]}<\/script>\n<!-- \/ Yoast SEO plugin. -->","yoast_head_json":{"title":"\u201cSobra entusiasmo para o etanol\u201d, diz executivo da Unica ap\u00f3s viagem \u00e0 \u00cdndia - Canal Dana","robots":{"index":"index","follow":"follow","max-snippet":"max-snippet:-1","max-image-preview":"max-image-preview:large","max-video-preview":"max-video-preview:-1"},"canonical":"https:\/\/dana.com.br\/canaldana\/2023\/01\/24\/sobra-entusiasmo-para-o-etanol-diz-executivo-da-unica-apos-viagem-a-india\/","og_locale":"pt_BR","og_type":"article","og_title":"\u201cSobra entusiasmo para o etanol\u201d, diz executivo da Unica ap\u00f3s viagem \u00e0 \u00cdndia - Canal Dana","og_description":"Portal Nova Cana &nbsp; A participa\u00e7\u00e3o brasileira no Sal\u00e3o do Autom\u00f3vel da \u00c1sia, o AutoExpo 2023, que ocorreu na \u00faltima semana, teve um pavilh\u00e3o exclusivo para o etanol. O espa\u00e7o, que contou com a participa\u00e7\u00e3o da Uni\u00e3o da Ind\u00fastria da Cana-de-a\u00e7\u00facar e Bioenergia (Unica) e do Arranjo Produtivo Local do \u00c1lcool (Apla), recebeu a visita\u2026 Leia mais \u00bb","og_url":"https:\/\/dana.com.br\/canaldana\/2023\/01\/24\/sobra-entusiasmo-para-o-etanol-diz-executivo-da-unica-apos-viagem-a-india\/","og_site_name":"Canal Dana","article_published_time":"2023-01-24T11:40:35+00:00","author":"Canal Dana","twitter_card":"summary_large_image","twitter_misc":{"Escrito por":"Canal Dana","Est. tempo de leitura":"2 minutos"},"schema":{"@context":"https:\/\/schema.org","@graph":[{"@type":"Article","@id":"https:\/\/dana.com.br\/canaldana\/2023\/01\/24\/sobra-entusiasmo-para-o-etanol-diz-executivo-da-unica-apos-viagem-a-india\/#article","isPartOf":{"@id":"https:\/\/dana.com.br\/canaldana\/2023\/01\/24\/sobra-entusiasmo-para-o-etanol-diz-executivo-da-unica-apos-viagem-a-india\/"},"author":{"name":"Canal Dana","@id":"https:\/\/dana.com.br\/canaldana\/#\/schema\/person\/3c21f22f56fcf3bc46b94bc60ea4fef6"},"headline":"\u201cSobra entusiasmo para o etanol\u201d, diz executivo da Unica ap\u00f3s viagem \u00e0 \u00cdndia","datePublished":"2023-01-24T11:40:35+00:00","mainEntityOfPage":{"@id":"https:\/\/dana.com.br\/canaldana\/2023\/01\/24\/sobra-entusiasmo-para-o-etanol-diz-executivo-da-unica-apos-viagem-a-india\/"},"wordCount":402,"articleSection":["Mercado"],"inLanguage":"pt-BR"},{"@type":"WebPage","@id":"https:\/\/dana.com.br\/canaldana\/2023\/01\/24\/sobra-entusiasmo-para-o-etanol-diz-executivo-da-unica-apos-viagem-a-india\/","url":"https:\/\/dana.com.br\/canaldana\/2023\/01\/24\/sobra-entusiasmo-para-o-etanol-diz-executivo-da-unica-apos-viagem-a-india\/","name":"\u201cSobra entusiasmo para o etanol\u201d, diz executivo da Unica ap\u00f3s viagem \u00e0 \u00cdndia - Canal Dana","isPartOf":{"@id":"https:\/\/dana.com.br\/canaldana\/#website"},"datePublished":"2023-01-24T11:40:35+00:00","author":{"@id":"https:\/\/dana.com.br\/canaldana\/#\/schema\/person\/3c21f22f56fcf3bc46b94bc60ea4fef6"},"breadcrumb":{"@id":"https:\/\/dana.com.br\/canaldana\/2023\/01\/24\/sobra-entusiasmo-para-o-etanol-diz-executivo-da-unica-apos-viagem-a-india\/#breadcrumb"},"inLanguage":"pt-BR","potentialAction":[{"@type":"ReadAction","target":["https:\/\/dana.com.br\/canaldana\/2023\/01\/24\/sobra-entusiasmo-para-o-etanol-diz-executivo-da-unica-apos-viagem-a-india\/"]}]},{"@type":"BreadcrumbList","@id":"https:\/\/dana.com.br\/canaldana\/2023\/01\/24\/sobra-entusiasmo-para-o-etanol-diz-executivo-da-unica-apos-viagem-a-india\/#breadcrumb","itemListElement":[{"@type":"ListItem","position":1,"name":"Home","item":"https:\/\/dana.com.br\/canaldana\/"},{"@type":"ListItem","position":2,"name":"Mercado","item":"https:\/\/dana.com.br\/canaldana\/mercado\/"},{"@type":"ListItem","position":3,"name":"\u201cSobra entusiasmo para o etanol\u201d, diz executivo da Unica ap\u00f3s viagem \u00e0 \u00cdndia"}]},{"@type":"WebSite","@id":"https:\/\/dana.com.br\/canaldana\/#website","url":"https:\/\/dana.com.br\/canaldana\/","name":"Canal Dana","description":"Informativo com as principais not\u00edcias da ind\u00fastria automotiva","potentialAction":[{"@type":"SearchAction","target":{"@type":"EntryPoint","urlTemplate":"https:\/\/dana.com.br\/canaldana\/?s={search_term_string}"},"query-input":{"@type":"PropertyValueSpecification","valueRequired":true,"valueName":"search_term_string"}}],"inLanguage":"pt-BR"},{"@type":"Person","@id":"https:\/\/dana.com.br\/canaldana\/#\/schema\/person\/3c21f22f56fcf3bc46b94bc60ea4fef6","name":"Canal Dana","image":{"@type":"ImageObject","inLanguage":"pt-BR","@id":"https:\/\/secure.gravatar.com\/avatar\/420aaf9278582877d9018637c6817617705899d2858d7572ef0fe59a6b6454b4?s=96&d=mm&r=g","url":"https:\/\/secure.gravatar.com\/avatar\/420aaf9278582877d9018637c6817617705899d2858d7572ef0fe59a6b6454b4?s=96&d=mm&r=g","contentUrl":"https:\/\/secure.gravatar.com\/avatar\/420aaf9278582877d9018637c6817617705899d2858d7572ef0fe59a6b6454b4?s=96&d=mm&r=g","caption":"Canal Dana"},"url":"https:\/\/dana.com.br\/canaldana\/author\/cdeditor\/"}]}},"_links":{"self":[{"href":"https:\/\/dana.com.br\/canaldana\/wp-json\/wp\/v2\/posts\/63359","targetHints":{"allow":["GET"]}}],"collection":[{"href":"https:\/\/dana.com.br\/canaldana\/wp-json\/wp\/v2\/posts"}],"about":[{"href":"https:\/\/dana.com.br\/canaldana\/wp-json\/wp\/v2\/types\/post"}],"author":[{"embeddable":true,"href":"https:\/\/dana.com.br\/canaldana\/wp-json\/wp\/v2\/users\/3"}],"replies":[{"embeddable":true,"href":"https:\/\/dana.com.br\/canaldana\/wp-json\/wp\/v2\/comments?post=63359"}],"version-history":[{"count":0,"href":"https:\/\/dana.com.br\/canaldana\/wp-json\/wp\/v2\/posts\/63359\/revisions"}],"wp:attachment":[{"href":"https:\/\/dana.com.br\/canaldana\/wp-json\/wp\/v2\/media?parent=63359"}],"wp:term":[{"taxonomy":"category","embeddable":true,"href":"https:\/\/dana.com.br\/canaldana\/wp-json\/wp\/v2\/categories?post=63359"},{"taxonomy":"post_tag","embeddable":true,"href":"https:\/\/dana.com.br\/canaldana\/wp-json\/wp\/v2\/tags?post=63359"}],"curies":[{"name":"wp","href":"https:\/\/api.w.org\/{rel}","templated":true}]}}