{"id":63355,"date":"2023-01-24T08:39:32","date_gmt":"2023-01-24T11:39:32","guid":{"rendered":"https:\/\/dana.com.br\/canaldana\/?p=63355"},"modified":"2023-01-24T08:39:32","modified_gmt":"2023-01-24T11:39:32","slug":"montadora-com-sede-no-rio-grande-do-sul-passa-a-exportar-veiculos-pelo-porto-de-paranagua","status":"publish","type":"post","link":"https:\/\/dana.com.br\/canaldana\/2023\/01\/24\/montadora-com-sede-no-rio-grande-do-sul-passa-a-exportar-veiculos-pelo-porto-de-paranagua\/","title":{"rendered":"Montadora com sede no Rio Grande do Sul passa a exportar ve\u00edculos pelo Porto de Paranagu\u00e1"},"content":{"rendered":"<p><em>Portal do Governo do Estado do Paran\u00e1<\/em><\/p>\n<p>&nbsp;<\/p>\n<p>O Porto de Paranagu\u00e1 foi escolhido pela GM \u2013 Chevrolet para os embarques de ve\u00edculos produzidos no Rio Grande do Sul. Em 2022, foram 2.372 ve\u00edculos da marca exportados por Paranagu\u00e1 e, somente para este m\u00eas de janeiro, outros 1.350 j\u00e1 est\u00e3o confirmados.<\/p>\n<p>&nbsp;<\/p>\n<p>As vantagens operacionais do porto paranaense motivaram a mudan\u00e7a de rota. Segundo a principal operadora portu\u00e1ria dos ve\u00edculos no Estado, a empresa Marcon, Paranagu\u00e1 tem atra\u00eddo o mercado por oferecer condi\u00e7\u00f5es diferenciadas na opera\u00e7\u00e3o dos navios Ro-Ro (cargas rolantes).<\/p>\n<p>&nbsp;<\/p>\n<p>\u201cConseguimos fazer o embarque de grande quantidade, em pouco tempo e com um \u00edndice muito baixo de avarias. Isso faz com que o Porto de Paranagu\u00e1 seja mais atrativo, mesmo que o frete rodovi\u00e1rio fique mais caro nessa mudan\u00e7a de rota\u201d, diz Patrick Ferreira Tavares, gerente da Marcon.<\/p>\n<p>&nbsp;<\/p>\n<p><strong>Ve\u00edculos<\/strong><\/p>\n<p>&nbsp;<\/p>\n<p>Dos 82.065 carros que passaram pelo Porto de Paranagu\u00e1 em 2022, 57.359 foram sentido exporta\u00e7\u00e3o. O embarque representa quase 70% do total movimentado pelo segmento. Os outros 30% s\u00e3o de desembarque: 24.706 autom\u00f3veis.<\/p>\n<p>&nbsp;<\/p>\n<p>Na exporta\u00e7\u00e3o, os principais movimentos s\u00e3o da Renault e, desde o ano passado, da GM. Na importa\u00e7\u00e3o, as principais montadoras que desembarcam pelo Paran\u00e1 s\u00e3o Audi e Volkswagen.<\/p>\n<p>&nbsp;<\/p>\n<p>No ano passado, da Renault, foram exportados 49.382 ve\u00edculos e importados outros 587. Da Audi, foram 4.595 carros importados. Da Volkswagen, 19.524 importados e 5.876 exportados. Da GM, 2.372 exportados.<\/p>\n<p>&nbsp;<\/p>\n<p>Os principais destinos dos carros exportados pelo Porto de Paranagu\u00e1 foram M\u00e9xico, Col\u00f4mbia e Uruguai. As principais origens dos importados s\u00e3o Argentina, Hungria, M\u00e9xico e Alemanha.<\/p>\n<p>&nbsp;<\/p>\n<p>\u201cAl\u00e9m da novidade da GM, em 2022, da Volkswagen, por exemplo, tivemos exportados por aqui modelos de ve\u00edculos que antes eram embarcados em outros portos brasileiros\u201d, afirma o representante da Marcon. (Portal do Governo do Estado do Paran\u00e1)<\/p>\n","protected":false},"excerpt":{"rendered":"<p>Portal do Governo do Estado do Paran\u00e1 &nbsp; O Porto de Paranagu\u00e1 foi escolhido pela GM \u2013 Chevrolet para os embarques de ve\u00edculos produzidos no Rio Grande do Sul. Em 2022, foram 2.372 ve\u00edculos da marca exportados por Paranagu\u00e1 e, somente para este m\u00eas de janeiro, outros 1.350 j\u00e1 est\u00e3o confirmados. &nbsp; As vantagens operacionais\u2026 <a class=\"readmore\" href=\"https:\/\/dana.com.br\/canaldana\/2023\/01\/24\/montadora-com-sede-no-rio-grande-do-sul-passa-a-exportar-veiculos-pelo-porto-de-paranagua\/\">Leia mais \u00bb<\/a><\/p>\n","protected":false},"author":3,"featured_media":0,"comment_status":"closed","ping_status":"closed","sticky":false,"template":"","format":"standard","meta":{"_acf_changed":false,"footnotes":""},"categories":[79],"tags":[],"class_list":["post-63355","post","type-post","status-publish","format-standard","hentry","category-mercado"],"acf":[],"yoast_head":"<!-- This site is optimized with the Yoast SEO plugin v27.3 - https:\/\/yoast.com\/product\/yoast-seo-wordpress\/ -->\n<title>Montadora com sede no Rio Grande do Sul passa a exportar ve\u00edculos pelo Porto de Paranagu\u00e1 - Canal Dana<\/title>\n<meta name=\"robots\" content=\"index, follow, max-snippet:-1, max-image-preview:large, max-video-preview:-1\" \/>\n<link rel=\"canonical\" href=\"https:\/\/dana.com.br\/canaldana\/2023\/01\/24\/montadora-com-sede-no-rio-grande-do-sul-passa-a-exportar-veiculos-pelo-porto-de-paranagua\/\" \/>\n<meta property=\"og:locale\" content=\"pt_BR\" \/>\n<meta property=\"og:type\" content=\"article\" \/>\n<meta property=\"og:title\" content=\"Montadora com sede no Rio Grande do Sul passa a exportar ve\u00edculos pelo Porto de Paranagu\u00e1 - Canal Dana\" \/>\n<meta property=\"og:description\" content=\"Portal do Governo do Estado do Paran\u00e1 &nbsp; O Porto de Paranagu\u00e1 foi escolhido pela GM \u2013 Chevrolet para os embarques de ve\u00edculos produzidos no Rio Grande do Sul. Em 2022, foram 2.372 ve\u00edculos da marca exportados por Paranagu\u00e1 e, somente para este m\u00eas de janeiro, outros 1.350 j\u00e1 est\u00e3o confirmados. &nbsp; As vantagens operacionais\u2026 Leia mais \u00bb\" \/>\n<meta property=\"og:url\" content=\"https:\/\/dana.com.br\/canaldana\/2023\/01\/24\/montadora-com-sede-no-rio-grande-do-sul-passa-a-exportar-veiculos-pelo-porto-de-paranagua\/\" \/>\n<meta property=\"og:site_name\" content=\"Canal Dana\" \/>\n<meta property=\"article:published_time\" content=\"2023-01-24T11:39:32+00:00\" \/>\n<meta name=\"author\" content=\"Canal Dana\" \/>\n<meta name=\"twitter:card\" content=\"summary_large_image\" \/>\n<meta name=\"twitter:label1\" content=\"Escrito por\" \/>\n\t<meta name=\"twitter:data1\" content=\"Canal Dana\" \/>\n\t<meta name=\"twitter:label2\" content=\"Est. tempo de leitura\" \/>\n\t<meta name=\"twitter:data2\" content=\"2 minutos\" \/>\n<script type=\"application\/ld+json\" class=\"yoast-schema-graph\">{\"@context\":\"https:\\\/\\\/schema.org\",\"@graph\":[{\"@type\":\"Article\",\"@id\":\"https:\\\/\\\/dana.com.br\\\/canaldana\\\/2023\\\/01\\\/24\\\/montadora-com-sede-no-rio-grande-do-sul-passa-a-exportar-veiculos-pelo-porto-de-paranagua\\\/#article\",\"isPartOf\":{\"@id\":\"https:\\\/\\\/dana.com.br\\\/canaldana\\\/2023\\\/01\\\/24\\\/montadora-com-sede-no-rio-grande-do-sul-passa-a-exportar-veiculos-pelo-porto-de-paranagua\\\/\"},\"author\":{\"name\":\"Canal Dana\",\"@id\":\"https:\\\/\\\/dana.com.br\\\/canaldana\\\/#\\\/schema\\\/person\\\/3c21f22f56fcf3bc46b94bc60ea4fef6\"},\"headline\":\"Montadora com sede no Rio Grande do Sul passa a exportar ve\u00edculos pelo Porto de Paranagu\u00e1\",\"datePublished\":\"2023-01-24T11:39:32+00:00\",\"mainEntityOfPage\":{\"@id\":\"https:\\\/\\\/dana.com.br\\\/canaldana\\\/2023\\\/01\\\/24\\\/montadora-com-sede-no-rio-grande-do-sul-passa-a-exportar-veiculos-pelo-porto-de-paranagua\\\/\"},\"wordCount\":329,\"articleSection\":[\"Mercado\"],\"inLanguage\":\"pt-BR\"},{\"@type\":\"WebPage\",\"@id\":\"https:\\\/\\\/dana.com.br\\\/canaldana\\\/2023\\\/01\\\/24\\\/montadora-com-sede-no-rio-grande-do-sul-passa-a-exportar-veiculos-pelo-porto-de-paranagua\\\/\",\"url\":\"https:\\\/\\\/dana.com.br\\\/canaldana\\\/2023\\\/01\\\/24\\\/montadora-com-sede-no-rio-grande-do-sul-passa-a-exportar-veiculos-pelo-porto-de-paranagua\\\/\",\"name\":\"Montadora com sede no Rio Grande do Sul passa a exportar ve\u00edculos pelo Porto de Paranagu\u00e1 - Canal Dana\",\"isPartOf\":{\"@id\":\"https:\\\/\\\/dana.com.br\\\/canaldana\\\/#website\"},\"datePublished\":\"2023-01-24T11:39:32+00:00\",\"author\":{\"@id\":\"https:\\\/\\\/dana.com.br\\\/canaldana\\\/#\\\/schema\\\/person\\\/3c21f22f56fcf3bc46b94bc60ea4fef6\"},\"breadcrumb\":{\"@id\":\"https:\\\/\\\/dana.com.br\\\/canaldana\\\/2023\\\/01\\\/24\\\/montadora-com-sede-no-rio-grande-do-sul-passa-a-exportar-veiculos-pelo-porto-de-paranagua\\\/#breadcrumb\"},\"inLanguage\":\"pt-BR\",\"potentialAction\":[{\"@type\":\"ReadAction\",\"target\":[\"https:\\\/\\\/dana.com.br\\\/canaldana\\\/2023\\\/01\\\/24\\\/montadora-com-sede-no-rio-grande-do-sul-passa-a-exportar-veiculos-pelo-porto-de-paranagua\\\/\"]}]},{\"@type\":\"BreadcrumbList\",\"@id\":\"https:\\\/\\\/dana.com.br\\\/canaldana\\\/2023\\\/01\\\/24\\\/montadora-com-sede-no-rio-grande-do-sul-passa-a-exportar-veiculos-pelo-porto-de-paranagua\\\/#breadcrumb\",\"itemListElement\":[{\"@type\":\"ListItem\",\"position\":1,\"name\":\"Home\",\"item\":\"https:\\\/\\\/dana.com.br\\\/canaldana\\\/\"},{\"@type\":\"ListItem\",\"position\":2,\"name\":\"Mercado\",\"item\":\"https:\\\/\\\/dana.com.br\\\/canaldana\\\/mercado\\\/\"},{\"@type\":\"ListItem\",\"position\":3,\"name\":\"Montadora com sede no Rio Grande do Sul passa a exportar ve\u00edculos pelo Porto de Paranagu\u00e1\"}]},{\"@type\":\"WebSite\",\"@id\":\"https:\\\/\\\/dana.com.br\\\/canaldana\\\/#website\",\"url\":\"https:\\\/\\\/dana.com.br\\\/canaldana\\\/\",\"name\":\"Canal Dana\",\"description\":\"Informativo com as principais not\u00edcias da ind\u00fastria automotiva\",\"potentialAction\":[{\"@type\":\"SearchAction\",\"target\":{\"@type\":\"EntryPoint\",\"urlTemplate\":\"https:\\\/\\\/dana.com.br\\\/canaldana\\\/?s={search_term_string}\"},\"query-input\":{\"@type\":\"PropertyValueSpecification\",\"valueRequired\":true,\"valueName\":\"search_term_string\"}}],\"inLanguage\":\"pt-BR\"},{\"@type\":\"Person\",\"@id\":\"https:\\\/\\\/dana.com.br\\\/canaldana\\\/#\\\/schema\\\/person\\\/3c21f22f56fcf3bc46b94bc60ea4fef6\",\"name\":\"Canal Dana\",\"image\":{\"@type\":\"ImageObject\",\"inLanguage\":\"pt-BR\",\"@id\":\"https:\\\/\\\/secure.gravatar.com\\\/avatar\\\/420aaf9278582877d9018637c6817617705899d2858d7572ef0fe59a6b6454b4?s=96&d=mm&r=g\",\"url\":\"https:\\\/\\\/secure.gravatar.com\\\/avatar\\\/420aaf9278582877d9018637c6817617705899d2858d7572ef0fe59a6b6454b4?s=96&d=mm&r=g\",\"contentUrl\":\"https:\\\/\\\/secure.gravatar.com\\\/avatar\\\/420aaf9278582877d9018637c6817617705899d2858d7572ef0fe59a6b6454b4?s=96&d=mm&r=g\",\"caption\":\"Canal Dana\"},\"url\":\"https:\\\/\\\/dana.com.br\\\/canaldana\\\/author\\\/cdeditor\\\/\"}]}<\/script>\n<!-- \/ Yoast SEO plugin. -->","yoast_head_json":{"title":"Montadora com sede no Rio Grande do Sul passa a exportar ve\u00edculos pelo Porto de Paranagu\u00e1 - Canal Dana","robots":{"index":"index","follow":"follow","max-snippet":"max-snippet:-1","max-image-preview":"max-image-preview:large","max-video-preview":"max-video-preview:-1"},"canonical":"https:\/\/dana.com.br\/canaldana\/2023\/01\/24\/montadora-com-sede-no-rio-grande-do-sul-passa-a-exportar-veiculos-pelo-porto-de-paranagua\/","og_locale":"pt_BR","og_type":"article","og_title":"Montadora com sede no Rio Grande do Sul passa a exportar ve\u00edculos pelo Porto de Paranagu\u00e1 - Canal Dana","og_description":"Portal do Governo do Estado do Paran\u00e1 &nbsp; O Porto de Paranagu\u00e1 foi escolhido pela GM \u2013 Chevrolet para os embarques de ve\u00edculos produzidos no Rio Grande do Sul. Em 2022, foram 2.372 ve\u00edculos da marca exportados por Paranagu\u00e1 e, somente para este m\u00eas de janeiro, outros 1.350 j\u00e1 est\u00e3o confirmados. &nbsp; As vantagens operacionais\u2026 Leia mais \u00bb","og_url":"https:\/\/dana.com.br\/canaldana\/2023\/01\/24\/montadora-com-sede-no-rio-grande-do-sul-passa-a-exportar-veiculos-pelo-porto-de-paranagua\/","og_site_name":"Canal Dana","article_published_time":"2023-01-24T11:39:32+00:00","author":"Canal Dana","twitter_card":"summary_large_image","twitter_misc":{"Escrito por":"Canal Dana","Est. tempo de leitura":"2 minutos"},"schema":{"@context":"https:\/\/schema.org","@graph":[{"@type":"Article","@id":"https:\/\/dana.com.br\/canaldana\/2023\/01\/24\/montadora-com-sede-no-rio-grande-do-sul-passa-a-exportar-veiculos-pelo-porto-de-paranagua\/#article","isPartOf":{"@id":"https:\/\/dana.com.br\/canaldana\/2023\/01\/24\/montadora-com-sede-no-rio-grande-do-sul-passa-a-exportar-veiculos-pelo-porto-de-paranagua\/"},"author":{"name":"Canal Dana","@id":"https:\/\/dana.com.br\/canaldana\/#\/schema\/person\/3c21f22f56fcf3bc46b94bc60ea4fef6"},"headline":"Montadora com sede no Rio Grande do Sul passa a exportar ve\u00edculos pelo Porto de Paranagu\u00e1","datePublished":"2023-01-24T11:39:32+00:00","mainEntityOfPage":{"@id":"https:\/\/dana.com.br\/canaldana\/2023\/01\/24\/montadora-com-sede-no-rio-grande-do-sul-passa-a-exportar-veiculos-pelo-porto-de-paranagua\/"},"wordCount":329,"articleSection":["Mercado"],"inLanguage":"pt-BR"},{"@type":"WebPage","@id":"https:\/\/dana.com.br\/canaldana\/2023\/01\/24\/montadora-com-sede-no-rio-grande-do-sul-passa-a-exportar-veiculos-pelo-porto-de-paranagua\/","url":"https:\/\/dana.com.br\/canaldana\/2023\/01\/24\/montadora-com-sede-no-rio-grande-do-sul-passa-a-exportar-veiculos-pelo-porto-de-paranagua\/","name":"Montadora com sede no Rio Grande do Sul passa a exportar ve\u00edculos pelo Porto de Paranagu\u00e1 - Canal Dana","isPartOf":{"@id":"https:\/\/dana.com.br\/canaldana\/#website"},"datePublished":"2023-01-24T11:39:32+00:00","author":{"@id":"https:\/\/dana.com.br\/canaldana\/#\/schema\/person\/3c21f22f56fcf3bc46b94bc60ea4fef6"},"breadcrumb":{"@id":"https:\/\/dana.com.br\/canaldana\/2023\/01\/24\/montadora-com-sede-no-rio-grande-do-sul-passa-a-exportar-veiculos-pelo-porto-de-paranagua\/#breadcrumb"},"inLanguage":"pt-BR","potentialAction":[{"@type":"ReadAction","target":["https:\/\/dana.com.br\/canaldana\/2023\/01\/24\/montadora-com-sede-no-rio-grande-do-sul-passa-a-exportar-veiculos-pelo-porto-de-paranagua\/"]}]},{"@type":"BreadcrumbList","@id":"https:\/\/dana.com.br\/canaldana\/2023\/01\/24\/montadora-com-sede-no-rio-grande-do-sul-passa-a-exportar-veiculos-pelo-porto-de-paranagua\/#breadcrumb","itemListElement":[{"@type":"ListItem","position":1,"name":"Home","item":"https:\/\/dana.com.br\/canaldana\/"},{"@type":"ListItem","position":2,"name":"Mercado","item":"https:\/\/dana.com.br\/canaldana\/mercado\/"},{"@type":"ListItem","position":3,"name":"Montadora com sede no Rio Grande do Sul passa a exportar ve\u00edculos pelo Porto de Paranagu\u00e1"}]},{"@type":"WebSite","@id":"https:\/\/dana.com.br\/canaldana\/#website","url":"https:\/\/dana.com.br\/canaldana\/","name":"Canal Dana","description":"Informativo com as principais not\u00edcias da ind\u00fastria automotiva","potentialAction":[{"@type":"SearchAction","target":{"@type":"EntryPoint","urlTemplate":"https:\/\/dana.com.br\/canaldana\/?s={search_term_string}"},"query-input":{"@type":"PropertyValueSpecification","valueRequired":true,"valueName":"search_term_string"}}],"inLanguage":"pt-BR"},{"@type":"Person","@id":"https:\/\/dana.com.br\/canaldana\/#\/schema\/person\/3c21f22f56fcf3bc46b94bc60ea4fef6","name":"Canal Dana","image":{"@type":"ImageObject","inLanguage":"pt-BR","@id":"https:\/\/secure.gravatar.com\/avatar\/420aaf9278582877d9018637c6817617705899d2858d7572ef0fe59a6b6454b4?s=96&d=mm&r=g","url":"https:\/\/secure.gravatar.com\/avatar\/420aaf9278582877d9018637c6817617705899d2858d7572ef0fe59a6b6454b4?s=96&d=mm&r=g","contentUrl":"https:\/\/secure.gravatar.com\/avatar\/420aaf9278582877d9018637c6817617705899d2858d7572ef0fe59a6b6454b4?s=96&d=mm&r=g","caption":"Canal Dana"},"url":"https:\/\/dana.com.br\/canaldana\/author\/cdeditor\/"}]}},"_links":{"self":[{"href":"https:\/\/dana.com.br\/canaldana\/wp-json\/wp\/v2\/posts\/63355","targetHints":{"allow":["GET"]}}],"collection":[{"href":"https:\/\/dana.com.br\/canaldana\/wp-json\/wp\/v2\/posts"}],"about":[{"href":"https:\/\/dana.com.br\/canaldana\/wp-json\/wp\/v2\/types\/post"}],"author":[{"embeddable":true,"href":"https:\/\/dana.com.br\/canaldana\/wp-json\/wp\/v2\/users\/3"}],"replies":[{"embeddable":true,"href":"https:\/\/dana.com.br\/canaldana\/wp-json\/wp\/v2\/comments?post=63355"}],"version-history":[{"count":0,"href":"https:\/\/dana.com.br\/canaldana\/wp-json\/wp\/v2\/posts\/63355\/revisions"}],"wp:attachment":[{"href":"https:\/\/dana.com.br\/canaldana\/wp-json\/wp\/v2\/media?parent=63355"}],"wp:term":[{"taxonomy":"category","embeddable":true,"href":"https:\/\/dana.com.br\/canaldana\/wp-json\/wp\/v2\/categories?post=63355"},{"taxonomy":"post_tag","embeddable":true,"href":"https:\/\/dana.com.br\/canaldana\/wp-json\/wp\/v2\/tags?post=63355"}],"curies":[{"name":"wp","href":"https:\/\/api.w.org\/{rel}","templated":true}]}}