{"id":63351,"date":"2023-01-24T08:38:31","date_gmt":"2023-01-24T11:38:31","guid":{"rendered":"https:\/\/dana.com.br\/canaldana\/?p=63351"},"modified":"2023-01-24T08:38:31","modified_gmt":"2023-01-24T11:38:31","slug":"nissan-argentina-comeca-a-exportar-a-frontier-para-a-colombia","status":"publish","type":"post","link":"https:\/\/dana.com.br\/canaldana\/2023\/01\/24\/nissan-argentina-comeca-a-exportar-a-frontier-para-a-colombia\/","title":{"rendered":"Nissan Argentina come\u00e7a a exportar a Frontier para a Col\u00f4mbia"},"content":{"rendered":"<p><em>CarPointNews<\/em><\/p>\n<p>&nbsp;<\/p>\n<p>Apenas um ano depois do an\u00fancio da abertura de novos mercados de exporta\u00e7\u00e3o, a Nissan Argentina embarca para a Col\u00f4mbia as primeiras unidades de sua picape.<\/p>\n<p>&nbsp;<\/p>\n<p>\u201cEste novo marco \u00e9 resultado de um grande trabalho em equipe que visa continuar fazendo a Nissan crescer na Am\u00e9rica do Sul alinhada com o aumento da produ\u00e7\u00e3o e das exporta\u00e7\u00f5es. Hoje comemoramos que os clientes da Col\u00f4mbia poder\u00e3o desfrutar da alta qualidade da picape Frontier, que a Nissan produz na f\u00e1brica de Santa Isabel, na Argentina\u201d, disse Guy Rodr\u00edguez, presidente e Managing Director da Nissan South America.<\/p>\n<p>&nbsp;<\/p>\n<p>Para aumentar a produ\u00e7\u00e3o, e assim suprir a demanda de novos mercados, a Nissan anunciou, ao longo de 2022, um segundo turno de produ\u00e7\u00e3o na f\u00e1brica da Argentina, que, quando totalmente implantado, vai gerar 550 novos empregos, dos quais, at\u00e9 o momento, j\u00e1 foram incorporados 370.<\/p>\n<p>&nbsp;<\/p>\n<p>Em linha com os compromissos assumidos pela empresa japonesa em n\u00edvel global, no \u00e2mbito do seu Green Program 2022, a picape exportada para a Col\u00f4mbia, assim como a que ser\u00e1 exportada para o Chile, \u00e9 produzida de acordo com as normas de emiss\u00f5es Euro 6, o que implica uma redu\u00e7\u00e3o significativa de gases e part\u00edculas poluentes.<\/p>\n<p>&nbsp;<\/p>\n<p>A Nissan tem opera\u00e7\u00e3o de manufatura na Argentina desde 2018, fruto de investimentos realizados de mais de US$ 730 milh\u00f5es. Desde o seu lan\u00e7amento, a picape teve evolu\u00e7\u00e3o constante tanto na Argentina quanto no Brasil, pa\u00eds para o qual as exporta\u00e7\u00f5es come\u00e7aram apenas 2 meses ap\u00f3s o in\u00edcio da produ\u00e7\u00e3o.<\/p>\n<p>&nbsp;<\/p>\n<p>Com este an\u00fancio, a Nissan Argentina continua consolidando seu papel exportador e d\u00e1 o primeiro passo para se tornar o centro de exporta\u00e7\u00e3o Euro 6 para a Am\u00e9rica Latina. (CarPointNews)<\/p>\n","protected":false},"excerpt":{"rendered":"<p>CarPointNews &nbsp; Apenas um ano depois do an\u00fancio da abertura de novos mercados de exporta\u00e7\u00e3o, a Nissan Argentina embarca para a Col\u00f4mbia as primeiras unidades de sua picape. &nbsp; \u201cEste novo marco \u00e9 resultado de um grande trabalho em equipe que visa continuar fazendo a Nissan crescer na Am\u00e9rica do Sul alinhada com o aumento\u2026 <a class=\"readmore\" href=\"https:\/\/dana.com.br\/canaldana\/2023\/01\/24\/nissan-argentina-comeca-a-exportar-a-frontier-para-a-colombia\/\">Leia mais \u00bb<\/a><\/p>\n","protected":false},"author":3,"featured_media":0,"comment_status":"closed","ping_status":"closed","sticky":false,"template":"","format":"standard","meta":{"_acf_changed":false,"footnotes":""},"categories":[79],"tags":[],"class_list":["post-63351","post","type-post","status-publish","format-standard","hentry","category-mercado"],"acf":[],"yoast_head":"<!-- This site is optimized with the Yoast SEO plugin v27.3 - https:\/\/yoast.com\/product\/yoast-seo-wordpress\/ -->\n<title>Nissan Argentina come\u00e7a a exportar a Frontier para a Col\u00f4mbia - Canal Dana<\/title>\n<meta name=\"robots\" content=\"index, follow, max-snippet:-1, max-image-preview:large, max-video-preview:-1\" \/>\n<link rel=\"canonical\" href=\"https:\/\/dana.com.br\/canaldana\/2023\/01\/24\/nissan-argentina-comeca-a-exportar-a-frontier-para-a-colombia\/\" \/>\n<meta property=\"og:locale\" content=\"pt_BR\" \/>\n<meta property=\"og:type\" content=\"article\" \/>\n<meta property=\"og:title\" content=\"Nissan Argentina come\u00e7a a exportar a Frontier para a Col\u00f4mbia - Canal Dana\" \/>\n<meta property=\"og:description\" content=\"CarPointNews &nbsp; Apenas um ano depois do an\u00fancio da abertura de novos mercados de exporta\u00e7\u00e3o, a Nissan Argentina embarca para a Col\u00f4mbia as primeiras unidades de sua picape. &nbsp; \u201cEste novo marco \u00e9 resultado de um grande trabalho em equipe que visa continuar fazendo a Nissan crescer na Am\u00e9rica do Sul alinhada com o aumento\u2026 Leia mais \u00bb\" \/>\n<meta property=\"og:url\" content=\"https:\/\/dana.com.br\/canaldana\/2023\/01\/24\/nissan-argentina-comeca-a-exportar-a-frontier-para-a-colombia\/\" \/>\n<meta property=\"og:site_name\" content=\"Canal Dana\" \/>\n<meta property=\"article:published_time\" content=\"2023-01-24T11:38:31+00:00\" \/>\n<meta name=\"author\" content=\"Canal Dana\" \/>\n<meta name=\"twitter:card\" content=\"summary_large_image\" \/>\n<meta name=\"twitter:label1\" content=\"Escrito por\" \/>\n\t<meta name=\"twitter:data1\" content=\"Canal Dana\" \/>\n\t<meta name=\"twitter:label2\" content=\"Est. tempo de leitura\" \/>\n\t<meta name=\"twitter:data2\" content=\"2 minutos\" \/>\n<script type=\"application\/ld+json\" class=\"yoast-schema-graph\">{\"@context\":\"https:\\\/\\\/schema.org\",\"@graph\":[{\"@type\":\"Article\",\"@id\":\"https:\\\/\\\/dana.com.br\\\/canaldana\\\/2023\\\/01\\\/24\\\/nissan-argentina-comeca-a-exportar-a-frontier-para-a-colombia\\\/#article\",\"isPartOf\":{\"@id\":\"https:\\\/\\\/dana.com.br\\\/canaldana\\\/2023\\\/01\\\/24\\\/nissan-argentina-comeca-a-exportar-a-frontier-para-a-colombia\\\/\"},\"author\":{\"name\":\"Canal Dana\",\"@id\":\"https:\\\/\\\/dana.com.br\\\/canaldana\\\/#\\\/schema\\\/person\\\/3c21f22f56fcf3bc46b94bc60ea4fef6\"},\"headline\":\"Nissan Argentina come\u00e7a a exportar a Frontier para a Col\u00f4mbia\",\"datePublished\":\"2023-01-24T11:38:31+00:00\",\"mainEntityOfPage\":{\"@id\":\"https:\\\/\\\/dana.com.br\\\/canaldana\\\/2023\\\/01\\\/24\\\/nissan-argentina-comeca-a-exportar-a-frontier-para-a-colombia\\\/\"},\"wordCount\":315,\"articleSection\":[\"Mercado\"],\"inLanguage\":\"pt-BR\"},{\"@type\":\"WebPage\",\"@id\":\"https:\\\/\\\/dana.com.br\\\/canaldana\\\/2023\\\/01\\\/24\\\/nissan-argentina-comeca-a-exportar-a-frontier-para-a-colombia\\\/\",\"url\":\"https:\\\/\\\/dana.com.br\\\/canaldana\\\/2023\\\/01\\\/24\\\/nissan-argentina-comeca-a-exportar-a-frontier-para-a-colombia\\\/\",\"name\":\"Nissan Argentina come\u00e7a a exportar a Frontier para a Col\u00f4mbia - Canal Dana\",\"isPartOf\":{\"@id\":\"https:\\\/\\\/dana.com.br\\\/canaldana\\\/#website\"},\"datePublished\":\"2023-01-24T11:38:31+00:00\",\"author\":{\"@id\":\"https:\\\/\\\/dana.com.br\\\/canaldana\\\/#\\\/schema\\\/person\\\/3c21f22f56fcf3bc46b94bc60ea4fef6\"},\"breadcrumb\":{\"@id\":\"https:\\\/\\\/dana.com.br\\\/canaldana\\\/2023\\\/01\\\/24\\\/nissan-argentina-comeca-a-exportar-a-frontier-para-a-colombia\\\/#breadcrumb\"},\"inLanguage\":\"pt-BR\",\"potentialAction\":[{\"@type\":\"ReadAction\",\"target\":[\"https:\\\/\\\/dana.com.br\\\/canaldana\\\/2023\\\/01\\\/24\\\/nissan-argentina-comeca-a-exportar-a-frontier-para-a-colombia\\\/\"]}]},{\"@type\":\"BreadcrumbList\",\"@id\":\"https:\\\/\\\/dana.com.br\\\/canaldana\\\/2023\\\/01\\\/24\\\/nissan-argentina-comeca-a-exportar-a-frontier-para-a-colombia\\\/#breadcrumb\",\"itemListElement\":[{\"@type\":\"ListItem\",\"position\":1,\"name\":\"Home\",\"item\":\"https:\\\/\\\/dana.com.br\\\/canaldana\\\/\"},{\"@type\":\"ListItem\",\"position\":2,\"name\":\"Mercado\",\"item\":\"https:\\\/\\\/dana.com.br\\\/canaldana\\\/mercado\\\/\"},{\"@type\":\"ListItem\",\"position\":3,\"name\":\"Nissan Argentina come\u00e7a a exportar a Frontier para a Col\u00f4mbia\"}]},{\"@type\":\"WebSite\",\"@id\":\"https:\\\/\\\/dana.com.br\\\/canaldana\\\/#website\",\"url\":\"https:\\\/\\\/dana.com.br\\\/canaldana\\\/\",\"name\":\"Canal Dana\",\"description\":\"Informativo com as principais not\u00edcias da ind\u00fastria automotiva\",\"potentialAction\":[{\"@type\":\"SearchAction\",\"target\":{\"@type\":\"EntryPoint\",\"urlTemplate\":\"https:\\\/\\\/dana.com.br\\\/canaldana\\\/?s={search_term_string}\"},\"query-input\":{\"@type\":\"PropertyValueSpecification\",\"valueRequired\":true,\"valueName\":\"search_term_string\"}}],\"inLanguage\":\"pt-BR\"},{\"@type\":\"Person\",\"@id\":\"https:\\\/\\\/dana.com.br\\\/canaldana\\\/#\\\/schema\\\/person\\\/3c21f22f56fcf3bc46b94bc60ea4fef6\",\"name\":\"Canal Dana\",\"image\":{\"@type\":\"ImageObject\",\"inLanguage\":\"pt-BR\",\"@id\":\"https:\\\/\\\/secure.gravatar.com\\\/avatar\\\/420aaf9278582877d9018637c6817617705899d2858d7572ef0fe59a6b6454b4?s=96&d=mm&r=g\",\"url\":\"https:\\\/\\\/secure.gravatar.com\\\/avatar\\\/420aaf9278582877d9018637c6817617705899d2858d7572ef0fe59a6b6454b4?s=96&d=mm&r=g\",\"contentUrl\":\"https:\\\/\\\/secure.gravatar.com\\\/avatar\\\/420aaf9278582877d9018637c6817617705899d2858d7572ef0fe59a6b6454b4?s=96&d=mm&r=g\",\"caption\":\"Canal Dana\"},\"url\":\"https:\\\/\\\/dana.com.br\\\/canaldana\\\/author\\\/cdeditor\\\/\"}]}<\/script>\n<!-- \/ Yoast SEO plugin. -->","yoast_head_json":{"title":"Nissan Argentina come\u00e7a a exportar a Frontier para a Col\u00f4mbia - Canal Dana","robots":{"index":"index","follow":"follow","max-snippet":"max-snippet:-1","max-image-preview":"max-image-preview:large","max-video-preview":"max-video-preview:-1"},"canonical":"https:\/\/dana.com.br\/canaldana\/2023\/01\/24\/nissan-argentina-comeca-a-exportar-a-frontier-para-a-colombia\/","og_locale":"pt_BR","og_type":"article","og_title":"Nissan Argentina come\u00e7a a exportar a Frontier para a Col\u00f4mbia - Canal Dana","og_description":"CarPointNews &nbsp; Apenas um ano depois do an\u00fancio da abertura de novos mercados de exporta\u00e7\u00e3o, a Nissan Argentina embarca para a Col\u00f4mbia as primeiras unidades de sua picape. &nbsp; \u201cEste novo marco \u00e9 resultado de um grande trabalho em equipe que visa continuar fazendo a Nissan crescer na Am\u00e9rica do Sul alinhada com o aumento\u2026 Leia mais \u00bb","og_url":"https:\/\/dana.com.br\/canaldana\/2023\/01\/24\/nissan-argentina-comeca-a-exportar-a-frontier-para-a-colombia\/","og_site_name":"Canal Dana","article_published_time":"2023-01-24T11:38:31+00:00","author":"Canal Dana","twitter_card":"summary_large_image","twitter_misc":{"Escrito por":"Canal Dana","Est. tempo de leitura":"2 minutos"},"schema":{"@context":"https:\/\/schema.org","@graph":[{"@type":"Article","@id":"https:\/\/dana.com.br\/canaldana\/2023\/01\/24\/nissan-argentina-comeca-a-exportar-a-frontier-para-a-colombia\/#article","isPartOf":{"@id":"https:\/\/dana.com.br\/canaldana\/2023\/01\/24\/nissan-argentina-comeca-a-exportar-a-frontier-para-a-colombia\/"},"author":{"name":"Canal Dana","@id":"https:\/\/dana.com.br\/canaldana\/#\/schema\/person\/3c21f22f56fcf3bc46b94bc60ea4fef6"},"headline":"Nissan Argentina come\u00e7a a exportar a Frontier para a Col\u00f4mbia","datePublished":"2023-01-24T11:38:31+00:00","mainEntityOfPage":{"@id":"https:\/\/dana.com.br\/canaldana\/2023\/01\/24\/nissan-argentina-comeca-a-exportar-a-frontier-para-a-colombia\/"},"wordCount":315,"articleSection":["Mercado"],"inLanguage":"pt-BR"},{"@type":"WebPage","@id":"https:\/\/dana.com.br\/canaldana\/2023\/01\/24\/nissan-argentina-comeca-a-exportar-a-frontier-para-a-colombia\/","url":"https:\/\/dana.com.br\/canaldana\/2023\/01\/24\/nissan-argentina-comeca-a-exportar-a-frontier-para-a-colombia\/","name":"Nissan Argentina come\u00e7a a exportar a Frontier para a Col\u00f4mbia - Canal Dana","isPartOf":{"@id":"https:\/\/dana.com.br\/canaldana\/#website"},"datePublished":"2023-01-24T11:38:31+00:00","author":{"@id":"https:\/\/dana.com.br\/canaldana\/#\/schema\/person\/3c21f22f56fcf3bc46b94bc60ea4fef6"},"breadcrumb":{"@id":"https:\/\/dana.com.br\/canaldana\/2023\/01\/24\/nissan-argentina-comeca-a-exportar-a-frontier-para-a-colombia\/#breadcrumb"},"inLanguage":"pt-BR","potentialAction":[{"@type":"ReadAction","target":["https:\/\/dana.com.br\/canaldana\/2023\/01\/24\/nissan-argentina-comeca-a-exportar-a-frontier-para-a-colombia\/"]}]},{"@type":"BreadcrumbList","@id":"https:\/\/dana.com.br\/canaldana\/2023\/01\/24\/nissan-argentina-comeca-a-exportar-a-frontier-para-a-colombia\/#breadcrumb","itemListElement":[{"@type":"ListItem","position":1,"name":"Home","item":"https:\/\/dana.com.br\/canaldana\/"},{"@type":"ListItem","position":2,"name":"Mercado","item":"https:\/\/dana.com.br\/canaldana\/mercado\/"},{"@type":"ListItem","position":3,"name":"Nissan Argentina come\u00e7a a exportar a Frontier para a Col\u00f4mbia"}]},{"@type":"WebSite","@id":"https:\/\/dana.com.br\/canaldana\/#website","url":"https:\/\/dana.com.br\/canaldana\/","name":"Canal Dana","description":"Informativo com as principais not\u00edcias da ind\u00fastria automotiva","potentialAction":[{"@type":"SearchAction","target":{"@type":"EntryPoint","urlTemplate":"https:\/\/dana.com.br\/canaldana\/?s={search_term_string}"},"query-input":{"@type":"PropertyValueSpecification","valueRequired":true,"valueName":"search_term_string"}}],"inLanguage":"pt-BR"},{"@type":"Person","@id":"https:\/\/dana.com.br\/canaldana\/#\/schema\/person\/3c21f22f56fcf3bc46b94bc60ea4fef6","name":"Canal Dana","image":{"@type":"ImageObject","inLanguage":"pt-BR","@id":"https:\/\/secure.gravatar.com\/avatar\/420aaf9278582877d9018637c6817617705899d2858d7572ef0fe59a6b6454b4?s=96&d=mm&r=g","url":"https:\/\/secure.gravatar.com\/avatar\/420aaf9278582877d9018637c6817617705899d2858d7572ef0fe59a6b6454b4?s=96&d=mm&r=g","contentUrl":"https:\/\/secure.gravatar.com\/avatar\/420aaf9278582877d9018637c6817617705899d2858d7572ef0fe59a6b6454b4?s=96&d=mm&r=g","caption":"Canal Dana"},"url":"https:\/\/dana.com.br\/canaldana\/author\/cdeditor\/"}]}},"_links":{"self":[{"href":"https:\/\/dana.com.br\/canaldana\/wp-json\/wp\/v2\/posts\/63351","targetHints":{"allow":["GET"]}}],"collection":[{"href":"https:\/\/dana.com.br\/canaldana\/wp-json\/wp\/v2\/posts"}],"about":[{"href":"https:\/\/dana.com.br\/canaldana\/wp-json\/wp\/v2\/types\/post"}],"author":[{"embeddable":true,"href":"https:\/\/dana.com.br\/canaldana\/wp-json\/wp\/v2\/users\/3"}],"replies":[{"embeddable":true,"href":"https:\/\/dana.com.br\/canaldana\/wp-json\/wp\/v2\/comments?post=63351"}],"version-history":[{"count":0,"href":"https:\/\/dana.com.br\/canaldana\/wp-json\/wp\/v2\/posts\/63351\/revisions"}],"wp:attachment":[{"href":"https:\/\/dana.com.br\/canaldana\/wp-json\/wp\/v2\/media?parent=63351"}],"wp:term":[{"taxonomy":"category","embeddable":true,"href":"https:\/\/dana.com.br\/canaldana\/wp-json\/wp\/v2\/categories?post=63351"},{"taxonomy":"post_tag","embeddable":true,"href":"https:\/\/dana.com.br\/canaldana\/wp-json\/wp\/v2\/tags?post=63351"}],"curies":[{"name":"wp","href":"https:\/\/api.w.org\/{rel}","templated":true}]}}