{"id":63347,"date":"2023-01-24T08:37:28","date_gmt":"2023-01-24T11:37:28","guid":{"rendered":"https:\/\/dana.com.br\/canaldana\/?p=63347"},"modified":"2023-01-24T08:37:28","modified_gmt":"2023-01-24T11:37:28","slug":"jeep-avenger-e-eleito-o-car-of-the-year-2023-na-europa","status":"publish","type":"post","link":"https:\/\/dana.com.br\/canaldana\/2023\/01\/24\/jeep-avenger-e-eleito-o-car-of-the-year-2023-na-europa\/","title":{"rendered":"Jeep\u00ae Avenger \u00e9 eleito o \u201cCar of the Year 2023\u201d na Europa"},"content":{"rendered":"<p><em>Motor e A\u00e7\u00e3o<\/em><\/p>\n<p>&nbsp;<\/p>\n<p>O novo Jeep\u00ae Avenger, o primeiro ve\u00edculo el\u00e9trico a bateria (BEV) da marca, foi eleito o \u201cCar of the Year 2023\u201d. Ele \u00e9 o primeiro ve\u00edculo da Jeep a ganhar este importante pr\u00eamio nos 60 anos de hist\u00f3ria deste evento.<\/p>\n<p>&nbsp;<\/p>\n<p>O Avenger foi selecionado como finalista junto com outros seis modelos; Kia Niro, Nissan Ariya, Peugeot 408, Renault Austral, Subaru Solterra\/Toyota bZ4X e Volkswagen ID Buzz.O vencedor foi decidido pelos votos de um j\u00fari independente composto por 57 jurados de 22 pa\u00edses. O Jeep Avenger conquistou 328 pontos e foi escolhido como preferido por 21 jurados, 87 pontos \u00e0 frente do segundo colocado. Os jurados de todos os pa\u00edses, exceto um, colocaram o Avenger no p\u00f3dio.<\/p>\n<p>&nbsp;<\/p>\n<p>O resultado foi anunciado em cerim\u00f4nia realizada no Sal\u00e3o do Autom\u00f3vel de Bruxelas, na B\u00e9lgica, no dia 13 de janeiro. S\u00f8ren W. Rasmussen, o novo presidente do j\u00fari do \u201cCar of the Year\u201d, comentou o resultado: \u201cO Jeep Avenger \u00e9 um merecido vencedor do \u201cCar of the Year\u201d. De forma convincente, reflete o momento em que o mundo autom\u00f3vel entrou e irradia com o seu design a grande mudan\u00e7a dessa conhecida marca. O Jeep Avenger \u00e9 um verdadeiro europeu e tem tantas boas caracter\u00edsticas que o j\u00fari ficou muito satisfeito com o que que est\u00e1 por tr\u00e1s do t\u00edtulo de \u201cCar of the Year 2023\u201d. Parab\u00e9ns!\u201d<\/p>\n<p>&nbsp;<\/p>\n<p>\u201cO Jeep Avenger provou ser uma combina\u00e7\u00e3o perfeita para a maioria dos usos: \u00e9 compacto e \u00e1gil para uso na cidade, tem pot\u00eancia e torque suficientes para qualquer tipo de estrada e uma boa autonomia, mesmo para viagens de m\u00e9dia dist\u00e2ncia. Com apenas 4,08 metros de comprimento, possui amplo espa\u00e7o interno. \u00c9 um carro completo, n\u00e3o apenas um carro urbano. Mas, acima de tudo, tem um design que arrasa\u201d, disse Alberto Sabbatini, vice-presidente da organiza\u00e7\u00e3o Car of the Year.<\/p>\n<p>&nbsp;<\/p>\n<p>\u201cEstamos honrados e orgulhosos por este distinto j\u00fari de especialistas automotivos europeus ter escolhido o primeiro SUV totalmente el\u00e9trico da marca Jeep como o Car of the Year 2023.\u201d disse Christian Meunier, CEO da marca Jeep. \u201cEsta \u00e9 a primeira vez que a marca Jeep \u00e9 finalista e vencedora nesta competi\u00e7\u00e3o, o que mostra a import\u00e2ncia do Jeep Avenger como um componente chave em nossa estrat\u00e9gia global de eletrifica\u00e7\u00e3o, \u00e0 medida que a marca caminha para se tornar a l\u00edder mundial em SUVs de emiss\u00e3o zero. Parab\u00e9ns a todos os outros finalistas.\u201d<\/p>\n<p>&nbsp;<\/p>\n<p>O novo Jeep Avenger foi apresentado em outubro de 2022, no Sal\u00e3o do Autom\u00f3vel de Paris, inicialmente para o mercado europeu e, posteriormente para outros mercados, como Jap\u00e3o e Coreia do Sul. Ele ser\u00e1 produzido na f\u00e1brica de alta efici\u00eancia em Tychy, na Pol\u00f4nia. O novo Jeep Avenger despertou grande interesse e de imediato, mostrou ser um grande sucesso. Em menos de 3 meses desde o in\u00edcio do per\u00edodo de pr\u00e9-reserva da primeira edi\u00e7\u00e3o exclusiva na Europa, uma vers\u00e3o totalmente equipada, foram vendidas mais de 8 mil unidades. (Motor e A\u00e7\u00e3o)<\/p>\n","protected":false},"excerpt":{"rendered":"<p>Motor e A\u00e7\u00e3o &nbsp; O novo Jeep\u00ae Avenger, o primeiro ve\u00edculo el\u00e9trico a bateria (BEV) da marca, foi eleito o \u201cCar of the Year 2023\u201d. Ele \u00e9 o primeiro ve\u00edculo da Jeep a ganhar este importante pr\u00eamio nos 60 anos de hist\u00f3ria deste evento. &nbsp; O Avenger foi selecionado como finalista junto com outros seis\u2026 <a class=\"readmore\" href=\"https:\/\/dana.com.br\/canaldana\/2023\/01\/24\/jeep-avenger-e-eleito-o-car-of-the-year-2023-na-europa\/\">Leia mais \u00bb<\/a><\/p>\n","protected":false},"author":3,"featured_media":0,"comment_status":"closed","ping_status":"closed","sticky":false,"template":"","format":"standard","meta":{"_acf_changed":false,"footnotes":""},"categories":[74],"tags":[],"class_list":["post-63347","post","type-post","status-publish","format-standard","hentry","category-premios"],"acf":[],"yoast_head":"<!-- This site is optimized with the Yoast SEO plugin v27.3 - https:\/\/yoast.com\/product\/yoast-seo-wordpress\/ -->\n<title>Jeep\u00ae Avenger \u00e9 eleito o \u201cCar of the Year 2023\u201d na Europa - Canal Dana<\/title>\n<meta name=\"robots\" content=\"index, follow, max-snippet:-1, max-image-preview:large, max-video-preview:-1\" \/>\n<link rel=\"canonical\" href=\"https:\/\/dana.com.br\/canaldana\/2023\/01\/24\/jeep-avenger-e-eleito-o-car-of-the-year-2023-na-europa\/\" \/>\n<meta property=\"og:locale\" content=\"pt_BR\" \/>\n<meta property=\"og:type\" content=\"article\" \/>\n<meta property=\"og:title\" content=\"Jeep\u00ae Avenger \u00e9 eleito o \u201cCar of the Year 2023\u201d na Europa - Canal Dana\" \/>\n<meta property=\"og:description\" content=\"Motor e A\u00e7\u00e3o &nbsp; O novo Jeep\u00ae Avenger, o primeiro ve\u00edculo el\u00e9trico a bateria (BEV) da marca, foi eleito o \u201cCar of the Year 2023\u201d. Ele \u00e9 o primeiro ve\u00edculo da Jeep a ganhar este importante pr\u00eamio nos 60 anos de hist\u00f3ria deste evento. &nbsp; O Avenger foi selecionado como finalista junto com outros seis\u2026 Leia mais \u00bb\" \/>\n<meta property=\"og:url\" content=\"https:\/\/dana.com.br\/canaldana\/2023\/01\/24\/jeep-avenger-e-eleito-o-car-of-the-year-2023-na-europa\/\" \/>\n<meta property=\"og:site_name\" content=\"Canal Dana\" \/>\n<meta property=\"article:published_time\" content=\"2023-01-24T11:37:28+00:00\" \/>\n<meta name=\"author\" content=\"Canal Dana\" \/>\n<meta name=\"twitter:card\" content=\"summary_large_image\" \/>\n<meta name=\"twitter:label1\" content=\"Escrito por\" \/>\n\t<meta name=\"twitter:data1\" content=\"Canal Dana\" \/>\n\t<meta name=\"twitter:label2\" content=\"Est. tempo de leitura\" \/>\n\t<meta name=\"twitter:data2\" content=\"3 minutos\" \/>\n<script type=\"application\/ld+json\" class=\"yoast-schema-graph\">{\"@context\":\"https:\\\/\\\/schema.org\",\"@graph\":[{\"@type\":\"Article\",\"@id\":\"https:\\\/\\\/dana.com.br\\\/canaldana\\\/2023\\\/01\\\/24\\\/jeep-avenger-e-eleito-o-car-of-the-year-2023-na-europa\\\/#article\",\"isPartOf\":{\"@id\":\"https:\\\/\\\/dana.com.br\\\/canaldana\\\/2023\\\/01\\\/24\\\/jeep-avenger-e-eleito-o-car-of-the-year-2023-na-europa\\\/\"},\"author\":{\"name\":\"Canal Dana\",\"@id\":\"https:\\\/\\\/dana.com.br\\\/canaldana\\\/#\\\/schema\\\/person\\\/3c21f22f56fcf3bc46b94bc60ea4fef6\"},\"headline\":\"Jeep\u00ae Avenger \u00e9 eleito o \u201cCar of the Year 2023\u201d na Europa\",\"datePublished\":\"2023-01-24T11:37:28+00:00\",\"mainEntityOfPage\":{\"@id\":\"https:\\\/\\\/dana.com.br\\\/canaldana\\\/2023\\\/01\\\/24\\\/jeep-avenger-e-eleito-o-car-of-the-year-2023-na-europa\\\/\"},\"wordCount\":533,\"articleSection\":[\"Pr\u00eamios\"],\"inLanguage\":\"pt-BR\"},{\"@type\":\"WebPage\",\"@id\":\"https:\\\/\\\/dana.com.br\\\/canaldana\\\/2023\\\/01\\\/24\\\/jeep-avenger-e-eleito-o-car-of-the-year-2023-na-europa\\\/\",\"url\":\"https:\\\/\\\/dana.com.br\\\/canaldana\\\/2023\\\/01\\\/24\\\/jeep-avenger-e-eleito-o-car-of-the-year-2023-na-europa\\\/\",\"name\":\"Jeep\u00ae Avenger \u00e9 eleito o \u201cCar of the Year 2023\u201d na Europa - Canal Dana\",\"isPartOf\":{\"@id\":\"https:\\\/\\\/dana.com.br\\\/canaldana\\\/#website\"},\"datePublished\":\"2023-01-24T11:37:28+00:00\",\"author\":{\"@id\":\"https:\\\/\\\/dana.com.br\\\/canaldana\\\/#\\\/schema\\\/person\\\/3c21f22f56fcf3bc46b94bc60ea4fef6\"},\"breadcrumb\":{\"@id\":\"https:\\\/\\\/dana.com.br\\\/canaldana\\\/2023\\\/01\\\/24\\\/jeep-avenger-e-eleito-o-car-of-the-year-2023-na-europa\\\/#breadcrumb\"},\"inLanguage\":\"pt-BR\",\"potentialAction\":[{\"@type\":\"ReadAction\",\"target\":[\"https:\\\/\\\/dana.com.br\\\/canaldana\\\/2023\\\/01\\\/24\\\/jeep-avenger-e-eleito-o-car-of-the-year-2023-na-europa\\\/\"]}]},{\"@type\":\"BreadcrumbList\",\"@id\":\"https:\\\/\\\/dana.com.br\\\/canaldana\\\/2023\\\/01\\\/24\\\/jeep-avenger-e-eleito-o-car-of-the-year-2023-na-europa\\\/#breadcrumb\",\"itemListElement\":[{\"@type\":\"ListItem\",\"position\":1,\"name\":\"Home\",\"item\":\"https:\\\/\\\/dana.com.br\\\/canaldana\\\/\"},{\"@type\":\"ListItem\",\"position\":2,\"name\":\"Pr\u00eamios\",\"item\":\"https:\\\/\\\/dana.com.br\\\/canaldana\\\/premios\\\/\"},{\"@type\":\"ListItem\",\"position\":3,\"name\":\"Jeep\u00ae Avenger \u00e9 eleito o \u201cCar of the Year 2023\u201d na Europa\"}]},{\"@type\":\"WebSite\",\"@id\":\"https:\\\/\\\/dana.com.br\\\/canaldana\\\/#website\",\"url\":\"https:\\\/\\\/dana.com.br\\\/canaldana\\\/\",\"name\":\"Canal Dana\",\"description\":\"Informativo com as principais not\u00edcias da ind\u00fastria automotiva\",\"potentialAction\":[{\"@type\":\"SearchAction\",\"target\":{\"@type\":\"EntryPoint\",\"urlTemplate\":\"https:\\\/\\\/dana.com.br\\\/canaldana\\\/?s={search_term_string}\"},\"query-input\":{\"@type\":\"PropertyValueSpecification\",\"valueRequired\":true,\"valueName\":\"search_term_string\"}}],\"inLanguage\":\"pt-BR\"},{\"@type\":\"Person\",\"@id\":\"https:\\\/\\\/dana.com.br\\\/canaldana\\\/#\\\/schema\\\/person\\\/3c21f22f56fcf3bc46b94bc60ea4fef6\",\"name\":\"Canal Dana\",\"image\":{\"@type\":\"ImageObject\",\"inLanguage\":\"pt-BR\",\"@id\":\"https:\\\/\\\/secure.gravatar.com\\\/avatar\\\/420aaf9278582877d9018637c6817617705899d2858d7572ef0fe59a6b6454b4?s=96&d=mm&r=g\",\"url\":\"https:\\\/\\\/secure.gravatar.com\\\/avatar\\\/420aaf9278582877d9018637c6817617705899d2858d7572ef0fe59a6b6454b4?s=96&d=mm&r=g\",\"contentUrl\":\"https:\\\/\\\/secure.gravatar.com\\\/avatar\\\/420aaf9278582877d9018637c6817617705899d2858d7572ef0fe59a6b6454b4?s=96&d=mm&r=g\",\"caption\":\"Canal Dana\"},\"url\":\"https:\\\/\\\/dana.com.br\\\/canaldana\\\/author\\\/cdeditor\\\/\"}]}<\/script>\n<!-- \/ Yoast SEO plugin. -->","yoast_head_json":{"title":"Jeep\u00ae Avenger \u00e9 eleito o \u201cCar of the Year 2023\u201d na Europa - Canal Dana","robots":{"index":"index","follow":"follow","max-snippet":"max-snippet:-1","max-image-preview":"max-image-preview:large","max-video-preview":"max-video-preview:-1"},"canonical":"https:\/\/dana.com.br\/canaldana\/2023\/01\/24\/jeep-avenger-e-eleito-o-car-of-the-year-2023-na-europa\/","og_locale":"pt_BR","og_type":"article","og_title":"Jeep\u00ae Avenger \u00e9 eleito o \u201cCar of the Year 2023\u201d na Europa - Canal Dana","og_description":"Motor e A\u00e7\u00e3o &nbsp; O novo Jeep\u00ae Avenger, o primeiro ve\u00edculo el\u00e9trico a bateria (BEV) da marca, foi eleito o \u201cCar of the Year 2023\u201d. Ele \u00e9 o primeiro ve\u00edculo da Jeep a ganhar este importante pr\u00eamio nos 60 anos de hist\u00f3ria deste evento. &nbsp; O Avenger foi selecionado como finalista junto com outros seis\u2026 Leia mais \u00bb","og_url":"https:\/\/dana.com.br\/canaldana\/2023\/01\/24\/jeep-avenger-e-eleito-o-car-of-the-year-2023-na-europa\/","og_site_name":"Canal Dana","article_published_time":"2023-01-24T11:37:28+00:00","author":"Canal Dana","twitter_card":"summary_large_image","twitter_misc":{"Escrito por":"Canal Dana","Est. tempo de leitura":"3 minutos"},"schema":{"@context":"https:\/\/schema.org","@graph":[{"@type":"Article","@id":"https:\/\/dana.com.br\/canaldana\/2023\/01\/24\/jeep-avenger-e-eleito-o-car-of-the-year-2023-na-europa\/#article","isPartOf":{"@id":"https:\/\/dana.com.br\/canaldana\/2023\/01\/24\/jeep-avenger-e-eleito-o-car-of-the-year-2023-na-europa\/"},"author":{"name":"Canal Dana","@id":"https:\/\/dana.com.br\/canaldana\/#\/schema\/person\/3c21f22f56fcf3bc46b94bc60ea4fef6"},"headline":"Jeep\u00ae Avenger \u00e9 eleito o \u201cCar of the Year 2023\u201d na Europa","datePublished":"2023-01-24T11:37:28+00:00","mainEntityOfPage":{"@id":"https:\/\/dana.com.br\/canaldana\/2023\/01\/24\/jeep-avenger-e-eleito-o-car-of-the-year-2023-na-europa\/"},"wordCount":533,"articleSection":["Pr\u00eamios"],"inLanguage":"pt-BR"},{"@type":"WebPage","@id":"https:\/\/dana.com.br\/canaldana\/2023\/01\/24\/jeep-avenger-e-eleito-o-car-of-the-year-2023-na-europa\/","url":"https:\/\/dana.com.br\/canaldana\/2023\/01\/24\/jeep-avenger-e-eleito-o-car-of-the-year-2023-na-europa\/","name":"Jeep\u00ae Avenger \u00e9 eleito o \u201cCar of the Year 2023\u201d na Europa - Canal Dana","isPartOf":{"@id":"https:\/\/dana.com.br\/canaldana\/#website"},"datePublished":"2023-01-24T11:37:28+00:00","author":{"@id":"https:\/\/dana.com.br\/canaldana\/#\/schema\/person\/3c21f22f56fcf3bc46b94bc60ea4fef6"},"breadcrumb":{"@id":"https:\/\/dana.com.br\/canaldana\/2023\/01\/24\/jeep-avenger-e-eleito-o-car-of-the-year-2023-na-europa\/#breadcrumb"},"inLanguage":"pt-BR","potentialAction":[{"@type":"ReadAction","target":["https:\/\/dana.com.br\/canaldana\/2023\/01\/24\/jeep-avenger-e-eleito-o-car-of-the-year-2023-na-europa\/"]}]},{"@type":"BreadcrumbList","@id":"https:\/\/dana.com.br\/canaldana\/2023\/01\/24\/jeep-avenger-e-eleito-o-car-of-the-year-2023-na-europa\/#breadcrumb","itemListElement":[{"@type":"ListItem","position":1,"name":"Home","item":"https:\/\/dana.com.br\/canaldana\/"},{"@type":"ListItem","position":2,"name":"Pr\u00eamios","item":"https:\/\/dana.com.br\/canaldana\/premios\/"},{"@type":"ListItem","position":3,"name":"Jeep\u00ae Avenger \u00e9 eleito o \u201cCar of the Year 2023\u201d na Europa"}]},{"@type":"WebSite","@id":"https:\/\/dana.com.br\/canaldana\/#website","url":"https:\/\/dana.com.br\/canaldana\/","name":"Canal Dana","description":"Informativo com as principais not\u00edcias da ind\u00fastria automotiva","potentialAction":[{"@type":"SearchAction","target":{"@type":"EntryPoint","urlTemplate":"https:\/\/dana.com.br\/canaldana\/?s={search_term_string}"},"query-input":{"@type":"PropertyValueSpecification","valueRequired":true,"valueName":"search_term_string"}}],"inLanguage":"pt-BR"},{"@type":"Person","@id":"https:\/\/dana.com.br\/canaldana\/#\/schema\/person\/3c21f22f56fcf3bc46b94bc60ea4fef6","name":"Canal Dana","image":{"@type":"ImageObject","inLanguage":"pt-BR","@id":"https:\/\/secure.gravatar.com\/avatar\/420aaf9278582877d9018637c6817617705899d2858d7572ef0fe59a6b6454b4?s=96&d=mm&r=g","url":"https:\/\/secure.gravatar.com\/avatar\/420aaf9278582877d9018637c6817617705899d2858d7572ef0fe59a6b6454b4?s=96&d=mm&r=g","contentUrl":"https:\/\/secure.gravatar.com\/avatar\/420aaf9278582877d9018637c6817617705899d2858d7572ef0fe59a6b6454b4?s=96&d=mm&r=g","caption":"Canal Dana"},"url":"https:\/\/dana.com.br\/canaldana\/author\/cdeditor\/"}]}},"_links":{"self":[{"href":"https:\/\/dana.com.br\/canaldana\/wp-json\/wp\/v2\/posts\/63347","targetHints":{"allow":["GET"]}}],"collection":[{"href":"https:\/\/dana.com.br\/canaldana\/wp-json\/wp\/v2\/posts"}],"about":[{"href":"https:\/\/dana.com.br\/canaldana\/wp-json\/wp\/v2\/types\/post"}],"author":[{"embeddable":true,"href":"https:\/\/dana.com.br\/canaldana\/wp-json\/wp\/v2\/users\/3"}],"replies":[{"embeddable":true,"href":"https:\/\/dana.com.br\/canaldana\/wp-json\/wp\/v2\/comments?post=63347"}],"version-history":[{"count":0,"href":"https:\/\/dana.com.br\/canaldana\/wp-json\/wp\/v2\/posts\/63347\/revisions"}],"wp:attachment":[{"href":"https:\/\/dana.com.br\/canaldana\/wp-json\/wp\/v2\/media?parent=63347"}],"wp:term":[{"taxonomy":"category","embeddable":true,"href":"https:\/\/dana.com.br\/canaldana\/wp-json\/wp\/v2\/categories?post=63347"},{"taxonomy":"post_tag","embeddable":true,"href":"https:\/\/dana.com.br\/canaldana\/wp-json\/wp\/v2\/tags?post=63347"}],"curies":[{"name":"wp","href":"https:\/\/api.w.org\/{rel}","templated":true}]}}