{"id":63333,"date":"2023-01-23T08:36:57","date_gmt":"2023-01-23T11:36:57","guid":{"rendered":"https:\/\/dana.com.br\/canaldana\/?p=63333"},"modified":"2023-01-23T08:36:57","modified_gmt":"2023-01-23T11:36:57","slug":"preco-do-diesel-continua-em-queda-nos-postos-brasileiros-no-inicio-do-ano","status":"publish","type":"post","link":"https:\/\/dana.com.br\/canaldana\/2023\/01\/23\/preco-do-diesel-continua-em-queda-nos-postos-brasileiros-no-inicio-do-ano\/","title":{"rendered":"Pre\u00e7o do diesel continua em queda nos postos brasileiros no in\u00edcio do ano"},"content":{"rendered":"<p><em>Motor Mais<\/em><\/p>\n<p>&nbsp;<\/p>\n<p>Com recuo de 0,64% em rela\u00e7\u00e3o a dezembro, o pre\u00e7o m\u00e9dio do litro do diesel comum fechou os primeiros dias de janeiro a R$ 6,79. J\u00e1 o litro do diesel S-10 foi comercializado a R$ 6,91 no per\u00edodo, com redu\u00e7\u00e3o de 0,61%. \u00c9 o que aponta o mais recente \u00cdndice de Pre\u00e7os Ticket Log (IPTL). \u201cO diesel segue a mesma tend\u00eancia de baixa dos \u00faltimos meses de 2022 e continua em queda neste in\u00edcio de 2023. De acordo com o IPTL, quando comparamos o pre\u00e7o dos dois tipos com janeiro de 2022, o valor ainda est\u00e1 18% mais caro para os motoristas\u201d, destaca Douglas Pina, diretor-geral de Mobilidade da Edenred Brasil.<\/p>\n<p>&nbsp;<\/p>\n<p>Nos destaques regionais, o combust\u00edvel ficou mais caro para quem abastece no Sul e no Centro-Oeste. J\u00e1 as demais regi\u00f5es apresentaram queda no pre\u00e7o m\u00e9dio, a exemplo do Norte, onde o tipo comum fechou o per\u00edodo a R$ 7,23, com recuo de 1,27%; e o tipo S-10 a R$ 7,37, com redu\u00e7\u00e3o de 1,31%.<\/p>\n<p>&nbsp;<\/p>\n<p>Mesmo registrando as redu\u00e7\u00f5es mais expressivas entre as demais regi\u00f5es, o Norte comercializou os dois tipos de diesel pelo pre\u00e7o m\u00e9dio mais caro do Pa\u00eds. J\u00e1 as m\u00e9dias mais baratas foram encontradas nos postos de abastecimento do Sul, a R$ 6,36 o comum e R$ 6,46 o S-10, apesar dos respectivos acr\u00e9scimos de 0,46% e 0,58%.<\/p>\n<p>&nbsp;<\/p>\n<p>Na an\u00e1lise por Estado e o Distrito Federal, o pre\u00e7o do litro do diesel oscilou entre aumentos e redu\u00e7\u00f5es em todo o Brasil. O recuo mais expressivo para o tipo comum foi identificado no Acre, a 4,77%, que passou de R$ 7,57 para R$ 7,21; e o pre\u00e7o m\u00e9dio mais baixo foi comercializado no Rio Grande do Sul, a R$ 6,24. Com o tipo comum a R$ 6,77, a Bahia se destacou no ranking do maior acr\u00e9scimo para o combust\u00edvel, de 4,09%. A m\u00e9dia mais elevada para o litro foi identificada em Roraima, a R$ 8,06.<\/p>\n<p>&nbsp;<\/p>\n<p>J\u00e1 a maior redu\u00e7\u00e3o para o tipo S-10 foi registrada nas bombas de abastecimento do Amap\u00e1 (3,33%), onde o combust\u00edvel foi comercializado a R$ 7,87. O pre\u00e7o m\u00e9dio mais baixo para esse combust\u00edvel foi registrado no Rio Grande do Sul, a R$ 6,36. Assim como para o tipo comum, a Bahia tamb\u00e9m registrou o aumento mais expressivo para o tipo S-10, de 4,81%, e o combust\u00edvel fechou a R$ 6,93. J\u00e1 a m\u00e9dia mais alta para esse combust\u00edvel tamb\u00e9m foi identificada nos postos de Roraima, a R$ 8,00.<\/p>\n<p>&nbsp;<\/p>\n<p>O IPTL \u00e9 um \u00edndice de pre\u00e7os de combust\u00edveis levantado com base nos abastecimentos realizados nos 21 mil postos credenciados da Ticket Log, que tem grande confiabilidade, por causa da quantidade de ve\u00edculos administrados pela marca: 1 milh\u00e3o ao todo, com uma m\u00e9dia de oito transa\u00e7\u00f5es por segundo. A Ticket Log, marca de gest\u00e3o de frotas e solu\u00e7\u00f5es de mobilidade da Edenred Brasil, conta com mais de 30 anos de experi\u00eancia e se adapta \u00e0s necessidades dos clientes, oferecendo solu\u00e7\u00f5es modernas e inovadoras, a fim de simplificar os processos di\u00e1rios. (Motor Mais)<\/p>\n","protected":false},"excerpt":{"rendered":"<p>Motor Mais &nbsp; Com recuo de 0,64% em rela\u00e7\u00e3o a dezembro, o pre\u00e7o m\u00e9dio do litro do diesel comum fechou os primeiros dias de janeiro a R$ 6,79. J\u00e1 o litro do diesel S-10 foi comercializado a R$ 6,91 no per\u00edodo, com redu\u00e7\u00e3o de 0,61%. \u00c9 o que aponta o mais recente \u00cdndice de Pre\u00e7os\u2026 <a class=\"readmore\" href=\"https:\/\/dana.com.br\/canaldana\/2023\/01\/23\/preco-do-diesel-continua-em-queda-nos-postos-brasileiros-no-inicio-do-ano\/\">Leia mais \u00bb<\/a><\/p>\n","protected":false},"author":3,"featured_media":0,"comment_status":"closed","ping_status":"closed","sticky":false,"template":"","format":"standard","meta":{"_acf_changed":false,"footnotes":""},"categories":[79],"tags":[],"class_list":["post-63333","post","type-post","status-publish","format-standard","hentry","category-mercado"],"acf":[],"yoast_head":"<!-- This site is optimized with the Yoast SEO plugin v27.3 - https:\/\/yoast.com\/product\/yoast-seo-wordpress\/ -->\n<title>Pre\u00e7o do diesel continua em queda nos postos brasileiros no in\u00edcio do ano - Canal Dana<\/title>\n<meta name=\"robots\" content=\"index, follow, max-snippet:-1, max-image-preview:large, max-video-preview:-1\" \/>\n<link rel=\"canonical\" href=\"https:\/\/dana.com.br\/canaldana\/2023\/01\/23\/preco-do-diesel-continua-em-queda-nos-postos-brasileiros-no-inicio-do-ano\/\" \/>\n<meta property=\"og:locale\" content=\"pt_BR\" \/>\n<meta property=\"og:type\" content=\"article\" \/>\n<meta property=\"og:title\" content=\"Pre\u00e7o do diesel continua em queda nos postos brasileiros no in\u00edcio do ano - Canal Dana\" \/>\n<meta property=\"og:description\" content=\"Motor Mais &nbsp; Com recuo de 0,64% em rela\u00e7\u00e3o a dezembro, o pre\u00e7o m\u00e9dio do litro do diesel comum fechou os primeiros dias de janeiro a R$ 6,79. J\u00e1 o litro do diesel S-10 foi comercializado a R$ 6,91 no per\u00edodo, com redu\u00e7\u00e3o de 0,61%. \u00c9 o que aponta o mais recente \u00cdndice de Pre\u00e7os\u2026 Leia mais \u00bb\" \/>\n<meta property=\"og:url\" content=\"https:\/\/dana.com.br\/canaldana\/2023\/01\/23\/preco-do-diesel-continua-em-queda-nos-postos-brasileiros-no-inicio-do-ano\/\" \/>\n<meta property=\"og:site_name\" content=\"Canal Dana\" \/>\n<meta property=\"article:published_time\" content=\"2023-01-23T11:36:57+00:00\" \/>\n<meta name=\"author\" content=\"Canal Dana\" \/>\n<meta name=\"twitter:card\" content=\"summary_large_image\" \/>\n<meta name=\"twitter:label1\" content=\"Escrito por\" \/>\n\t<meta name=\"twitter:data1\" content=\"Canal Dana\" \/>\n\t<meta name=\"twitter:label2\" content=\"Est. tempo de leitura\" \/>\n\t<meta name=\"twitter:data2\" content=\"3 minutos\" \/>\n<script type=\"application\/ld+json\" class=\"yoast-schema-graph\">{\"@context\":\"https:\\\/\\\/schema.org\",\"@graph\":[{\"@type\":\"Article\",\"@id\":\"https:\\\/\\\/dana.com.br\\\/canaldana\\\/2023\\\/01\\\/23\\\/preco-do-diesel-continua-em-queda-nos-postos-brasileiros-no-inicio-do-ano\\\/#article\",\"isPartOf\":{\"@id\":\"https:\\\/\\\/dana.com.br\\\/canaldana\\\/2023\\\/01\\\/23\\\/preco-do-diesel-continua-em-queda-nos-postos-brasileiros-no-inicio-do-ano\\\/\"},\"author\":{\"name\":\"Canal Dana\",\"@id\":\"https:\\\/\\\/dana.com.br\\\/canaldana\\\/#\\\/schema\\\/person\\\/3c21f22f56fcf3bc46b94bc60ea4fef6\"},\"headline\":\"Pre\u00e7o do diesel continua em queda nos postos brasileiros no in\u00edcio do ano\",\"datePublished\":\"2023-01-23T11:36:57+00:00\",\"mainEntityOfPage\":{\"@id\":\"https:\\\/\\\/dana.com.br\\\/canaldana\\\/2023\\\/01\\\/23\\\/preco-do-diesel-continua-em-queda-nos-postos-brasileiros-no-inicio-do-ano\\\/\"},\"wordCount\":537,\"articleSection\":[\"Mercado\"],\"inLanguage\":\"pt-BR\"},{\"@type\":\"WebPage\",\"@id\":\"https:\\\/\\\/dana.com.br\\\/canaldana\\\/2023\\\/01\\\/23\\\/preco-do-diesel-continua-em-queda-nos-postos-brasileiros-no-inicio-do-ano\\\/\",\"url\":\"https:\\\/\\\/dana.com.br\\\/canaldana\\\/2023\\\/01\\\/23\\\/preco-do-diesel-continua-em-queda-nos-postos-brasileiros-no-inicio-do-ano\\\/\",\"name\":\"Pre\u00e7o do diesel continua em queda nos postos brasileiros no in\u00edcio do ano - Canal Dana\",\"isPartOf\":{\"@id\":\"https:\\\/\\\/dana.com.br\\\/canaldana\\\/#website\"},\"datePublished\":\"2023-01-23T11:36:57+00:00\",\"author\":{\"@id\":\"https:\\\/\\\/dana.com.br\\\/canaldana\\\/#\\\/schema\\\/person\\\/3c21f22f56fcf3bc46b94bc60ea4fef6\"},\"breadcrumb\":{\"@id\":\"https:\\\/\\\/dana.com.br\\\/canaldana\\\/2023\\\/01\\\/23\\\/preco-do-diesel-continua-em-queda-nos-postos-brasileiros-no-inicio-do-ano\\\/#breadcrumb\"},\"inLanguage\":\"pt-BR\",\"potentialAction\":[{\"@type\":\"ReadAction\",\"target\":[\"https:\\\/\\\/dana.com.br\\\/canaldana\\\/2023\\\/01\\\/23\\\/preco-do-diesel-continua-em-queda-nos-postos-brasileiros-no-inicio-do-ano\\\/\"]}]},{\"@type\":\"BreadcrumbList\",\"@id\":\"https:\\\/\\\/dana.com.br\\\/canaldana\\\/2023\\\/01\\\/23\\\/preco-do-diesel-continua-em-queda-nos-postos-brasileiros-no-inicio-do-ano\\\/#breadcrumb\",\"itemListElement\":[{\"@type\":\"ListItem\",\"position\":1,\"name\":\"Home\",\"item\":\"https:\\\/\\\/dana.com.br\\\/canaldana\\\/\"},{\"@type\":\"ListItem\",\"position\":2,\"name\":\"Mercado\",\"item\":\"https:\\\/\\\/dana.com.br\\\/canaldana\\\/mercado\\\/\"},{\"@type\":\"ListItem\",\"position\":3,\"name\":\"Pre\u00e7o do diesel continua em queda nos postos brasileiros no in\u00edcio do ano\"}]},{\"@type\":\"WebSite\",\"@id\":\"https:\\\/\\\/dana.com.br\\\/canaldana\\\/#website\",\"url\":\"https:\\\/\\\/dana.com.br\\\/canaldana\\\/\",\"name\":\"Canal Dana\",\"description\":\"Informativo com as principais not\u00edcias da ind\u00fastria automotiva\",\"potentialAction\":[{\"@type\":\"SearchAction\",\"target\":{\"@type\":\"EntryPoint\",\"urlTemplate\":\"https:\\\/\\\/dana.com.br\\\/canaldana\\\/?s={search_term_string}\"},\"query-input\":{\"@type\":\"PropertyValueSpecification\",\"valueRequired\":true,\"valueName\":\"search_term_string\"}}],\"inLanguage\":\"pt-BR\"},{\"@type\":\"Person\",\"@id\":\"https:\\\/\\\/dana.com.br\\\/canaldana\\\/#\\\/schema\\\/person\\\/3c21f22f56fcf3bc46b94bc60ea4fef6\",\"name\":\"Canal Dana\",\"image\":{\"@type\":\"ImageObject\",\"inLanguage\":\"pt-BR\",\"@id\":\"https:\\\/\\\/secure.gravatar.com\\\/avatar\\\/420aaf9278582877d9018637c6817617705899d2858d7572ef0fe59a6b6454b4?s=96&d=mm&r=g\",\"url\":\"https:\\\/\\\/secure.gravatar.com\\\/avatar\\\/420aaf9278582877d9018637c6817617705899d2858d7572ef0fe59a6b6454b4?s=96&d=mm&r=g\",\"contentUrl\":\"https:\\\/\\\/secure.gravatar.com\\\/avatar\\\/420aaf9278582877d9018637c6817617705899d2858d7572ef0fe59a6b6454b4?s=96&d=mm&r=g\",\"caption\":\"Canal Dana\"},\"url\":\"https:\\\/\\\/dana.com.br\\\/canaldana\\\/author\\\/cdeditor\\\/\"}]}<\/script>\n<!-- \/ Yoast SEO plugin. -->","yoast_head_json":{"title":"Pre\u00e7o do diesel continua em queda nos postos brasileiros no in\u00edcio do ano - Canal Dana","robots":{"index":"index","follow":"follow","max-snippet":"max-snippet:-1","max-image-preview":"max-image-preview:large","max-video-preview":"max-video-preview:-1"},"canonical":"https:\/\/dana.com.br\/canaldana\/2023\/01\/23\/preco-do-diesel-continua-em-queda-nos-postos-brasileiros-no-inicio-do-ano\/","og_locale":"pt_BR","og_type":"article","og_title":"Pre\u00e7o do diesel continua em queda nos postos brasileiros no in\u00edcio do ano - Canal Dana","og_description":"Motor Mais &nbsp; Com recuo de 0,64% em rela\u00e7\u00e3o a dezembro, o pre\u00e7o m\u00e9dio do litro do diesel comum fechou os primeiros dias de janeiro a R$ 6,79. J\u00e1 o litro do diesel S-10 foi comercializado a R$ 6,91 no per\u00edodo, com redu\u00e7\u00e3o de 0,61%. \u00c9 o que aponta o mais recente \u00cdndice de Pre\u00e7os\u2026 Leia mais \u00bb","og_url":"https:\/\/dana.com.br\/canaldana\/2023\/01\/23\/preco-do-diesel-continua-em-queda-nos-postos-brasileiros-no-inicio-do-ano\/","og_site_name":"Canal Dana","article_published_time":"2023-01-23T11:36:57+00:00","author":"Canal Dana","twitter_card":"summary_large_image","twitter_misc":{"Escrito por":"Canal Dana","Est. tempo de leitura":"3 minutos"},"schema":{"@context":"https:\/\/schema.org","@graph":[{"@type":"Article","@id":"https:\/\/dana.com.br\/canaldana\/2023\/01\/23\/preco-do-diesel-continua-em-queda-nos-postos-brasileiros-no-inicio-do-ano\/#article","isPartOf":{"@id":"https:\/\/dana.com.br\/canaldana\/2023\/01\/23\/preco-do-diesel-continua-em-queda-nos-postos-brasileiros-no-inicio-do-ano\/"},"author":{"name":"Canal Dana","@id":"https:\/\/dana.com.br\/canaldana\/#\/schema\/person\/3c21f22f56fcf3bc46b94bc60ea4fef6"},"headline":"Pre\u00e7o do diesel continua em queda nos postos brasileiros no in\u00edcio do ano","datePublished":"2023-01-23T11:36:57+00:00","mainEntityOfPage":{"@id":"https:\/\/dana.com.br\/canaldana\/2023\/01\/23\/preco-do-diesel-continua-em-queda-nos-postos-brasileiros-no-inicio-do-ano\/"},"wordCount":537,"articleSection":["Mercado"],"inLanguage":"pt-BR"},{"@type":"WebPage","@id":"https:\/\/dana.com.br\/canaldana\/2023\/01\/23\/preco-do-diesel-continua-em-queda-nos-postos-brasileiros-no-inicio-do-ano\/","url":"https:\/\/dana.com.br\/canaldana\/2023\/01\/23\/preco-do-diesel-continua-em-queda-nos-postos-brasileiros-no-inicio-do-ano\/","name":"Pre\u00e7o do diesel continua em queda nos postos brasileiros no in\u00edcio do ano - Canal Dana","isPartOf":{"@id":"https:\/\/dana.com.br\/canaldana\/#website"},"datePublished":"2023-01-23T11:36:57+00:00","author":{"@id":"https:\/\/dana.com.br\/canaldana\/#\/schema\/person\/3c21f22f56fcf3bc46b94bc60ea4fef6"},"breadcrumb":{"@id":"https:\/\/dana.com.br\/canaldana\/2023\/01\/23\/preco-do-diesel-continua-em-queda-nos-postos-brasileiros-no-inicio-do-ano\/#breadcrumb"},"inLanguage":"pt-BR","potentialAction":[{"@type":"ReadAction","target":["https:\/\/dana.com.br\/canaldana\/2023\/01\/23\/preco-do-diesel-continua-em-queda-nos-postos-brasileiros-no-inicio-do-ano\/"]}]},{"@type":"BreadcrumbList","@id":"https:\/\/dana.com.br\/canaldana\/2023\/01\/23\/preco-do-diesel-continua-em-queda-nos-postos-brasileiros-no-inicio-do-ano\/#breadcrumb","itemListElement":[{"@type":"ListItem","position":1,"name":"Home","item":"https:\/\/dana.com.br\/canaldana\/"},{"@type":"ListItem","position":2,"name":"Mercado","item":"https:\/\/dana.com.br\/canaldana\/mercado\/"},{"@type":"ListItem","position":3,"name":"Pre\u00e7o do diesel continua em queda nos postos brasileiros no in\u00edcio do ano"}]},{"@type":"WebSite","@id":"https:\/\/dana.com.br\/canaldana\/#website","url":"https:\/\/dana.com.br\/canaldana\/","name":"Canal Dana","description":"Informativo com as principais not\u00edcias da ind\u00fastria automotiva","potentialAction":[{"@type":"SearchAction","target":{"@type":"EntryPoint","urlTemplate":"https:\/\/dana.com.br\/canaldana\/?s={search_term_string}"},"query-input":{"@type":"PropertyValueSpecification","valueRequired":true,"valueName":"search_term_string"}}],"inLanguage":"pt-BR"},{"@type":"Person","@id":"https:\/\/dana.com.br\/canaldana\/#\/schema\/person\/3c21f22f56fcf3bc46b94bc60ea4fef6","name":"Canal Dana","image":{"@type":"ImageObject","inLanguage":"pt-BR","@id":"https:\/\/secure.gravatar.com\/avatar\/420aaf9278582877d9018637c6817617705899d2858d7572ef0fe59a6b6454b4?s=96&d=mm&r=g","url":"https:\/\/secure.gravatar.com\/avatar\/420aaf9278582877d9018637c6817617705899d2858d7572ef0fe59a6b6454b4?s=96&d=mm&r=g","contentUrl":"https:\/\/secure.gravatar.com\/avatar\/420aaf9278582877d9018637c6817617705899d2858d7572ef0fe59a6b6454b4?s=96&d=mm&r=g","caption":"Canal Dana"},"url":"https:\/\/dana.com.br\/canaldana\/author\/cdeditor\/"}]}},"_links":{"self":[{"href":"https:\/\/dana.com.br\/canaldana\/wp-json\/wp\/v2\/posts\/63333","targetHints":{"allow":["GET"]}}],"collection":[{"href":"https:\/\/dana.com.br\/canaldana\/wp-json\/wp\/v2\/posts"}],"about":[{"href":"https:\/\/dana.com.br\/canaldana\/wp-json\/wp\/v2\/types\/post"}],"author":[{"embeddable":true,"href":"https:\/\/dana.com.br\/canaldana\/wp-json\/wp\/v2\/users\/3"}],"replies":[{"embeddable":true,"href":"https:\/\/dana.com.br\/canaldana\/wp-json\/wp\/v2\/comments?post=63333"}],"version-history":[{"count":0,"href":"https:\/\/dana.com.br\/canaldana\/wp-json\/wp\/v2\/posts\/63333\/revisions"}],"wp:attachment":[{"href":"https:\/\/dana.com.br\/canaldana\/wp-json\/wp\/v2\/media?parent=63333"}],"wp:term":[{"taxonomy":"category","embeddable":true,"href":"https:\/\/dana.com.br\/canaldana\/wp-json\/wp\/v2\/categories?post=63333"},{"taxonomy":"post_tag","embeddable":true,"href":"https:\/\/dana.com.br\/canaldana\/wp-json\/wp\/v2\/tags?post=63333"}],"curies":[{"name":"wp","href":"https:\/\/api.w.org\/{rel}","templated":true}]}}