{"id":63329,"date":"2023-01-23T08:35:46","date_gmt":"2023-01-23T11:35:46","guid":{"rendered":"https:\/\/dana.com.br\/canaldana\/?p=63329"},"modified":"2023-01-23T08:35:46","modified_gmt":"2023-01-23T11:35:46","slug":"nissan-confirma-lancamento-do-novo-sentra-em-marco-no-brasil","status":"publish","type":"post","link":"https:\/\/dana.com.br\/canaldana\/2023\/01\/23\/nissan-confirma-lancamento-do-novo-sentra-em-marco-no-brasil\/","title":{"rendered":"Nissan confirma lan\u00e7amento do novo Sentra em mar\u00e7o no Brasil"},"content":{"rendered":"<p><em>Jornal do Carro\u00a0 <\/em><\/p>\n<p>&nbsp;<\/p>\n<p>Ap\u00f3s um hiato de dois anos, o Nissan Sentra voltar\u00e1 ao Brasil. A estreia foi confirmada pela marca para o m\u00eas de mar\u00e7o. O sed\u00e3 m\u00e9dio, que j\u00e1 roda em testes no Pa\u00eds desde o fim de 2022, vem concorrer com modelos como, por exemplo, Toyota Corolla e Chevrolet Cruze. Para isso, teve recentemente o visual renovado. Al\u00e9m disso, assim como na gera\u00e7\u00e3o anterior, vir\u00e1 importado do M\u00e9xico, onde tem produ\u00e7\u00e3o na f\u00e1brica de Aguascalientes.<\/p>\n<p>&nbsp;<\/p>\n<p>Por ora, a montadora n\u00e3o divulgou detalhes. Entretanto, em dezembro, a reportagem do site Motor1 recebeu material de concession\u00e1rios da Nissan no Brasil com tr\u00eas vers\u00f5es de acabamento e a tabela de pre\u00e7os. S\u00e3o elas: Sense, Advance e Exclusive, com valores de R$ 143.490, R$ 153.590 e R$ 179.890, respectivamente.<\/p>\n<p>&nbsp;<\/p>\n<p>Tal como antecipamos no Jornal do Carro, o novo Sentra ter\u00e1 a mesma op\u00e7\u00e3o mec\u00e2nica dispon\u00edvel no M\u00e9xico. Ou seja, vir\u00e1 com o motor 2.0 16V a gasolina com 147 cv de pot\u00eancia e 20 mkgf de torque m\u00e1ximo, o c\u00e2mbio autom\u00e1tico CVT e a tra\u00e7\u00e3o dianteira. O consumo fica em torno de 9 km\/l na cidade e de 11,3 km\/l na estrada.<\/p>\n<p>&nbsp;<\/p>\n<p><strong>Equipamentos<\/strong><\/p>\n<p>&nbsp;<\/p>\n<p>J\u00e1 chamado de 2024, o sed\u00e3 vir\u00e1 repleto de conte\u00fados desde a op\u00e7\u00e3o de entrada. A lista tem ar-condicionado, rodas de liga leve com 16&#8243;, assistente de partida em rampas, LEDs diurnos, banco do motorista com ajuste de altura, computador de bordo com tela TFT de 7&#8243; e central multim\u00eddia com tela de 8&#8243; e conex\u00e3o com Android Auto e Apple CarPlay. Ademais, ter\u00e1 c\u00e2mera de r\u00e9, sensores de obst\u00e1culos dianteiros e traseiros, seis airbags e controle de cruzeiro.<\/p>\n<p>&nbsp;<\/p>\n<p>Por fim, o Sentra ter\u00e1 pacote com tecnologias eletr\u00f4nicas de assist\u00eancia \u00e0 dire\u00e7\u00e3o. Entre elas, h\u00e1 sistema de detec\u00e7\u00e3o de pedestres, bem como frenagem autom\u00e1tica de emerg\u00eancia. Da mesma forma, o sed\u00e3 ter\u00e1 alerta de tr\u00e1fego na traseira, farol com ajuste autom\u00e1tico de facho, al\u00e9m de aviso de risco de colis\u00e3o frontal e assistente de perman\u00eancia em faixa.<\/p>\n<p>&nbsp;<\/p>\n<p><strong>Design atualizado<\/strong><\/p>\n<p>&nbsp;<\/p>\n<p>Feito sobre a plataforma modeluar CMF-C\/D da alian\u00e7a Renault-Nissan-Mitsubishi, o novo Nissan Sentra ficou maior, mais largo e baixo. Ou seja, as medidas do carro s\u00e3o 4,64 metros de comprimento, 1,82 m de largura, 1,46 m de altura e 2,71 m de dist\u00e2ncia entre os eixos. O porta-malas acomoda 466 litros.<\/p>\n<p>&nbsp;<\/p>\n<p>Em rela\u00e7\u00e3o ao visual, a marca aposta na dianteira mais baixa, dentro da linguagem de estilo batizada pela Nissan de V-Motion. Ela \u00e9 comum a outros modelos da empresa, como SUV Kicks e o sed\u00e3 Versa, por exemplo. Al\u00e9m disso, h\u00e1 far\u00f3is com LEDs e pintura bicolor, na qual o preto cria a sensa\u00e7\u00e3o de teto flutuante. (Jornal do Carro\/Jady Peroni)<\/p>\n","protected":false},"excerpt":{"rendered":"<p>Jornal do Carro\u00a0 &nbsp; Ap\u00f3s um hiato de dois anos, o Nissan Sentra voltar\u00e1 ao Brasil. A estreia foi confirmada pela marca para o m\u00eas de mar\u00e7o. O sed\u00e3 m\u00e9dio, que j\u00e1 roda em testes no Pa\u00eds desde o fim de 2022, vem concorrer com modelos como, por exemplo, Toyota Corolla e Chevrolet Cruze. Para\u2026 <a class=\"readmore\" href=\"https:\/\/dana.com.br\/canaldana\/2023\/01\/23\/nissan-confirma-lancamento-do-novo-sentra-em-marco-no-brasil\/\">Leia mais \u00bb<\/a><\/p>\n","protected":false},"author":3,"featured_media":0,"comment_status":"closed","ping_status":"closed","sticky":false,"template":"","format":"standard","meta":{"_acf_changed":false,"footnotes":""},"categories":[79],"tags":[],"class_list":["post-63329","post","type-post","status-publish","format-standard","hentry","category-mercado"],"acf":[],"yoast_head":"<!-- This site is optimized with the Yoast SEO plugin v27.3 - https:\/\/yoast.com\/product\/yoast-seo-wordpress\/ -->\n<title>Nissan confirma lan\u00e7amento do novo Sentra em mar\u00e7o no Brasil - Canal Dana<\/title>\n<meta name=\"robots\" content=\"index, follow, max-snippet:-1, max-image-preview:large, max-video-preview:-1\" \/>\n<link rel=\"canonical\" href=\"https:\/\/dana.com.br\/canaldana\/2023\/01\/23\/nissan-confirma-lancamento-do-novo-sentra-em-marco-no-brasil\/\" \/>\n<meta property=\"og:locale\" content=\"pt_BR\" \/>\n<meta property=\"og:type\" content=\"article\" \/>\n<meta property=\"og:title\" content=\"Nissan confirma lan\u00e7amento do novo Sentra em mar\u00e7o no Brasil - Canal Dana\" \/>\n<meta property=\"og:description\" content=\"Jornal do Carro\u00a0 &nbsp; Ap\u00f3s um hiato de dois anos, o Nissan Sentra voltar\u00e1 ao Brasil. A estreia foi confirmada pela marca para o m\u00eas de mar\u00e7o. O sed\u00e3 m\u00e9dio, que j\u00e1 roda em testes no Pa\u00eds desde o fim de 2022, vem concorrer com modelos como, por exemplo, Toyota Corolla e Chevrolet Cruze. Para\u2026 Leia mais \u00bb\" \/>\n<meta property=\"og:url\" content=\"https:\/\/dana.com.br\/canaldana\/2023\/01\/23\/nissan-confirma-lancamento-do-novo-sentra-em-marco-no-brasil\/\" \/>\n<meta property=\"og:site_name\" content=\"Canal Dana\" \/>\n<meta property=\"article:published_time\" content=\"2023-01-23T11:35:46+00:00\" \/>\n<meta name=\"author\" content=\"Canal Dana\" \/>\n<meta name=\"twitter:card\" content=\"summary_large_image\" \/>\n<meta name=\"twitter:label1\" content=\"Escrito por\" \/>\n\t<meta name=\"twitter:data1\" content=\"Canal Dana\" \/>\n\t<meta name=\"twitter:label2\" content=\"Est. tempo de leitura\" \/>\n\t<meta name=\"twitter:data2\" content=\"3 minutos\" \/>\n<script type=\"application\/ld+json\" class=\"yoast-schema-graph\">{\"@context\":\"https:\\\/\\\/schema.org\",\"@graph\":[{\"@type\":\"Article\",\"@id\":\"https:\\\/\\\/dana.com.br\\\/canaldana\\\/2023\\\/01\\\/23\\\/nissan-confirma-lancamento-do-novo-sentra-em-marco-no-brasil\\\/#article\",\"isPartOf\":{\"@id\":\"https:\\\/\\\/dana.com.br\\\/canaldana\\\/2023\\\/01\\\/23\\\/nissan-confirma-lancamento-do-novo-sentra-em-marco-no-brasil\\\/\"},\"author\":{\"name\":\"Canal Dana\",\"@id\":\"https:\\\/\\\/dana.com.br\\\/canaldana\\\/#\\\/schema\\\/person\\\/3c21f22f56fcf3bc46b94bc60ea4fef6\"},\"headline\":\"Nissan confirma lan\u00e7amento do novo Sentra em mar\u00e7o no Brasil\",\"datePublished\":\"2023-01-23T11:35:46+00:00\",\"mainEntityOfPage\":{\"@id\":\"https:\\\/\\\/dana.com.br\\\/canaldana\\\/2023\\\/01\\\/23\\\/nissan-confirma-lancamento-do-novo-sentra-em-marco-no-brasil\\\/\"},\"wordCount\":497,\"articleSection\":[\"Mercado\"],\"inLanguage\":\"pt-BR\"},{\"@type\":\"WebPage\",\"@id\":\"https:\\\/\\\/dana.com.br\\\/canaldana\\\/2023\\\/01\\\/23\\\/nissan-confirma-lancamento-do-novo-sentra-em-marco-no-brasil\\\/\",\"url\":\"https:\\\/\\\/dana.com.br\\\/canaldana\\\/2023\\\/01\\\/23\\\/nissan-confirma-lancamento-do-novo-sentra-em-marco-no-brasil\\\/\",\"name\":\"Nissan confirma lan\u00e7amento do novo Sentra em mar\u00e7o no Brasil - Canal Dana\",\"isPartOf\":{\"@id\":\"https:\\\/\\\/dana.com.br\\\/canaldana\\\/#website\"},\"datePublished\":\"2023-01-23T11:35:46+00:00\",\"author\":{\"@id\":\"https:\\\/\\\/dana.com.br\\\/canaldana\\\/#\\\/schema\\\/person\\\/3c21f22f56fcf3bc46b94bc60ea4fef6\"},\"breadcrumb\":{\"@id\":\"https:\\\/\\\/dana.com.br\\\/canaldana\\\/2023\\\/01\\\/23\\\/nissan-confirma-lancamento-do-novo-sentra-em-marco-no-brasil\\\/#breadcrumb\"},\"inLanguage\":\"pt-BR\",\"potentialAction\":[{\"@type\":\"ReadAction\",\"target\":[\"https:\\\/\\\/dana.com.br\\\/canaldana\\\/2023\\\/01\\\/23\\\/nissan-confirma-lancamento-do-novo-sentra-em-marco-no-brasil\\\/\"]}]},{\"@type\":\"BreadcrumbList\",\"@id\":\"https:\\\/\\\/dana.com.br\\\/canaldana\\\/2023\\\/01\\\/23\\\/nissan-confirma-lancamento-do-novo-sentra-em-marco-no-brasil\\\/#breadcrumb\",\"itemListElement\":[{\"@type\":\"ListItem\",\"position\":1,\"name\":\"Home\",\"item\":\"https:\\\/\\\/dana.com.br\\\/canaldana\\\/\"},{\"@type\":\"ListItem\",\"position\":2,\"name\":\"Mercado\",\"item\":\"https:\\\/\\\/dana.com.br\\\/canaldana\\\/mercado\\\/\"},{\"@type\":\"ListItem\",\"position\":3,\"name\":\"Nissan confirma lan\u00e7amento do novo Sentra em mar\u00e7o no Brasil\"}]},{\"@type\":\"WebSite\",\"@id\":\"https:\\\/\\\/dana.com.br\\\/canaldana\\\/#website\",\"url\":\"https:\\\/\\\/dana.com.br\\\/canaldana\\\/\",\"name\":\"Canal Dana\",\"description\":\"Informativo com as principais not\u00edcias da ind\u00fastria automotiva\",\"potentialAction\":[{\"@type\":\"SearchAction\",\"target\":{\"@type\":\"EntryPoint\",\"urlTemplate\":\"https:\\\/\\\/dana.com.br\\\/canaldana\\\/?s={search_term_string}\"},\"query-input\":{\"@type\":\"PropertyValueSpecification\",\"valueRequired\":true,\"valueName\":\"search_term_string\"}}],\"inLanguage\":\"pt-BR\"},{\"@type\":\"Person\",\"@id\":\"https:\\\/\\\/dana.com.br\\\/canaldana\\\/#\\\/schema\\\/person\\\/3c21f22f56fcf3bc46b94bc60ea4fef6\",\"name\":\"Canal Dana\",\"image\":{\"@type\":\"ImageObject\",\"inLanguage\":\"pt-BR\",\"@id\":\"https:\\\/\\\/secure.gravatar.com\\\/avatar\\\/420aaf9278582877d9018637c6817617705899d2858d7572ef0fe59a6b6454b4?s=96&d=mm&r=g\",\"url\":\"https:\\\/\\\/secure.gravatar.com\\\/avatar\\\/420aaf9278582877d9018637c6817617705899d2858d7572ef0fe59a6b6454b4?s=96&d=mm&r=g\",\"contentUrl\":\"https:\\\/\\\/secure.gravatar.com\\\/avatar\\\/420aaf9278582877d9018637c6817617705899d2858d7572ef0fe59a6b6454b4?s=96&d=mm&r=g\",\"caption\":\"Canal Dana\"},\"url\":\"https:\\\/\\\/dana.com.br\\\/canaldana\\\/author\\\/cdeditor\\\/\"}]}<\/script>\n<!-- \/ Yoast SEO plugin. -->","yoast_head_json":{"title":"Nissan confirma lan\u00e7amento do novo Sentra em mar\u00e7o no Brasil - Canal Dana","robots":{"index":"index","follow":"follow","max-snippet":"max-snippet:-1","max-image-preview":"max-image-preview:large","max-video-preview":"max-video-preview:-1"},"canonical":"https:\/\/dana.com.br\/canaldana\/2023\/01\/23\/nissan-confirma-lancamento-do-novo-sentra-em-marco-no-brasil\/","og_locale":"pt_BR","og_type":"article","og_title":"Nissan confirma lan\u00e7amento do novo Sentra em mar\u00e7o no Brasil - Canal Dana","og_description":"Jornal do Carro\u00a0 &nbsp; Ap\u00f3s um hiato de dois anos, o Nissan Sentra voltar\u00e1 ao Brasil. A estreia foi confirmada pela marca para o m\u00eas de mar\u00e7o. O sed\u00e3 m\u00e9dio, que j\u00e1 roda em testes no Pa\u00eds desde o fim de 2022, vem concorrer com modelos como, por exemplo, Toyota Corolla e Chevrolet Cruze. Para\u2026 Leia mais \u00bb","og_url":"https:\/\/dana.com.br\/canaldana\/2023\/01\/23\/nissan-confirma-lancamento-do-novo-sentra-em-marco-no-brasil\/","og_site_name":"Canal Dana","article_published_time":"2023-01-23T11:35:46+00:00","author":"Canal Dana","twitter_card":"summary_large_image","twitter_misc":{"Escrito por":"Canal Dana","Est. tempo de leitura":"3 minutos"},"schema":{"@context":"https:\/\/schema.org","@graph":[{"@type":"Article","@id":"https:\/\/dana.com.br\/canaldana\/2023\/01\/23\/nissan-confirma-lancamento-do-novo-sentra-em-marco-no-brasil\/#article","isPartOf":{"@id":"https:\/\/dana.com.br\/canaldana\/2023\/01\/23\/nissan-confirma-lancamento-do-novo-sentra-em-marco-no-brasil\/"},"author":{"name":"Canal Dana","@id":"https:\/\/dana.com.br\/canaldana\/#\/schema\/person\/3c21f22f56fcf3bc46b94bc60ea4fef6"},"headline":"Nissan confirma lan\u00e7amento do novo Sentra em mar\u00e7o no Brasil","datePublished":"2023-01-23T11:35:46+00:00","mainEntityOfPage":{"@id":"https:\/\/dana.com.br\/canaldana\/2023\/01\/23\/nissan-confirma-lancamento-do-novo-sentra-em-marco-no-brasil\/"},"wordCount":497,"articleSection":["Mercado"],"inLanguage":"pt-BR"},{"@type":"WebPage","@id":"https:\/\/dana.com.br\/canaldana\/2023\/01\/23\/nissan-confirma-lancamento-do-novo-sentra-em-marco-no-brasil\/","url":"https:\/\/dana.com.br\/canaldana\/2023\/01\/23\/nissan-confirma-lancamento-do-novo-sentra-em-marco-no-brasil\/","name":"Nissan confirma lan\u00e7amento do novo Sentra em mar\u00e7o no Brasil - Canal Dana","isPartOf":{"@id":"https:\/\/dana.com.br\/canaldana\/#website"},"datePublished":"2023-01-23T11:35:46+00:00","author":{"@id":"https:\/\/dana.com.br\/canaldana\/#\/schema\/person\/3c21f22f56fcf3bc46b94bc60ea4fef6"},"breadcrumb":{"@id":"https:\/\/dana.com.br\/canaldana\/2023\/01\/23\/nissan-confirma-lancamento-do-novo-sentra-em-marco-no-brasil\/#breadcrumb"},"inLanguage":"pt-BR","potentialAction":[{"@type":"ReadAction","target":["https:\/\/dana.com.br\/canaldana\/2023\/01\/23\/nissan-confirma-lancamento-do-novo-sentra-em-marco-no-brasil\/"]}]},{"@type":"BreadcrumbList","@id":"https:\/\/dana.com.br\/canaldana\/2023\/01\/23\/nissan-confirma-lancamento-do-novo-sentra-em-marco-no-brasil\/#breadcrumb","itemListElement":[{"@type":"ListItem","position":1,"name":"Home","item":"https:\/\/dana.com.br\/canaldana\/"},{"@type":"ListItem","position":2,"name":"Mercado","item":"https:\/\/dana.com.br\/canaldana\/mercado\/"},{"@type":"ListItem","position":3,"name":"Nissan confirma lan\u00e7amento do novo Sentra em mar\u00e7o no Brasil"}]},{"@type":"WebSite","@id":"https:\/\/dana.com.br\/canaldana\/#website","url":"https:\/\/dana.com.br\/canaldana\/","name":"Canal Dana","description":"Informativo com as principais not\u00edcias da ind\u00fastria automotiva","potentialAction":[{"@type":"SearchAction","target":{"@type":"EntryPoint","urlTemplate":"https:\/\/dana.com.br\/canaldana\/?s={search_term_string}"},"query-input":{"@type":"PropertyValueSpecification","valueRequired":true,"valueName":"search_term_string"}}],"inLanguage":"pt-BR"},{"@type":"Person","@id":"https:\/\/dana.com.br\/canaldana\/#\/schema\/person\/3c21f22f56fcf3bc46b94bc60ea4fef6","name":"Canal Dana","image":{"@type":"ImageObject","inLanguage":"pt-BR","@id":"https:\/\/secure.gravatar.com\/avatar\/420aaf9278582877d9018637c6817617705899d2858d7572ef0fe59a6b6454b4?s=96&d=mm&r=g","url":"https:\/\/secure.gravatar.com\/avatar\/420aaf9278582877d9018637c6817617705899d2858d7572ef0fe59a6b6454b4?s=96&d=mm&r=g","contentUrl":"https:\/\/secure.gravatar.com\/avatar\/420aaf9278582877d9018637c6817617705899d2858d7572ef0fe59a6b6454b4?s=96&d=mm&r=g","caption":"Canal Dana"},"url":"https:\/\/dana.com.br\/canaldana\/author\/cdeditor\/"}]}},"_links":{"self":[{"href":"https:\/\/dana.com.br\/canaldana\/wp-json\/wp\/v2\/posts\/63329","targetHints":{"allow":["GET"]}}],"collection":[{"href":"https:\/\/dana.com.br\/canaldana\/wp-json\/wp\/v2\/posts"}],"about":[{"href":"https:\/\/dana.com.br\/canaldana\/wp-json\/wp\/v2\/types\/post"}],"author":[{"embeddable":true,"href":"https:\/\/dana.com.br\/canaldana\/wp-json\/wp\/v2\/users\/3"}],"replies":[{"embeddable":true,"href":"https:\/\/dana.com.br\/canaldana\/wp-json\/wp\/v2\/comments?post=63329"}],"version-history":[{"count":0,"href":"https:\/\/dana.com.br\/canaldana\/wp-json\/wp\/v2\/posts\/63329\/revisions"}],"wp:attachment":[{"href":"https:\/\/dana.com.br\/canaldana\/wp-json\/wp\/v2\/media?parent=63329"}],"wp:term":[{"taxonomy":"category","embeddable":true,"href":"https:\/\/dana.com.br\/canaldana\/wp-json\/wp\/v2\/categories?post=63329"},{"taxonomy":"post_tag","embeddable":true,"href":"https:\/\/dana.com.br\/canaldana\/wp-json\/wp\/v2\/tags?post=63329"}],"curies":[{"name":"wp","href":"https:\/\/api.w.org\/{rel}","templated":true}]}}