{"id":63323,"date":"2023-01-23T08:33:00","date_gmt":"2023-01-23T11:33:00","guid":{"rendered":"https:\/\/dana.com.br\/canaldana\/?p=63323"},"modified":"2023-01-23T08:33:00","modified_gmt":"2023-01-23T11:33:00","slug":"ford-lancara-em-breve-suv-eletrico-inedito-feito-parceria-com-a-vw","status":"publish","type":"post","link":"https:\/\/dana.com.br\/canaldana\/2023\/01\/23\/ford-lancara-em-breve-suv-eletrico-inedito-feito-parceria-com-a-vw\/","title":{"rendered":"Ford lan\u00e7ar\u00e1 em breve SUV el\u00e9trico in\u00e9dito feito parceria com a VW"},"content":{"rendered":"<p><em>Jornal do Carro<\/em><\/p>\n<p>&nbsp;<\/p>\n<p>Ap\u00f3s alguns meses de espera, a Ford vai apresentar o seu primeiro SUV el\u00e9trico feito em parceria com a Volkswagen. De acordo com o site alem\u00e3o Automobilwoche, a revela\u00e7\u00e3o ser\u00e1 em mar\u00e7o. At\u00e9 o momento, n\u00e3o h\u00e1 muitas informa\u00e7\u00f5es sobre o utilit\u00e1rio. Entretanto, \u00e9 certo que ser\u00e1 um crossover m\u00e9dio feito sobre a plataforma MEB, da fam\u00edlia ID da VW.<\/p>\n<p>&nbsp;<\/p>\n<p>Para quem n\u00e3o se lembra, no come\u00e7o de 2022 as duas montadoras firmaram acordo para produ\u00e7\u00e3o em conjunto de ve\u00edculos comerciais e sistemas de condu\u00e7\u00e3o aut\u00f4noma. Inclusive, um fruto da parceria \u00e9 a nova VW Amarok 2023, feita sobre a mesma base da nova Ranger. Dessa forma, com foco no mercado Europeu, a Ford pretende aumentar o volume de produ\u00e7\u00e3o para 1,2 milh\u00f5es de unidades em um prazo de seis anos.<\/p>\n<p>&nbsp;<\/p>\n<p><strong>Motor do VW ID.4<\/strong><\/p>\n<p>&nbsp;<\/p>\n<p>Ainda n\u00e3o h\u00e1 nenhum detalhe sobre visual ou equipamentos. Mas, recentemente, o l\u00edder da divis\u00e3o Ford E, Martin Sander, mostrou um pequeno spoiler (acima) do modelo nas redes sociais. Na imagem, aparece uma parte do para-choque, bem como um peda\u00e7o do farol.\u00a0 Para o crossover esportivo, o visual parece mais parrudo, com far\u00f3is arredondados.\u00a0 Al\u00e9m disso, nas imagens de divulga\u00e7\u00e3o, \u00e9 poss\u00edvel ver a silhueta do crossover com far\u00f3is em formato de &#8216;L&#8217; invertido.<\/p>\n<p>&nbsp;<\/p>\n<p>Seja como for, \u00e9 bem prov\u00e1vel que o utilit\u00e1rio m\u00e9dio tenha uma motoriza\u00e7\u00e3o similar ao conjunto usado pelo SUV ID.4 da Volks, com pot\u00eancias entre 146 cv e 201 cv. Seja como for, \u00e9 certo que ele ter\u00e1 em m\u00e9dia 500 km de autonomia gra\u00e7as a plataforma MEB, que permite baterias de at\u00e9 77 kWh.<\/p>\n<p>&nbsp;<\/p>\n<p><strong>SUV esportivo vem em seguida<\/strong><\/p>\n<p>&nbsp;<\/p>\n<p>Outro modelo que tamb\u00e9m est\u00e1 na mira \u00e9 um crossover com pegada esportiva. Este pode se aproximar mais do ID.5, que entrega 299 cv de pot\u00eancia. De acordo com as especula\u00e7\u00f5es, o design ter\u00e1 a linguagem visual da Ford. A autonomia pode ser de at\u00e9 500 km. Diferente do crossover m\u00e9dio, que tem previs\u00e3o de vendas j\u00e1 em 2023, o SUV esportivo deve ficar apenas para 2024.<\/p>\n<p>&nbsp;<\/p>\n<p>Vale lembrar, al\u00e9m dos dois SUVs, a marca vai revelar mais 5 modelos 100% el\u00e9tricos. Um deles, inclusive, ser\u00e1 o Puma, que passar\u00e1 por uma reestiliza\u00e7\u00e3o. Assim, os tr\u00eas se juntar\u00e3o ao Mustang Mach-E. J\u00e1 no lado dos comerciais, que tamb\u00e9m ter\u00e1 participa\u00e7\u00e3o da VW, a Ford confirmou as novas gera\u00e7\u00f5es do Transit\/Tourneo Curier e Transit\/Tourneo Custom, que v\u00e3o se unir ao E-Transit. Todos ter\u00e3o produ\u00e7\u00e3o na f\u00e1brica de Col\u00f4nia, na Alemanha. (Jornal do Carro\/Jady Peroni)<\/p>\n","protected":false},"excerpt":{"rendered":"<p>Jornal do Carro &nbsp; Ap\u00f3s alguns meses de espera, a Ford vai apresentar o seu primeiro SUV el\u00e9trico feito em parceria com a Volkswagen. De acordo com o site alem\u00e3o Automobilwoche, a revela\u00e7\u00e3o ser\u00e1 em mar\u00e7o. At\u00e9 o momento, n\u00e3o h\u00e1 muitas informa\u00e7\u00f5es sobre o utilit\u00e1rio. Entretanto, \u00e9 certo que ser\u00e1 um crossover m\u00e9dio feito\u2026 <a class=\"readmore\" href=\"https:\/\/dana.com.br\/canaldana\/2023\/01\/23\/ford-lancara-em-breve-suv-eletrico-inedito-feito-parceria-com-a-vw\/\">Leia mais \u00bb<\/a><\/p>\n","protected":false},"author":3,"featured_media":0,"comment_status":"closed","ping_status":"closed","sticky":false,"template":"","format":"standard","meta":{"_acf_changed":false,"footnotes":""},"categories":[110],"tags":[],"class_list":["post-63323","post","type-post","status-publish","format-standard","hentry","category-eletricos"],"acf":[],"yoast_head":"<!-- This site is optimized with the Yoast SEO plugin v27.3 - https:\/\/yoast.com\/product\/yoast-seo-wordpress\/ -->\n<title>Ford lan\u00e7ar\u00e1 em breve SUV el\u00e9trico in\u00e9dito feito parceria com a VW - Canal Dana<\/title>\n<meta name=\"robots\" content=\"index, follow, max-snippet:-1, max-image-preview:large, max-video-preview:-1\" \/>\n<link rel=\"canonical\" href=\"https:\/\/dana.com.br\/canaldana\/2023\/01\/23\/ford-lancara-em-breve-suv-eletrico-inedito-feito-parceria-com-a-vw\/\" \/>\n<meta property=\"og:locale\" content=\"pt_BR\" \/>\n<meta property=\"og:type\" content=\"article\" \/>\n<meta property=\"og:title\" content=\"Ford lan\u00e7ar\u00e1 em breve SUV el\u00e9trico in\u00e9dito feito parceria com a VW - Canal Dana\" \/>\n<meta property=\"og:description\" content=\"Jornal do Carro &nbsp; Ap\u00f3s alguns meses de espera, a Ford vai apresentar o seu primeiro SUV el\u00e9trico feito em parceria com a Volkswagen. De acordo com o site alem\u00e3o Automobilwoche, a revela\u00e7\u00e3o ser\u00e1 em mar\u00e7o. At\u00e9 o momento, n\u00e3o h\u00e1 muitas informa\u00e7\u00f5es sobre o utilit\u00e1rio. Entretanto, \u00e9 certo que ser\u00e1 um crossover m\u00e9dio feito\u2026 Leia mais \u00bb\" \/>\n<meta property=\"og:url\" content=\"https:\/\/dana.com.br\/canaldana\/2023\/01\/23\/ford-lancara-em-breve-suv-eletrico-inedito-feito-parceria-com-a-vw\/\" \/>\n<meta property=\"og:site_name\" content=\"Canal Dana\" \/>\n<meta property=\"article:published_time\" content=\"2023-01-23T11:33:00+00:00\" \/>\n<meta name=\"author\" content=\"Canal Dana\" \/>\n<meta name=\"twitter:card\" content=\"summary_large_image\" \/>\n<meta name=\"twitter:label1\" content=\"Escrito por\" \/>\n\t<meta name=\"twitter:data1\" content=\"Canal Dana\" \/>\n\t<meta name=\"twitter:label2\" content=\"Est. tempo de leitura\" \/>\n\t<meta name=\"twitter:data2\" content=\"3 minutos\" \/>\n<script type=\"application\/ld+json\" class=\"yoast-schema-graph\">{\"@context\":\"https:\\\/\\\/schema.org\",\"@graph\":[{\"@type\":\"Article\",\"@id\":\"https:\\\/\\\/dana.com.br\\\/canaldana\\\/2023\\\/01\\\/23\\\/ford-lancara-em-breve-suv-eletrico-inedito-feito-parceria-com-a-vw\\\/#article\",\"isPartOf\":{\"@id\":\"https:\\\/\\\/dana.com.br\\\/canaldana\\\/2023\\\/01\\\/23\\\/ford-lancara-em-breve-suv-eletrico-inedito-feito-parceria-com-a-vw\\\/\"},\"author\":{\"name\":\"Canal Dana\",\"@id\":\"https:\\\/\\\/dana.com.br\\\/canaldana\\\/#\\\/schema\\\/person\\\/3c21f22f56fcf3bc46b94bc60ea4fef6\"},\"headline\":\"Ford lan\u00e7ar\u00e1 em breve SUV el\u00e9trico in\u00e9dito feito parceria com a VW\",\"datePublished\":\"2023-01-23T11:33:00+00:00\",\"mainEntityOfPage\":{\"@id\":\"https:\\\/\\\/dana.com.br\\\/canaldana\\\/2023\\\/01\\\/23\\\/ford-lancara-em-breve-suv-eletrico-inedito-feito-parceria-com-a-vw\\\/\"},\"wordCount\":474,\"articleSection\":[\"El\u00e9tricos\"],\"inLanguage\":\"pt-BR\"},{\"@type\":\"WebPage\",\"@id\":\"https:\\\/\\\/dana.com.br\\\/canaldana\\\/2023\\\/01\\\/23\\\/ford-lancara-em-breve-suv-eletrico-inedito-feito-parceria-com-a-vw\\\/\",\"url\":\"https:\\\/\\\/dana.com.br\\\/canaldana\\\/2023\\\/01\\\/23\\\/ford-lancara-em-breve-suv-eletrico-inedito-feito-parceria-com-a-vw\\\/\",\"name\":\"Ford lan\u00e7ar\u00e1 em breve SUV el\u00e9trico in\u00e9dito feito parceria com a VW - Canal Dana\",\"isPartOf\":{\"@id\":\"https:\\\/\\\/dana.com.br\\\/canaldana\\\/#website\"},\"datePublished\":\"2023-01-23T11:33:00+00:00\",\"author\":{\"@id\":\"https:\\\/\\\/dana.com.br\\\/canaldana\\\/#\\\/schema\\\/person\\\/3c21f22f56fcf3bc46b94bc60ea4fef6\"},\"breadcrumb\":{\"@id\":\"https:\\\/\\\/dana.com.br\\\/canaldana\\\/2023\\\/01\\\/23\\\/ford-lancara-em-breve-suv-eletrico-inedito-feito-parceria-com-a-vw\\\/#breadcrumb\"},\"inLanguage\":\"pt-BR\",\"potentialAction\":[{\"@type\":\"ReadAction\",\"target\":[\"https:\\\/\\\/dana.com.br\\\/canaldana\\\/2023\\\/01\\\/23\\\/ford-lancara-em-breve-suv-eletrico-inedito-feito-parceria-com-a-vw\\\/\"]}]},{\"@type\":\"BreadcrumbList\",\"@id\":\"https:\\\/\\\/dana.com.br\\\/canaldana\\\/2023\\\/01\\\/23\\\/ford-lancara-em-breve-suv-eletrico-inedito-feito-parceria-com-a-vw\\\/#breadcrumb\",\"itemListElement\":[{\"@type\":\"ListItem\",\"position\":1,\"name\":\"Home\",\"item\":\"https:\\\/\\\/dana.com.br\\\/canaldana\\\/\"},{\"@type\":\"ListItem\",\"position\":2,\"name\":\"El\u00e9tricos\",\"item\":\"https:\\\/\\\/dana.com.br\\\/canaldana\\\/eletricos\\\/\"},{\"@type\":\"ListItem\",\"position\":3,\"name\":\"Ford lan\u00e7ar\u00e1 em breve SUV el\u00e9trico in\u00e9dito feito parceria com a VW\"}]},{\"@type\":\"WebSite\",\"@id\":\"https:\\\/\\\/dana.com.br\\\/canaldana\\\/#website\",\"url\":\"https:\\\/\\\/dana.com.br\\\/canaldana\\\/\",\"name\":\"Canal Dana\",\"description\":\"Informativo com as principais not\u00edcias da ind\u00fastria automotiva\",\"potentialAction\":[{\"@type\":\"SearchAction\",\"target\":{\"@type\":\"EntryPoint\",\"urlTemplate\":\"https:\\\/\\\/dana.com.br\\\/canaldana\\\/?s={search_term_string}\"},\"query-input\":{\"@type\":\"PropertyValueSpecification\",\"valueRequired\":true,\"valueName\":\"search_term_string\"}}],\"inLanguage\":\"pt-BR\"},{\"@type\":\"Person\",\"@id\":\"https:\\\/\\\/dana.com.br\\\/canaldana\\\/#\\\/schema\\\/person\\\/3c21f22f56fcf3bc46b94bc60ea4fef6\",\"name\":\"Canal Dana\",\"image\":{\"@type\":\"ImageObject\",\"inLanguage\":\"pt-BR\",\"@id\":\"https:\\\/\\\/secure.gravatar.com\\\/avatar\\\/420aaf9278582877d9018637c6817617705899d2858d7572ef0fe59a6b6454b4?s=96&d=mm&r=g\",\"url\":\"https:\\\/\\\/secure.gravatar.com\\\/avatar\\\/420aaf9278582877d9018637c6817617705899d2858d7572ef0fe59a6b6454b4?s=96&d=mm&r=g\",\"contentUrl\":\"https:\\\/\\\/secure.gravatar.com\\\/avatar\\\/420aaf9278582877d9018637c6817617705899d2858d7572ef0fe59a6b6454b4?s=96&d=mm&r=g\",\"caption\":\"Canal Dana\"},\"url\":\"https:\\\/\\\/dana.com.br\\\/canaldana\\\/author\\\/cdeditor\\\/\"}]}<\/script>\n<!-- \/ Yoast SEO plugin. -->","yoast_head_json":{"title":"Ford lan\u00e7ar\u00e1 em breve SUV el\u00e9trico in\u00e9dito feito parceria com a VW - Canal Dana","robots":{"index":"index","follow":"follow","max-snippet":"max-snippet:-1","max-image-preview":"max-image-preview:large","max-video-preview":"max-video-preview:-1"},"canonical":"https:\/\/dana.com.br\/canaldana\/2023\/01\/23\/ford-lancara-em-breve-suv-eletrico-inedito-feito-parceria-com-a-vw\/","og_locale":"pt_BR","og_type":"article","og_title":"Ford lan\u00e7ar\u00e1 em breve SUV el\u00e9trico in\u00e9dito feito parceria com a VW - Canal Dana","og_description":"Jornal do Carro &nbsp; Ap\u00f3s alguns meses de espera, a Ford vai apresentar o seu primeiro SUV el\u00e9trico feito em parceria com a Volkswagen. De acordo com o site alem\u00e3o Automobilwoche, a revela\u00e7\u00e3o ser\u00e1 em mar\u00e7o. At\u00e9 o momento, n\u00e3o h\u00e1 muitas informa\u00e7\u00f5es sobre o utilit\u00e1rio. Entretanto, \u00e9 certo que ser\u00e1 um crossover m\u00e9dio feito\u2026 Leia mais \u00bb","og_url":"https:\/\/dana.com.br\/canaldana\/2023\/01\/23\/ford-lancara-em-breve-suv-eletrico-inedito-feito-parceria-com-a-vw\/","og_site_name":"Canal Dana","article_published_time":"2023-01-23T11:33:00+00:00","author":"Canal Dana","twitter_card":"summary_large_image","twitter_misc":{"Escrito por":"Canal Dana","Est. tempo de leitura":"3 minutos"},"schema":{"@context":"https:\/\/schema.org","@graph":[{"@type":"Article","@id":"https:\/\/dana.com.br\/canaldana\/2023\/01\/23\/ford-lancara-em-breve-suv-eletrico-inedito-feito-parceria-com-a-vw\/#article","isPartOf":{"@id":"https:\/\/dana.com.br\/canaldana\/2023\/01\/23\/ford-lancara-em-breve-suv-eletrico-inedito-feito-parceria-com-a-vw\/"},"author":{"name":"Canal Dana","@id":"https:\/\/dana.com.br\/canaldana\/#\/schema\/person\/3c21f22f56fcf3bc46b94bc60ea4fef6"},"headline":"Ford lan\u00e7ar\u00e1 em breve SUV el\u00e9trico in\u00e9dito feito parceria com a VW","datePublished":"2023-01-23T11:33:00+00:00","mainEntityOfPage":{"@id":"https:\/\/dana.com.br\/canaldana\/2023\/01\/23\/ford-lancara-em-breve-suv-eletrico-inedito-feito-parceria-com-a-vw\/"},"wordCount":474,"articleSection":["El\u00e9tricos"],"inLanguage":"pt-BR"},{"@type":"WebPage","@id":"https:\/\/dana.com.br\/canaldana\/2023\/01\/23\/ford-lancara-em-breve-suv-eletrico-inedito-feito-parceria-com-a-vw\/","url":"https:\/\/dana.com.br\/canaldana\/2023\/01\/23\/ford-lancara-em-breve-suv-eletrico-inedito-feito-parceria-com-a-vw\/","name":"Ford lan\u00e7ar\u00e1 em breve SUV el\u00e9trico in\u00e9dito feito parceria com a VW - Canal Dana","isPartOf":{"@id":"https:\/\/dana.com.br\/canaldana\/#website"},"datePublished":"2023-01-23T11:33:00+00:00","author":{"@id":"https:\/\/dana.com.br\/canaldana\/#\/schema\/person\/3c21f22f56fcf3bc46b94bc60ea4fef6"},"breadcrumb":{"@id":"https:\/\/dana.com.br\/canaldana\/2023\/01\/23\/ford-lancara-em-breve-suv-eletrico-inedito-feito-parceria-com-a-vw\/#breadcrumb"},"inLanguage":"pt-BR","potentialAction":[{"@type":"ReadAction","target":["https:\/\/dana.com.br\/canaldana\/2023\/01\/23\/ford-lancara-em-breve-suv-eletrico-inedito-feito-parceria-com-a-vw\/"]}]},{"@type":"BreadcrumbList","@id":"https:\/\/dana.com.br\/canaldana\/2023\/01\/23\/ford-lancara-em-breve-suv-eletrico-inedito-feito-parceria-com-a-vw\/#breadcrumb","itemListElement":[{"@type":"ListItem","position":1,"name":"Home","item":"https:\/\/dana.com.br\/canaldana\/"},{"@type":"ListItem","position":2,"name":"El\u00e9tricos","item":"https:\/\/dana.com.br\/canaldana\/eletricos\/"},{"@type":"ListItem","position":3,"name":"Ford lan\u00e7ar\u00e1 em breve SUV el\u00e9trico in\u00e9dito feito parceria com a VW"}]},{"@type":"WebSite","@id":"https:\/\/dana.com.br\/canaldana\/#website","url":"https:\/\/dana.com.br\/canaldana\/","name":"Canal Dana","description":"Informativo com as principais not\u00edcias da ind\u00fastria automotiva","potentialAction":[{"@type":"SearchAction","target":{"@type":"EntryPoint","urlTemplate":"https:\/\/dana.com.br\/canaldana\/?s={search_term_string}"},"query-input":{"@type":"PropertyValueSpecification","valueRequired":true,"valueName":"search_term_string"}}],"inLanguage":"pt-BR"},{"@type":"Person","@id":"https:\/\/dana.com.br\/canaldana\/#\/schema\/person\/3c21f22f56fcf3bc46b94bc60ea4fef6","name":"Canal Dana","image":{"@type":"ImageObject","inLanguage":"pt-BR","@id":"https:\/\/secure.gravatar.com\/avatar\/420aaf9278582877d9018637c6817617705899d2858d7572ef0fe59a6b6454b4?s=96&d=mm&r=g","url":"https:\/\/secure.gravatar.com\/avatar\/420aaf9278582877d9018637c6817617705899d2858d7572ef0fe59a6b6454b4?s=96&d=mm&r=g","contentUrl":"https:\/\/secure.gravatar.com\/avatar\/420aaf9278582877d9018637c6817617705899d2858d7572ef0fe59a6b6454b4?s=96&d=mm&r=g","caption":"Canal Dana"},"url":"https:\/\/dana.com.br\/canaldana\/author\/cdeditor\/"}]}},"_links":{"self":[{"href":"https:\/\/dana.com.br\/canaldana\/wp-json\/wp\/v2\/posts\/63323","targetHints":{"allow":["GET"]}}],"collection":[{"href":"https:\/\/dana.com.br\/canaldana\/wp-json\/wp\/v2\/posts"}],"about":[{"href":"https:\/\/dana.com.br\/canaldana\/wp-json\/wp\/v2\/types\/post"}],"author":[{"embeddable":true,"href":"https:\/\/dana.com.br\/canaldana\/wp-json\/wp\/v2\/users\/3"}],"replies":[{"embeddable":true,"href":"https:\/\/dana.com.br\/canaldana\/wp-json\/wp\/v2\/comments?post=63323"}],"version-history":[{"count":0,"href":"https:\/\/dana.com.br\/canaldana\/wp-json\/wp\/v2\/posts\/63323\/revisions"}],"wp:attachment":[{"href":"https:\/\/dana.com.br\/canaldana\/wp-json\/wp\/v2\/media?parent=63323"}],"wp:term":[{"taxonomy":"category","embeddable":true,"href":"https:\/\/dana.com.br\/canaldana\/wp-json\/wp\/v2\/categories?post=63323"},{"taxonomy":"post_tag","embeddable":true,"href":"https:\/\/dana.com.br\/canaldana\/wp-json\/wp\/v2\/tags?post=63323"}],"curies":[{"name":"wp","href":"https:\/\/api.w.org\/{rel}","templated":true}]}}