{"id":63321,"date":"2023-01-23T08:32:21","date_gmt":"2023-01-23T11:32:21","guid":{"rendered":"https:\/\/dana.com.br\/canaldana\/?p=63321"},"modified":"2023-01-23T08:32:21","modified_gmt":"2023-01-23T11:32:21","slug":"a-estrada-dos-veiculos-eletrificados-no-brasil","status":"publish","type":"post","link":"https:\/\/dana.com.br\/canaldana\/2023\/01\/23\/a-estrada-dos-veiculos-eletrificados-no-brasil\/","title":{"rendered":"A estrada dos ve\u00edculos eletrificados no Brasil"},"content":{"rendered":"<p><em>Coisas de Agora<\/em><\/p>\n<p>&nbsp;<\/p>\n<p>O Brasil \u00e9 um pa\u00eds continental com diversas situa\u00e7\u00f5es acontecendo ao mesmo tempo. E n\u00e3o seria diferente quando abordamos os ve\u00edculos eletrificados por aqui. Enquanto no mundo todo a eletrifica\u00e7\u00e3o bate na porta, por aqui as previs\u00f5es de futuro v\u00e3o se tornando realidade, mas n\u00e3o ser\u00e1 da noite para o dia.<\/p>\n<p>&nbsp;<\/p>\n<p>Essa semana estou avaliando o Peugeot e2008, ve\u00edculo totalmente el\u00e9trico que chamaria de el\u00e9trico de entrada, tem um visual muito bonito, bom acabamento interno, mas \u00e9 comportado na din\u00e2mica el\u00e9trica, o que ainda assim entrega uma boa performance e se destaca nas ruas pelo silencio no tr\u00e2nsito.<\/p>\n<p>&nbsp;<\/p>\n<p>E a principal d\u00favida das pessoas que me encontram na rua com um el\u00e9trico \u00e9 saber como farei para carregar a bateria, visto que a autonomia do modelo no ciclo WLTP \u00e9 de aproximadamente 345 quil\u00f4metros.<\/p>\n<p>&nbsp;<\/p>\n<p>Talvez esse seja o principal entrave do el\u00e9trico em grande parte do Brasil, depois do pre\u00e7o de aquisi\u00e7\u00e3o, relativamente caro quando comparado com os motores de combust\u00e3o interna, mas que precisam ganhar escala de produ\u00e7\u00e3o para se tornarem competitivos.<\/p>\n<p>&nbsp;<\/p>\n<p>Para voc\u00ea que ainda insiste em falar que o futuro ser\u00e1 dos ve\u00edculos el\u00e9tricos observe ao seu redor: temos mais de 100 modelos com algum tipo de eletrifica\u00e7\u00e3o (100% el\u00e9tricos ou h\u00edbridos) atualmente no mercado brasileiro. Esse n\u00famero j\u00e1 aproxima nosso mercado do europeu, que oferece entre 150 e 200 modelos de ve\u00edculos el\u00e9tricos. Talvez o futuro j\u00e1 tenha chegado no presente, n\u00e3o?<\/p>\n<p>&nbsp;<\/p>\n<p>Um dado ainda mais interessante: em 2022 os carros eletrificados venderam mais do que os exclusivamente a gasolina no Brasil pela 1\u00aa vez na hist\u00f3ria. De acordo com a Anfavea os carros el\u00e9tricos ou h\u00edbridos registraram 49.245 vendas em 2022, enquanto os com combust\u00e3o interna, movidos somente a gasolina (os que n\u00e3o s\u00e3o flex, portanto) emplacaram 48,8 mil novas unidades entre janeiro e dezembro.<\/p>\n<p>&nbsp;<\/p>\n<p>Para Adalberto Maluf, presidente da ABEV \u2013 Associa\u00e7\u00e3o Brasileira do Ve\u00edculo El\u00e9trico, o mercado brasileiro de eletromobilidade est\u00e1 muito mais diversificado, em condi\u00e7\u00f5es de atender a um n\u00famero cada vez maior de compradores, e essa tend\u00eancia vai ser ampliada nos pr\u00f3ximos meses.<\/p>\n<p>&nbsp;<\/p>\n<p>A estrada da eletrifica\u00e7\u00e3o para os ve\u00edculos no mercado brasileiro tem muitos desafios e no m\u00e9dio prazo a indica\u00e7\u00e3o \u00e9 a hibridiza\u00e7\u00e3o, ou seja, ve\u00edculos que combinam o motor de combust\u00e3o interna com algum tipo de eletrifica\u00e7\u00e3o, entregando boa performance din\u00e2mica, mas principalmente melhor efici\u00eancia energ\u00e9tica. Esse assunto est\u00e1 s\u00f3 come\u00e7ando por aqui.<\/p>\n<p>&nbsp;<\/p>\n<p><strong>Carregando o ve\u00edculo el\u00e9trico<\/strong><\/p>\n<p>&nbsp;<\/p>\n<p>Por mais que muitas pessoas acreditem que basta apenas conectar o autom\u00f3vel na tomada, n\u00e3o \u00e9 apenas isso que os condom\u00ednios e empreendimentos residenciais precisam. Tem que observar a demanda do local e a capacidade do sistema el\u00e9trico. \u00c9 importante estudar como estabelecer regras para o uso coletivo dos carregadores, principalmente em pr\u00e9dios residenciais.<\/p>\n<p>&nbsp;<\/p>\n<p><strong>Moto Flex<\/strong><\/p>\n<p>&nbsp;<\/p>\n<p>A tecnologia bicombust\u00edvel para motocicletas foi desenvolvida especialmente para o mercado brasileiro e introduzida no pa\u00eds com a CG 150 Titan Mix. A Honda comemorou a produ\u00e7\u00e3o de 8 milh\u00f5es de motos flex em sua f\u00e1brica de Manaus (AM). O marco foi protagonizado por uma CG 160 Fan. A tecnologia que \u00e9 um diferencial brasileiro ser\u00e1 exportada para um dos maiores mercados do mundo, a \u00cdndia, a partir desse ano.<\/p>\n<p>&nbsp;<\/p>\n<p>Abra\u00e7os pernambucanos e nos encontramos por aqui todos os dias 10, 20 e 30 do m\u00eas corrente. (Coisas de Agora\/Tarcisio Dias, gerente de conte\u00fado do Mec\u00e2nica Online\u00ae \u00e9 respons\u00e1vel tamb\u00e9m pela \u00e1rea de cursos e CDs interativos)<\/p>\n","protected":false},"excerpt":{"rendered":"<p>Coisas de Agora &nbsp; O Brasil \u00e9 um pa\u00eds continental com diversas situa\u00e7\u00f5es acontecendo ao mesmo tempo. E n\u00e3o seria diferente quando abordamos os ve\u00edculos eletrificados por aqui. Enquanto no mundo todo a eletrifica\u00e7\u00e3o bate na porta, por aqui as previs\u00f5es de futuro v\u00e3o se tornando realidade, mas n\u00e3o ser\u00e1 da noite para o dia.\u2026 <a class=\"readmore\" href=\"https:\/\/dana.com.br\/canaldana\/2023\/01\/23\/a-estrada-dos-veiculos-eletrificados-no-brasil\/\">Leia mais \u00bb<\/a><\/p>\n","protected":false},"author":3,"featured_media":0,"comment_status":"closed","ping_status":"closed","sticky":false,"template":"","format":"standard","meta":{"_acf_changed":false,"footnotes":""},"categories":[100],"tags":[],"class_list":["post-63321","post","type-post","status-publish","format-standard","hentry","category-artigo"],"acf":[],"yoast_head":"<!-- This site is optimized with the Yoast SEO plugin v27.3 - https:\/\/yoast.com\/product\/yoast-seo-wordpress\/ -->\n<title>A estrada dos ve\u00edculos eletrificados no Brasil - Canal Dana<\/title>\n<meta name=\"robots\" content=\"index, follow, max-snippet:-1, max-image-preview:large, max-video-preview:-1\" \/>\n<link rel=\"canonical\" href=\"https:\/\/dana.com.br\/canaldana\/2023\/01\/23\/a-estrada-dos-veiculos-eletrificados-no-brasil\/\" \/>\n<meta property=\"og:locale\" content=\"pt_BR\" \/>\n<meta property=\"og:type\" content=\"article\" \/>\n<meta property=\"og:title\" content=\"A estrada dos ve\u00edculos eletrificados no Brasil - Canal Dana\" \/>\n<meta property=\"og:description\" content=\"Coisas de Agora &nbsp; O Brasil \u00e9 um pa\u00eds continental com diversas situa\u00e7\u00f5es acontecendo ao mesmo tempo. E n\u00e3o seria diferente quando abordamos os ve\u00edculos eletrificados por aqui. Enquanto no mundo todo a eletrifica\u00e7\u00e3o bate na porta, por aqui as previs\u00f5es de futuro v\u00e3o se tornando realidade, mas n\u00e3o ser\u00e1 da noite para o dia.\u2026 Leia mais \u00bb\" \/>\n<meta property=\"og:url\" content=\"https:\/\/dana.com.br\/canaldana\/2023\/01\/23\/a-estrada-dos-veiculos-eletrificados-no-brasil\/\" \/>\n<meta property=\"og:site_name\" content=\"Canal Dana\" \/>\n<meta property=\"article:published_time\" content=\"2023-01-23T11:32:21+00:00\" \/>\n<meta name=\"author\" content=\"Canal Dana\" \/>\n<meta name=\"twitter:card\" content=\"summary_large_image\" \/>\n<meta name=\"twitter:label1\" content=\"Escrito por\" \/>\n\t<meta name=\"twitter:data1\" content=\"Canal Dana\" \/>\n\t<meta name=\"twitter:label2\" content=\"Est. tempo de leitura\" \/>\n\t<meta name=\"twitter:data2\" content=\"3 minutos\" \/>\n<script type=\"application\/ld+json\" class=\"yoast-schema-graph\">{\"@context\":\"https:\\\/\\\/schema.org\",\"@graph\":[{\"@type\":\"Article\",\"@id\":\"https:\\\/\\\/dana.com.br\\\/canaldana\\\/2023\\\/01\\\/23\\\/a-estrada-dos-veiculos-eletrificados-no-brasil\\\/#article\",\"isPartOf\":{\"@id\":\"https:\\\/\\\/dana.com.br\\\/canaldana\\\/2023\\\/01\\\/23\\\/a-estrada-dos-veiculos-eletrificados-no-brasil\\\/\"},\"author\":{\"name\":\"Canal Dana\",\"@id\":\"https:\\\/\\\/dana.com.br\\\/canaldana\\\/#\\\/schema\\\/person\\\/3c21f22f56fcf3bc46b94bc60ea4fef6\"},\"headline\":\"A estrada dos ve\u00edculos eletrificados no Brasil\",\"datePublished\":\"2023-01-23T11:32:21+00:00\",\"mainEntityOfPage\":{\"@id\":\"https:\\\/\\\/dana.com.br\\\/canaldana\\\/2023\\\/01\\\/23\\\/a-estrada-dos-veiculos-eletrificados-no-brasil\\\/\"},\"wordCount\":635,\"articleSection\":[\"Artigo\"],\"inLanguage\":\"pt-BR\"},{\"@type\":\"WebPage\",\"@id\":\"https:\\\/\\\/dana.com.br\\\/canaldana\\\/2023\\\/01\\\/23\\\/a-estrada-dos-veiculos-eletrificados-no-brasil\\\/\",\"url\":\"https:\\\/\\\/dana.com.br\\\/canaldana\\\/2023\\\/01\\\/23\\\/a-estrada-dos-veiculos-eletrificados-no-brasil\\\/\",\"name\":\"A estrada dos ve\u00edculos eletrificados no Brasil - Canal Dana\",\"isPartOf\":{\"@id\":\"https:\\\/\\\/dana.com.br\\\/canaldana\\\/#website\"},\"datePublished\":\"2023-01-23T11:32:21+00:00\",\"author\":{\"@id\":\"https:\\\/\\\/dana.com.br\\\/canaldana\\\/#\\\/schema\\\/person\\\/3c21f22f56fcf3bc46b94bc60ea4fef6\"},\"breadcrumb\":{\"@id\":\"https:\\\/\\\/dana.com.br\\\/canaldana\\\/2023\\\/01\\\/23\\\/a-estrada-dos-veiculos-eletrificados-no-brasil\\\/#breadcrumb\"},\"inLanguage\":\"pt-BR\",\"potentialAction\":[{\"@type\":\"ReadAction\",\"target\":[\"https:\\\/\\\/dana.com.br\\\/canaldana\\\/2023\\\/01\\\/23\\\/a-estrada-dos-veiculos-eletrificados-no-brasil\\\/\"]}]},{\"@type\":\"BreadcrumbList\",\"@id\":\"https:\\\/\\\/dana.com.br\\\/canaldana\\\/2023\\\/01\\\/23\\\/a-estrada-dos-veiculos-eletrificados-no-brasil\\\/#breadcrumb\",\"itemListElement\":[{\"@type\":\"ListItem\",\"position\":1,\"name\":\"Home\",\"item\":\"https:\\\/\\\/dana.com.br\\\/canaldana\\\/\"},{\"@type\":\"ListItem\",\"position\":2,\"name\":\"Artigo\",\"item\":\"https:\\\/\\\/dana.com.br\\\/canaldana\\\/artigo\\\/\"},{\"@type\":\"ListItem\",\"position\":3,\"name\":\"A estrada dos ve\u00edculos eletrificados no Brasil\"}]},{\"@type\":\"WebSite\",\"@id\":\"https:\\\/\\\/dana.com.br\\\/canaldana\\\/#website\",\"url\":\"https:\\\/\\\/dana.com.br\\\/canaldana\\\/\",\"name\":\"Canal Dana\",\"description\":\"Informativo com as principais not\u00edcias da ind\u00fastria automotiva\",\"potentialAction\":[{\"@type\":\"SearchAction\",\"target\":{\"@type\":\"EntryPoint\",\"urlTemplate\":\"https:\\\/\\\/dana.com.br\\\/canaldana\\\/?s={search_term_string}\"},\"query-input\":{\"@type\":\"PropertyValueSpecification\",\"valueRequired\":true,\"valueName\":\"search_term_string\"}}],\"inLanguage\":\"pt-BR\"},{\"@type\":\"Person\",\"@id\":\"https:\\\/\\\/dana.com.br\\\/canaldana\\\/#\\\/schema\\\/person\\\/3c21f22f56fcf3bc46b94bc60ea4fef6\",\"name\":\"Canal Dana\",\"image\":{\"@type\":\"ImageObject\",\"inLanguage\":\"pt-BR\",\"@id\":\"https:\\\/\\\/secure.gravatar.com\\\/avatar\\\/420aaf9278582877d9018637c6817617705899d2858d7572ef0fe59a6b6454b4?s=96&d=mm&r=g\",\"url\":\"https:\\\/\\\/secure.gravatar.com\\\/avatar\\\/420aaf9278582877d9018637c6817617705899d2858d7572ef0fe59a6b6454b4?s=96&d=mm&r=g\",\"contentUrl\":\"https:\\\/\\\/secure.gravatar.com\\\/avatar\\\/420aaf9278582877d9018637c6817617705899d2858d7572ef0fe59a6b6454b4?s=96&d=mm&r=g\",\"caption\":\"Canal Dana\"},\"url\":\"https:\\\/\\\/dana.com.br\\\/canaldana\\\/author\\\/cdeditor\\\/\"}]}<\/script>\n<!-- \/ Yoast SEO plugin. -->","yoast_head_json":{"title":"A estrada dos ve\u00edculos eletrificados no Brasil - Canal Dana","robots":{"index":"index","follow":"follow","max-snippet":"max-snippet:-1","max-image-preview":"max-image-preview:large","max-video-preview":"max-video-preview:-1"},"canonical":"https:\/\/dana.com.br\/canaldana\/2023\/01\/23\/a-estrada-dos-veiculos-eletrificados-no-brasil\/","og_locale":"pt_BR","og_type":"article","og_title":"A estrada dos ve\u00edculos eletrificados no Brasil - Canal Dana","og_description":"Coisas de Agora &nbsp; O Brasil \u00e9 um pa\u00eds continental com diversas situa\u00e7\u00f5es acontecendo ao mesmo tempo. E n\u00e3o seria diferente quando abordamos os ve\u00edculos eletrificados por aqui. Enquanto no mundo todo a eletrifica\u00e7\u00e3o bate na porta, por aqui as previs\u00f5es de futuro v\u00e3o se tornando realidade, mas n\u00e3o ser\u00e1 da noite para o dia.\u2026 Leia mais \u00bb","og_url":"https:\/\/dana.com.br\/canaldana\/2023\/01\/23\/a-estrada-dos-veiculos-eletrificados-no-brasil\/","og_site_name":"Canal Dana","article_published_time":"2023-01-23T11:32:21+00:00","author":"Canal Dana","twitter_card":"summary_large_image","twitter_misc":{"Escrito por":"Canal Dana","Est. tempo de leitura":"3 minutos"},"schema":{"@context":"https:\/\/schema.org","@graph":[{"@type":"Article","@id":"https:\/\/dana.com.br\/canaldana\/2023\/01\/23\/a-estrada-dos-veiculos-eletrificados-no-brasil\/#article","isPartOf":{"@id":"https:\/\/dana.com.br\/canaldana\/2023\/01\/23\/a-estrada-dos-veiculos-eletrificados-no-brasil\/"},"author":{"name":"Canal Dana","@id":"https:\/\/dana.com.br\/canaldana\/#\/schema\/person\/3c21f22f56fcf3bc46b94bc60ea4fef6"},"headline":"A estrada dos ve\u00edculos eletrificados no Brasil","datePublished":"2023-01-23T11:32:21+00:00","mainEntityOfPage":{"@id":"https:\/\/dana.com.br\/canaldana\/2023\/01\/23\/a-estrada-dos-veiculos-eletrificados-no-brasil\/"},"wordCount":635,"articleSection":["Artigo"],"inLanguage":"pt-BR"},{"@type":"WebPage","@id":"https:\/\/dana.com.br\/canaldana\/2023\/01\/23\/a-estrada-dos-veiculos-eletrificados-no-brasil\/","url":"https:\/\/dana.com.br\/canaldana\/2023\/01\/23\/a-estrada-dos-veiculos-eletrificados-no-brasil\/","name":"A estrada dos ve\u00edculos eletrificados no Brasil - Canal Dana","isPartOf":{"@id":"https:\/\/dana.com.br\/canaldana\/#website"},"datePublished":"2023-01-23T11:32:21+00:00","author":{"@id":"https:\/\/dana.com.br\/canaldana\/#\/schema\/person\/3c21f22f56fcf3bc46b94bc60ea4fef6"},"breadcrumb":{"@id":"https:\/\/dana.com.br\/canaldana\/2023\/01\/23\/a-estrada-dos-veiculos-eletrificados-no-brasil\/#breadcrumb"},"inLanguage":"pt-BR","potentialAction":[{"@type":"ReadAction","target":["https:\/\/dana.com.br\/canaldana\/2023\/01\/23\/a-estrada-dos-veiculos-eletrificados-no-brasil\/"]}]},{"@type":"BreadcrumbList","@id":"https:\/\/dana.com.br\/canaldana\/2023\/01\/23\/a-estrada-dos-veiculos-eletrificados-no-brasil\/#breadcrumb","itemListElement":[{"@type":"ListItem","position":1,"name":"Home","item":"https:\/\/dana.com.br\/canaldana\/"},{"@type":"ListItem","position":2,"name":"Artigo","item":"https:\/\/dana.com.br\/canaldana\/artigo\/"},{"@type":"ListItem","position":3,"name":"A estrada dos ve\u00edculos eletrificados no Brasil"}]},{"@type":"WebSite","@id":"https:\/\/dana.com.br\/canaldana\/#website","url":"https:\/\/dana.com.br\/canaldana\/","name":"Canal Dana","description":"Informativo com as principais not\u00edcias da ind\u00fastria automotiva","potentialAction":[{"@type":"SearchAction","target":{"@type":"EntryPoint","urlTemplate":"https:\/\/dana.com.br\/canaldana\/?s={search_term_string}"},"query-input":{"@type":"PropertyValueSpecification","valueRequired":true,"valueName":"search_term_string"}}],"inLanguage":"pt-BR"},{"@type":"Person","@id":"https:\/\/dana.com.br\/canaldana\/#\/schema\/person\/3c21f22f56fcf3bc46b94bc60ea4fef6","name":"Canal Dana","image":{"@type":"ImageObject","inLanguage":"pt-BR","@id":"https:\/\/secure.gravatar.com\/avatar\/420aaf9278582877d9018637c6817617705899d2858d7572ef0fe59a6b6454b4?s=96&d=mm&r=g","url":"https:\/\/secure.gravatar.com\/avatar\/420aaf9278582877d9018637c6817617705899d2858d7572ef0fe59a6b6454b4?s=96&d=mm&r=g","contentUrl":"https:\/\/secure.gravatar.com\/avatar\/420aaf9278582877d9018637c6817617705899d2858d7572ef0fe59a6b6454b4?s=96&d=mm&r=g","caption":"Canal Dana"},"url":"https:\/\/dana.com.br\/canaldana\/author\/cdeditor\/"}]}},"_links":{"self":[{"href":"https:\/\/dana.com.br\/canaldana\/wp-json\/wp\/v2\/posts\/63321","targetHints":{"allow":["GET"]}}],"collection":[{"href":"https:\/\/dana.com.br\/canaldana\/wp-json\/wp\/v2\/posts"}],"about":[{"href":"https:\/\/dana.com.br\/canaldana\/wp-json\/wp\/v2\/types\/post"}],"author":[{"embeddable":true,"href":"https:\/\/dana.com.br\/canaldana\/wp-json\/wp\/v2\/users\/3"}],"replies":[{"embeddable":true,"href":"https:\/\/dana.com.br\/canaldana\/wp-json\/wp\/v2\/comments?post=63321"}],"version-history":[{"count":0,"href":"https:\/\/dana.com.br\/canaldana\/wp-json\/wp\/v2\/posts\/63321\/revisions"}],"wp:attachment":[{"href":"https:\/\/dana.com.br\/canaldana\/wp-json\/wp\/v2\/media?parent=63321"}],"wp:term":[{"taxonomy":"category","embeddable":true,"href":"https:\/\/dana.com.br\/canaldana\/wp-json\/wp\/v2\/categories?post=63321"},{"taxonomy":"post_tag","embeddable":true,"href":"https:\/\/dana.com.br\/canaldana\/wp-json\/wp\/v2\/tags?post=63321"}],"curies":[{"name":"wp","href":"https:\/\/api.w.org\/{rel}","templated":true}]}}