{"id":63315,"date":"2023-01-20T09:20:27","date_gmt":"2023-01-20T12:20:27","guid":{"rendered":"https:\/\/dana.com.br\/canaldana\/?p=63315"},"modified":"2023-01-20T09:20:27","modified_gmt":"2023-01-20T12:20:27","slug":"qual-seria-o-novo-hibrido-flex-da-toyota","status":"publish","type":"post","link":"https:\/\/dana.com.br\/canaldana\/2023\/01\/20\/qual-seria-o-novo-hibrido-flex-da-toyota\/","title":{"rendered":"Qual seria o novo h\u00edbrido flex da Toyota?"},"content":{"rendered":"<p><em>AutoInd\u00fastria <\/em><\/p>\n<p>&nbsp;<\/p>\n<p>O governo de S\u00e3o Paulo divulgou nesta quinta-feira, a realiza\u00e7\u00e3o de um encontro no F\u00f3rum Econ\u00f4mico Mundial, em Davos, Su\u00ed\u00e7a, entre o governador Tarc\u00edsio de Freitas e o CEO do Toyota Research Institute, Gill Pratt.<\/p>\n<p>&nbsp;<\/p>\n<p>Na ocasi\u00e3o, segundo o comunicado, v\u00e1rios assuntos teriam sido debatidos, envolvendo desde o interesse da montadora pela proposta de reforma tribut\u00e1ria do Estado at\u00e9 planos para investimentos em novos modelos de carros a serem lan\u00e7ados no Brasil, com foco nos h\u00edbridos.<\/p>\n<p>&nbsp;<\/p>\n<p>Questionada sobre tal projeto, a Toyota n\u00e3o descartou projetos e nem desmentiu o governo de S\u00e3o Paulo, mas tamb\u00e9m n\u00e3o adiantou qualquer informa\u00e7\u00e3o sobre um eventual lan\u00e7amento: \u201cN\u00e3o se trata ainda de um novo an\u00fancio. Estamos comprometidos com o Brasil e queremos crescer de modo sustent\u00e1vel por aqui, raz\u00e3o de termos projetos na mesa e estarmos sempre avan\u00e7ando. Mas n\u00e3o temos nesse momento nada fechado\u201d.<\/p>\n<p>&nbsp;<\/p>\n<p>J\u00e1 a nota do governo paulista, que destaca ser a Toyota uma l\u00edder global da ind\u00fastria automotiva, destaca que Gil Pratt compartilhou os planos relativos aos investimentos no Pa\u00eds. Sobre os h\u00edbridos, lembra serem \u201cuma proposta mais sustent\u00e1vel por utilizar o etanol como combust\u00edvel\u201d.<\/p>\n<p>&nbsp;<\/p>\n<p>E o comunicado vai al\u00e9m, informando que outro ponto importante discutido na reuni\u00e3o foi a possibilidade de tornar essa tecnologia, que ainda \u00e9 nova no Brasil, mais acess\u00edvel para toda a popula\u00e7\u00e3o. \u201cO governador tamb\u00e9m foi convidado para visitar uma das f\u00e1bricas da empresa para que possa conhecer este novo modelo de carro h\u00edbrido\u201d, conclui o comunicado do governo de S\u00e3o Paulo.<\/p>\n<p>&nbsp;<\/p>\n<p>Vale lembrar que a Toyota foi pioneira na tecnologia do h\u00edbrido flex, modelo eletrificado que na parte \u00e0 combust\u00e3o pode utilizar gasolina ou etanol. O primeiro a ser lan\u00e7ado no mercado brasileiro foi o Corolla e, mais recentemente, tamb\u00e9m o SUV Corolla Cross oferece vers\u00f5es do g\u00eanero. (AutoInd\u00fastria\/Alzira Rodrigues)<\/p>\n","protected":false},"excerpt":{"rendered":"<p>AutoInd\u00fastria &nbsp; O governo de S\u00e3o Paulo divulgou nesta quinta-feira, a realiza\u00e7\u00e3o de um encontro no F\u00f3rum Econ\u00f4mico Mundial, em Davos, Su\u00ed\u00e7a, entre o governador Tarc\u00edsio de Freitas e o CEO do Toyota Research Institute, Gill Pratt. &nbsp; Na ocasi\u00e3o, segundo o comunicado, v\u00e1rios assuntos teriam sido debatidos, envolvendo desde o interesse da montadora pela\u2026 <a class=\"readmore\" href=\"https:\/\/dana.com.br\/canaldana\/2023\/01\/20\/qual-seria-o-novo-hibrido-flex-da-toyota\/\">Leia mais \u00bb<\/a><\/p>\n","protected":false},"author":3,"featured_media":0,"comment_status":"closed","ping_status":"closed","sticky":false,"template":"","format":"standard","meta":{"_acf_changed":false,"footnotes":""},"categories":[61],"tags":[],"class_list":["post-63315","post","type-post","status-publish","format-standard","hentry","category-destaques"],"acf":[],"yoast_head":"<!-- This site is optimized with the Yoast SEO plugin v27.3 - https:\/\/yoast.com\/product\/yoast-seo-wordpress\/ -->\n<title>Qual seria o novo h\u00edbrido flex da Toyota? - Canal Dana<\/title>\n<meta name=\"robots\" content=\"index, follow, max-snippet:-1, max-image-preview:large, max-video-preview:-1\" \/>\n<link rel=\"canonical\" href=\"https:\/\/dana.com.br\/canaldana\/2023\/01\/20\/qual-seria-o-novo-hibrido-flex-da-toyota\/\" \/>\n<meta property=\"og:locale\" content=\"pt_BR\" \/>\n<meta property=\"og:type\" content=\"article\" \/>\n<meta property=\"og:title\" content=\"Qual seria o novo h\u00edbrido flex da Toyota? - Canal Dana\" \/>\n<meta property=\"og:description\" content=\"AutoInd\u00fastria &nbsp; O governo de S\u00e3o Paulo divulgou nesta quinta-feira, a realiza\u00e7\u00e3o de um encontro no F\u00f3rum Econ\u00f4mico Mundial, em Davos, Su\u00ed\u00e7a, entre o governador Tarc\u00edsio de Freitas e o CEO do Toyota Research Institute, Gill Pratt. &nbsp; Na ocasi\u00e3o, segundo o comunicado, v\u00e1rios assuntos teriam sido debatidos, envolvendo desde o interesse da montadora pela\u2026 Leia mais \u00bb\" \/>\n<meta property=\"og:url\" content=\"https:\/\/dana.com.br\/canaldana\/2023\/01\/20\/qual-seria-o-novo-hibrido-flex-da-toyota\/\" \/>\n<meta property=\"og:site_name\" content=\"Canal Dana\" \/>\n<meta property=\"article:published_time\" content=\"2023-01-20T12:20:27+00:00\" \/>\n<meta name=\"author\" content=\"Canal Dana\" \/>\n<meta name=\"twitter:card\" content=\"summary_large_image\" \/>\n<meta name=\"twitter:label1\" content=\"Escrito por\" \/>\n\t<meta name=\"twitter:data1\" content=\"Canal Dana\" \/>\n\t<meta name=\"twitter:label2\" content=\"Est. tempo de leitura\" \/>\n\t<meta name=\"twitter:data2\" content=\"2 minutos\" \/>\n<script type=\"application\/ld+json\" class=\"yoast-schema-graph\">{\"@context\":\"https:\\\/\\\/schema.org\",\"@graph\":[{\"@type\":\"Article\",\"@id\":\"https:\\\/\\\/dana.com.br\\\/canaldana\\\/2023\\\/01\\\/20\\\/qual-seria-o-novo-hibrido-flex-da-toyota\\\/#article\",\"isPartOf\":{\"@id\":\"https:\\\/\\\/dana.com.br\\\/canaldana\\\/2023\\\/01\\\/20\\\/qual-seria-o-novo-hibrido-flex-da-toyota\\\/\"},\"author\":{\"name\":\"Canal Dana\",\"@id\":\"https:\\\/\\\/dana.com.br\\\/canaldana\\\/#\\\/schema\\\/person\\\/3c21f22f56fcf3bc46b94bc60ea4fef6\"},\"headline\":\"Qual seria o novo h\u00edbrido flex da Toyota?\",\"datePublished\":\"2023-01-20T12:20:27+00:00\",\"mainEntityOfPage\":{\"@id\":\"https:\\\/\\\/dana.com.br\\\/canaldana\\\/2023\\\/01\\\/20\\\/qual-seria-o-novo-hibrido-flex-da-toyota\\\/\"},\"wordCount\":356,\"articleSection\":[\"Destaques\"],\"inLanguage\":\"pt-BR\"},{\"@type\":\"WebPage\",\"@id\":\"https:\\\/\\\/dana.com.br\\\/canaldana\\\/2023\\\/01\\\/20\\\/qual-seria-o-novo-hibrido-flex-da-toyota\\\/\",\"url\":\"https:\\\/\\\/dana.com.br\\\/canaldana\\\/2023\\\/01\\\/20\\\/qual-seria-o-novo-hibrido-flex-da-toyota\\\/\",\"name\":\"Qual seria o novo h\u00edbrido flex da Toyota? - Canal Dana\",\"isPartOf\":{\"@id\":\"https:\\\/\\\/dana.com.br\\\/canaldana\\\/#website\"},\"datePublished\":\"2023-01-20T12:20:27+00:00\",\"author\":{\"@id\":\"https:\\\/\\\/dana.com.br\\\/canaldana\\\/#\\\/schema\\\/person\\\/3c21f22f56fcf3bc46b94bc60ea4fef6\"},\"breadcrumb\":{\"@id\":\"https:\\\/\\\/dana.com.br\\\/canaldana\\\/2023\\\/01\\\/20\\\/qual-seria-o-novo-hibrido-flex-da-toyota\\\/#breadcrumb\"},\"inLanguage\":\"pt-BR\",\"potentialAction\":[{\"@type\":\"ReadAction\",\"target\":[\"https:\\\/\\\/dana.com.br\\\/canaldana\\\/2023\\\/01\\\/20\\\/qual-seria-o-novo-hibrido-flex-da-toyota\\\/\"]}]},{\"@type\":\"BreadcrumbList\",\"@id\":\"https:\\\/\\\/dana.com.br\\\/canaldana\\\/2023\\\/01\\\/20\\\/qual-seria-o-novo-hibrido-flex-da-toyota\\\/#breadcrumb\",\"itemListElement\":[{\"@type\":\"ListItem\",\"position\":1,\"name\":\"Home\",\"item\":\"https:\\\/\\\/dana.com.br\\\/canaldana\\\/\"},{\"@type\":\"ListItem\",\"position\":2,\"name\":\"Destaques\",\"item\":\"https:\\\/\\\/dana.com.br\\\/canaldana\\\/destaques\\\/\"},{\"@type\":\"ListItem\",\"position\":3,\"name\":\"Qual seria o novo h\u00edbrido flex da Toyota?\"}]},{\"@type\":\"WebSite\",\"@id\":\"https:\\\/\\\/dana.com.br\\\/canaldana\\\/#website\",\"url\":\"https:\\\/\\\/dana.com.br\\\/canaldana\\\/\",\"name\":\"Canal Dana\",\"description\":\"Informativo com as principais not\u00edcias da ind\u00fastria automotiva\",\"potentialAction\":[{\"@type\":\"SearchAction\",\"target\":{\"@type\":\"EntryPoint\",\"urlTemplate\":\"https:\\\/\\\/dana.com.br\\\/canaldana\\\/?s={search_term_string}\"},\"query-input\":{\"@type\":\"PropertyValueSpecification\",\"valueRequired\":true,\"valueName\":\"search_term_string\"}}],\"inLanguage\":\"pt-BR\"},{\"@type\":\"Person\",\"@id\":\"https:\\\/\\\/dana.com.br\\\/canaldana\\\/#\\\/schema\\\/person\\\/3c21f22f56fcf3bc46b94bc60ea4fef6\",\"name\":\"Canal Dana\",\"image\":{\"@type\":\"ImageObject\",\"inLanguage\":\"pt-BR\",\"@id\":\"https:\\\/\\\/secure.gravatar.com\\\/avatar\\\/420aaf9278582877d9018637c6817617705899d2858d7572ef0fe59a6b6454b4?s=96&d=mm&r=g\",\"url\":\"https:\\\/\\\/secure.gravatar.com\\\/avatar\\\/420aaf9278582877d9018637c6817617705899d2858d7572ef0fe59a6b6454b4?s=96&d=mm&r=g\",\"contentUrl\":\"https:\\\/\\\/secure.gravatar.com\\\/avatar\\\/420aaf9278582877d9018637c6817617705899d2858d7572ef0fe59a6b6454b4?s=96&d=mm&r=g\",\"caption\":\"Canal Dana\"},\"url\":\"https:\\\/\\\/dana.com.br\\\/canaldana\\\/author\\\/cdeditor\\\/\"}]}<\/script>\n<!-- \/ Yoast SEO plugin. -->","yoast_head_json":{"title":"Qual seria o novo h\u00edbrido flex da Toyota? - Canal Dana","robots":{"index":"index","follow":"follow","max-snippet":"max-snippet:-1","max-image-preview":"max-image-preview:large","max-video-preview":"max-video-preview:-1"},"canonical":"https:\/\/dana.com.br\/canaldana\/2023\/01\/20\/qual-seria-o-novo-hibrido-flex-da-toyota\/","og_locale":"pt_BR","og_type":"article","og_title":"Qual seria o novo h\u00edbrido flex da Toyota? - Canal Dana","og_description":"AutoInd\u00fastria &nbsp; O governo de S\u00e3o Paulo divulgou nesta quinta-feira, a realiza\u00e7\u00e3o de um encontro no F\u00f3rum Econ\u00f4mico Mundial, em Davos, Su\u00ed\u00e7a, entre o governador Tarc\u00edsio de Freitas e o CEO do Toyota Research Institute, Gill Pratt. &nbsp; Na ocasi\u00e3o, segundo o comunicado, v\u00e1rios assuntos teriam sido debatidos, envolvendo desde o interesse da montadora pela\u2026 Leia mais \u00bb","og_url":"https:\/\/dana.com.br\/canaldana\/2023\/01\/20\/qual-seria-o-novo-hibrido-flex-da-toyota\/","og_site_name":"Canal Dana","article_published_time":"2023-01-20T12:20:27+00:00","author":"Canal Dana","twitter_card":"summary_large_image","twitter_misc":{"Escrito por":"Canal Dana","Est. tempo de leitura":"2 minutos"},"schema":{"@context":"https:\/\/schema.org","@graph":[{"@type":"Article","@id":"https:\/\/dana.com.br\/canaldana\/2023\/01\/20\/qual-seria-o-novo-hibrido-flex-da-toyota\/#article","isPartOf":{"@id":"https:\/\/dana.com.br\/canaldana\/2023\/01\/20\/qual-seria-o-novo-hibrido-flex-da-toyota\/"},"author":{"name":"Canal Dana","@id":"https:\/\/dana.com.br\/canaldana\/#\/schema\/person\/3c21f22f56fcf3bc46b94bc60ea4fef6"},"headline":"Qual seria o novo h\u00edbrido flex da Toyota?","datePublished":"2023-01-20T12:20:27+00:00","mainEntityOfPage":{"@id":"https:\/\/dana.com.br\/canaldana\/2023\/01\/20\/qual-seria-o-novo-hibrido-flex-da-toyota\/"},"wordCount":356,"articleSection":["Destaques"],"inLanguage":"pt-BR"},{"@type":"WebPage","@id":"https:\/\/dana.com.br\/canaldana\/2023\/01\/20\/qual-seria-o-novo-hibrido-flex-da-toyota\/","url":"https:\/\/dana.com.br\/canaldana\/2023\/01\/20\/qual-seria-o-novo-hibrido-flex-da-toyota\/","name":"Qual seria o novo h\u00edbrido flex da Toyota? - Canal Dana","isPartOf":{"@id":"https:\/\/dana.com.br\/canaldana\/#website"},"datePublished":"2023-01-20T12:20:27+00:00","author":{"@id":"https:\/\/dana.com.br\/canaldana\/#\/schema\/person\/3c21f22f56fcf3bc46b94bc60ea4fef6"},"breadcrumb":{"@id":"https:\/\/dana.com.br\/canaldana\/2023\/01\/20\/qual-seria-o-novo-hibrido-flex-da-toyota\/#breadcrumb"},"inLanguage":"pt-BR","potentialAction":[{"@type":"ReadAction","target":["https:\/\/dana.com.br\/canaldana\/2023\/01\/20\/qual-seria-o-novo-hibrido-flex-da-toyota\/"]}]},{"@type":"BreadcrumbList","@id":"https:\/\/dana.com.br\/canaldana\/2023\/01\/20\/qual-seria-o-novo-hibrido-flex-da-toyota\/#breadcrumb","itemListElement":[{"@type":"ListItem","position":1,"name":"Home","item":"https:\/\/dana.com.br\/canaldana\/"},{"@type":"ListItem","position":2,"name":"Destaques","item":"https:\/\/dana.com.br\/canaldana\/destaques\/"},{"@type":"ListItem","position":3,"name":"Qual seria o novo h\u00edbrido flex da Toyota?"}]},{"@type":"WebSite","@id":"https:\/\/dana.com.br\/canaldana\/#website","url":"https:\/\/dana.com.br\/canaldana\/","name":"Canal Dana","description":"Informativo com as principais not\u00edcias da ind\u00fastria automotiva","potentialAction":[{"@type":"SearchAction","target":{"@type":"EntryPoint","urlTemplate":"https:\/\/dana.com.br\/canaldana\/?s={search_term_string}"},"query-input":{"@type":"PropertyValueSpecification","valueRequired":true,"valueName":"search_term_string"}}],"inLanguage":"pt-BR"},{"@type":"Person","@id":"https:\/\/dana.com.br\/canaldana\/#\/schema\/person\/3c21f22f56fcf3bc46b94bc60ea4fef6","name":"Canal Dana","image":{"@type":"ImageObject","inLanguage":"pt-BR","@id":"https:\/\/secure.gravatar.com\/avatar\/420aaf9278582877d9018637c6817617705899d2858d7572ef0fe59a6b6454b4?s=96&d=mm&r=g","url":"https:\/\/secure.gravatar.com\/avatar\/420aaf9278582877d9018637c6817617705899d2858d7572ef0fe59a6b6454b4?s=96&d=mm&r=g","contentUrl":"https:\/\/secure.gravatar.com\/avatar\/420aaf9278582877d9018637c6817617705899d2858d7572ef0fe59a6b6454b4?s=96&d=mm&r=g","caption":"Canal Dana"},"url":"https:\/\/dana.com.br\/canaldana\/author\/cdeditor\/"}]}},"_links":{"self":[{"href":"https:\/\/dana.com.br\/canaldana\/wp-json\/wp\/v2\/posts\/63315","targetHints":{"allow":["GET"]}}],"collection":[{"href":"https:\/\/dana.com.br\/canaldana\/wp-json\/wp\/v2\/posts"}],"about":[{"href":"https:\/\/dana.com.br\/canaldana\/wp-json\/wp\/v2\/types\/post"}],"author":[{"embeddable":true,"href":"https:\/\/dana.com.br\/canaldana\/wp-json\/wp\/v2\/users\/3"}],"replies":[{"embeddable":true,"href":"https:\/\/dana.com.br\/canaldana\/wp-json\/wp\/v2\/comments?post=63315"}],"version-history":[{"count":0,"href":"https:\/\/dana.com.br\/canaldana\/wp-json\/wp\/v2\/posts\/63315\/revisions"}],"wp:attachment":[{"href":"https:\/\/dana.com.br\/canaldana\/wp-json\/wp\/v2\/media?parent=63315"}],"wp:term":[{"taxonomy":"category","embeddable":true,"href":"https:\/\/dana.com.br\/canaldana\/wp-json\/wp\/v2\/categories?post=63315"},{"taxonomy":"post_tag","embeddable":true,"href":"https:\/\/dana.com.br\/canaldana\/wp-json\/wp\/v2\/tags?post=63315"}],"curies":[{"name":"wp","href":"https:\/\/api.w.org\/{rel}","templated":true}]}}