{"id":63313,"date":"2023-01-20T09:19:44","date_gmt":"2023-01-20T12:19:44","guid":{"rendered":"https:\/\/dana.com.br\/canaldana\/?p=63313"},"modified":"2023-01-20T09:19:44","modified_gmt":"2023-01-20T12:19:44","slug":"brasil-fecha-2022-como-maior-mercado-de-veiculos-comerciais-do-continente","status":"publish","type":"post","link":"https:\/\/dana.com.br\/canaldana\/2023\/01\/20\/brasil-fecha-2022-como-maior-mercado-de-veiculos-comerciais-do-continente\/","title":{"rendered":"Brasil fecha 2022 como maior mercado de ve\u00edculos comerciais do continente"},"content":{"rendered":"<p><em>Truck &amp; Bus Builder Am\u00e9rica do Sul<\/em><\/p>\n<p>&nbsp;<\/p>\n<p>O Brasil foi novamente o maior mercado sul-americano de vendas caminh\u00f5es com o volume de 126.642 unidades durante o ano passado, embora tenha registrado queda de 1,6% na compara\u00e7\u00e3o. com os 128.679 licenciamentos efetivados em 2021. Outra lideran\u00e7a do Brasil foi ter o Volvo FH 540 o caminh\u00e3o preferido do continente sul-americano com o licenciamento de 8.317 ve\u00edculos. Tamb\u00e9m no segmento de \u00f4nibus, o Brasi foi o l\u00edder de vendas, com o total de 17.357 unidades, volume que superou em 23,4% os 14.062 ve\u00edculos vendidos em 2021.<\/p>\n<p>&nbsp;<\/p>\n<p>Os n\u00fameros dos resultados do Brasil foram revelados pela Anfavea (Associa\u00e7\u00e3o Nacional dos Fabricantes de Ve\u00edculos Automotores), e os dos outros pa\u00edses das respectivas entidades \u2013 ACAU (Associa\u00e7\u00e3o dos Concession\u00e1rios Automotores do Uruguai), no Uruguai, Acara (Associa\u00e7\u00e3o dos Concession\u00e1rios de Automotores da Rep\u00fablica Argentina), na Argentina, ANAC (Associa\u00e7\u00e3o Nacional Automotriz do Chile), no Chile, ANDEMOS (Associa\u00e7\u00e3o Nacional de Mobilidade Sustent\u00e1vel), na Col\u00f4mbia, AAP, no Peru.<\/p>\n<p>&nbsp;<\/p>\n<p>Argentina, Brasil, Chile, Col\u00f4mbia, Peru e Uruguai divulgaram os resultados de vendas de ve\u00edculos de 2022, mas o levantamento n\u00e3o incluiu Bol\u00edvia, Equador e Venezuela que ainda n\u00e3o divulgaram os seus balan\u00e7os.<\/p>\n<p>&nbsp;<\/p>\n<p>A primeira surpresa foi da Col\u00f4mbia que se classificou na segunda posi\u00e7\u00e3o do continente em vendas de ve\u00edculos comerciais, com o total de 41.634 unidades comercializadas entre caminh\u00f5es, tractocaminh\u00f5es (cavalos mec\u00e2nicos) e mini\u00f4nibus e \u00f4nibus, e aumento de 17,1% em rela\u00e7\u00e3o \u00e0s unidades do per\u00edodo anterior.<\/p>\n<p>&nbsp;<\/p>\n<p>Diferente do Brasil, que produz e vende maior volume de caminh\u00f5es extrapesados, dedicados ao transporte de gr\u00e3os, cargas diversas e passageiros em itiner\u00e1rios urbanos e deslocamentos rodovi\u00e1rios, na Col\u00f4mbia, os ve\u00edculos de maior procura foram os da categoria com PBT at\u00e9 10,5 toneladas, com lideran\u00e7a da marca Chevrolet, com 6.688 unidades, seguida pela Foton, com 4.511 e Renault, com 3.762 unidades.<\/p>\n<p>&nbsp;<\/p>\n<p>Na categoria tractocaminh\u00f5es, os ve\u00edculos mais vendidos foram os da International, com 1.372 unidades, seguidos pelos da Foton, com 1.257 e pelos da Kenworth, com 1.193. A Volkswagen ficou na quinta posi\u00e7\u00e3o, com 821 e seguida pela DAF, com 565; Mercedes-Benz, em 452 e Scania, com 269 unidades.<\/p>\n<p>&nbsp;<\/p>\n<p>Em \u00f4nibus os ve\u00edculos el\u00e9tricos da BYD dominaram o mercado, com 996 unidades, seguidos pelos da Chevrolet, com 622 e pelos da Scania, com 575. A Mercedes-Benz ocupou a quarta posi\u00e7\u00e3o, com 335 ve\u00edculos, e a Iveco a s\u00e9tima, com 142.<\/p>\n<p>&nbsp;<\/p>\n<p>O Chile classificou-se na terceira posi\u00e7\u00e3o, com o total de 19.160 unidades, entre caminh\u00f5es e \u00f4nibus, com crescimento de 2,1% em compara\u00e7\u00e3o com os 18.755 ve\u00edculos vendidos em 2021. Segundo a ANAC (Associa\u00e7\u00e3o Nacional Automotriz do Chile), o resultado \u00e9 o melhor dos \u00faltimos anos, 44,44% superior ao total de 13.272 vendidos em 2020, e 17,24% sobre o volume de 16.342 faturados em 2019, antes da pandemia de covid-19.<\/p>\n<p>&nbsp;<\/p>\n<p>Foram 16.038 caminh\u00f5es, com queda de 5,1% em compara\u00e7\u00e3o com a venda de 16.898 unidades em 2021, e 3.122 \u00f4nibus, 67,1% acima dos 1.868 comercializados em 2021.<\/p>\n<p>&nbsp;<\/p>\n<p>Os \u00f4nibus produzidos no Brasil ocuparam as tr\u00eas primeiras posi\u00e7\u00f5es, com lideran\u00e7a da Volvo, com 828 unidades e 29,0% de participa\u00e7\u00e3o de mercado, seguida pela Mercedes-Benz, com 703 (24,9%) e pela Scania, com 585 (20,9%).<\/p>\n<p>&nbsp;<\/p>\n<p>O Peru, pa\u00eds que sofreu um recente epis\u00f3dio pol\u00edtico com a deposi\u00e7\u00e3o do presidente da rep\u00fablica e a elei\u00e7\u00e3o de seu sucessor, encerrou o ano de 2022 em quarto lugar com 17.729 unidades, total formado por 12.543 caminh\u00f5es, 2.768 tractocaminh\u00f5es e 2.418 \u00f4nibus e mini\u00f4nibus, o que representou o crescimento de 0,4% em compara\u00e7\u00e3o com as 17.651 unidades acumuladas em 2021.<\/p>\n<p>&nbsp;<\/p>\n<p>Em caminh\u00f5es houve queda de 2,9%, com 12.543 unidades, abaixo das 12.919 unidades vendidas no ano anterior. O segmento de tractocaminh\u00f5es (cavalos mec\u00e2nicos) atingiu a venda de 2.768 ve\u00edculos, 0,3% acima das 2.761 unidades registradas em 2021. E a categoria formada por \u00f4nibus e mini\u00f4nibus confirmou o per\u00edodo de ascens\u00e3o de vendas dos \u00faltimos meses, em recupera\u00e7\u00e3o do recesso durante a pandemia, e licenciou 2.418 ve\u00edculos, 22,7% acima das 1.971 unidades vendidas em 2021.<\/p>\n<p>&nbsp;<\/p>\n<p>No mercado total, a Volvo foi a marca l\u00edder, com o total de 2.035 unidades, seguida pela Isuzu, com 2.031 unidades e pela Mercedes-Benz, com 1.595. O segmento de caminh\u00f5es, o mais forte do mercado, teve a lideran\u00e7a da Isuzu, com a venda de 2.028 caminh\u00f5es e a participa\u00e7\u00e3o de 16,2%, seguida pela Fuso, com 1.362 ve\u00edculos e 10,9 do mercado e pela Volvo, com 1.277 ve\u00edculos e 10,3%.<\/p>\n<p>&nbsp;<\/p>\n<p>Os tractocaminh\u00f5es (cavalos mec\u00e2nicos) atingiram a venda de 2.768 ve\u00edculos, 0,3% acima das 2.761 unidades registradas em 2021. A Volvo foi a l\u00edder dessa categoria com a venda de 625 ve\u00edculos e a participa\u00e7\u00e3o de 22,6%, \u00e0 frente da Scania, com 582 unidades e 21,2% do mercado. Atr\u00e1s dessas empresas classificaram-se duas marcas norte-americanas: a International, com 484 ve\u00edculos e 17,5%, e a Freightliner, com 365 unidades e 13,7% do mercado.<\/p>\n<p>&nbsp;<\/p>\n<p>A categoria formada por \u00f4nibus e \u00f4nibus confirmou o per\u00edodo de ascens\u00e3o de vendas dos \u00faltimos meses, em recupera\u00e7\u00e3o do recesso durante a pandemia e licenciou 2.418 ve\u00edculos, 22,7% acima das 1.971 unidades vendidas em todo o ano passado. A Mercedes-Benz foi a l\u00edder dessa categoria, com 688 ve\u00edculos e 28,5% de participa\u00e7\u00e3o, superando em 60,4% as 429 unidades registradas em 2021. Na segunda posi\u00e7\u00e3o classificou-se a Hyundai, com 270 ve\u00edculos, 11,2% do mercado e queda de 12,3% em compara\u00e7\u00e3o \u00e0s 308 unidades vendidas em 2021.<\/p>\n<p>&nbsp;<\/p>\n<p>Surpresa negativa foi a Argentina, primeiro pa\u00eds da Am\u00e9rica do Sul a contar com a instala\u00e7\u00e3o de uma f\u00e1brica de ve\u00edculos no final da segunda d\u00e9cada de 1920. Tradicionalmente, um dos l\u00edderes sul-americanos, fechou 2022 em quinto lugar, com a venda de 14.666 ve\u00edculos (caminh\u00f5es e \u00f4nibus), o que corresponde a retra\u00e7\u00e3o de 0,6% em rela\u00e7\u00e3o ao resultado obtido em 2021, com 14.761 unidades.<\/p>\n<p>&nbsp;<\/p>\n<p>A Mercedes-Benz foi a l\u00edder por marcas, com 5.639 ve\u00edculos e a participa\u00e7\u00e3o de 38,4% do mercado, embora tenha ca\u00eddo 2,5% em rela\u00e7\u00e3o \u00e0s 5.741 unidades vendidas em 2021. A marca com maior ascens\u00e3o em 2022 na Argentina foi a Iveco com a venda acumulada de 4.806 ve\u00edculos e crescimento de 15,9% sobre as 4.147 unidades vendidas em 2021, o que representou 32,8% de participa\u00e7\u00e3o do mercado.<\/p>\n<p>&nbsp;<\/p>\n<p>O ve\u00edculo mais vendido na Argentina foi o Iveco 170E com 2.079 unidades, volume 14,9% superior \u00e0s unidades comercializadas no ano anterior. O segundo classificado foi o Mercedes-Benz Accelo 815, com 782 ve\u00edculos.<\/p>\n<p>&nbsp;<\/p>\n<p>O Uruguai encerrou o ano de 2022 na sexta posi\u00e7\u00e3o, com a venda acumulada de 2.893 ve\u00edculos comerciais pesados (caminh\u00f5es, \u00f4nibus e mini\u00f4nibus), 6,74% abaixo das 3.102 unidades vendidas no ano anterior, segundo dados da ACAU (Associa\u00e7\u00e3o dos Concession\u00e1rios Automotores do Uruguai). O segmento de caminh\u00f5es alcan\u00e7ou 2.776 unidades, 4,37% abaixo dos 2.903 ve\u00edculos registrados em 2021. Em \u00f4nibus e mini\u00f4nibus foram vendidas 217 unidades, 9,05% acima dos 199 ve\u00edculos do ano anterior. O desempenho positivo foi registrado no segundo semestre, com a entrada em opera\u00e7\u00e3o de 164 novos \u00f4nibus e mini\u00f4nibus, contra apenas 53 nos primeiros seis meses de 2022.<\/p>\n<p>&nbsp;<\/p>\n<p>A categoria de caminh\u00f5es, a mais importante do mercado uruguaio, foi liderada pela Volkswagen, com o total de 625 ve\u00edculos, o que correspondeu a 22,51% de participa\u00e7\u00e3o, \u00e0 frente da chinesa JAC, que registrou 540 unidades e 19,45%.<\/p>\n<p>&nbsp;<\/p>\n<p>Na categoria \u00f4nibus e mini\u00f4nibus, a lideran\u00e7a foi da Hyundai, com 64 unidades, seguida pela Renault, com 58 unidades, pela Mercedes-Benz, com 30 unidades, e Scania e Volvo, com 25 ve\u00edculos cada. (Truck &amp; Bus Builder Am\u00e9rica do Sul)<\/p>\n","protected":false},"excerpt":{"rendered":"<p>Truck &amp; Bus Builder Am\u00e9rica do Sul &nbsp; O Brasil foi novamente o maior mercado sul-americano de vendas caminh\u00f5es com o volume de 126.642 unidades durante o ano passado, embora tenha registrado queda de 1,6% na compara\u00e7\u00e3o. com os 128.679 licenciamentos efetivados em 2021. Outra lideran\u00e7a do Brasil foi ter o Volvo FH 540 o\u2026 <a class=\"readmore\" href=\"https:\/\/dana.com.br\/canaldana\/2023\/01\/20\/brasil-fecha-2022-como-maior-mercado-de-veiculos-comerciais-do-continente\/\">Leia mais \u00bb<\/a><\/p>\n","protected":false},"author":3,"featured_media":0,"comment_status":"closed","ping_status":"closed","sticky":false,"template":"","format":"standard","meta":{"_acf_changed":false,"footnotes":""},"categories":[61],"tags":[],"class_list":["post-63313","post","type-post","status-publish","format-standard","hentry","category-destaques"],"acf":[],"yoast_head":"<!-- This site is optimized with the Yoast SEO plugin v27.3 - https:\/\/yoast.com\/product\/yoast-seo-wordpress\/ -->\n<title>Brasil fecha 2022 como maior mercado de ve\u00edculos comerciais do continente - Canal Dana<\/title>\n<meta name=\"robots\" content=\"index, follow, max-snippet:-1, max-image-preview:large, max-video-preview:-1\" \/>\n<link rel=\"canonical\" href=\"https:\/\/dana.com.br\/canaldana\/2023\/01\/20\/brasil-fecha-2022-como-maior-mercado-de-veiculos-comerciais-do-continente\/\" \/>\n<meta property=\"og:locale\" content=\"pt_BR\" \/>\n<meta property=\"og:type\" content=\"article\" \/>\n<meta property=\"og:title\" content=\"Brasil fecha 2022 como maior mercado de ve\u00edculos comerciais do continente - Canal Dana\" \/>\n<meta property=\"og:description\" content=\"Truck &amp; Bus Builder Am\u00e9rica do Sul &nbsp; O Brasil foi novamente o maior mercado sul-americano de vendas caminh\u00f5es com o volume de 126.642 unidades durante o ano passado, embora tenha registrado queda de 1,6% na compara\u00e7\u00e3o. com os 128.679 licenciamentos efetivados em 2021. Outra lideran\u00e7a do Brasil foi ter o Volvo FH 540 o\u2026 Leia mais \u00bb\" \/>\n<meta property=\"og:url\" content=\"https:\/\/dana.com.br\/canaldana\/2023\/01\/20\/brasil-fecha-2022-como-maior-mercado-de-veiculos-comerciais-do-continente\/\" \/>\n<meta property=\"og:site_name\" content=\"Canal Dana\" \/>\n<meta property=\"article:published_time\" content=\"2023-01-20T12:19:44+00:00\" \/>\n<meta name=\"author\" content=\"Canal Dana\" \/>\n<meta name=\"twitter:card\" content=\"summary_large_image\" \/>\n<meta name=\"twitter:label1\" content=\"Escrito por\" \/>\n\t<meta name=\"twitter:data1\" content=\"Canal Dana\" \/>\n\t<meta name=\"twitter:label2\" content=\"Est. tempo de leitura\" \/>\n\t<meta name=\"twitter:data2\" content=\"7 minutos\" \/>\n<script type=\"application\/ld+json\" class=\"yoast-schema-graph\">{\"@context\":\"https:\\\/\\\/schema.org\",\"@graph\":[{\"@type\":\"Article\",\"@id\":\"https:\\\/\\\/dana.com.br\\\/canaldana\\\/2023\\\/01\\\/20\\\/brasil-fecha-2022-como-maior-mercado-de-veiculos-comerciais-do-continente\\\/#article\",\"isPartOf\":{\"@id\":\"https:\\\/\\\/dana.com.br\\\/canaldana\\\/2023\\\/01\\\/20\\\/brasil-fecha-2022-como-maior-mercado-de-veiculos-comerciais-do-continente\\\/\"},\"author\":{\"name\":\"Canal Dana\",\"@id\":\"https:\\\/\\\/dana.com.br\\\/canaldana\\\/#\\\/schema\\\/person\\\/3c21f22f56fcf3bc46b94bc60ea4fef6\"},\"headline\":\"Brasil fecha 2022 como maior mercado de ve\u00edculos comerciais do continente\",\"datePublished\":\"2023-01-20T12:19:44+00:00\",\"mainEntityOfPage\":{\"@id\":\"https:\\\/\\\/dana.com.br\\\/canaldana\\\/2023\\\/01\\\/20\\\/brasil-fecha-2022-como-maior-mercado-de-veiculos-comerciais-do-continente\\\/\"},\"wordCount\":1248,\"articleSection\":[\"Destaques\"],\"inLanguage\":\"pt-BR\"},{\"@type\":\"WebPage\",\"@id\":\"https:\\\/\\\/dana.com.br\\\/canaldana\\\/2023\\\/01\\\/20\\\/brasil-fecha-2022-como-maior-mercado-de-veiculos-comerciais-do-continente\\\/\",\"url\":\"https:\\\/\\\/dana.com.br\\\/canaldana\\\/2023\\\/01\\\/20\\\/brasil-fecha-2022-como-maior-mercado-de-veiculos-comerciais-do-continente\\\/\",\"name\":\"Brasil fecha 2022 como maior mercado de ve\u00edculos comerciais do continente - Canal Dana\",\"isPartOf\":{\"@id\":\"https:\\\/\\\/dana.com.br\\\/canaldana\\\/#website\"},\"datePublished\":\"2023-01-20T12:19:44+00:00\",\"author\":{\"@id\":\"https:\\\/\\\/dana.com.br\\\/canaldana\\\/#\\\/schema\\\/person\\\/3c21f22f56fcf3bc46b94bc60ea4fef6\"},\"breadcrumb\":{\"@id\":\"https:\\\/\\\/dana.com.br\\\/canaldana\\\/2023\\\/01\\\/20\\\/brasil-fecha-2022-como-maior-mercado-de-veiculos-comerciais-do-continente\\\/#breadcrumb\"},\"inLanguage\":\"pt-BR\",\"potentialAction\":[{\"@type\":\"ReadAction\",\"target\":[\"https:\\\/\\\/dana.com.br\\\/canaldana\\\/2023\\\/01\\\/20\\\/brasil-fecha-2022-como-maior-mercado-de-veiculos-comerciais-do-continente\\\/\"]}]},{\"@type\":\"BreadcrumbList\",\"@id\":\"https:\\\/\\\/dana.com.br\\\/canaldana\\\/2023\\\/01\\\/20\\\/brasil-fecha-2022-como-maior-mercado-de-veiculos-comerciais-do-continente\\\/#breadcrumb\",\"itemListElement\":[{\"@type\":\"ListItem\",\"position\":1,\"name\":\"Home\",\"item\":\"https:\\\/\\\/dana.com.br\\\/canaldana\\\/\"},{\"@type\":\"ListItem\",\"position\":2,\"name\":\"Destaques\",\"item\":\"https:\\\/\\\/dana.com.br\\\/canaldana\\\/destaques\\\/\"},{\"@type\":\"ListItem\",\"position\":3,\"name\":\"Brasil fecha 2022 como maior mercado de ve\u00edculos comerciais do continente\"}]},{\"@type\":\"WebSite\",\"@id\":\"https:\\\/\\\/dana.com.br\\\/canaldana\\\/#website\",\"url\":\"https:\\\/\\\/dana.com.br\\\/canaldana\\\/\",\"name\":\"Canal Dana\",\"description\":\"Informativo com as principais not\u00edcias da ind\u00fastria automotiva\",\"potentialAction\":[{\"@type\":\"SearchAction\",\"target\":{\"@type\":\"EntryPoint\",\"urlTemplate\":\"https:\\\/\\\/dana.com.br\\\/canaldana\\\/?s={search_term_string}\"},\"query-input\":{\"@type\":\"PropertyValueSpecification\",\"valueRequired\":true,\"valueName\":\"search_term_string\"}}],\"inLanguage\":\"pt-BR\"},{\"@type\":\"Person\",\"@id\":\"https:\\\/\\\/dana.com.br\\\/canaldana\\\/#\\\/schema\\\/person\\\/3c21f22f56fcf3bc46b94bc60ea4fef6\",\"name\":\"Canal Dana\",\"image\":{\"@type\":\"ImageObject\",\"inLanguage\":\"pt-BR\",\"@id\":\"https:\\\/\\\/secure.gravatar.com\\\/avatar\\\/420aaf9278582877d9018637c6817617705899d2858d7572ef0fe59a6b6454b4?s=96&d=mm&r=g\",\"url\":\"https:\\\/\\\/secure.gravatar.com\\\/avatar\\\/420aaf9278582877d9018637c6817617705899d2858d7572ef0fe59a6b6454b4?s=96&d=mm&r=g\",\"contentUrl\":\"https:\\\/\\\/secure.gravatar.com\\\/avatar\\\/420aaf9278582877d9018637c6817617705899d2858d7572ef0fe59a6b6454b4?s=96&d=mm&r=g\",\"caption\":\"Canal Dana\"},\"url\":\"https:\\\/\\\/dana.com.br\\\/canaldana\\\/author\\\/cdeditor\\\/\"}]}<\/script>\n<!-- \/ Yoast SEO plugin. -->","yoast_head_json":{"title":"Brasil fecha 2022 como maior mercado de ve\u00edculos comerciais do continente - Canal Dana","robots":{"index":"index","follow":"follow","max-snippet":"max-snippet:-1","max-image-preview":"max-image-preview:large","max-video-preview":"max-video-preview:-1"},"canonical":"https:\/\/dana.com.br\/canaldana\/2023\/01\/20\/brasil-fecha-2022-como-maior-mercado-de-veiculos-comerciais-do-continente\/","og_locale":"pt_BR","og_type":"article","og_title":"Brasil fecha 2022 como maior mercado de ve\u00edculos comerciais do continente - Canal Dana","og_description":"Truck &amp; Bus Builder Am\u00e9rica do Sul &nbsp; O Brasil foi novamente o maior mercado sul-americano de vendas caminh\u00f5es com o volume de 126.642 unidades durante o ano passado, embora tenha registrado queda de 1,6% na compara\u00e7\u00e3o. com os 128.679 licenciamentos efetivados em 2021. Outra lideran\u00e7a do Brasil foi ter o Volvo FH 540 o\u2026 Leia mais \u00bb","og_url":"https:\/\/dana.com.br\/canaldana\/2023\/01\/20\/brasil-fecha-2022-como-maior-mercado-de-veiculos-comerciais-do-continente\/","og_site_name":"Canal Dana","article_published_time":"2023-01-20T12:19:44+00:00","author":"Canal Dana","twitter_card":"summary_large_image","twitter_misc":{"Escrito por":"Canal Dana","Est. tempo de leitura":"7 minutos"},"schema":{"@context":"https:\/\/schema.org","@graph":[{"@type":"Article","@id":"https:\/\/dana.com.br\/canaldana\/2023\/01\/20\/brasil-fecha-2022-como-maior-mercado-de-veiculos-comerciais-do-continente\/#article","isPartOf":{"@id":"https:\/\/dana.com.br\/canaldana\/2023\/01\/20\/brasil-fecha-2022-como-maior-mercado-de-veiculos-comerciais-do-continente\/"},"author":{"name":"Canal Dana","@id":"https:\/\/dana.com.br\/canaldana\/#\/schema\/person\/3c21f22f56fcf3bc46b94bc60ea4fef6"},"headline":"Brasil fecha 2022 como maior mercado de ve\u00edculos comerciais do continente","datePublished":"2023-01-20T12:19:44+00:00","mainEntityOfPage":{"@id":"https:\/\/dana.com.br\/canaldana\/2023\/01\/20\/brasil-fecha-2022-como-maior-mercado-de-veiculos-comerciais-do-continente\/"},"wordCount":1248,"articleSection":["Destaques"],"inLanguage":"pt-BR"},{"@type":"WebPage","@id":"https:\/\/dana.com.br\/canaldana\/2023\/01\/20\/brasil-fecha-2022-como-maior-mercado-de-veiculos-comerciais-do-continente\/","url":"https:\/\/dana.com.br\/canaldana\/2023\/01\/20\/brasil-fecha-2022-como-maior-mercado-de-veiculos-comerciais-do-continente\/","name":"Brasil fecha 2022 como maior mercado de ve\u00edculos comerciais do continente - Canal Dana","isPartOf":{"@id":"https:\/\/dana.com.br\/canaldana\/#website"},"datePublished":"2023-01-20T12:19:44+00:00","author":{"@id":"https:\/\/dana.com.br\/canaldana\/#\/schema\/person\/3c21f22f56fcf3bc46b94bc60ea4fef6"},"breadcrumb":{"@id":"https:\/\/dana.com.br\/canaldana\/2023\/01\/20\/brasil-fecha-2022-como-maior-mercado-de-veiculos-comerciais-do-continente\/#breadcrumb"},"inLanguage":"pt-BR","potentialAction":[{"@type":"ReadAction","target":["https:\/\/dana.com.br\/canaldana\/2023\/01\/20\/brasil-fecha-2022-como-maior-mercado-de-veiculos-comerciais-do-continente\/"]}]},{"@type":"BreadcrumbList","@id":"https:\/\/dana.com.br\/canaldana\/2023\/01\/20\/brasil-fecha-2022-como-maior-mercado-de-veiculos-comerciais-do-continente\/#breadcrumb","itemListElement":[{"@type":"ListItem","position":1,"name":"Home","item":"https:\/\/dana.com.br\/canaldana\/"},{"@type":"ListItem","position":2,"name":"Destaques","item":"https:\/\/dana.com.br\/canaldana\/destaques\/"},{"@type":"ListItem","position":3,"name":"Brasil fecha 2022 como maior mercado de ve\u00edculos comerciais do continente"}]},{"@type":"WebSite","@id":"https:\/\/dana.com.br\/canaldana\/#website","url":"https:\/\/dana.com.br\/canaldana\/","name":"Canal Dana","description":"Informativo com as principais not\u00edcias da ind\u00fastria automotiva","potentialAction":[{"@type":"SearchAction","target":{"@type":"EntryPoint","urlTemplate":"https:\/\/dana.com.br\/canaldana\/?s={search_term_string}"},"query-input":{"@type":"PropertyValueSpecification","valueRequired":true,"valueName":"search_term_string"}}],"inLanguage":"pt-BR"},{"@type":"Person","@id":"https:\/\/dana.com.br\/canaldana\/#\/schema\/person\/3c21f22f56fcf3bc46b94bc60ea4fef6","name":"Canal Dana","image":{"@type":"ImageObject","inLanguage":"pt-BR","@id":"https:\/\/secure.gravatar.com\/avatar\/420aaf9278582877d9018637c6817617705899d2858d7572ef0fe59a6b6454b4?s=96&d=mm&r=g","url":"https:\/\/secure.gravatar.com\/avatar\/420aaf9278582877d9018637c6817617705899d2858d7572ef0fe59a6b6454b4?s=96&d=mm&r=g","contentUrl":"https:\/\/secure.gravatar.com\/avatar\/420aaf9278582877d9018637c6817617705899d2858d7572ef0fe59a6b6454b4?s=96&d=mm&r=g","caption":"Canal Dana"},"url":"https:\/\/dana.com.br\/canaldana\/author\/cdeditor\/"}]}},"_links":{"self":[{"href":"https:\/\/dana.com.br\/canaldana\/wp-json\/wp\/v2\/posts\/63313","targetHints":{"allow":["GET"]}}],"collection":[{"href":"https:\/\/dana.com.br\/canaldana\/wp-json\/wp\/v2\/posts"}],"about":[{"href":"https:\/\/dana.com.br\/canaldana\/wp-json\/wp\/v2\/types\/post"}],"author":[{"embeddable":true,"href":"https:\/\/dana.com.br\/canaldana\/wp-json\/wp\/v2\/users\/3"}],"replies":[{"embeddable":true,"href":"https:\/\/dana.com.br\/canaldana\/wp-json\/wp\/v2\/comments?post=63313"}],"version-history":[{"count":0,"href":"https:\/\/dana.com.br\/canaldana\/wp-json\/wp\/v2\/posts\/63313\/revisions"}],"wp:attachment":[{"href":"https:\/\/dana.com.br\/canaldana\/wp-json\/wp\/v2\/media?parent=63313"}],"wp:term":[{"taxonomy":"category","embeddable":true,"href":"https:\/\/dana.com.br\/canaldana\/wp-json\/wp\/v2\/categories?post=63313"},{"taxonomy":"post_tag","embeddable":true,"href":"https:\/\/dana.com.br\/canaldana\/wp-json\/wp\/v2\/tags?post=63313"}],"curies":[{"name":"wp","href":"https:\/\/api.w.org\/{rel}","templated":true}]}}