{"id":63289,"date":"2023-01-20T09:11:30","date_gmt":"2023-01-20T12:11:30","guid":{"rendered":"https:\/\/dana.com.br\/canaldana\/?p=63289"},"modified":"2023-01-20T09:11:30","modified_gmt":"2023-01-20T12:11:30","slug":"volkswagen-do-brasil-e-grupo-vw-argentina-sao-novamente-top-employer","status":"publish","type":"post","link":"https:\/\/dana.com.br\/canaldana\/2023\/01\/20\/volkswagen-do-brasil-e-grupo-vw-argentina-sao-novamente-top-employer\/","title":{"rendered":"Volkswagen do Brasil e Grupo VW Argentina s\u00e3o novamente Top Employer"},"content":{"rendered":"<p><em>Coisas de Agora<\/em><\/p>\n<p>&nbsp;<\/p>\n<p>A Volkswagen do Brasil e o Grupo Volkswagen Argentina conquistaram a certifica\u00e7\u00e3o Top Employer 2023, se mantendo entre as melhores empresas para trabalhar e sendo empregadoras de refer\u00eancia em seus mercados.<\/p>\n<p>&nbsp;<\/p>\n<p>Este \u00e9 o 5\u00ba ano consecutivo em que a Volkswagen do Brasil conquista a certifica\u00e7\u00e3o Top Employer. Ao longo desses cinco anos, a nota da empresa aumentou mais de 16%. No Brasil, a VW conquistou 100% de aprova\u00e7\u00e3o em cinco \u00e1reas da pesquisa: Estrat\u00e9gia de Neg\u00f3cio, Estrat\u00e9gia para Pessoas, Ambiente de Trabalho, Employer Branding e \u00c9tica &amp; Integridade. O Grupo Volkswagen Argentina foi reconhecido pela 4\u00aa vez consecutiva como Top Employer. A Volkswagen M\u00e9xico recebeu a certifica\u00e7\u00e3o Top Employer pelo 8\u00ba ano consecutivo.<\/p>\n<p>&nbsp;<\/p>\n<p>\u201cA Nossa VW est\u00e1 conectada \u00e0s \u00faltimas tend\u00eancias globais em gest\u00e3o de pessoas e a conquista da certifica\u00e7\u00e3o Top Employer pela Volkswagen do Brasil e pelo Grupo Volkswagen Argentina pelo 5\u00ba e 4\u00ba anos, respectivamente, \u00e9 motivo de muito orgulho. Somos uma empresa cada vez mais \u00e1gil, digital, humana e com a\u00e7\u00f5es robustas que promovem a diversidade e inclus\u00e3o. O Top Employer reconhece o trabalho de todos os nossos colaboradores, refor\u00e7ando o compromisso da Volkswagen de ser uma empregadora de excel\u00eancia\u201d, afirma Douglas Pereira, vice-presidente de Recursos Humanos da Volkswagen do Brasil e Regi\u00e3o SAM (South America).<\/p>\n<p>&nbsp;<\/p>\n<p>O Top Employer \u00e9 uma pesquisa que compara as empresas em rela\u00e7\u00e3o \u00e0s melhores pr\u00e1ticas em gest\u00e3o de pessoas, com foco no aprimoramento e desenvolvimento de ambientes de trabalho, feita pelo Top Employers Institute. As empresas participantes s\u00e3o validadas, certificadas e reconhecidas como empregadoras de refer\u00eancia em seus mercados.<\/p>\n<p>&nbsp;<\/p>\n<p>Neste ano foram certificadas 2.052 empresas em 121 pa\u00edses; no Brasil, foram 57 empresas de 13 setores. O n\u00famero brasileiro \u00e9 recorde, com aumento de 14% em rela\u00e7\u00e3o \u00e0 edi\u00e7\u00e3o anterior, o que demonstra uma preocupa\u00e7\u00e3o crescente em melhorar processos e consolidar a conex\u00e3o entre os colaboradores e o prop\u00f3sito das organiza\u00e7\u00f5es.<\/p>\n<p>&nbsp;<\/p>\n<p>A avalia\u00e7\u00e3o deste ano j\u00e1 reflete a nova ordem do mercado, que surge p\u00f3s pandemia, com a transforma\u00e7\u00e3o digital, maior investimento na aquisi\u00e7\u00e3o e reten\u00e7\u00e3o de talentos \u2013 cada vez mais globais dentro de um sistema h\u00edbrido de servi\u00e7o \u2013 e na busca por qualidade de vida.<\/p>\n<p>&nbsp;<\/p>\n<p>Alguns projetos da Volkswagen do Brasil que contribu\u00edram para a conquista do Top Employer 2023<\/p>\n<p>&nbsp;<\/p>\n<p>Sa\u00fade e bem-estar: A Volkswagen do Brasil investe continuamente em novos programas e espa\u00e7os dedicados \u00e0 sa\u00fade e bem-estar de seus colaboradores. Academia ao ar livre na f\u00e1brica e espa\u00e7os de conviv\u00eancia s\u00e3o alguns exemplos.<\/p>\n<p><strong>\u00a0<\/strong><\/p>\n<p><strong>Metas ambientais e de diversidade:<\/strong> Em 2022, a Volkswagen foi a primeira fabricante de ve\u00edculos do Brasil a fechar um acordo para capta\u00e7\u00e3o de uma d\u00edvida banc\u00e1ria, por meio da modalidade de Notas de Cr\u00e9dito \u00e0 Exporta\u00e7\u00e3o (NCE), com compromissos ESG (Ambiental, Social e Governan\u00e7a), chamada Sustainable-Linked Loan (t\u00edtulo de d\u00edvida sustent\u00e1vel).<\/p>\n<p>&nbsp;<\/p>\n<p>A opera\u00e7\u00e3o est\u00e1 atrelada a compromissos claros da montadora de reduzir emiss\u00f5es de CO2 de origem f\u00f3ssil em suas opera\u00e7\u00f5es e de aumentar a participa\u00e7\u00e3o de mulheres na lideran\u00e7a. Essa meta, por exemplo, visa elevar, at\u00e9 2024, de 14% para 26% a participa\u00e7\u00e3o de mulheres em cargos executivos, sendo que em posi\u00e7\u00f5es de ger\u00eancia a presen\u00e7a feminina deve subir de 9% para 25%. J\u00e1 em 2022, a empresa atingiu 18,3% no total em pessoas do g\u00eanero feminino em posi\u00e7\u00e3o de lideran\u00e7a, o que representa um avan\u00e7o real de 22% em rela\u00e7\u00e3o ao mesmo per\u00edodo de 2021.<\/p>\n<p>&nbsp;<\/p>\n<p><strong>Diversidade &amp; Inclus\u00e3o:<\/strong> A Volkswagen desenvolve uma estrat\u00e9gia robusta de Diversidade &amp; Inclus\u00e3o, valorizando e respeitando as diferen\u00e7as entre todas as pessoas. Entre as a\u00e7\u00f5es, est\u00e3o cinco grupos de di\u00e1logo formados por nossas pessoas colaboradoras que atuam de forma volunt\u00e1ria para fomentar a\u00e7\u00f5es nos pilares g\u00eanero, LGBTQIAP+, gera\u00e7\u00f5es, ra\u00e7as &amp; etnias e PcD (Pessoas com Defici\u00eancia). Em 2022, a Volkswagen fez seu 1\u00ba Censo da Diversidade, com participa\u00e7\u00e3o volunt\u00e1ria e confidencial, mapeando o perfil dos colaboradores para promover a\u00e7\u00f5es direcionadas e tornar o ambiente de trabalho ainda mais inclusivo e estabeleceu sua estrat\u00e9gia de governan\u00e7a com a cria\u00e7\u00e3o de um Comit\u00ea de Diversidade &amp; Inclus\u00e3o.<\/p>\n<p>&nbsp;<\/p>\n<p><strong>VW Learning:<\/strong> \u00c9 a plataforma digital de aprendizagem dispon\u00edvel para 100% dos colaboradores Volkswagen. Conta com cursos dos mais diversos conte\u00fados, entre os quais aperfei\u00e7oamento de carreira, compet\u00eancias e habilidades comportamentais, incluindo ferramentas como v\u00eddeos, podcasts, livros digitais etc. H\u00e1 tamb\u00e9m cursos preparados pelos colaboradores para multiplicar conhecimento t\u00e9cnico das \u00e1reas.<\/p>\n<p>&nbsp;<\/p>\n<p><strong>Estrat\u00e9gia de neg\u00f3cios:<\/strong> A comunica\u00e7\u00e3o robusta para disseminar a estrat\u00e9gia da empresa, ACELERA VW, envolve todos os colaboradores de forma transparente e did\u00e1tica. Com foco nas batalhas Pessoas, Produto, Processos, Clientes e Sustentabilidade, a estrat\u00e9gia inclui projetos para que a VW seja uma das melhores empresas para trabalhar, para obter resultados financeiros sustent\u00e1veis, aumento da satisfa\u00e7\u00e3o dos clientes, descarboniza\u00e7\u00e3o nas f\u00e1bricas, aumentar a lideran\u00e7a feminina na VW, entre outros. (Coisas de Agora)<\/p>\n","protected":false},"excerpt":{"rendered":"<p>Coisas de Agora &nbsp; A Volkswagen do Brasil e o Grupo Volkswagen Argentina conquistaram a certifica\u00e7\u00e3o Top Employer 2023, se mantendo entre as melhores empresas para trabalhar e sendo empregadoras de refer\u00eancia em seus mercados. &nbsp; Este \u00e9 o 5\u00ba ano consecutivo em que a Volkswagen do Brasil conquista a certifica\u00e7\u00e3o Top Employer. Ao longo\u2026 <a class=\"readmore\" href=\"https:\/\/dana.com.br\/canaldana\/2023\/01\/20\/volkswagen-do-brasil-e-grupo-vw-argentina-sao-novamente-top-employer\/\">Leia mais \u00bb<\/a><\/p>\n","protected":false},"author":3,"featured_media":0,"comment_status":"closed","ping_status":"closed","sticky":false,"template":"","format":"standard","meta":{"_acf_changed":false,"footnotes":""},"categories":[101],"tags":[],"class_list":["post-63289","post","type-post","status-publish","format-standard","hentry","category-certificacao"],"acf":[],"yoast_head":"<!-- This site is optimized with the Yoast SEO plugin v27.3 - https:\/\/yoast.com\/product\/yoast-seo-wordpress\/ -->\n<title>Volkswagen do Brasil e Grupo VW Argentina s\u00e3o novamente Top Employer - Canal Dana<\/title>\n<meta name=\"robots\" content=\"index, follow, max-snippet:-1, max-image-preview:large, max-video-preview:-1\" \/>\n<link rel=\"canonical\" href=\"https:\/\/dana.com.br\/canaldana\/2023\/01\/20\/volkswagen-do-brasil-e-grupo-vw-argentina-sao-novamente-top-employer\/\" \/>\n<meta property=\"og:locale\" content=\"pt_BR\" \/>\n<meta property=\"og:type\" content=\"article\" \/>\n<meta property=\"og:title\" content=\"Volkswagen do Brasil e Grupo VW Argentina s\u00e3o novamente Top Employer - Canal Dana\" \/>\n<meta property=\"og:description\" content=\"Coisas de Agora &nbsp; A Volkswagen do Brasil e o Grupo Volkswagen Argentina conquistaram a certifica\u00e7\u00e3o Top Employer 2023, se mantendo entre as melhores empresas para trabalhar e sendo empregadoras de refer\u00eancia em seus mercados. &nbsp; Este \u00e9 o 5\u00ba ano consecutivo em que a Volkswagen do Brasil conquista a certifica\u00e7\u00e3o Top Employer. Ao longo\u2026 Leia mais \u00bb\" \/>\n<meta property=\"og:url\" content=\"https:\/\/dana.com.br\/canaldana\/2023\/01\/20\/volkswagen-do-brasil-e-grupo-vw-argentina-sao-novamente-top-employer\/\" \/>\n<meta property=\"og:site_name\" content=\"Canal Dana\" \/>\n<meta property=\"article:published_time\" content=\"2023-01-20T12:11:30+00:00\" \/>\n<meta name=\"author\" content=\"Canal Dana\" \/>\n<meta name=\"twitter:card\" content=\"summary_large_image\" \/>\n<meta name=\"twitter:label1\" content=\"Escrito por\" \/>\n\t<meta name=\"twitter:data1\" content=\"Canal Dana\" \/>\n\t<meta name=\"twitter:label2\" content=\"Est. tempo de leitura\" \/>\n\t<meta name=\"twitter:data2\" content=\"5 minutos\" \/>\n<script type=\"application\/ld+json\" class=\"yoast-schema-graph\">{\"@context\":\"https:\\\/\\\/schema.org\",\"@graph\":[{\"@type\":\"Article\",\"@id\":\"https:\\\/\\\/dana.com.br\\\/canaldana\\\/2023\\\/01\\\/20\\\/volkswagen-do-brasil-e-grupo-vw-argentina-sao-novamente-top-employer\\\/#article\",\"isPartOf\":{\"@id\":\"https:\\\/\\\/dana.com.br\\\/canaldana\\\/2023\\\/01\\\/20\\\/volkswagen-do-brasil-e-grupo-vw-argentina-sao-novamente-top-employer\\\/\"},\"author\":{\"name\":\"Canal Dana\",\"@id\":\"https:\\\/\\\/dana.com.br\\\/canaldana\\\/#\\\/schema\\\/person\\\/3c21f22f56fcf3bc46b94bc60ea4fef6\"},\"headline\":\"Volkswagen do Brasil e Grupo VW Argentina s\u00e3o novamente Top Employer\",\"datePublished\":\"2023-01-20T12:11:30+00:00\",\"mainEntityOfPage\":{\"@id\":\"https:\\\/\\\/dana.com.br\\\/canaldana\\\/2023\\\/01\\\/20\\\/volkswagen-do-brasil-e-grupo-vw-argentina-sao-novamente-top-employer\\\/\"},\"wordCount\":884,\"articleSection\":[\"Certifica\u00e7\u00e3o\"],\"inLanguage\":\"pt-BR\"},{\"@type\":\"WebPage\",\"@id\":\"https:\\\/\\\/dana.com.br\\\/canaldana\\\/2023\\\/01\\\/20\\\/volkswagen-do-brasil-e-grupo-vw-argentina-sao-novamente-top-employer\\\/\",\"url\":\"https:\\\/\\\/dana.com.br\\\/canaldana\\\/2023\\\/01\\\/20\\\/volkswagen-do-brasil-e-grupo-vw-argentina-sao-novamente-top-employer\\\/\",\"name\":\"Volkswagen do Brasil e Grupo VW Argentina s\u00e3o novamente Top Employer - Canal Dana\",\"isPartOf\":{\"@id\":\"https:\\\/\\\/dana.com.br\\\/canaldana\\\/#website\"},\"datePublished\":\"2023-01-20T12:11:30+00:00\",\"author\":{\"@id\":\"https:\\\/\\\/dana.com.br\\\/canaldana\\\/#\\\/schema\\\/person\\\/3c21f22f56fcf3bc46b94bc60ea4fef6\"},\"breadcrumb\":{\"@id\":\"https:\\\/\\\/dana.com.br\\\/canaldana\\\/2023\\\/01\\\/20\\\/volkswagen-do-brasil-e-grupo-vw-argentina-sao-novamente-top-employer\\\/#breadcrumb\"},\"inLanguage\":\"pt-BR\",\"potentialAction\":[{\"@type\":\"ReadAction\",\"target\":[\"https:\\\/\\\/dana.com.br\\\/canaldana\\\/2023\\\/01\\\/20\\\/volkswagen-do-brasil-e-grupo-vw-argentina-sao-novamente-top-employer\\\/\"]}]},{\"@type\":\"BreadcrumbList\",\"@id\":\"https:\\\/\\\/dana.com.br\\\/canaldana\\\/2023\\\/01\\\/20\\\/volkswagen-do-brasil-e-grupo-vw-argentina-sao-novamente-top-employer\\\/#breadcrumb\",\"itemListElement\":[{\"@type\":\"ListItem\",\"position\":1,\"name\":\"Home\",\"item\":\"https:\\\/\\\/dana.com.br\\\/canaldana\\\/\"},{\"@type\":\"ListItem\",\"position\":2,\"name\":\"Certifica\u00e7\u00e3o\",\"item\":\"https:\\\/\\\/dana.com.br\\\/canaldana\\\/certificacao\\\/\"},{\"@type\":\"ListItem\",\"position\":3,\"name\":\"Volkswagen do Brasil e Grupo VW Argentina s\u00e3o novamente Top Employer\"}]},{\"@type\":\"WebSite\",\"@id\":\"https:\\\/\\\/dana.com.br\\\/canaldana\\\/#website\",\"url\":\"https:\\\/\\\/dana.com.br\\\/canaldana\\\/\",\"name\":\"Canal Dana\",\"description\":\"Informativo com as principais not\u00edcias da ind\u00fastria automotiva\",\"potentialAction\":[{\"@type\":\"SearchAction\",\"target\":{\"@type\":\"EntryPoint\",\"urlTemplate\":\"https:\\\/\\\/dana.com.br\\\/canaldana\\\/?s={search_term_string}\"},\"query-input\":{\"@type\":\"PropertyValueSpecification\",\"valueRequired\":true,\"valueName\":\"search_term_string\"}}],\"inLanguage\":\"pt-BR\"},{\"@type\":\"Person\",\"@id\":\"https:\\\/\\\/dana.com.br\\\/canaldana\\\/#\\\/schema\\\/person\\\/3c21f22f56fcf3bc46b94bc60ea4fef6\",\"name\":\"Canal Dana\",\"image\":{\"@type\":\"ImageObject\",\"inLanguage\":\"pt-BR\",\"@id\":\"https:\\\/\\\/secure.gravatar.com\\\/avatar\\\/420aaf9278582877d9018637c6817617705899d2858d7572ef0fe59a6b6454b4?s=96&d=mm&r=g\",\"url\":\"https:\\\/\\\/secure.gravatar.com\\\/avatar\\\/420aaf9278582877d9018637c6817617705899d2858d7572ef0fe59a6b6454b4?s=96&d=mm&r=g\",\"contentUrl\":\"https:\\\/\\\/secure.gravatar.com\\\/avatar\\\/420aaf9278582877d9018637c6817617705899d2858d7572ef0fe59a6b6454b4?s=96&d=mm&r=g\",\"caption\":\"Canal Dana\"},\"url\":\"https:\\\/\\\/dana.com.br\\\/canaldana\\\/author\\\/cdeditor\\\/\"}]}<\/script>\n<!-- \/ Yoast SEO plugin. -->","yoast_head_json":{"title":"Volkswagen do Brasil e Grupo VW Argentina s\u00e3o novamente Top Employer - Canal Dana","robots":{"index":"index","follow":"follow","max-snippet":"max-snippet:-1","max-image-preview":"max-image-preview:large","max-video-preview":"max-video-preview:-1"},"canonical":"https:\/\/dana.com.br\/canaldana\/2023\/01\/20\/volkswagen-do-brasil-e-grupo-vw-argentina-sao-novamente-top-employer\/","og_locale":"pt_BR","og_type":"article","og_title":"Volkswagen do Brasil e Grupo VW Argentina s\u00e3o novamente Top Employer - Canal Dana","og_description":"Coisas de Agora &nbsp; A Volkswagen do Brasil e o Grupo Volkswagen Argentina conquistaram a certifica\u00e7\u00e3o Top Employer 2023, se mantendo entre as melhores empresas para trabalhar e sendo empregadoras de refer\u00eancia em seus mercados. &nbsp; Este \u00e9 o 5\u00ba ano consecutivo em que a Volkswagen do Brasil conquista a certifica\u00e7\u00e3o Top Employer. Ao longo\u2026 Leia mais \u00bb","og_url":"https:\/\/dana.com.br\/canaldana\/2023\/01\/20\/volkswagen-do-brasil-e-grupo-vw-argentina-sao-novamente-top-employer\/","og_site_name":"Canal Dana","article_published_time":"2023-01-20T12:11:30+00:00","author":"Canal Dana","twitter_card":"summary_large_image","twitter_misc":{"Escrito por":"Canal Dana","Est. tempo de leitura":"5 minutos"},"schema":{"@context":"https:\/\/schema.org","@graph":[{"@type":"Article","@id":"https:\/\/dana.com.br\/canaldana\/2023\/01\/20\/volkswagen-do-brasil-e-grupo-vw-argentina-sao-novamente-top-employer\/#article","isPartOf":{"@id":"https:\/\/dana.com.br\/canaldana\/2023\/01\/20\/volkswagen-do-brasil-e-grupo-vw-argentina-sao-novamente-top-employer\/"},"author":{"name":"Canal Dana","@id":"https:\/\/dana.com.br\/canaldana\/#\/schema\/person\/3c21f22f56fcf3bc46b94bc60ea4fef6"},"headline":"Volkswagen do Brasil e Grupo VW Argentina s\u00e3o novamente Top Employer","datePublished":"2023-01-20T12:11:30+00:00","mainEntityOfPage":{"@id":"https:\/\/dana.com.br\/canaldana\/2023\/01\/20\/volkswagen-do-brasil-e-grupo-vw-argentina-sao-novamente-top-employer\/"},"wordCount":884,"articleSection":["Certifica\u00e7\u00e3o"],"inLanguage":"pt-BR"},{"@type":"WebPage","@id":"https:\/\/dana.com.br\/canaldana\/2023\/01\/20\/volkswagen-do-brasil-e-grupo-vw-argentina-sao-novamente-top-employer\/","url":"https:\/\/dana.com.br\/canaldana\/2023\/01\/20\/volkswagen-do-brasil-e-grupo-vw-argentina-sao-novamente-top-employer\/","name":"Volkswagen do Brasil e Grupo VW Argentina s\u00e3o novamente Top Employer - Canal Dana","isPartOf":{"@id":"https:\/\/dana.com.br\/canaldana\/#website"},"datePublished":"2023-01-20T12:11:30+00:00","author":{"@id":"https:\/\/dana.com.br\/canaldana\/#\/schema\/person\/3c21f22f56fcf3bc46b94bc60ea4fef6"},"breadcrumb":{"@id":"https:\/\/dana.com.br\/canaldana\/2023\/01\/20\/volkswagen-do-brasil-e-grupo-vw-argentina-sao-novamente-top-employer\/#breadcrumb"},"inLanguage":"pt-BR","potentialAction":[{"@type":"ReadAction","target":["https:\/\/dana.com.br\/canaldana\/2023\/01\/20\/volkswagen-do-brasil-e-grupo-vw-argentina-sao-novamente-top-employer\/"]}]},{"@type":"BreadcrumbList","@id":"https:\/\/dana.com.br\/canaldana\/2023\/01\/20\/volkswagen-do-brasil-e-grupo-vw-argentina-sao-novamente-top-employer\/#breadcrumb","itemListElement":[{"@type":"ListItem","position":1,"name":"Home","item":"https:\/\/dana.com.br\/canaldana\/"},{"@type":"ListItem","position":2,"name":"Certifica\u00e7\u00e3o","item":"https:\/\/dana.com.br\/canaldana\/certificacao\/"},{"@type":"ListItem","position":3,"name":"Volkswagen do Brasil e Grupo VW Argentina s\u00e3o novamente Top Employer"}]},{"@type":"WebSite","@id":"https:\/\/dana.com.br\/canaldana\/#website","url":"https:\/\/dana.com.br\/canaldana\/","name":"Canal Dana","description":"Informativo com as principais not\u00edcias da ind\u00fastria automotiva","potentialAction":[{"@type":"SearchAction","target":{"@type":"EntryPoint","urlTemplate":"https:\/\/dana.com.br\/canaldana\/?s={search_term_string}"},"query-input":{"@type":"PropertyValueSpecification","valueRequired":true,"valueName":"search_term_string"}}],"inLanguage":"pt-BR"},{"@type":"Person","@id":"https:\/\/dana.com.br\/canaldana\/#\/schema\/person\/3c21f22f56fcf3bc46b94bc60ea4fef6","name":"Canal Dana","image":{"@type":"ImageObject","inLanguage":"pt-BR","@id":"https:\/\/secure.gravatar.com\/avatar\/420aaf9278582877d9018637c6817617705899d2858d7572ef0fe59a6b6454b4?s=96&d=mm&r=g","url":"https:\/\/secure.gravatar.com\/avatar\/420aaf9278582877d9018637c6817617705899d2858d7572ef0fe59a6b6454b4?s=96&d=mm&r=g","contentUrl":"https:\/\/secure.gravatar.com\/avatar\/420aaf9278582877d9018637c6817617705899d2858d7572ef0fe59a6b6454b4?s=96&d=mm&r=g","caption":"Canal Dana"},"url":"https:\/\/dana.com.br\/canaldana\/author\/cdeditor\/"}]}},"_links":{"self":[{"href":"https:\/\/dana.com.br\/canaldana\/wp-json\/wp\/v2\/posts\/63289","targetHints":{"allow":["GET"]}}],"collection":[{"href":"https:\/\/dana.com.br\/canaldana\/wp-json\/wp\/v2\/posts"}],"about":[{"href":"https:\/\/dana.com.br\/canaldana\/wp-json\/wp\/v2\/types\/post"}],"author":[{"embeddable":true,"href":"https:\/\/dana.com.br\/canaldana\/wp-json\/wp\/v2\/users\/3"}],"replies":[{"embeddable":true,"href":"https:\/\/dana.com.br\/canaldana\/wp-json\/wp\/v2\/comments?post=63289"}],"version-history":[{"count":0,"href":"https:\/\/dana.com.br\/canaldana\/wp-json\/wp\/v2\/posts\/63289\/revisions"}],"wp:attachment":[{"href":"https:\/\/dana.com.br\/canaldana\/wp-json\/wp\/v2\/media?parent=63289"}],"wp:term":[{"taxonomy":"category","embeddable":true,"href":"https:\/\/dana.com.br\/canaldana\/wp-json\/wp\/v2\/categories?post=63289"},{"taxonomy":"post_tag","embeddable":true,"href":"https:\/\/dana.com.br\/canaldana\/wp-json\/wp\/v2\/tags?post=63289"}],"curies":[{"name":"wp","href":"https:\/\/api.w.org\/{rel}","templated":true}]}}