{"id":63283,"date":"2023-01-19T08:42:50","date_gmt":"2023-01-19T11:42:50","guid":{"rendered":"https:\/\/dana.com.br\/canaldana\/?p=63283"},"modified":"2023-01-19T08:42:50","modified_gmt":"2023-01-19T11:42:50","slug":"renault-e-parceiras-instalam-eletropostos-para-motoristas-de-aplicativo","status":"publish","type":"post","link":"https:\/\/dana.com.br\/canaldana\/2023\/01\/19\/renault-e-parceiras-instalam-eletropostos-para-motoristas-de-aplicativo\/","title":{"rendered":"Renault e parceiras instalam eletropostos para motoristas de aplicativo"},"content":{"rendered":"<p><em>AutoInd\u00fastria<\/em><\/p>\n<p>&nbsp;<\/p>\n<p>Renault, por meio de sua marca Mobilize, Zarp Localiza, Uber, Carrefour, Ra\u00edzen e Tupinamb\u00e1 entregam os dois primeiros espa\u00e7os para carregamento de ve\u00edculos el\u00e9tricos utilizados por motoristas de aplicativos. A iniciativa concretiza os primeiros passos de projeto de mobilidade el\u00e9trica na Am\u00e9rica Latina apresentado em setembro do ano passado, no Renault E-Tech 100% Electric Days, no Parque do Ibirapuera, em S\u00e3o Paulo.<\/p>\n<p>&nbsp;<\/p>\n<p>As unidades rec\u00e9m-instaladas ficam em lojas do Carrefour da capital paulista (unidades Giovanni Gronchi e Imigrantes). Concebidos tamb\u00e9m para funcionar como \u00e1rea de descanso, os eletropostos abrigam duas esta\u00e7\u00f5es de recarga ultrarr\u00e1pida (40 minutos para garantir 80% da capacidade da bateria), poltronas, tomadas para carregamento de celular e rede de internet wi-fi.<\/p>\n<p>&nbsp;<\/p>\n<p>Aos clientes da Zarp Localiza, servi\u00e7o da locadora voltado para o motorista de aplicativo, o carregamento do ve\u00edculo \u00e9 gratuito.<\/p>\n<p>&nbsp;<\/p>\n<p>\u201cEsse projeto \u00e9 de extrema import\u00e2ncia para n\u00f3s, pois se torna uma rica fonte de conhecimento sobre os h\u00e1bitos de uso dos motoristas de aplicativo com o Kwid E-Tech, permitindo melhorias em nossos servi\u00e7os j\u00e1 ofertados e at\u00e9 mesmo a cria\u00e7\u00e3o de in\u00e9ditas solu\u00e7\u00f5es futuras\u201d, resume em nota Ricardo Mendes, da Mobilize Beyond Automotive.<\/p>\n<p>&nbsp;<\/p>\n<p>Desde o lan\u00e7amento do projeto, a Renault j\u00e1 disp\u00f4s de 80 unidades do el\u00e9trico Kwid E-Tech a motoristas de Uber da cidade de S\u00e3o Paulo, todos via assinatura do Renault on Demand. A empresa projeta ao menos 200 outros modelos em circula\u00e7\u00e3o nos pr\u00f3ximos meses. (AutoInd\u00fastria)<\/p>\n","protected":false},"excerpt":{"rendered":"<p>AutoInd\u00fastria &nbsp; Renault, por meio de sua marca Mobilize, Zarp Localiza, Uber, Carrefour, Ra\u00edzen e Tupinamb\u00e1 entregam os dois primeiros espa\u00e7os para carregamento de ve\u00edculos el\u00e9tricos utilizados por motoristas de aplicativos. A iniciativa concretiza os primeiros passos de projeto de mobilidade el\u00e9trica na Am\u00e9rica Latina apresentado em setembro do ano passado, no Renault E-Tech 100%\u2026 <a class=\"readmore\" href=\"https:\/\/dana.com.br\/canaldana\/2023\/01\/19\/renault-e-parceiras-instalam-eletropostos-para-motoristas-de-aplicativo\/\">Leia mais \u00bb<\/a><\/p>\n","protected":false},"author":3,"featured_media":0,"comment_status":"closed","ping_status":"closed","sticky":false,"template":"","format":"standard","meta":{"_acf_changed":false,"footnotes":""},"categories":[61],"tags":[],"class_list":["post-63283","post","type-post","status-publish","format-standard","hentry","category-destaques"],"acf":[],"yoast_head":"<!-- This site is optimized with the Yoast SEO plugin v27.3 - https:\/\/yoast.com\/product\/yoast-seo-wordpress\/ -->\n<title>Renault e parceiras instalam eletropostos para motoristas de aplicativo - Canal Dana<\/title>\n<meta name=\"robots\" content=\"index, follow, max-snippet:-1, max-image-preview:large, max-video-preview:-1\" \/>\n<link rel=\"canonical\" href=\"https:\/\/dana.com.br\/canaldana\/2023\/01\/19\/renault-e-parceiras-instalam-eletropostos-para-motoristas-de-aplicativo\/\" \/>\n<meta property=\"og:locale\" content=\"pt_BR\" \/>\n<meta property=\"og:type\" content=\"article\" \/>\n<meta property=\"og:title\" content=\"Renault e parceiras instalam eletropostos para motoristas de aplicativo - Canal Dana\" \/>\n<meta property=\"og:description\" content=\"AutoInd\u00fastria &nbsp; Renault, por meio de sua marca Mobilize, Zarp Localiza, Uber, Carrefour, Ra\u00edzen e Tupinamb\u00e1 entregam os dois primeiros espa\u00e7os para carregamento de ve\u00edculos el\u00e9tricos utilizados por motoristas de aplicativos. A iniciativa concretiza os primeiros passos de projeto de mobilidade el\u00e9trica na Am\u00e9rica Latina apresentado em setembro do ano passado, no Renault E-Tech 100%\u2026 Leia mais \u00bb\" \/>\n<meta property=\"og:url\" content=\"https:\/\/dana.com.br\/canaldana\/2023\/01\/19\/renault-e-parceiras-instalam-eletropostos-para-motoristas-de-aplicativo\/\" \/>\n<meta property=\"og:site_name\" content=\"Canal Dana\" \/>\n<meta property=\"article:published_time\" content=\"2023-01-19T11:42:50+00:00\" \/>\n<meta name=\"author\" content=\"Canal Dana\" \/>\n<meta name=\"twitter:card\" content=\"summary_large_image\" \/>\n<meta name=\"twitter:label1\" content=\"Escrito por\" \/>\n\t<meta name=\"twitter:data1\" content=\"Canal Dana\" \/>\n\t<meta name=\"twitter:label2\" content=\"Est. tempo de leitura\" \/>\n\t<meta name=\"twitter:data2\" content=\"1 minuto\" \/>\n<script type=\"application\/ld+json\" class=\"yoast-schema-graph\">{\"@context\":\"https:\\\/\\\/schema.org\",\"@graph\":[{\"@type\":\"Article\",\"@id\":\"https:\\\/\\\/dana.com.br\\\/canaldana\\\/2023\\\/01\\\/19\\\/renault-e-parceiras-instalam-eletropostos-para-motoristas-de-aplicativo\\\/#article\",\"isPartOf\":{\"@id\":\"https:\\\/\\\/dana.com.br\\\/canaldana\\\/2023\\\/01\\\/19\\\/renault-e-parceiras-instalam-eletropostos-para-motoristas-de-aplicativo\\\/\"},\"author\":{\"name\":\"Canal Dana\",\"@id\":\"https:\\\/\\\/dana.com.br\\\/canaldana\\\/#\\\/schema\\\/person\\\/3c21f22f56fcf3bc46b94bc60ea4fef6\"},\"headline\":\"Renault e parceiras instalam eletropostos para motoristas de aplicativo\",\"datePublished\":\"2023-01-19T11:42:50+00:00\",\"mainEntityOfPage\":{\"@id\":\"https:\\\/\\\/dana.com.br\\\/canaldana\\\/2023\\\/01\\\/19\\\/renault-e-parceiras-instalam-eletropostos-para-motoristas-de-aplicativo\\\/\"},\"wordCount\":270,\"articleSection\":[\"Destaques\"],\"inLanguage\":\"pt-BR\"},{\"@type\":\"WebPage\",\"@id\":\"https:\\\/\\\/dana.com.br\\\/canaldana\\\/2023\\\/01\\\/19\\\/renault-e-parceiras-instalam-eletropostos-para-motoristas-de-aplicativo\\\/\",\"url\":\"https:\\\/\\\/dana.com.br\\\/canaldana\\\/2023\\\/01\\\/19\\\/renault-e-parceiras-instalam-eletropostos-para-motoristas-de-aplicativo\\\/\",\"name\":\"Renault e parceiras instalam eletropostos para motoristas de aplicativo - Canal Dana\",\"isPartOf\":{\"@id\":\"https:\\\/\\\/dana.com.br\\\/canaldana\\\/#website\"},\"datePublished\":\"2023-01-19T11:42:50+00:00\",\"author\":{\"@id\":\"https:\\\/\\\/dana.com.br\\\/canaldana\\\/#\\\/schema\\\/person\\\/3c21f22f56fcf3bc46b94bc60ea4fef6\"},\"breadcrumb\":{\"@id\":\"https:\\\/\\\/dana.com.br\\\/canaldana\\\/2023\\\/01\\\/19\\\/renault-e-parceiras-instalam-eletropostos-para-motoristas-de-aplicativo\\\/#breadcrumb\"},\"inLanguage\":\"pt-BR\",\"potentialAction\":[{\"@type\":\"ReadAction\",\"target\":[\"https:\\\/\\\/dana.com.br\\\/canaldana\\\/2023\\\/01\\\/19\\\/renault-e-parceiras-instalam-eletropostos-para-motoristas-de-aplicativo\\\/\"]}]},{\"@type\":\"BreadcrumbList\",\"@id\":\"https:\\\/\\\/dana.com.br\\\/canaldana\\\/2023\\\/01\\\/19\\\/renault-e-parceiras-instalam-eletropostos-para-motoristas-de-aplicativo\\\/#breadcrumb\",\"itemListElement\":[{\"@type\":\"ListItem\",\"position\":1,\"name\":\"Home\",\"item\":\"https:\\\/\\\/dana.com.br\\\/canaldana\\\/\"},{\"@type\":\"ListItem\",\"position\":2,\"name\":\"Destaques\",\"item\":\"https:\\\/\\\/dana.com.br\\\/canaldana\\\/destaques\\\/\"},{\"@type\":\"ListItem\",\"position\":3,\"name\":\"Renault e parceiras instalam eletropostos para motoristas de aplicativo\"}]},{\"@type\":\"WebSite\",\"@id\":\"https:\\\/\\\/dana.com.br\\\/canaldana\\\/#website\",\"url\":\"https:\\\/\\\/dana.com.br\\\/canaldana\\\/\",\"name\":\"Canal Dana\",\"description\":\"Informativo com as principais not\u00edcias da ind\u00fastria automotiva\",\"potentialAction\":[{\"@type\":\"SearchAction\",\"target\":{\"@type\":\"EntryPoint\",\"urlTemplate\":\"https:\\\/\\\/dana.com.br\\\/canaldana\\\/?s={search_term_string}\"},\"query-input\":{\"@type\":\"PropertyValueSpecification\",\"valueRequired\":true,\"valueName\":\"search_term_string\"}}],\"inLanguage\":\"pt-BR\"},{\"@type\":\"Person\",\"@id\":\"https:\\\/\\\/dana.com.br\\\/canaldana\\\/#\\\/schema\\\/person\\\/3c21f22f56fcf3bc46b94bc60ea4fef6\",\"name\":\"Canal Dana\",\"image\":{\"@type\":\"ImageObject\",\"inLanguage\":\"pt-BR\",\"@id\":\"https:\\\/\\\/secure.gravatar.com\\\/avatar\\\/420aaf9278582877d9018637c6817617705899d2858d7572ef0fe59a6b6454b4?s=96&d=mm&r=g\",\"url\":\"https:\\\/\\\/secure.gravatar.com\\\/avatar\\\/420aaf9278582877d9018637c6817617705899d2858d7572ef0fe59a6b6454b4?s=96&d=mm&r=g\",\"contentUrl\":\"https:\\\/\\\/secure.gravatar.com\\\/avatar\\\/420aaf9278582877d9018637c6817617705899d2858d7572ef0fe59a6b6454b4?s=96&d=mm&r=g\",\"caption\":\"Canal Dana\"},\"url\":\"https:\\\/\\\/dana.com.br\\\/canaldana\\\/author\\\/cdeditor\\\/\"}]}<\/script>\n<!-- \/ Yoast SEO plugin. -->","yoast_head_json":{"title":"Renault e parceiras instalam eletropostos para motoristas de aplicativo - Canal Dana","robots":{"index":"index","follow":"follow","max-snippet":"max-snippet:-1","max-image-preview":"max-image-preview:large","max-video-preview":"max-video-preview:-1"},"canonical":"https:\/\/dana.com.br\/canaldana\/2023\/01\/19\/renault-e-parceiras-instalam-eletropostos-para-motoristas-de-aplicativo\/","og_locale":"pt_BR","og_type":"article","og_title":"Renault e parceiras instalam eletropostos para motoristas de aplicativo - Canal Dana","og_description":"AutoInd\u00fastria &nbsp; Renault, por meio de sua marca Mobilize, Zarp Localiza, Uber, Carrefour, Ra\u00edzen e Tupinamb\u00e1 entregam os dois primeiros espa\u00e7os para carregamento de ve\u00edculos el\u00e9tricos utilizados por motoristas de aplicativos. A iniciativa concretiza os primeiros passos de projeto de mobilidade el\u00e9trica na Am\u00e9rica Latina apresentado em setembro do ano passado, no Renault E-Tech 100%\u2026 Leia mais \u00bb","og_url":"https:\/\/dana.com.br\/canaldana\/2023\/01\/19\/renault-e-parceiras-instalam-eletropostos-para-motoristas-de-aplicativo\/","og_site_name":"Canal Dana","article_published_time":"2023-01-19T11:42:50+00:00","author":"Canal Dana","twitter_card":"summary_large_image","twitter_misc":{"Escrito por":"Canal Dana","Est. tempo de leitura":"1 minuto"},"schema":{"@context":"https:\/\/schema.org","@graph":[{"@type":"Article","@id":"https:\/\/dana.com.br\/canaldana\/2023\/01\/19\/renault-e-parceiras-instalam-eletropostos-para-motoristas-de-aplicativo\/#article","isPartOf":{"@id":"https:\/\/dana.com.br\/canaldana\/2023\/01\/19\/renault-e-parceiras-instalam-eletropostos-para-motoristas-de-aplicativo\/"},"author":{"name":"Canal Dana","@id":"https:\/\/dana.com.br\/canaldana\/#\/schema\/person\/3c21f22f56fcf3bc46b94bc60ea4fef6"},"headline":"Renault e parceiras instalam eletropostos para motoristas de aplicativo","datePublished":"2023-01-19T11:42:50+00:00","mainEntityOfPage":{"@id":"https:\/\/dana.com.br\/canaldana\/2023\/01\/19\/renault-e-parceiras-instalam-eletropostos-para-motoristas-de-aplicativo\/"},"wordCount":270,"articleSection":["Destaques"],"inLanguage":"pt-BR"},{"@type":"WebPage","@id":"https:\/\/dana.com.br\/canaldana\/2023\/01\/19\/renault-e-parceiras-instalam-eletropostos-para-motoristas-de-aplicativo\/","url":"https:\/\/dana.com.br\/canaldana\/2023\/01\/19\/renault-e-parceiras-instalam-eletropostos-para-motoristas-de-aplicativo\/","name":"Renault e parceiras instalam eletropostos para motoristas de aplicativo - Canal Dana","isPartOf":{"@id":"https:\/\/dana.com.br\/canaldana\/#website"},"datePublished":"2023-01-19T11:42:50+00:00","author":{"@id":"https:\/\/dana.com.br\/canaldana\/#\/schema\/person\/3c21f22f56fcf3bc46b94bc60ea4fef6"},"breadcrumb":{"@id":"https:\/\/dana.com.br\/canaldana\/2023\/01\/19\/renault-e-parceiras-instalam-eletropostos-para-motoristas-de-aplicativo\/#breadcrumb"},"inLanguage":"pt-BR","potentialAction":[{"@type":"ReadAction","target":["https:\/\/dana.com.br\/canaldana\/2023\/01\/19\/renault-e-parceiras-instalam-eletropostos-para-motoristas-de-aplicativo\/"]}]},{"@type":"BreadcrumbList","@id":"https:\/\/dana.com.br\/canaldana\/2023\/01\/19\/renault-e-parceiras-instalam-eletropostos-para-motoristas-de-aplicativo\/#breadcrumb","itemListElement":[{"@type":"ListItem","position":1,"name":"Home","item":"https:\/\/dana.com.br\/canaldana\/"},{"@type":"ListItem","position":2,"name":"Destaques","item":"https:\/\/dana.com.br\/canaldana\/destaques\/"},{"@type":"ListItem","position":3,"name":"Renault e parceiras instalam eletropostos para motoristas de aplicativo"}]},{"@type":"WebSite","@id":"https:\/\/dana.com.br\/canaldana\/#website","url":"https:\/\/dana.com.br\/canaldana\/","name":"Canal Dana","description":"Informativo com as principais not\u00edcias da ind\u00fastria automotiva","potentialAction":[{"@type":"SearchAction","target":{"@type":"EntryPoint","urlTemplate":"https:\/\/dana.com.br\/canaldana\/?s={search_term_string}"},"query-input":{"@type":"PropertyValueSpecification","valueRequired":true,"valueName":"search_term_string"}}],"inLanguage":"pt-BR"},{"@type":"Person","@id":"https:\/\/dana.com.br\/canaldana\/#\/schema\/person\/3c21f22f56fcf3bc46b94bc60ea4fef6","name":"Canal Dana","image":{"@type":"ImageObject","inLanguage":"pt-BR","@id":"https:\/\/secure.gravatar.com\/avatar\/420aaf9278582877d9018637c6817617705899d2858d7572ef0fe59a6b6454b4?s=96&d=mm&r=g","url":"https:\/\/secure.gravatar.com\/avatar\/420aaf9278582877d9018637c6817617705899d2858d7572ef0fe59a6b6454b4?s=96&d=mm&r=g","contentUrl":"https:\/\/secure.gravatar.com\/avatar\/420aaf9278582877d9018637c6817617705899d2858d7572ef0fe59a6b6454b4?s=96&d=mm&r=g","caption":"Canal Dana"},"url":"https:\/\/dana.com.br\/canaldana\/author\/cdeditor\/"}]}},"_links":{"self":[{"href":"https:\/\/dana.com.br\/canaldana\/wp-json\/wp\/v2\/posts\/63283","targetHints":{"allow":["GET"]}}],"collection":[{"href":"https:\/\/dana.com.br\/canaldana\/wp-json\/wp\/v2\/posts"}],"about":[{"href":"https:\/\/dana.com.br\/canaldana\/wp-json\/wp\/v2\/types\/post"}],"author":[{"embeddable":true,"href":"https:\/\/dana.com.br\/canaldana\/wp-json\/wp\/v2\/users\/3"}],"replies":[{"embeddable":true,"href":"https:\/\/dana.com.br\/canaldana\/wp-json\/wp\/v2\/comments?post=63283"}],"version-history":[{"count":0,"href":"https:\/\/dana.com.br\/canaldana\/wp-json\/wp\/v2\/posts\/63283\/revisions"}],"wp:attachment":[{"href":"https:\/\/dana.com.br\/canaldana\/wp-json\/wp\/v2\/media?parent=63283"}],"wp:term":[{"taxonomy":"category","embeddable":true,"href":"https:\/\/dana.com.br\/canaldana\/wp-json\/wp\/v2\/categories?post=63283"},{"taxonomy":"post_tag","embeddable":true,"href":"https:\/\/dana.com.br\/canaldana\/wp-json\/wp\/v2\/tags?post=63283"}],"curies":[{"name":"wp","href":"https:\/\/api.w.org\/{rel}","templated":true}]}}