{"id":63224,"date":"2023-01-17T08:36:04","date_gmt":"2023-01-17T11:36:04","guid":{"rendered":"https:\/\/dana.com.br\/canaldana\/?p=63224"},"modified":"2023-01-17T08:36:04","modified_gmt":"2023-01-17T11:36:04","slug":"gm-inicia-a-producao-da-nova-montana-no-abc-paulista","status":"publish","type":"post","link":"https:\/\/dana.com.br\/canaldana\/2023\/01\/17\/gm-inicia-a-producao-da-nova-montana-no-abc-paulista\/","title":{"rendered":"GM inicia a produ\u00e7\u00e3o da nova Montana no ABC paulista"},"content":{"rendered":"<p><em>AutoInd\u00fastria<\/em><\/p>\n<p>&nbsp;<\/p>\n<p>Com lan\u00e7amento na rede de concession\u00e1rios programado para meados do pr\u00f3ximo m\u00eas, a nova Montana j\u00e1 est\u00e1 sendo produzida na f\u00e1brica da General Motors em S\u00e3o Caetano do Sul, no ABC paulista. Em comunicado divulgado nesta segunda-feira, 16, a montadora informa que as primeiras 2 mil unidades da picape ser\u00e3o entregues aos compradores que se inscreveram na pr\u00e9-venda aberta no final de 2022.<\/p>\n<p>&nbsp;<\/p>\n<p>\u201cA nova Montana \u00e9 considerada o lan\u00e7amento mais aguardado de 2023, tanto por seu conceito inovador como por seu grande potencial de mercado\u201d, avalia Kleusner Lopes, diretor de vendas nacional da GM. \u201cAl\u00e9m do lote inaugural da fase de pr\u00e9-venda, temos outros milhares de pedidos registrados na rede Chevrolet. Vamos trabalhar em ritmo acelerado para conseguir atender a todos no menor tempo poss\u00edvel\u201d, garantiu o executivo, sem revelar n\u00fameros relativos a anunciada fila de espera.<\/p>\n<p>&nbsp;<\/p>\n<p>A GM vem divulgando como principal diferencial do modelo o fato de unir conforto e dirigibilidade de um SUV com a robustez e a versatilidade de uma verdadeira picape. A nova Montana oferece ca\u00e7amba inteligente Multi-Flex, desenvolvida para ser utilizada como uma esp\u00e9cie de porta-malas gigante. Ela traz um sistema avan\u00e7ado de veda\u00e7\u00e3o de capota mar\u00edtima, que reduz o risco de entrar \u00e1gua.<\/p>\n<p>&nbsp;<\/p>\n<p>A nova Montana vem para concorrer com a Fiat Toro e outros modelos do segmento, devendo contribuir para ganhos de participa\u00e7\u00e3o da marca Chevrolet no Pa\u00eds.<\/p>\n<p>&nbsp;<\/p>\n<p>A nova picape ter\u00e1 quatro vers\u00f5es \u2013\u00a0 duas com transmiss\u00e3o autom\u00e1tica (Premier e LTZ) e duas com transmiss\u00e3o manual (LTmotor e LS) -, todas com motor turbo, seis airbags e Wi-Fi e OnStar, entre outros itens de s\u00e9rie.<\/p>\n<p>&nbsp;<\/p>\n<p><strong>F\u00e1brica renovada<\/strong><\/p>\n<p>&nbsp;<\/p>\n<p>Para lan\u00e7ar a nova Montana,\u00a0 a GM investiu em atualiza\u00e7\u00f5es na f\u00e1brica de S\u00e3o Caetano do Sul que agregaram ainda mais qualidade, produtividade e efici\u00eancia. Foi mais de 1 ano de obras sem preju\u00edzos \u00e0s linhas do Tracker e Spin, que seguiram em ritmo normal. A unidades recebeu 4 mil m\u00b2 de novas instala\u00e7\u00f5es e 274 novos rob\u00f4s, o que elevou o n\u00edvel de automa\u00e7\u00e3o e a seguran\u00e7a dos operadores.<\/p>\n<p>&nbsp;<\/p>\n<p>Dentre as novidades, a montadora destaca a instala\u00e7\u00e3o da mais r\u00e1pida prensa da GM nas Am\u00e9ricas. Ela tem 96 metros de comprimento, por 12 metros de largura e 18 metros de altura, sendo sete deles no subsolo. A nova prensa tem capacidade para estampar at\u00e9 30 mil pe\u00e7as ao dia, como cap\u00f4, para-lamas, portas e tampa traseira. Este volume representa duas vezes mais do que modelos tradicionais de gera\u00e7\u00e3o anterior, consumindo metade da energia el\u00e9trica. (AutoInd\u00fastria)<\/p>\n","protected":false},"excerpt":{"rendered":"<p>AutoInd\u00fastria &nbsp; Com lan\u00e7amento na rede de concession\u00e1rios programado para meados do pr\u00f3ximo m\u00eas, a nova Montana j\u00e1 est\u00e1 sendo produzida na f\u00e1brica da General Motors em S\u00e3o Caetano do Sul, no ABC paulista. Em comunicado divulgado nesta segunda-feira, 16, a montadora informa que as primeiras 2 mil unidades da picape ser\u00e3o entregues aos compradores\u2026 <a class=\"readmore\" href=\"https:\/\/dana.com.br\/canaldana\/2023\/01\/17\/gm-inicia-a-producao-da-nova-montana-no-abc-paulista\/\">Leia mais \u00bb<\/a><\/p>\n","protected":false},"author":3,"featured_media":0,"comment_status":"closed","ping_status":"closed","sticky":false,"template":"","format":"standard","meta":{"_acf_changed":false,"footnotes":""},"categories":[61],"tags":[],"class_list":["post-63224","post","type-post","status-publish","format-standard","hentry","category-destaques"],"acf":[],"yoast_head":"<!-- This site is optimized with the Yoast SEO plugin v27.3 - https:\/\/yoast.com\/product\/yoast-seo-wordpress\/ -->\n<title>GM inicia a produ\u00e7\u00e3o da nova Montana no ABC paulista - Canal Dana<\/title>\n<meta name=\"robots\" content=\"index, follow, max-snippet:-1, max-image-preview:large, max-video-preview:-1\" \/>\n<link rel=\"canonical\" href=\"https:\/\/dana.com.br\/canaldana\/2023\/01\/17\/gm-inicia-a-producao-da-nova-montana-no-abc-paulista\/\" \/>\n<meta property=\"og:locale\" content=\"pt_BR\" \/>\n<meta property=\"og:type\" content=\"article\" \/>\n<meta property=\"og:title\" content=\"GM inicia a produ\u00e7\u00e3o da nova Montana no ABC paulista - Canal Dana\" \/>\n<meta property=\"og:description\" content=\"AutoInd\u00fastria &nbsp; Com lan\u00e7amento na rede de concession\u00e1rios programado para meados do pr\u00f3ximo m\u00eas, a nova Montana j\u00e1 est\u00e1 sendo produzida na f\u00e1brica da General Motors em S\u00e3o Caetano do Sul, no ABC paulista. Em comunicado divulgado nesta segunda-feira, 16, a montadora informa que as primeiras 2 mil unidades da picape ser\u00e3o entregues aos compradores\u2026 Leia mais \u00bb\" \/>\n<meta property=\"og:url\" content=\"https:\/\/dana.com.br\/canaldana\/2023\/01\/17\/gm-inicia-a-producao-da-nova-montana-no-abc-paulista\/\" \/>\n<meta property=\"og:site_name\" content=\"Canal Dana\" \/>\n<meta property=\"article:published_time\" content=\"2023-01-17T11:36:04+00:00\" \/>\n<meta name=\"author\" content=\"Canal Dana\" \/>\n<meta name=\"twitter:card\" content=\"summary_large_image\" \/>\n<meta name=\"twitter:label1\" content=\"Escrito por\" \/>\n\t<meta name=\"twitter:data1\" content=\"Canal Dana\" \/>\n\t<meta name=\"twitter:label2\" content=\"Est. tempo de leitura\" \/>\n\t<meta name=\"twitter:data2\" content=\"2 minutos\" \/>\n<script type=\"application\/ld+json\" class=\"yoast-schema-graph\">{\"@context\":\"https:\\\/\\\/schema.org\",\"@graph\":[{\"@type\":\"Article\",\"@id\":\"https:\\\/\\\/dana.com.br\\\/canaldana\\\/2023\\\/01\\\/17\\\/gm-inicia-a-producao-da-nova-montana-no-abc-paulista\\\/#article\",\"isPartOf\":{\"@id\":\"https:\\\/\\\/dana.com.br\\\/canaldana\\\/2023\\\/01\\\/17\\\/gm-inicia-a-producao-da-nova-montana-no-abc-paulista\\\/\"},\"author\":{\"name\":\"Canal Dana\",\"@id\":\"https:\\\/\\\/dana.com.br\\\/canaldana\\\/#\\\/schema\\\/person\\\/3c21f22f56fcf3bc46b94bc60ea4fef6\"},\"headline\":\"GM inicia a produ\u00e7\u00e3o da nova Montana no ABC paulista\",\"datePublished\":\"2023-01-17T11:36:04+00:00\",\"mainEntityOfPage\":{\"@id\":\"https:\\\/\\\/dana.com.br\\\/canaldana\\\/2023\\\/01\\\/17\\\/gm-inicia-a-producao-da-nova-montana-no-abc-paulista\\\/\"},\"wordCount\":465,\"articleSection\":[\"Destaques\"],\"inLanguage\":\"pt-BR\"},{\"@type\":\"WebPage\",\"@id\":\"https:\\\/\\\/dana.com.br\\\/canaldana\\\/2023\\\/01\\\/17\\\/gm-inicia-a-producao-da-nova-montana-no-abc-paulista\\\/\",\"url\":\"https:\\\/\\\/dana.com.br\\\/canaldana\\\/2023\\\/01\\\/17\\\/gm-inicia-a-producao-da-nova-montana-no-abc-paulista\\\/\",\"name\":\"GM inicia a produ\u00e7\u00e3o da nova Montana no ABC paulista - Canal Dana\",\"isPartOf\":{\"@id\":\"https:\\\/\\\/dana.com.br\\\/canaldana\\\/#website\"},\"datePublished\":\"2023-01-17T11:36:04+00:00\",\"author\":{\"@id\":\"https:\\\/\\\/dana.com.br\\\/canaldana\\\/#\\\/schema\\\/person\\\/3c21f22f56fcf3bc46b94bc60ea4fef6\"},\"breadcrumb\":{\"@id\":\"https:\\\/\\\/dana.com.br\\\/canaldana\\\/2023\\\/01\\\/17\\\/gm-inicia-a-producao-da-nova-montana-no-abc-paulista\\\/#breadcrumb\"},\"inLanguage\":\"pt-BR\",\"potentialAction\":[{\"@type\":\"ReadAction\",\"target\":[\"https:\\\/\\\/dana.com.br\\\/canaldana\\\/2023\\\/01\\\/17\\\/gm-inicia-a-producao-da-nova-montana-no-abc-paulista\\\/\"]}]},{\"@type\":\"BreadcrumbList\",\"@id\":\"https:\\\/\\\/dana.com.br\\\/canaldana\\\/2023\\\/01\\\/17\\\/gm-inicia-a-producao-da-nova-montana-no-abc-paulista\\\/#breadcrumb\",\"itemListElement\":[{\"@type\":\"ListItem\",\"position\":1,\"name\":\"Home\",\"item\":\"https:\\\/\\\/dana.com.br\\\/canaldana\\\/\"},{\"@type\":\"ListItem\",\"position\":2,\"name\":\"Destaques\",\"item\":\"https:\\\/\\\/dana.com.br\\\/canaldana\\\/destaques\\\/\"},{\"@type\":\"ListItem\",\"position\":3,\"name\":\"GM inicia a produ\u00e7\u00e3o da nova Montana no ABC paulista\"}]},{\"@type\":\"WebSite\",\"@id\":\"https:\\\/\\\/dana.com.br\\\/canaldana\\\/#website\",\"url\":\"https:\\\/\\\/dana.com.br\\\/canaldana\\\/\",\"name\":\"Canal Dana\",\"description\":\"Informativo com as principais not\u00edcias da ind\u00fastria automotiva\",\"potentialAction\":[{\"@type\":\"SearchAction\",\"target\":{\"@type\":\"EntryPoint\",\"urlTemplate\":\"https:\\\/\\\/dana.com.br\\\/canaldana\\\/?s={search_term_string}\"},\"query-input\":{\"@type\":\"PropertyValueSpecification\",\"valueRequired\":true,\"valueName\":\"search_term_string\"}}],\"inLanguage\":\"pt-BR\"},{\"@type\":\"Person\",\"@id\":\"https:\\\/\\\/dana.com.br\\\/canaldana\\\/#\\\/schema\\\/person\\\/3c21f22f56fcf3bc46b94bc60ea4fef6\",\"name\":\"Canal Dana\",\"image\":{\"@type\":\"ImageObject\",\"inLanguage\":\"pt-BR\",\"@id\":\"https:\\\/\\\/secure.gravatar.com\\\/avatar\\\/420aaf9278582877d9018637c6817617705899d2858d7572ef0fe59a6b6454b4?s=96&d=mm&r=g\",\"url\":\"https:\\\/\\\/secure.gravatar.com\\\/avatar\\\/420aaf9278582877d9018637c6817617705899d2858d7572ef0fe59a6b6454b4?s=96&d=mm&r=g\",\"contentUrl\":\"https:\\\/\\\/secure.gravatar.com\\\/avatar\\\/420aaf9278582877d9018637c6817617705899d2858d7572ef0fe59a6b6454b4?s=96&d=mm&r=g\",\"caption\":\"Canal Dana\"},\"url\":\"https:\\\/\\\/dana.com.br\\\/canaldana\\\/author\\\/cdeditor\\\/\"}]}<\/script>\n<!-- \/ Yoast SEO plugin. -->","yoast_head_json":{"title":"GM inicia a produ\u00e7\u00e3o da nova Montana no ABC paulista - Canal Dana","robots":{"index":"index","follow":"follow","max-snippet":"max-snippet:-1","max-image-preview":"max-image-preview:large","max-video-preview":"max-video-preview:-1"},"canonical":"https:\/\/dana.com.br\/canaldana\/2023\/01\/17\/gm-inicia-a-producao-da-nova-montana-no-abc-paulista\/","og_locale":"pt_BR","og_type":"article","og_title":"GM inicia a produ\u00e7\u00e3o da nova Montana no ABC paulista - Canal Dana","og_description":"AutoInd\u00fastria &nbsp; Com lan\u00e7amento na rede de concession\u00e1rios programado para meados do pr\u00f3ximo m\u00eas, a nova Montana j\u00e1 est\u00e1 sendo produzida na f\u00e1brica da General Motors em S\u00e3o Caetano do Sul, no ABC paulista. Em comunicado divulgado nesta segunda-feira, 16, a montadora informa que as primeiras 2 mil unidades da picape ser\u00e3o entregues aos compradores\u2026 Leia mais \u00bb","og_url":"https:\/\/dana.com.br\/canaldana\/2023\/01\/17\/gm-inicia-a-producao-da-nova-montana-no-abc-paulista\/","og_site_name":"Canal Dana","article_published_time":"2023-01-17T11:36:04+00:00","author":"Canal Dana","twitter_card":"summary_large_image","twitter_misc":{"Escrito por":"Canal Dana","Est. tempo de leitura":"2 minutos"},"schema":{"@context":"https:\/\/schema.org","@graph":[{"@type":"Article","@id":"https:\/\/dana.com.br\/canaldana\/2023\/01\/17\/gm-inicia-a-producao-da-nova-montana-no-abc-paulista\/#article","isPartOf":{"@id":"https:\/\/dana.com.br\/canaldana\/2023\/01\/17\/gm-inicia-a-producao-da-nova-montana-no-abc-paulista\/"},"author":{"name":"Canal Dana","@id":"https:\/\/dana.com.br\/canaldana\/#\/schema\/person\/3c21f22f56fcf3bc46b94bc60ea4fef6"},"headline":"GM inicia a produ\u00e7\u00e3o da nova Montana no ABC paulista","datePublished":"2023-01-17T11:36:04+00:00","mainEntityOfPage":{"@id":"https:\/\/dana.com.br\/canaldana\/2023\/01\/17\/gm-inicia-a-producao-da-nova-montana-no-abc-paulista\/"},"wordCount":465,"articleSection":["Destaques"],"inLanguage":"pt-BR"},{"@type":"WebPage","@id":"https:\/\/dana.com.br\/canaldana\/2023\/01\/17\/gm-inicia-a-producao-da-nova-montana-no-abc-paulista\/","url":"https:\/\/dana.com.br\/canaldana\/2023\/01\/17\/gm-inicia-a-producao-da-nova-montana-no-abc-paulista\/","name":"GM inicia a produ\u00e7\u00e3o da nova Montana no ABC paulista - Canal Dana","isPartOf":{"@id":"https:\/\/dana.com.br\/canaldana\/#website"},"datePublished":"2023-01-17T11:36:04+00:00","author":{"@id":"https:\/\/dana.com.br\/canaldana\/#\/schema\/person\/3c21f22f56fcf3bc46b94bc60ea4fef6"},"breadcrumb":{"@id":"https:\/\/dana.com.br\/canaldana\/2023\/01\/17\/gm-inicia-a-producao-da-nova-montana-no-abc-paulista\/#breadcrumb"},"inLanguage":"pt-BR","potentialAction":[{"@type":"ReadAction","target":["https:\/\/dana.com.br\/canaldana\/2023\/01\/17\/gm-inicia-a-producao-da-nova-montana-no-abc-paulista\/"]}]},{"@type":"BreadcrumbList","@id":"https:\/\/dana.com.br\/canaldana\/2023\/01\/17\/gm-inicia-a-producao-da-nova-montana-no-abc-paulista\/#breadcrumb","itemListElement":[{"@type":"ListItem","position":1,"name":"Home","item":"https:\/\/dana.com.br\/canaldana\/"},{"@type":"ListItem","position":2,"name":"Destaques","item":"https:\/\/dana.com.br\/canaldana\/destaques\/"},{"@type":"ListItem","position":3,"name":"GM inicia a produ\u00e7\u00e3o da nova Montana no ABC paulista"}]},{"@type":"WebSite","@id":"https:\/\/dana.com.br\/canaldana\/#website","url":"https:\/\/dana.com.br\/canaldana\/","name":"Canal Dana","description":"Informativo com as principais not\u00edcias da ind\u00fastria automotiva","potentialAction":[{"@type":"SearchAction","target":{"@type":"EntryPoint","urlTemplate":"https:\/\/dana.com.br\/canaldana\/?s={search_term_string}"},"query-input":{"@type":"PropertyValueSpecification","valueRequired":true,"valueName":"search_term_string"}}],"inLanguage":"pt-BR"},{"@type":"Person","@id":"https:\/\/dana.com.br\/canaldana\/#\/schema\/person\/3c21f22f56fcf3bc46b94bc60ea4fef6","name":"Canal Dana","image":{"@type":"ImageObject","inLanguage":"pt-BR","@id":"https:\/\/secure.gravatar.com\/avatar\/420aaf9278582877d9018637c6817617705899d2858d7572ef0fe59a6b6454b4?s=96&d=mm&r=g","url":"https:\/\/secure.gravatar.com\/avatar\/420aaf9278582877d9018637c6817617705899d2858d7572ef0fe59a6b6454b4?s=96&d=mm&r=g","contentUrl":"https:\/\/secure.gravatar.com\/avatar\/420aaf9278582877d9018637c6817617705899d2858d7572ef0fe59a6b6454b4?s=96&d=mm&r=g","caption":"Canal Dana"},"url":"https:\/\/dana.com.br\/canaldana\/author\/cdeditor\/"}]}},"_links":{"self":[{"href":"https:\/\/dana.com.br\/canaldana\/wp-json\/wp\/v2\/posts\/63224","targetHints":{"allow":["GET"]}}],"collection":[{"href":"https:\/\/dana.com.br\/canaldana\/wp-json\/wp\/v2\/posts"}],"about":[{"href":"https:\/\/dana.com.br\/canaldana\/wp-json\/wp\/v2\/types\/post"}],"author":[{"embeddable":true,"href":"https:\/\/dana.com.br\/canaldana\/wp-json\/wp\/v2\/users\/3"}],"replies":[{"embeddable":true,"href":"https:\/\/dana.com.br\/canaldana\/wp-json\/wp\/v2\/comments?post=63224"}],"version-history":[{"count":0,"href":"https:\/\/dana.com.br\/canaldana\/wp-json\/wp\/v2\/posts\/63224\/revisions"}],"wp:attachment":[{"href":"https:\/\/dana.com.br\/canaldana\/wp-json\/wp\/v2\/media?parent=63224"}],"wp:term":[{"taxonomy":"category","embeddable":true,"href":"https:\/\/dana.com.br\/canaldana\/wp-json\/wp\/v2\/categories?post=63224"},{"taxonomy":"post_tag","embeddable":true,"href":"https:\/\/dana.com.br\/canaldana\/wp-json\/wp\/v2\/tags?post=63224"}],"curies":[{"name":"wp","href":"https:\/\/api.w.org\/{rel}","templated":true}]}}