{"id":63204,"date":"2023-01-17T08:29:35","date_gmt":"2023-01-17T11:29:35","guid":{"rendered":"https:\/\/dana.com.br\/canaldana\/?p=63204"},"modified":"2023-01-17T08:29:35","modified_gmt":"2023-01-17T11:29:35","slug":"operadores-de-transporte-de-sao-paulo-ja-apresentaram-pedidos-para-quase-de-1-700-onibus-eletricos","status":"publish","type":"post","link":"https:\/\/dana.com.br\/canaldana\/2023\/01\/17\/operadores-de-transporte-de-sao-paulo-ja-apresentaram-pedidos-para-quase-de-1-700-onibus-eletricos\/","title":{"rendered":"Operadores de transporte de S\u00e3o Paulo j\u00e1 apresentaram pedidos para quase de 1.700 \u00f4nibus el\u00e9tricos"},"content":{"rendered":"<p><em>Truck &amp; Bus Builder Am\u00e9rica do Sul<\/em><\/p>\n<p>&nbsp;<\/p>\n<p>A Prefeitura de S\u00e3o Paulo, por interm\u00e9dio da SPTrans, informou que as empresas concession\u00e1rias do transporte coletivo do munic\u00edpio j\u00e1 apresentaram pedidos para a produ\u00e7\u00e3o de 1.682 \u00f4nibus el\u00e9tricos, a serem entregues entre 2023 e 2024. Desse total, 1.166 ve\u00edculos dever\u00e3o entrar em circula\u00e7\u00e3o at\u00e9 o final deste ano.<\/p>\n<p>&nbsp;<\/p>\n<p>O \u00f3rg\u00e3o, respons\u00e1vel pela gest\u00e3o do sistema de transporte p\u00fablico por \u00f4nibus na cidade de S\u00e3o Paulo, destacou que algumas empresas n\u00e3o apresentaram seus pedidos, e novas compras ser\u00e3o realizadas e que esse n\u00famero tende a crescer gradativamente.<\/p>\n<p>&nbsp;<\/p>\n<p>O n\u00famero \u00e9 inferior ao volume anunciado pela Prefeitura de 2,6 mil \u00f4nibus el\u00e9tricos em opera\u00e7\u00e3o at\u00e9 o final de 2024, mas representa uma importante a\u00e7\u00e3o para equiparar a capital paulista \u00e0s principais cidades da Am\u00e9rica Latina, como Bogot\u00e1, Santiago e Cidade do M\u00e9xico que possuem frota de \u00f4nibus el\u00e9tricos. Na Col\u00f4mbia, foram 1.006 novos \u00f4nibus el\u00e9tricos apenas no ano passado. No Chile, foram 779 unidades nos \u00faltimos tr\u00eas anos. Atualmente operam na cidade de S\u00e3o Paulo 13,8 mil \u00f4nibus, sendo 220 \u00f4nibus el\u00e9tricos, dos quais 201 s\u00e3o tr\u00f3lebus e 19 s\u00e3o movidos a bateria, sendo que um deles est\u00e1 em fase de teste.<\/p>\n<p>&nbsp;<\/p>\n<p>Todos os 19 \u00f4nibus el\u00e9tricos em circula\u00e7\u00e3o na cidade de S\u00e3o Paulo s\u00e3o da TransWolff, uma das principais operadoras da regi\u00e3o Sul da capital e operam na linha 6030\/10, entre o Terminal Santo Amaro e a universidade UNISA. A empresa anunciou no \u00faltimo dia 12 de janeiro a aquisi\u00e7\u00e3o de 304 novos ve\u00edculos, por interm\u00e9dio de financiamento fruto de uma parceria realizada em novembro de 2022 entre a Prefeitura de S\u00e3o Paulo e a fornecedora de energia Enel X, que vai destinar cerca de R$ 8 bilh\u00f5es (USD 1,5 bilh\u00e3o) para a aquisi\u00e7\u00e3o de 2,6 mil \u00f4nibus el\u00e9tricos e desenvolvimento da infraestrutura e tecnologias necess\u00e1rias.<\/p>\n<p>&nbsp;<\/p>\n<p>Desse total de 304 novos \u00f4nibus el\u00e9tricos, 100 unidades entrar\u00e3o em opera\u00e7\u00e3o ainda em 2023. Todas s\u00e3o de ve\u00edculos com tecnologia de propuls\u00e3o el\u00e9trica da Eletra, chassi Mercedes-Benz O500 U de piso baixo e carroceria Caio eMillenium.<\/p>\n<p>&nbsp;<\/p>\n<p>Segundo Paulo Lima, diretor de Novas Tecnologias na TransWolff, a operadora iniciou o projeto com \u00f4nibus el\u00e9tricos h\u00e1 cerca de tr\u00eas anos. Dos 19 ve\u00edculos em opera\u00e7\u00e3o, 18 s\u00e3o com chassis BYD e carrocerias Marcopolo e Caio, e uma unidade \u00e9 do modelo Eletra\/Mercedes-Benz\/Caio. \u201cAo longo desses tr\u00eas anos, os nossos ve\u00edculos transportaram 5,9 milh\u00f5es de passageiros e rodam 2,9 milh\u00f5es quil\u00f4metros, e conseguimos apurar uma redu\u00e7\u00e3o de at\u00e9 75% no custo operacional em rela\u00e7\u00e3o ao modelo convencional a diesel\u201d, salienta o executivo.<\/p>\n<p>&nbsp;<\/p>\n<p>A TransWollf est\u00e1 desenvolvendo infraestrutura para os novos ve\u00edculos em sua opera\u00e7\u00e3o na garagem de Varginha, com capacidade para as 304 unidades, com uma subesta\u00e7\u00e3o modular que poder\u00e1 ser ampliada. A empresa tamb\u00e9m j\u00e1 possui estrutura na garagem da<\/p>\n<p>&nbsp;<\/p>\n<p>Rua Ol\u00edvia Guedes Penteado, no bairro de Socorro, para operar os primeiros ve\u00edculos entregues. (Truck &amp; Bus Builder Am\u00e9rica do Sul)<\/p>\n","protected":false},"excerpt":{"rendered":"<p>Truck &amp; Bus Builder Am\u00e9rica do Sul &nbsp; A Prefeitura de S\u00e3o Paulo, por interm\u00e9dio da SPTrans, informou que as empresas concession\u00e1rias do transporte coletivo do munic\u00edpio j\u00e1 apresentaram pedidos para a produ\u00e7\u00e3o de 1.682 \u00f4nibus el\u00e9tricos, a serem entregues entre 2023 e 2024. Desse total, 1.166 ve\u00edculos dever\u00e3o entrar em circula\u00e7\u00e3o at\u00e9 o final\u2026 <a class=\"readmore\" href=\"https:\/\/dana.com.br\/canaldana\/2023\/01\/17\/operadores-de-transporte-de-sao-paulo-ja-apresentaram-pedidos-para-quase-de-1-700-onibus-eletricos\/\">Leia mais \u00bb<\/a><\/p>\n","protected":false},"author":3,"featured_media":0,"comment_status":"closed","ping_status":"closed","sticky":false,"template":"","format":"standard","meta":{"_acf_changed":false,"footnotes":""},"categories":[110],"tags":[],"class_list":["post-63204","post","type-post","status-publish","format-standard","hentry","category-eletricos"],"acf":[],"yoast_head":"<!-- This site is optimized with the Yoast SEO plugin v27.3 - https:\/\/yoast.com\/product\/yoast-seo-wordpress\/ -->\n<title>Operadores de transporte de S\u00e3o Paulo j\u00e1 apresentaram pedidos para quase de 1.700 \u00f4nibus el\u00e9tricos - Canal Dana<\/title>\n<meta name=\"robots\" content=\"index, follow, max-snippet:-1, max-image-preview:large, max-video-preview:-1\" \/>\n<link rel=\"canonical\" href=\"https:\/\/dana.com.br\/canaldana\/2023\/01\/17\/operadores-de-transporte-de-sao-paulo-ja-apresentaram-pedidos-para-quase-de-1-700-onibus-eletricos\/\" \/>\n<meta property=\"og:locale\" content=\"pt_BR\" \/>\n<meta property=\"og:type\" content=\"article\" \/>\n<meta property=\"og:title\" content=\"Operadores de transporte de S\u00e3o Paulo j\u00e1 apresentaram pedidos para quase de 1.700 \u00f4nibus el\u00e9tricos - Canal Dana\" \/>\n<meta property=\"og:description\" content=\"Truck &amp; Bus Builder Am\u00e9rica do Sul &nbsp; A Prefeitura de S\u00e3o Paulo, por interm\u00e9dio da SPTrans, informou que as empresas concession\u00e1rias do transporte coletivo do munic\u00edpio j\u00e1 apresentaram pedidos para a produ\u00e7\u00e3o de 1.682 \u00f4nibus el\u00e9tricos, a serem entregues entre 2023 e 2024. Desse total, 1.166 ve\u00edculos dever\u00e3o entrar em circula\u00e7\u00e3o at\u00e9 o final\u2026 Leia mais \u00bb\" \/>\n<meta property=\"og:url\" content=\"https:\/\/dana.com.br\/canaldana\/2023\/01\/17\/operadores-de-transporte-de-sao-paulo-ja-apresentaram-pedidos-para-quase-de-1-700-onibus-eletricos\/\" \/>\n<meta property=\"og:site_name\" content=\"Canal Dana\" \/>\n<meta property=\"article:published_time\" content=\"2023-01-17T11:29:35+00:00\" \/>\n<meta name=\"author\" content=\"Canal Dana\" \/>\n<meta name=\"twitter:card\" content=\"summary_large_image\" \/>\n<meta name=\"twitter:label1\" content=\"Escrito por\" \/>\n\t<meta name=\"twitter:data1\" content=\"Canal Dana\" \/>\n\t<meta name=\"twitter:label2\" content=\"Est. tempo de leitura\" \/>\n\t<meta name=\"twitter:data2\" content=\"3 minutos\" \/>\n<script type=\"application\/ld+json\" class=\"yoast-schema-graph\">{\"@context\":\"https:\\\/\\\/schema.org\",\"@graph\":[{\"@type\":\"Article\",\"@id\":\"https:\\\/\\\/dana.com.br\\\/canaldana\\\/2023\\\/01\\\/17\\\/operadores-de-transporte-de-sao-paulo-ja-apresentaram-pedidos-para-quase-de-1-700-onibus-eletricos\\\/#article\",\"isPartOf\":{\"@id\":\"https:\\\/\\\/dana.com.br\\\/canaldana\\\/2023\\\/01\\\/17\\\/operadores-de-transporte-de-sao-paulo-ja-apresentaram-pedidos-para-quase-de-1-700-onibus-eletricos\\\/\"},\"author\":{\"name\":\"Canal Dana\",\"@id\":\"https:\\\/\\\/dana.com.br\\\/canaldana\\\/#\\\/schema\\\/person\\\/3c21f22f56fcf3bc46b94bc60ea4fef6\"},\"headline\":\"Operadores de transporte de S\u00e3o Paulo j\u00e1 apresentaram pedidos para quase de 1.700 \u00f4nibus el\u00e9tricos\",\"datePublished\":\"2023-01-17T11:29:35+00:00\",\"mainEntityOfPage\":{\"@id\":\"https:\\\/\\\/dana.com.br\\\/canaldana\\\/2023\\\/01\\\/17\\\/operadores-de-transporte-de-sao-paulo-ja-apresentaram-pedidos-para-quase-de-1-700-onibus-eletricos\\\/\"},\"wordCount\":551,\"articleSection\":[\"El\u00e9tricos\"],\"inLanguage\":\"pt-BR\"},{\"@type\":\"WebPage\",\"@id\":\"https:\\\/\\\/dana.com.br\\\/canaldana\\\/2023\\\/01\\\/17\\\/operadores-de-transporte-de-sao-paulo-ja-apresentaram-pedidos-para-quase-de-1-700-onibus-eletricos\\\/\",\"url\":\"https:\\\/\\\/dana.com.br\\\/canaldana\\\/2023\\\/01\\\/17\\\/operadores-de-transporte-de-sao-paulo-ja-apresentaram-pedidos-para-quase-de-1-700-onibus-eletricos\\\/\",\"name\":\"Operadores de transporte de S\u00e3o Paulo j\u00e1 apresentaram pedidos para quase de 1.700 \u00f4nibus el\u00e9tricos - Canal Dana\",\"isPartOf\":{\"@id\":\"https:\\\/\\\/dana.com.br\\\/canaldana\\\/#website\"},\"datePublished\":\"2023-01-17T11:29:35+00:00\",\"author\":{\"@id\":\"https:\\\/\\\/dana.com.br\\\/canaldana\\\/#\\\/schema\\\/person\\\/3c21f22f56fcf3bc46b94bc60ea4fef6\"},\"breadcrumb\":{\"@id\":\"https:\\\/\\\/dana.com.br\\\/canaldana\\\/2023\\\/01\\\/17\\\/operadores-de-transporte-de-sao-paulo-ja-apresentaram-pedidos-para-quase-de-1-700-onibus-eletricos\\\/#breadcrumb\"},\"inLanguage\":\"pt-BR\",\"potentialAction\":[{\"@type\":\"ReadAction\",\"target\":[\"https:\\\/\\\/dana.com.br\\\/canaldana\\\/2023\\\/01\\\/17\\\/operadores-de-transporte-de-sao-paulo-ja-apresentaram-pedidos-para-quase-de-1-700-onibus-eletricos\\\/\"]}]},{\"@type\":\"BreadcrumbList\",\"@id\":\"https:\\\/\\\/dana.com.br\\\/canaldana\\\/2023\\\/01\\\/17\\\/operadores-de-transporte-de-sao-paulo-ja-apresentaram-pedidos-para-quase-de-1-700-onibus-eletricos\\\/#breadcrumb\",\"itemListElement\":[{\"@type\":\"ListItem\",\"position\":1,\"name\":\"Home\",\"item\":\"https:\\\/\\\/dana.com.br\\\/canaldana\\\/\"},{\"@type\":\"ListItem\",\"position\":2,\"name\":\"El\u00e9tricos\",\"item\":\"https:\\\/\\\/dana.com.br\\\/canaldana\\\/eletricos\\\/\"},{\"@type\":\"ListItem\",\"position\":3,\"name\":\"Operadores de transporte de S\u00e3o Paulo j\u00e1 apresentaram pedidos para quase de 1.700 \u00f4nibus el\u00e9tricos\"}]},{\"@type\":\"WebSite\",\"@id\":\"https:\\\/\\\/dana.com.br\\\/canaldana\\\/#website\",\"url\":\"https:\\\/\\\/dana.com.br\\\/canaldana\\\/\",\"name\":\"Canal Dana\",\"description\":\"Informativo com as principais not\u00edcias da ind\u00fastria automotiva\",\"potentialAction\":[{\"@type\":\"SearchAction\",\"target\":{\"@type\":\"EntryPoint\",\"urlTemplate\":\"https:\\\/\\\/dana.com.br\\\/canaldana\\\/?s={search_term_string}\"},\"query-input\":{\"@type\":\"PropertyValueSpecification\",\"valueRequired\":true,\"valueName\":\"search_term_string\"}}],\"inLanguage\":\"pt-BR\"},{\"@type\":\"Person\",\"@id\":\"https:\\\/\\\/dana.com.br\\\/canaldana\\\/#\\\/schema\\\/person\\\/3c21f22f56fcf3bc46b94bc60ea4fef6\",\"name\":\"Canal Dana\",\"image\":{\"@type\":\"ImageObject\",\"inLanguage\":\"pt-BR\",\"@id\":\"https:\\\/\\\/secure.gravatar.com\\\/avatar\\\/420aaf9278582877d9018637c6817617705899d2858d7572ef0fe59a6b6454b4?s=96&d=mm&r=g\",\"url\":\"https:\\\/\\\/secure.gravatar.com\\\/avatar\\\/420aaf9278582877d9018637c6817617705899d2858d7572ef0fe59a6b6454b4?s=96&d=mm&r=g\",\"contentUrl\":\"https:\\\/\\\/secure.gravatar.com\\\/avatar\\\/420aaf9278582877d9018637c6817617705899d2858d7572ef0fe59a6b6454b4?s=96&d=mm&r=g\",\"caption\":\"Canal Dana\"},\"url\":\"https:\\\/\\\/dana.com.br\\\/canaldana\\\/author\\\/cdeditor\\\/\"}]}<\/script>\n<!-- \/ Yoast SEO plugin. -->","yoast_head_json":{"title":"Operadores de transporte de S\u00e3o Paulo j\u00e1 apresentaram pedidos para quase de 1.700 \u00f4nibus el\u00e9tricos - Canal Dana","robots":{"index":"index","follow":"follow","max-snippet":"max-snippet:-1","max-image-preview":"max-image-preview:large","max-video-preview":"max-video-preview:-1"},"canonical":"https:\/\/dana.com.br\/canaldana\/2023\/01\/17\/operadores-de-transporte-de-sao-paulo-ja-apresentaram-pedidos-para-quase-de-1-700-onibus-eletricos\/","og_locale":"pt_BR","og_type":"article","og_title":"Operadores de transporte de S\u00e3o Paulo j\u00e1 apresentaram pedidos para quase de 1.700 \u00f4nibus el\u00e9tricos - Canal Dana","og_description":"Truck &amp; Bus Builder Am\u00e9rica do Sul &nbsp; A Prefeitura de S\u00e3o Paulo, por interm\u00e9dio da SPTrans, informou que as empresas concession\u00e1rias do transporte coletivo do munic\u00edpio j\u00e1 apresentaram pedidos para a produ\u00e7\u00e3o de 1.682 \u00f4nibus el\u00e9tricos, a serem entregues entre 2023 e 2024. Desse total, 1.166 ve\u00edculos dever\u00e3o entrar em circula\u00e7\u00e3o at\u00e9 o final\u2026 Leia mais \u00bb","og_url":"https:\/\/dana.com.br\/canaldana\/2023\/01\/17\/operadores-de-transporte-de-sao-paulo-ja-apresentaram-pedidos-para-quase-de-1-700-onibus-eletricos\/","og_site_name":"Canal Dana","article_published_time":"2023-01-17T11:29:35+00:00","author":"Canal Dana","twitter_card":"summary_large_image","twitter_misc":{"Escrito por":"Canal Dana","Est. tempo de leitura":"3 minutos"},"schema":{"@context":"https:\/\/schema.org","@graph":[{"@type":"Article","@id":"https:\/\/dana.com.br\/canaldana\/2023\/01\/17\/operadores-de-transporte-de-sao-paulo-ja-apresentaram-pedidos-para-quase-de-1-700-onibus-eletricos\/#article","isPartOf":{"@id":"https:\/\/dana.com.br\/canaldana\/2023\/01\/17\/operadores-de-transporte-de-sao-paulo-ja-apresentaram-pedidos-para-quase-de-1-700-onibus-eletricos\/"},"author":{"name":"Canal Dana","@id":"https:\/\/dana.com.br\/canaldana\/#\/schema\/person\/3c21f22f56fcf3bc46b94bc60ea4fef6"},"headline":"Operadores de transporte de S\u00e3o Paulo j\u00e1 apresentaram pedidos para quase de 1.700 \u00f4nibus el\u00e9tricos","datePublished":"2023-01-17T11:29:35+00:00","mainEntityOfPage":{"@id":"https:\/\/dana.com.br\/canaldana\/2023\/01\/17\/operadores-de-transporte-de-sao-paulo-ja-apresentaram-pedidos-para-quase-de-1-700-onibus-eletricos\/"},"wordCount":551,"articleSection":["El\u00e9tricos"],"inLanguage":"pt-BR"},{"@type":"WebPage","@id":"https:\/\/dana.com.br\/canaldana\/2023\/01\/17\/operadores-de-transporte-de-sao-paulo-ja-apresentaram-pedidos-para-quase-de-1-700-onibus-eletricos\/","url":"https:\/\/dana.com.br\/canaldana\/2023\/01\/17\/operadores-de-transporte-de-sao-paulo-ja-apresentaram-pedidos-para-quase-de-1-700-onibus-eletricos\/","name":"Operadores de transporte de S\u00e3o Paulo j\u00e1 apresentaram pedidos para quase de 1.700 \u00f4nibus el\u00e9tricos - Canal Dana","isPartOf":{"@id":"https:\/\/dana.com.br\/canaldana\/#website"},"datePublished":"2023-01-17T11:29:35+00:00","author":{"@id":"https:\/\/dana.com.br\/canaldana\/#\/schema\/person\/3c21f22f56fcf3bc46b94bc60ea4fef6"},"breadcrumb":{"@id":"https:\/\/dana.com.br\/canaldana\/2023\/01\/17\/operadores-de-transporte-de-sao-paulo-ja-apresentaram-pedidos-para-quase-de-1-700-onibus-eletricos\/#breadcrumb"},"inLanguage":"pt-BR","potentialAction":[{"@type":"ReadAction","target":["https:\/\/dana.com.br\/canaldana\/2023\/01\/17\/operadores-de-transporte-de-sao-paulo-ja-apresentaram-pedidos-para-quase-de-1-700-onibus-eletricos\/"]}]},{"@type":"BreadcrumbList","@id":"https:\/\/dana.com.br\/canaldana\/2023\/01\/17\/operadores-de-transporte-de-sao-paulo-ja-apresentaram-pedidos-para-quase-de-1-700-onibus-eletricos\/#breadcrumb","itemListElement":[{"@type":"ListItem","position":1,"name":"Home","item":"https:\/\/dana.com.br\/canaldana\/"},{"@type":"ListItem","position":2,"name":"El\u00e9tricos","item":"https:\/\/dana.com.br\/canaldana\/eletricos\/"},{"@type":"ListItem","position":3,"name":"Operadores de transporte de S\u00e3o Paulo j\u00e1 apresentaram pedidos para quase de 1.700 \u00f4nibus el\u00e9tricos"}]},{"@type":"WebSite","@id":"https:\/\/dana.com.br\/canaldana\/#website","url":"https:\/\/dana.com.br\/canaldana\/","name":"Canal Dana","description":"Informativo com as principais not\u00edcias da ind\u00fastria automotiva","potentialAction":[{"@type":"SearchAction","target":{"@type":"EntryPoint","urlTemplate":"https:\/\/dana.com.br\/canaldana\/?s={search_term_string}"},"query-input":{"@type":"PropertyValueSpecification","valueRequired":true,"valueName":"search_term_string"}}],"inLanguage":"pt-BR"},{"@type":"Person","@id":"https:\/\/dana.com.br\/canaldana\/#\/schema\/person\/3c21f22f56fcf3bc46b94bc60ea4fef6","name":"Canal Dana","image":{"@type":"ImageObject","inLanguage":"pt-BR","@id":"https:\/\/secure.gravatar.com\/avatar\/420aaf9278582877d9018637c6817617705899d2858d7572ef0fe59a6b6454b4?s=96&d=mm&r=g","url":"https:\/\/secure.gravatar.com\/avatar\/420aaf9278582877d9018637c6817617705899d2858d7572ef0fe59a6b6454b4?s=96&d=mm&r=g","contentUrl":"https:\/\/secure.gravatar.com\/avatar\/420aaf9278582877d9018637c6817617705899d2858d7572ef0fe59a6b6454b4?s=96&d=mm&r=g","caption":"Canal Dana"},"url":"https:\/\/dana.com.br\/canaldana\/author\/cdeditor\/"}]}},"_links":{"self":[{"href":"https:\/\/dana.com.br\/canaldana\/wp-json\/wp\/v2\/posts\/63204","targetHints":{"allow":["GET"]}}],"collection":[{"href":"https:\/\/dana.com.br\/canaldana\/wp-json\/wp\/v2\/posts"}],"about":[{"href":"https:\/\/dana.com.br\/canaldana\/wp-json\/wp\/v2\/types\/post"}],"author":[{"embeddable":true,"href":"https:\/\/dana.com.br\/canaldana\/wp-json\/wp\/v2\/users\/3"}],"replies":[{"embeddable":true,"href":"https:\/\/dana.com.br\/canaldana\/wp-json\/wp\/v2\/comments?post=63204"}],"version-history":[{"count":0,"href":"https:\/\/dana.com.br\/canaldana\/wp-json\/wp\/v2\/posts\/63204\/revisions"}],"wp:attachment":[{"href":"https:\/\/dana.com.br\/canaldana\/wp-json\/wp\/v2\/media?parent=63204"}],"wp:term":[{"taxonomy":"category","embeddable":true,"href":"https:\/\/dana.com.br\/canaldana\/wp-json\/wp\/v2\/categories?post=63204"},{"taxonomy":"post_tag","embeddable":true,"href":"https:\/\/dana.com.br\/canaldana\/wp-json\/wp\/v2\/tags?post=63204"}],"curies":[{"name":"wp","href":"https:\/\/api.w.org\/{rel}","templated":true}]}}