{"id":63202,"date":"2023-01-17T08:28:37","date_gmt":"2023-01-17T11:28:37","guid":{"rendered":"https:\/\/dana.com.br\/canaldana\/?p=63202"},"modified":"2023-01-17T08:28:37","modified_gmt":"2023-01-17T11:28:37","slug":"carro-eletrico-mais-barato-da-byd-e-revelado-e-pode-vir-ao-brasil","status":"publish","type":"post","link":"https:\/\/dana.com.br\/canaldana\/2023\/01\/17\/carro-eletrico-mais-barato-da-byd-e-revelado-e-pode-vir-ao-brasil\/","title":{"rendered":"Carro el\u00e9trico mais barato da BYD \u00e9 revelado e pode vir ao Brasil"},"content":{"rendered":"<p><em>InsedeEvs\/AutoHome<\/em><\/p>\n<p>&nbsp;<\/p>\n<p>O carro el\u00e9trico de entrada BYD Seagull foi revelado em imagens de registro do minist\u00e9rio do governo chin\u00eas. O menor modelo da linha de ve\u00edculos el\u00e9tricos Ocean aparece \u201climpo\u201d pela primeira vez e mostra um design ousado e um motor el\u00e9trico com 74 cv de pot\u00eancia.<\/p>\n<p>&nbsp;<\/p>\n<p>O Seagull \u00e9 um hatchback de cinco portas para quatro ocupantes e, at\u00e9 ent\u00e3o, s\u00f3 havia sido visto camuflado em flagras que revelaram parcialmente o visual. Externamente, o \u201cca\u00e7ula\u201d difere de outros modelos da linha por ter um design mais &#8216;angular&#8217;. Far\u00f3is poligonais (farol de LED opcional), para-choque integrado com a grade frontal e entrada de ar na parte inferior, al\u00e9m de um para-brisa grande com um \u00fanico limpador.<\/p>\n<p>&nbsp;<\/p>\n<p>Atr\u00e1s, o estilo repete um pouco do conceito visto na dianteira, com o carro el\u00e9trico compacto recebendo um spoiler de teto esportivo e uma lanterna horizontal que lembra um pouco a utilizada no monovolume BYD D1.<\/p>\n<p>&nbsp;<\/p>\n<p>Em termos de tamanho, o BYD Seagull mede 3,78 metros de comprimento, 1,71 metro de largura, 1,54 metro de altura e possui dist\u00e2ncia entre-eixos de 2,50 metros. Para efeito de compara\u00e7\u00e3o, ele \u00e9 345 mm mais curto, 55 mm mais estreito e 30 mm mais baixo que o BYD Dolphin, um modelo que em breve estar\u00e1 no Brasil.<\/p>\n<p>&nbsp;<\/p>\n<p>Considerando as op\u00e7\u00f5es que j\u00e1 existem por aqui, o Seagull enfrentaria concorrentes como o Renault Kwid E-Tech e JAC e-JS1, al\u00e9m do Caoa Chery eQ1, este \u00faltimo um pouco abaixo em termos de porte. Segundo os dados do minist\u00e9rio, o modelo ter\u00e1 peso entre 1.160 e 1.240 kg, um pouco acima da m\u00e9dia para o segmento, e poder\u00e1 ser equipado com pneus 165\/65 R15 ou 175\/55 R16.<\/p>\n<p>&nbsp;<\/p>\n<p>Uma informa\u00e7\u00e3o interessante \u00e9 que na tampa traseira do Seagull, segundo as imagens de registro, aparecem duas outras variantes para o nome. O primeiro \u00e9 Dolphin Q, e o segundo \u00e9 Dolphin Mini. Parece que a BYD ainda n\u00e3o tem certeza sobre o nome definitivo.<\/p>\n<p>&nbsp;<\/p>\n<p>Em termos de propuls\u00e3o, o BYD Seagull ser\u00e1 equipado com um motor el\u00e9trico de 55 kW (74 cv) de pot\u00eancia que \u00e9 alimentado por uma bateria LFP produzida pela FinDreams, uma empresa controlada pela BYD. Sua capacidade \u00e9 desconhecida, mas anteriormente havia informa\u00e7\u00f5es de que chegaria a 30,7 kWh.<\/p>\n<p>&nbsp;<\/p>\n<p>Posicionado abaixo do BYD Dolphin, como dissemos, o Seagull (caso seja o nome definitivo) seria uma op\u00e7\u00e3o interessante para a marca chinesa aqui no Brasil. Considerando que o BYD Dolphin deve chegar com pre\u00e7os abaixo dos R$ 200 mil, este compacto de entrada teria grandes possibilidades de se tornar o carro el\u00e9trico mais barato \u00e0 venda no pa\u00eds, caso confirmado para o nosso mercado.<\/p>\n<p>&nbsp;<\/p>\n<p>Oficialmente, o BYD Seagull ser\u00e1 lan\u00e7ado na China nos pr\u00f3ximos meses com pre\u00e7os estimados entre 60.000 a 100.000 RMB, o que daria algo entre R$ 45.800 e R$ 76.380 em uma convers\u00e3o direta. (InsedeEvs\/AutoHome\/Julio Cesar)<\/p>\n","protected":false},"excerpt":{"rendered":"<p>InsedeEvs\/AutoHome &nbsp; O carro el\u00e9trico de entrada BYD Seagull foi revelado em imagens de registro do minist\u00e9rio do governo chin\u00eas. O menor modelo da linha de ve\u00edculos el\u00e9tricos Ocean aparece \u201climpo\u201d pela primeira vez e mostra um design ousado e um motor el\u00e9trico com 74 cv de pot\u00eancia. &nbsp; O Seagull \u00e9 um hatchback de\u2026 <a class=\"readmore\" href=\"https:\/\/dana.com.br\/canaldana\/2023\/01\/17\/carro-eletrico-mais-barato-da-byd-e-revelado-e-pode-vir-ao-brasil\/\">Leia mais \u00bb<\/a><\/p>\n","protected":false},"author":3,"featured_media":0,"comment_status":"closed","ping_status":"closed","sticky":false,"template":"","format":"standard","meta":{"_acf_changed":false,"footnotes":""},"categories":[110],"tags":[],"class_list":["post-63202","post","type-post","status-publish","format-standard","hentry","category-eletricos"],"acf":[],"yoast_head":"<!-- This site is optimized with the Yoast SEO plugin v27.3 - https:\/\/yoast.com\/product\/yoast-seo-wordpress\/ -->\n<title>Carro el\u00e9trico mais barato da BYD \u00e9 revelado e pode vir ao Brasil - Canal Dana<\/title>\n<meta name=\"robots\" content=\"index, follow, max-snippet:-1, max-image-preview:large, max-video-preview:-1\" \/>\n<link rel=\"canonical\" href=\"https:\/\/dana.com.br\/canaldana\/2023\/01\/17\/carro-eletrico-mais-barato-da-byd-e-revelado-e-pode-vir-ao-brasil\/\" \/>\n<meta property=\"og:locale\" content=\"pt_BR\" \/>\n<meta property=\"og:type\" content=\"article\" \/>\n<meta property=\"og:title\" content=\"Carro el\u00e9trico mais barato da BYD \u00e9 revelado e pode vir ao Brasil - Canal Dana\" \/>\n<meta property=\"og:description\" content=\"InsedeEvs\/AutoHome &nbsp; O carro el\u00e9trico de entrada BYD Seagull foi revelado em imagens de registro do minist\u00e9rio do governo chin\u00eas. O menor modelo da linha de ve\u00edculos el\u00e9tricos Ocean aparece \u201climpo\u201d pela primeira vez e mostra um design ousado e um motor el\u00e9trico com 74 cv de pot\u00eancia. &nbsp; O Seagull \u00e9 um hatchback de\u2026 Leia mais \u00bb\" \/>\n<meta property=\"og:url\" content=\"https:\/\/dana.com.br\/canaldana\/2023\/01\/17\/carro-eletrico-mais-barato-da-byd-e-revelado-e-pode-vir-ao-brasil\/\" \/>\n<meta property=\"og:site_name\" content=\"Canal Dana\" \/>\n<meta property=\"article:published_time\" content=\"2023-01-17T11:28:37+00:00\" \/>\n<meta name=\"author\" content=\"Canal Dana\" \/>\n<meta name=\"twitter:card\" content=\"summary_large_image\" \/>\n<meta name=\"twitter:label1\" content=\"Escrito por\" \/>\n\t<meta name=\"twitter:data1\" content=\"Canal Dana\" \/>\n\t<meta name=\"twitter:label2\" content=\"Est. tempo de leitura\" \/>\n\t<meta name=\"twitter:data2\" content=\"2 minutos\" \/>\n<script type=\"application\/ld+json\" class=\"yoast-schema-graph\">{\"@context\":\"https:\\\/\\\/schema.org\",\"@graph\":[{\"@type\":\"Article\",\"@id\":\"https:\\\/\\\/dana.com.br\\\/canaldana\\\/2023\\\/01\\\/17\\\/carro-eletrico-mais-barato-da-byd-e-revelado-e-pode-vir-ao-brasil\\\/#article\",\"isPartOf\":{\"@id\":\"https:\\\/\\\/dana.com.br\\\/canaldana\\\/2023\\\/01\\\/17\\\/carro-eletrico-mais-barato-da-byd-e-revelado-e-pode-vir-ao-brasil\\\/\"},\"author\":{\"name\":\"Canal Dana\",\"@id\":\"https:\\\/\\\/dana.com.br\\\/canaldana\\\/#\\\/schema\\\/person\\\/3c21f22f56fcf3bc46b94bc60ea4fef6\"},\"headline\":\"Carro el\u00e9trico mais barato da BYD \u00e9 revelado e pode vir ao Brasil\",\"datePublished\":\"2023-01-17T11:28:37+00:00\",\"mainEntityOfPage\":{\"@id\":\"https:\\\/\\\/dana.com.br\\\/canaldana\\\/2023\\\/01\\\/17\\\/carro-eletrico-mais-barato-da-byd-e-revelado-e-pode-vir-ao-brasil\\\/\"},\"wordCount\":500,\"articleSection\":[\"El\u00e9tricos\"],\"inLanguage\":\"pt-BR\"},{\"@type\":\"WebPage\",\"@id\":\"https:\\\/\\\/dana.com.br\\\/canaldana\\\/2023\\\/01\\\/17\\\/carro-eletrico-mais-barato-da-byd-e-revelado-e-pode-vir-ao-brasil\\\/\",\"url\":\"https:\\\/\\\/dana.com.br\\\/canaldana\\\/2023\\\/01\\\/17\\\/carro-eletrico-mais-barato-da-byd-e-revelado-e-pode-vir-ao-brasil\\\/\",\"name\":\"Carro el\u00e9trico mais barato da BYD \u00e9 revelado e pode vir ao Brasil - Canal Dana\",\"isPartOf\":{\"@id\":\"https:\\\/\\\/dana.com.br\\\/canaldana\\\/#website\"},\"datePublished\":\"2023-01-17T11:28:37+00:00\",\"author\":{\"@id\":\"https:\\\/\\\/dana.com.br\\\/canaldana\\\/#\\\/schema\\\/person\\\/3c21f22f56fcf3bc46b94bc60ea4fef6\"},\"breadcrumb\":{\"@id\":\"https:\\\/\\\/dana.com.br\\\/canaldana\\\/2023\\\/01\\\/17\\\/carro-eletrico-mais-barato-da-byd-e-revelado-e-pode-vir-ao-brasil\\\/#breadcrumb\"},\"inLanguage\":\"pt-BR\",\"potentialAction\":[{\"@type\":\"ReadAction\",\"target\":[\"https:\\\/\\\/dana.com.br\\\/canaldana\\\/2023\\\/01\\\/17\\\/carro-eletrico-mais-barato-da-byd-e-revelado-e-pode-vir-ao-brasil\\\/\"]}]},{\"@type\":\"BreadcrumbList\",\"@id\":\"https:\\\/\\\/dana.com.br\\\/canaldana\\\/2023\\\/01\\\/17\\\/carro-eletrico-mais-barato-da-byd-e-revelado-e-pode-vir-ao-brasil\\\/#breadcrumb\",\"itemListElement\":[{\"@type\":\"ListItem\",\"position\":1,\"name\":\"Home\",\"item\":\"https:\\\/\\\/dana.com.br\\\/canaldana\\\/\"},{\"@type\":\"ListItem\",\"position\":2,\"name\":\"El\u00e9tricos\",\"item\":\"https:\\\/\\\/dana.com.br\\\/canaldana\\\/eletricos\\\/\"},{\"@type\":\"ListItem\",\"position\":3,\"name\":\"Carro el\u00e9trico mais barato da BYD \u00e9 revelado e pode vir ao Brasil\"}]},{\"@type\":\"WebSite\",\"@id\":\"https:\\\/\\\/dana.com.br\\\/canaldana\\\/#website\",\"url\":\"https:\\\/\\\/dana.com.br\\\/canaldana\\\/\",\"name\":\"Canal Dana\",\"description\":\"Informativo com as principais not\u00edcias da ind\u00fastria automotiva\",\"potentialAction\":[{\"@type\":\"SearchAction\",\"target\":{\"@type\":\"EntryPoint\",\"urlTemplate\":\"https:\\\/\\\/dana.com.br\\\/canaldana\\\/?s={search_term_string}\"},\"query-input\":{\"@type\":\"PropertyValueSpecification\",\"valueRequired\":true,\"valueName\":\"search_term_string\"}}],\"inLanguage\":\"pt-BR\"},{\"@type\":\"Person\",\"@id\":\"https:\\\/\\\/dana.com.br\\\/canaldana\\\/#\\\/schema\\\/person\\\/3c21f22f56fcf3bc46b94bc60ea4fef6\",\"name\":\"Canal Dana\",\"image\":{\"@type\":\"ImageObject\",\"inLanguage\":\"pt-BR\",\"@id\":\"https:\\\/\\\/secure.gravatar.com\\\/avatar\\\/420aaf9278582877d9018637c6817617705899d2858d7572ef0fe59a6b6454b4?s=96&d=mm&r=g\",\"url\":\"https:\\\/\\\/secure.gravatar.com\\\/avatar\\\/420aaf9278582877d9018637c6817617705899d2858d7572ef0fe59a6b6454b4?s=96&d=mm&r=g\",\"contentUrl\":\"https:\\\/\\\/secure.gravatar.com\\\/avatar\\\/420aaf9278582877d9018637c6817617705899d2858d7572ef0fe59a6b6454b4?s=96&d=mm&r=g\",\"caption\":\"Canal Dana\"},\"url\":\"https:\\\/\\\/dana.com.br\\\/canaldana\\\/author\\\/cdeditor\\\/\"}]}<\/script>\n<!-- \/ Yoast SEO plugin. -->","yoast_head_json":{"title":"Carro el\u00e9trico mais barato da BYD \u00e9 revelado e pode vir ao Brasil - Canal Dana","robots":{"index":"index","follow":"follow","max-snippet":"max-snippet:-1","max-image-preview":"max-image-preview:large","max-video-preview":"max-video-preview:-1"},"canonical":"https:\/\/dana.com.br\/canaldana\/2023\/01\/17\/carro-eletrico-mais-barato-da-byd-e-revelado-e-pode-vir-ao-brasil\/","og_locale":"pt_BR","og_type":"article","og_title":"Carro el\u00e9trico mais barato da BYD \u00e9 revelado e pode vir ao Brasil - Canal Dana","og_description":"InsedeEvs\/AutoHome &nbsp; O carro el\u00e9trico de entrada BYD Seagull foi revelado em imagens de registro do minist\u00e9rio do governo chin\u00eas. O menor modelo da linha de ve\u00edculos el\u00e9tricos Ocean aparece \u201climpo\u201d pela primeira vez e mostra um design ousado e um motor el\u00e9trico com 74 cv de pot\u00eancia. &nbsp; O Seagull \u00e9 um hatchback de\u2026 Leia mais \u00bb","og_url":"https:\/\/dana.com.br\/canaldana\/2023\/01\/17\/carro-eletrico-mais-barato-da-byd-e-revelado-e-pode-vir-ao-brasil\/","og_site_name":"Canal Dana","article_published_time":"2023-01-17T11:28:37+00:00","author":"Canal Dana","twitter_card":"summary_large_image","twitter_misc":{"Escrito por":"Canal Dana","Est. tempo de leitura":"2 minutos"},"schema":{"@context":"https:\/\/schema.org","@graph":[{"@type":"Article","@id":"https:\/\/dana.com.br\/canaldana\/2023\/01\/17\/carro-eletrico-mais-barato-da-byd-e-revelado-e-pode-vir-ao-brasil\/#article","isPartOf":{"@id":"https:\/\/dana.com.br\/canaldana\/2023\/01\/17\/carro-eletrico-mais-barato-da-byd-e-revelado-e-pode-vir-ao-brasil\/"},"author":{"name":"Canal Dana","@id":"https:\/\/dana.com.br\/canaldana\/#\/schema\/person\/3c21f22f56fcf3bc46b94bc60ea4fef6"},"headline":"Carro el\u00e9trico mais barato da BYD \u00e9 revelado e pode vir ao Brasil","datePublished":"2023-01-17T11:28:37+00:00","mainEntityOfPage":{"@id":"https:\/\/dana.com.br\/canaldana\/2023\/01\/17\/carro-eletrico-mais-barato-da-byd-e-revelado-e-pode-vir-ao-brasil\/"},"wordCount":500,"articleSection":["El\u00e9tricos"],"inLanguage":"pt-BR"},{"@type":"WebPage","@id":"https:\/\/dana.com.br\/canaldana\/2023\/01\/17\/carro-eletrico-mais-barato-da-byd-e-revelado-e-pode-vir-ao-brasil\/","url":"https:\/\/dana.com.br\/canaldana\/2023\/01\/17\/carro-eletrico-mais-barato-da-byd-e-revelado-e-pode-vir-ao-brasil\/","name":"Carro el\u00e9trico mais barato da BYD \u00e9 revelado e pode vir ao Brasil - Canal Dana","isPartOf":{"@id":"https:\/\/dana.com.br\/canaldana\/#website"},"datePublished":"2023-01-17T11:28:37+00:00","author":{"@id":"https:\/\/dana.com.br\/canaldana\/#\/schema\/person\/3c21f22f56fcf3bc46b94bc60ea4fef6"},"breadcrumb":{"@id":"https:\/\/dana.com.br\/canaldana\/2023\/01\/17\/carro-eletrico-mais-barato-da-byd-e-revelado-e-pode-vir-ao-brasil\/#breadcrumb"},"inLanguage":"pt-BR","potentialAction":[{"@type":"ReadAction","target":["https:\/\/dana.com.br\/canaldana\/2023\/01\/17\/carro-eletrico-mais-barato-da-byd-e-revelado-e-pode-vir-ao-brasil\/"]}]},{"@type":"BreadcrumbList","@id":"https:\/\/dana.com.br\/canaldana\/2023\/01\/17\/carro-eletrico-mais-barato-da-byd-e-revelado-e-pode-vir-ao-brasil\/#breadcrumb","itemListElement":[{"@type":"ListItem","position":1,"name":"Home","item":"https:\/\/dana.com.br\/canaldana\/"},{"@type":"ListItem","position":2,"name":"El\u00e9tricos","item":"https:\/\/dana.com.br\/canaldana\/eletricos\/"},{"@type":"ListItem","position":3,"name":"Carro el\u00e9trico mais barato da BYD \u00e9 revelado e pode vir ao Brasil"}]},{"@type":"WebSite","@id":"https:\/\/dana.com.br\/canaldana\/#website","url":"https:\/\/dana.com.br\/canaldana\/","name":"Canal Dana","description":"Informativo com as principais not\u00edcias da ind\u00fastria automotiva","potentialAction":[{"@type":"SearchAction","target":{"@type":"EntryPoint","urlTemplate":"https:\/\/dana.com.br\/canaldana\/?s={search_term_string}"},"query-input":{"@type":"PropertyValueSpecification","valueRequired":true,"valueName":"search_term_string"}}],"inLanguage":"pt-BR"},{"@type":"Person","@id":"https:\/\/dana.com.br\/canaldana\/#\/schema\/person\/3c21f22f56fcf3bc46b94bc60ea4fef6","name":"Canal Dana","image":{"@type":"ImageObject","inLanguage":"pt-BR","@id":"https:\/\/secure.gravatar.com\/avatar\/420aaf9278582877d9018637c6817617705899d2858d7572ef0fe59a6b6454b4?s=96&d=mm&r=g","url":"https:\/\/secure.gravatar.com\/avatar\/420aaf9278582877d9018637c6817617705899d2858d7572ef0fe59a6b6454b4?s=96&d=mm&r=g","contentUrl":"https:\/\/secure.gravatar.com\/avatar\/420aaf9278582877d9018637c6817617705899d2858d7572ef0fe59a6b6454b4?s=96&d=mm&r=g","caption":"Canal Dana"},"url":"https:\/\/dana.com.br\/canaldana\/author\/cdeditor\/"}]}},"_links":{"self":[{"href":"https:\/\/dana.com.br\/canaldana\/wp-json\/wp\/v2\/posts\/63202","targetHints":{"allow":["GET"]}}],"collection":[{"href":"https:\/\/dana.com.br\/canaldana\/wp-json\/wp\/v2\/posts"}],"about":[{"href":"https:\/\/dana.com.br\/canaldana\/wp-json\/wp\/v2\/types\/post"}],"author":[{"embeddable":true,"href":"https:\/\/dana.com.br\/canaldana\/wp-json\/wp\/v2\/users\/3"}],"replies":[{"embeddable":true,"href":"https:\/\/dana.com.br\/canaldana\/wp-json\/wp\/v2\/comments?post=63202"}],"version-history":[{"count":0,"href":"https:\/\/dana.com.br\/canaldana\/wp-json\/wp\/v2\/posts\/63202\/revisions"}],"wp:attachment":[{"href":"https:\/\/dana.com.br\/canaldana\/wp-json\/wp\/v2\/media?parent=63202"}],"wp:term":[{"taxonomy":"category","embeddable":true,"href":"https:\/\/dana.com.br\/canaldana\/wp-json\/wp\/v2\/categories?post=63202"},{"taxonomy":"post_tag","embeddable":true,"href":"https:\/\/dana.com.br\/canaldana\/wp-json\/wp\/v2\/tags?post=63202"}],"curies":[{"name":"wp","href":"https:\/\/api.w.org\/{rel}","templated":true}]}}