{"id":63174,"date":"2023-01-16T09:08:50","date_gmt":"2023-01-16T12:08:50","guid":{"rendered":"https:\/\/dana.com.br\/canaldana\/?p=63174"},"modified":"2023-01-16T09:08:50","modified_gmt":"2023-01-16T12:08:50","slug":"salvar-a-industria-e-fazer-escolhas","status":"publish","type":"post","link":"https:\/\/dana.com.br\/canaldana\/2023\/01\/16\/salvar-a-industria-e-fazer-escolhas\/","title":{"rendered":"Salvar a ind\u00fastria \u00e9 fazer escolhas"},"content":{"rendered":"<p><em>O Estado de S. Paulo <\/em><\/p>\n<p>&nbsp;<\/p>\n<p>Ao tomar posse como ministro do Desenvolvimento, Ind\u00fastria e Com\u00e9rcio, o vice-presidente da Rep\u00fablica, Geraldo Alckmin, anunciou que teria como prioridade as negocia\u00e7\u00f5es de novos acordos comerciais, destinados a criar acesso aos mercados externos do produto industrial do Brasil.<\/p>\n<p>&nbsp;<\/p>\n<p>A dire\u00e7\u00e3o est\u00e1 correta, mas, depois de tanta vacila\u00e7\u00e3o dos governos anteriores, os obst\u00e1culos ficaram enormes. E, mais do que tudo, a defini\u00e7\u00e3o de uma pol\u00edtica industrial deve preceder um novo esfor\u00e7o de abertura comercial no exterior. Mas isso precisa ser mais bem explicado.<\/p>\n<p>&nbsp;<\/p>\n<p>Ano ap\u00f3s ano, a ind\u00fastria de transforma\u00e7\u00e3o do Brasil vai sendo desidratada. H\u00e1 30 anos, correspondia a 29% do PIB; hoje, n\u00e3o passa dos 12%.<\/p>\n<p>&nbsp;<\/p>\n<p>Desde os anos 50, os empres\u00e1rios argumentavam que a ind\u00fastria precisava de prote\u00e7\u00e3o. Obtiveram favores fiscais, barreiras alfandeg\u00e1rias que mantinham a concorr\u00eancia externa longe dos portos internos, reservas de mercado, cr\u00e9ditos a juros favorecidos colocados \u00e0 disposi\u00e7\u00e3o pelo BNDES e tantas coisas mais.<\/p>\n<p>&nbsp;<\/p>\n<p>Desde a d\u00e9cada de 70, os dirigentes da ind\u00fastria repetiam que era preciso garantir mais c\u00e2mbio (moeda nacional mais desvalorizada em rela\u00e7\u00e3o ao d\u00f3lar), para dar competitividade \u00e0 ind\u00fastria nacional, e juros mais baixos, de modo a reduzir os custos do cr\u00e9dito. E, no entanto, mesmo enquanto o d\u00f3lar manteve-se caro e o juro baixo, a ind\u00fastria n\u00e3o se recuperou. E, claro, tem o alt\u00edssimo custo Brasil: impostos altos demais, infraestrutura sucateada, inexistente ou cara demais, excesso de burocracia e por a\u00ed vai.<\/p>\n<p>&nbsp;<\/p>\n<p>Embora tenham de enfrentar essas adversidades, outros setores seguem em franca prosperidade, como acontece com as \u00e1reas da minera\u00e7\u00e3o e do agroneg\u00f3cio. A diferen\u00e7a \u00e9 que contam com forte mercado externo, o que mais falta \u00e0 ind\u00fastria.<\/p>\n<p>&nbsp;<\/p>\n<p>Desde a d\u00e9cada de 80, o Brasil e todo o Mercosul perderam a oportunidade de batalhar por novos acordos comerciais que abririam mercados para a ind\u00fastria. Preferiram se fechar como ostras, para se proteger da concorr\u00eancia externa. Agora, ficou tudo mais dif\u00edcil porque Estados Unidos, Europa e Jap\u00e3o adotaram pol\u00edticas protecionistas, em defesa de sua pr\u00f3pria ind\u00fastria.<\/p>\n<p>&nbsp;<\/p>\n<p>De todo modo, \u00e9 preciso fazer escolhas. Uma ind\u00fastria automobil\u00edstica baseada na queima de combust\u00edveis f\u00f3sseis, por exemplo, ter\u00e1 um mercado externo restrito. N\u00e3o h\u00e1 como competir l\u00e1 fora com produtos dotados de baixa tecnologia. Em compensa\u00e7\u00e3o, mil portas podem-se abrir para industrializados que contam com mais vantagens comparativas.<\/p>\n<p>&nbsp;<\/p>\n<p>Alguns exemplos: produ\u00e7\u00e3o de hidrog\u00eanio verde, ind\u00fastria eletrointensiva baseada em energia limpa, processamento de prote\u00edna animal e vegetal, papel e celulose e enriquecimento de min\u00e9rios.<\/p>\n<p>&nbsp;<\/p>\n<p>Fazer escolhas implica tirar do foco ind\u00fastrias de baixa competitividade. \u00c9 isso que o governo Lula tem de fazer. (O Estado de S. Paulo\/Celso Ming celso)<\/p>\n","protected":false},"excerpt":{"rendered":"<p>O Estado de S. Paulo &nbsp; Ao tomar posse como ministro do Desenvolvimento, Ind\u00fastria e Com\u00e9rcio, o vice-presidente da Rep\u00fablica, Geraldo Alckmin, anunciou que teria como prioridade as negocia\u00e7\u00f5es de novos acordos comerciais, destinados a criar acesso aos mercados externos do produto industrial do Brasil. &nbsp; A dire\u00e7\u00e3o est\u00e1 correta, mas, depois de tanta vacila\u00e7\u00e3o\u2026 <a class=\"readmore\" href=\"https:\/\/dana.com.br\/canaldana\/2023\/01\/16\/salvar-a-industria-e-fazer-escolhas\/\">Leia mais \u00bb<\/a><\/p>\n","protected":false},"author":3,"featured_media":0,"comment_status":"closed","ping_status":"closed","sticky":false,"template":"","format":"standard","meta":{"_acf_changed":false,"footnotes":""},"categories":[100],"tags":[],"class_list":["post-63174","post","type-post","status-publish","format-standard","hentry","category-artigo"],"acf":[],"yoast_head":"<!-- This site is optimized with the Yoast SEO plugin v27.3 - https:\/\/yoast.com\/product\/yoast-seo-wordpress\/ -->\n<title>Salvar a ind\u00fastria \u00e9 fazer escolhas - Canal Dana<\/title>\n<meta name=\"robots\" content=\"index, follow, max-snippet:-1, max-image-preview:large, max-video-preview:-1\" \/>\n<link rel=\"canonical\" href=\"https:\/\/dana.com.br\/canaldana\/2023\/01\/16\/salvar-a-industria-e-fazer-escolhas\/\" \/>\n<meta property=\"og:locale\" content=\"pt_BR\" \/>\n<meta property=\"og:type\" content=\"article\" \/>\n<meta property=\"og:title\" content=\"Salvar a ind\u00fastria \u00e9 fazer escolhas - Canal Dana\" \/>\n<meta property=\"og:description\" content=\"O Estado de S. Paulo &nbsp; Ao tomar posse como ministro do Desenvolvimento, Ind\u00fastria e Com\u00e9rcio, o vice-presidente da Rep\u00fablica, Geraldo Alckmin, anunciou que teria como prioridade as negocia\u00e7\u00f5es de novos acordos comerciais, destinados a criar acesso aos mercados externos do produto industrial do Brasil. &nbsp; A dire\u00e7\u00e3o est\u00e1 correta, mas, depois de tanta vacila\u00e7\u00e3o\u2026 Leia mais \u00bb\" \/>\n<meta property=\"og:url\" content=\"https:\/\/dana.com.br\/canaldana\/2023\/01\/16\/salvar-a-industria-e-fazer-escolhas\/\" \/>\n<meta property=\"og:site_name\" content=\"Canal Dana\" \/>\n<meta property=\"article:published_time\" content=\"2023-01-16T12:08:50+00:00\" \/>\n<meta name=\"author\" content=\"Canal Dana\" \/>\n<meta name=\"twitter:card\" content=\"summary_large_image\" \/>\n<meta name=\"twitter:label1\" content=\"Escrito por\" \/>\n\t<meta name=\"twitter:data1\" content=\"Canal Dana\" \/>\n\t<meta name=\"twitter:label2\" content=\"Est. tempo de leitura\" \/>\n\t<meta name=\"twitter:data2\" content=\"3 minutos\" \/>\n<script type=\"application\/ld+json\" class=\"yoast-schema-graph\">{\"@context\":\"https:\\\/\\\/schema.org\",\"@graph\":[{\"@type\":\"Article\",\"@id\":\"https:\\\/\\\/dana.com.br\\\/canaldana\\\/2023\\\/01\\\/16\\\/salvar-a-industria-e-fazer-escolhas\\\/#article\",\"isPartOf\":{\"@id\":\"https:\\\/\\\/dana.com.br\\\/canaldana\\\/2023\\\/01\\\/16\\\/salvar-a-industria-e-fazer-escolhas\\\/\"},\"author\":{\"name\":\"Canal Dana\",\"@id\":\"https:\\\/\\\/dana.com.br\\\/canaldana\\\/#\\\/schema\\\/person\\\/3c21f22f56fcf3bc46b94bc60ea4fef6\"},\"headline\":\"Salvar a ind\u00fastria \u00e9 fazer escolhas\",\"datePublished\":\"2023-01-16T12:08:50+00:00\",\"mainEntityOfPage\":{\"@id\":\"https:\\\/\\\/dana.com.br\\\/canaldana\\\/2023\\\/01\\\/16\\\/salvar-a-industria-e-fazer-escolhas\\\/\"},\"wordCount\":494,\"articleSection\":[\"Artigo\"],\"inLanguage\":\"pt-BR\"},{\"@type\":\"WebPage\",\"@id\":\"https:\\\/\\\/dana.com.br\\\/canaldana\\\/2023\\\/01\\\/16\\\/salvar-a-industria-e-fazer-escolhas\\\/\",\"url\":\"https:\\\/\\\/dana.com.br\\\/canaldana\\\/2023\\\/01\\\/16\\\/salvar-a-industria-e-fazer-escolhas\\\/\",\"name\":\"Salvar a ind\u00fastria \u00e9 fazer escolhas - Canal Dana\",\"isPartOf\":{\"@id\":\"https:\\\/\\\/dana.com.br\\\/canaldana\\\/#website\"},\"datePublished\":\"2023-01-16T12:08:50+00:00\",\"author\":{\"@id\":\"https:\\\/\\\/dana.com.br\\\/canaldana\\\/#\\\/schema\\\/person\\\/3c21f22f56fcf3bc46b94bc60ea4fef6\"},\"breadcrumb\":{\"@id\":\"https:\\\/\\\/dana.com.br\\\/canaldana\\\/2023\\\/01\\\/16\\\/salvar-a-industria-e-fazer-escolhas\\\/#breadcrumb\"},\"inLanguage\":\"pt-BR\",\"potentialAction\":[{\"@type\":\"ReadAction\",\"target\":[\"https:\\\/\\\/dana.com.br\\\/canaldana\\\/2023\\\/01\\\/16\\\/salvar-a-industria-e-fazer-escolhas\\\/\"]}]},{\"@type\":\"BreadcrumbList\",\"@id\":\"https:\\\/\\\/dana.com.br\\\/canaldana\\\/2023\\\/01\\\/16\\\/salvar-a-industria-e-fazer-escolhas\\\/#breadcrumb\",\"itemListElement\":[{\"@type\":\"ListItem\",\"position\":1,\"name\":\"Home\",\"item\":\"https:\\\/\\\/dana.com.br\\\/canaldana\\\/\"},{\"@type\":\"ListItem\",\"position\":2,\"name\":\"Artigo\",\"item\":\"https:\\\/\\\/dana.com.br\\\/canaldana\\\/artigo\\\/\"},{\"@type\":\"ListItem\",\"position\":3,\"name\":\"Salvar a ind\u00fastria \u00e9 fazer escolhas\"}]},{\"@type\":\"WebSite\",\"@id\":\"https:\\\/\\\/dana.com.br\\\/canaldana\\\/#website\",\"url\":\"https:\\\/\\\/dana.com.br\\\/canaldana\\\/\",\"name\":\"Canal Dana\",\"description\":\"Informativo com as principais not\u00edcias da ind\u00fastria automotiva\",\"potentialAction\":[{\"@type\":\"SearchAction\",\"target\":{\"@type\":\"EntryPoint\",\"urlTemplate\":\"https:\\\/\\\/dana.com.br\\\/canaldana\\\/?s={search_term_string}\"},\"query-input\":{\"@type\":\"PropertyValueSpecification\",\"valueRequired\":true,\"valueName\":\"search_term_string\"}}],\"inLanguage\":\"pt-BR\"},{\"@type\":\"Person\",\"@id\":\"https:\\\/\\\/dana.com.br\\\/canaldana\\\/#\\\/schema\\\/person\\\/3c21f22f56fcf3bc46b94bc60ea4fef6\",\"name\":\"Canal Dana\",\"image\":{\"@type\":\"ImageObject\",\"inLanguage\":\"pt-BR\",\"@id\":\"https:\\\/\\\/secure.gravatar.com\\\/avatar\\\/420aaf9278582877d9018637c6817617705899d2858d7572ef0fe59a6b6454b4?s=96&d=mm&r=g\",\"url\":\"https:\\\/\\\/secure.gravatar.com\\\/avatar\\\/420aaf9278582877d9018637c6817617705899d2858d7572ef0fe59a6b6454b4?s=96&d=mm&r=g\",\"contentUrl\":\"https:\\\/\\\/secure.gravatar.com\\\/avatar\\\/420aaf9278582877d9018637c6817617705899d2858d7572ef0fe59a6b6454b4?s=96&d=mm&r=g\",\"caption\":\"Canal Dana\"},\"url\":\"https:\\\/\\\/dana.com.br\\\/canaldana\\\/author\\\/cdeditor\\\/\"}]}<\/script>\n<!-- \/ Yoast SEO plugin. -->","yoast_head_json":{"title":"Salvar a ind\u00fastria \u00e9 fazer escolhas - Canal Dana","robots":{"index":"index","follow":"follow","max-snippet":"max-snippet:-1","max-image-preview":"max-image-preview:large","max-video-preview":"max-video-preview:-1"},"canonical":"https:\/\/dana.com.br\/canaldana\/2023\/01\/16\/salvar-a-industria-e-fazer-escolhas\/","og_locale":"pt_BR","og_type":"article","og_title":"Salvar a ind\u00fastria \u00e9 fazer escolhas - Canal Dana","og_description":"O Estado de S. Paulo &nbsp; Ao tomar posse como ministro do Desenvolvimento, Ind\u00fastria e Com\u00e9rcio, o vice-presidente da Rep\u00fablica, Geraldo Alckmin, anunciou que teria como prioridade as negocia\u00e7\u00f5es de novos acordos comerciais, destinados a criar acesso aos mercados externos do produto industrial do Brasil. &nbsp; A dire\u00e7\u00e3o est\u00e1 correta, mas, depois de tanta vacila\u00e7\u00e3o\u2026 Leia mais \u00bb","og_url":"https:\/\/dana.com.br\/canaldana\/2023\/01\/16\/salvar-a-industria-e-fazer-escolhas\/","og_site_name":"Canal Dana","article_published_time":"2023-01-16T12:08:50+00:00","author":"Canal Dana","twitter_card":"summary_large_image","twitter_misc":{"Escrito por":"Canal Dana","Est. tempo de leitura":"3 minutos"},"schema":{"@context":"https:\/\/schema.org","@graph":[{"@type":"Article","@id":"https:\/\/dana.com.br\/canaldana\/2023\/01\/16\/salvar-a-industria-e-fazer-escolhas\/#article","isPartOf":{"@id":"https:\/\/dana.com.br\/canaldana\/2023\/01\/16\/salvar-a-industria-e-fazer-escolhas\/"},"author":{"name":"Canal Dana","@id":"https:\/\/dana.com.br\/canaldana\/#\/schema\/person\/3c21f22f56fcf3bc46b94bc60ea4fef6"},"headline":"Salvar a ind\u00fastria \u00e9 fazer escolhas","datePublished":"2023-01-16T12:08:50+00:00","mainEntityOfPage":{"@id":"https:\/\/dana.com.br\/canaldana\/2023\/01\/16\/salvar-a-industria-e-fazer-escolhas\/"},"wordCount":494,"articleSection":["Artigo"],"inLanguage":"pt-BR"},{"@type":"WebPage","@id":"https:\/\/dana.com.br\/canaldana\/2023\/01\/16\/salvar-a-industria-e-fazer-escolhas\/","url":"https:\/\/dana.com.br\/canaldana\/2023\/01\/16\/salvar-a-industria-e-fazer-escolhas\/","name":"Salvar a ind\u00fastria \u00e9 fazer escolhas - Canal Dana","isPartOf":{"@id":"https:\/\/dana.com.br\/canaldana\/#website"},"datePublished":"2023-01-16T12:08:50+00:00","author":{"@id":"https:\/\/dana.com.br\/canaldana\/#\/schema\/person\/3c21f22f56fcf3bc46b94bc60ea4fef6"},"breadcrumb":{"@id":"https:\/\/dana.com.br\/canaldana\/2023\/01\/16\/salvar-a-industria-e-fazer-escolhas\/#breadcrumb"},"inLanguage":"pt-BR","potentialAction":[{"@type":"ReadAction","target":["https:\/\/dana.com.br\/canaldana\/2023\/01\/16\/salvar-a-industria-e-fazer-escolhas\/"]}]},{"@type":"BreadcrumbList","@id":"https:\/\/dana.com.br\/canaldana\/2023\/01\/16\/salvar-a-industria-e-fazer-escolhas\/#breadcrumb","itemListElement":[{"@type":"ListItem","position":1,"name":"Home","item":"https:\/\/dana.com.br\/canaldana\/"},{"@type":"ListItem","position":2,"name":"Artigo","item":"https:\/\/dana.com.br\/canaldana\/artigo\/"},{"@type":"ListItem","position":3,"name":"Salvar a ind\u00fastria \u00e9 fazer escolhas"}]},{"@type":"WebSite","@id":"https:\/\/dana.com.br\/canaldana\/#website","url":"https:\/\/dana.com.br\/canaldana\/","name":"Canal Dana","description":"Informativo com as principais not\u00edcias da ind\u00fastria automotiva","potentialAction":[{"@type":"SearchAction","target":{"@type":"EntryPoint","urlTemplate":"https:\/\/dana.com.br\/canaldana\/?s={search_term_string}"},"query-input":{"@type":"PropertyValueSpecification","valueRequired":true,"valueName":"search_term_string"}}],"inLanguage":"pt-BR"},{"@type":"Person","@id":"https:\/\/dana.com.br\/canaldana\/#\/schema\/person\/3c21f22f56fcf3bc46b94bc60ea4fef6","name":"Canal Dana","image":{"@type":"ImageObject","inLanguage":"pt-BR","@id":"https:\/\/secure.gravatar.com\/avatar\/420aaf9278582877d9018637c6817617705899d2858d7572ef0fe59a6b6454b4?s=96&d=mm&r=g","url":"https:\/\/secure.gravatar.com\/avatar\/420aaf9278582877d9018637c6817617705899d2858d7572ef0fe59a6b6454b4?s=96&d=mm&r=g","contentUrl":"https:\/\/secure.gravatar.com\/avatar\/420aaf9278582877d9018637c6817617705899d2858d7572ef0fe59a6b6454b4?s=96&d=mm&r=g","caption":"Canal Dana"},"url":"https:\/\/dana.com.br\/canaldana\/author\/cdeditor\/"}]}},"_links":{"self":[{"href":"https:\/\/dana.com.br\/canaldana\/wp-json\/wp\/v2\/posts\/63174","targetHints":{"allow":["GET"]}}],"collection":[{"href":"https:\/\/dana.com.br\/canaldana\/wp-json\/wp\/v2\/posts"}],"about":[{"href":"https:\/\/dana.com.br\/canaldana\/wp-json\/wp\/v2\/types\/post"}],"author":[{"embeddable":true,"href":"https:\/\/dana.com.br\/canaldana\/wp-json\/wp\/v2\/users\/3"}],"replies":[{"embeddable":true,"href":"https:\/\/dana.com.br\/canaldana\/wp-json\/wp\/v2\/comments?post=63174"}],"version-history":[{"count":0,"href":"https:\/\/dana.com.br\/canaldana\/wp-json\/wp\/v2\/posts\/63174\/revisions"}],"wp:attachment":[{"href":"https:\/\/dana.com.br\/canaldana\/wp-json\/wp\/v2\/media?parent=63174"}],"wp:term":[{"taxonomy":"category","embeddable":true,"href":"https:\/\/dana.com.br\/canaldana\/wp-json\/wp\/v2\/categories?post=63174"},{"taxonomy":"post_tag","embeddable":true,"href":"https:\/\/dana.com.br\/canaldana\/wp-json\/wp\/v2\/tags?post=63174"}],"curies":[{"name":"wp","href":"https:\/\/api.w.org\/{rel}","templated":true}]}}