{"id":63169,"date":"2023-01-13T08:40:59","date_gmt":"2023-01-13T11:40:59","guid":{"rendered":"https:\/\/dana.com.br\/canaldana\/?p=63169"},"modified":"2023-01-13T08:40:59","modified_gmt":"2023-01-13T11:40:59","slug":"dois-anos-sem-producao-local-ford-tem-85-das-vendas-em-comerciais-leves","status":"publish","type":"post","link":"https:\/\/dana.com.br\/canaldana\/2023\/01\/13\/dois-anos-sem-producao-local-ford-tem-85-das-vendas-em-comerciais-leves\/","title":{"rendered":"Dois anos sem produ\u00e7\u00e3o local, Ford tem 85% das vendas em comerciais leves"},"content":{"rendered":"<p><em>AutoInd\u00fastria <\/em><\/p>\n<p>&nbsp;<\/p>\n<p>H\u00e1 exatos dois anos, em 11 de janeiro de 2021, a Ford anunciava o fim de sua centen\u00e1ria produ\u00e7\u00e3o de ve\u00edculos no Brasil. Desde ent\u00e3o, a marca norte-americana passou a atuar localmente apenas com ve\u00edculos importados. Encerrado 2022, por\u00e9m, est\u00e1 claro que o maior fil\u00e3o a ser explorado pela agora importadora s\u00e3o mesmo os comerciais leves.<\/p>\n<p>&nbsp;<\/p>\n<p>No ano passado, o segmento respondeu por nada menos do que 17,8 mil dos 20,8 mil ve\u00edculos Ford licenciados no mercado interno, 85% do total. O modelo mais negociado foi a picape grande Ranger. Fabricada na Argentina, acumulou 14,3 mil unidades, quinta colocada no ranking da categoria, segundo crit\u00e9rios da Fenabrave.<\/p>\n<p>&nbsp;<\/p>\n<p>Os furg\u00f5es Transit, dispon\u00edveis em vers\u00f5es de carga e passageiros vieram a seguir, com pouco mais de 2 mil emplacamentos, e a terceira posi\u00e7\u00e3o coube \u00e0 picape m\u00e9dia Maverick. Nas concession\u00e1rias desde o primeiro trimestre do ano passado, o modelo produzido no M\u00e9xico esbarrou nos 1,4 mil emplacamentos.<\/p>\n<p>&nbsp;<\/p>\n<p>A linha Ford no Brasil agora tem oito vers\u00f5es de picapes e furg\u00f5es contra duas dos SUVs Territory e Bronco e outras duas do esportivo Mustang. A marca, por\u00e9m, j\u00e1 anunciou o lan\u00e7amento dos Transit autom\u00e1tico, Maverick h\u00eddrida e de mais uma picape, a F-150, no transcorrer dos pr\u00f3ximos meses.<\/p>\n<p>&nbsp;<\/p>\n<p>Ou seja, at\u00e9 o fim de 2023, o portif\u00f3lio englobar\u00e1 quinze vers\u00f5es de ve\u00edculos, somente quatro ser\u00e3o de autom\u00f3veis de passeio. E mesmo considerando que o consumidor da Maverick claramente a utilize para o lazer, ainda assim os autom\u00f3veis seriam minoria com cinco op\u00e7\u00f5es.<\/p>\n<p>&nbsp;<\/p>\n<p>De fato, a Ford ingressou para o rol das marcas de nicho no caso dos autom\u00f3veis. Os exatos 3.018 licenciamentos registrados no ano passado a colocaram na modest\u00edssima 19\u00aa posi\u00e7\u00e3o no ranking de vendas, marginal 0,19% do segmento. Atr\u00e1s, inclusive, da sofisticad\u00edssima e car\u00edssima Porsche, que superou 3,2 mil unidades (0,20%).<\/p>\n<p>&nbsp;<\/p>\n<p>No mercado de comerciais leves a Ford encerrou 2022 com presen\u00e7a bem mais destacada. A participa\u00e7\u00e3o de 4,7% asseguraram a 6\u00aa posi\u00e7\u00e3o, \u00e0 frente de marcas que t\u00eam concorrentes diretas da Ranger. \u00c9 o caso, por exemplo, da Nissan (2,3%). Sua picape, a Frontier, fabricada na Argentina em nov\u00edssima gera\u00e7\u00e3o, vendeu somente 8,2 mil unidades.<\/p>\n<p>&nbsp;<\/p>\n<p>E importantes refor\u00e7os est\u00e3o pr\u00f3ximos. Ainda no primeiro trimestre, ser\u00e1 apresentada significativa atualiza\u00e7\u00e3o da Ranger, est\u00e9tica e mecanicamente. Daniel Justo, presidente da Ford aqui, prometeu outros nove lan\u00e7amentos em 2023. Sem citar n\u00fameros, cravou que a Ford vai crescer acima da m\u00e9dia do mercado este ano. (AutoInd\u00fastria\/George Guimar\u00e3es)<\/p>\n","protected":false},"excerpt":{"rendered":"<p>AutoInd\u00fastria &nbsp; H\u00e1 exatos dois anos, em 11 de janeiro de 2021, a Ford anunciava o fim de sua centen\u00e1ria produ\u00e7\u00e3o de ve\u00edculos no Brasil. Desde ent\u00e3o, a marca norte-americana passou a atuar localmente apenas com ve\u00edculos importados. Encerrado 2022, por\u00e9m, est\u00e1 claro que o maior fil\u00e3o a ser explorado pela agora importadora s\u00e3o mesmo\u2026 <a class=\"readmore\" href=\"https:\/\/dana.com.br\/canaldana\/2023\/01\/13\/dois-anos-sem-producao-local-ford-tem-85-das-vendas-em-comerciais-leves\/\">Leia mais \u00bb<\/a><\/p>\n","protected":false},"author":3,"featured_media":0,"comment_status":"closed","ping_status":"closed","sticky":false,"template":"","format":"standard","meta":{"_acf_changed":false,"footnotes":""},"categories":[61],"tags":[],"class_list":["post-63169","post","type-post","status-publish","format-standard","hentry","category-destaques"],"acf":[],"yoast_head":"<!-- This site is optimized with the Yoast SEO plugin v27.3 - https:\/\/yoast.com\/product\/yoast-seo-wordpress\/ -->\n<title>Dois anos sem produ\u00e7\u00e3o local, Ford tem 85% das vendas em comerciais leves - Canal Dana<\/title>\n<meta name=\"robots\" content=\"index, follow, max-snippet:-1, max-image-preview:large, max-video-preview:-1\" \/>\n<link rel=\"canonical\" href=\"https:\/\/dana.com.br\/canaldana\/2023\/01\/13\/dois-anos-sem-producao-local-ford-tem-85-das-vendas-em-comerciais-leves\/\" \/>\n<meta property=\"og:locale\" content=\"pt_BR\" \/>\n<meta property=\"og:type\" content=\"article\" \/>\n<meta property=\"og:title\" content=\"Dois anos sem produ\u00e7\u00e3o local, Ford tem 85% das vendas em comerciais leves - Canal Dana\" \/>\n<meta property=\"og:description\" content=\"AutoInd\u00fastria &nbsp; H\u00e1 exatos dois anos, em 11 de janeiro de 2021, a Ford anunciava o fim de sua centen\u00e1ria produ\u00e7\u00e3o de ve\u00edculos no Brasil. Desde ent\u00e3o, a marca norte-americana passou a atuar localmente apenas com ve\u00edculos importados. Encerrado 2022, por\u00e9m, est\u00e1 claro que o maior fil\u00e3o a ser explorado pela agora importadora s\u00e3o mesmo\u2026 Leia mais \u00bb\" \/>\n<meta property=\"og:url\" content=\"https:\/\/dana.com.br\/canaldana\/2023\/01\/13\/dois-anos-sem-producao-local-ford-tem-85-das-vendas-em-comerciais-leves\/\" \/>\n<meta property=\"og:site_name\" content=\"Canal Dana\" \/>\n<meta property=\"article:published_time\" content=\"2023-01-13T11:40:59+00:00\" \/>\n<meta name=\"author\" content=\"Canal Dana\" \/>\n<meta name=\"twitter:card\" content=\"summary_large_image\" \/>\n<meta name=\"twitter:label1\" content=\"Escrito por\" \/>\n\t<meta name=\"twitter:data1\" content=\"Canal Dana\" \/>\n\t<meta name=\"twitter:label2\" content=\"Est. tempo de leitura\" \/>\n\t<meta name=\"twitter:data2\" content=\"2 minutos\" \/>\n<script type=\"application\/ld+json\" class=\"yoast-schema-graph\">{\"@context\":\"https:\\\/\\\/schema.org\",\"@graph\":[{\"@type\":\"Article\",\"@id\":\"https:\\\/\\\/dana.com.br\\\/canaldana\\\/2023\\\/01\\\/13\\\/dois-anos-sem-producao-local-ford-tem-85-das-vendas-em-comerciais-leves\\\/#article\",\"isPartOf\":{\"@id\":\"https:\\\/\\\/dana.com.br\\\/canaldana\\\/2023\\\/01\\\/13\\\/dois-anos-sem-producao-local-ford-tem-85-das-vendas-em-comerciais-leves\\\/\"},\"author\":{\"name\":\"Canal Dana\",\"@id\":\"https:\\\/\\\/dana.com.br\\\/canaldana\\\/#\\\/schema\\\/person\\\/3c21f22f56fcf3bc46b94bc60ea4fef6\"},\"headline\":\"Dois anos sem produ\u00e7\u00e3o local, Ford tem 85% das vendas em comerciais leves\",\"datePublished\":\"2023-01-13T11:40:59+00:00\",\"mainEntityOfPage\":{\"@id\":\"https:\\\/\\\/dana.com.br\\\/canaldana\\\/2023\\\/01\\\/13\\\/dois-anos-sem-producao-local-ford-tem-85-das-vendas-em-comerciais-leves\\\/\"},\"wordCount\":456,\"articleSection\":[\"Destaques\"],\"inLanguage\":\"pt-BR\"},{\"@type\":\"WebPage\",\"@id\":\"https:\\\/\\\/dana.com.br\\\/canaldana\\\/2023\\\/01\\\/13\\\/dois-anos-sem-producao-local-ford-tem-85-das-vendas-em-comerciais-leves\\\/\",\"url\":\"https:\\\/\\\/dana.com.br\\\/canaldana\\\/2023\\\/01\\\/13\\\/dois-anos-sem-producao-local-ford-tem-85-das-vendas-em-comerciais-leves\\\/\",\"name\":\"Dois anos sem produ\u00e7\u00e3o local, Ford tem 85% das vendas em comerciais leves - Canal Dana\",\"isPartOf\":{\"@id\":\"https:\\\/\\\/dana.com.br\\\/canaldana\\\/#website\"},\"datePublished\":\"2023-01-13T11:40:59+00:00\",\"author\":{\"@id\":\"https:\\\/\\\/dana.com.br\\\/canaldana\\\/#\\\/schema\\\/person\\\/3c21f22f56fcf3bc46b94bc60ea4fef6\"},\"breadcrumb\":{\"@id\":\"https:\\\/\\\/dana.com.br\\\/canaldana\\\/2023\\\/01\\\/13\\\/dois-anos-sem-producao-local-ford-tem-85-das-vendas-em-comerciais-leves\\\/#breadcrumb\"},\"inLanguage\":\"pt-BR\",\"potentialAction\":[{\"@type\":\"ReadAction\",\"target\":[\"https:\\\/\\\/dana.com.br\\\/canaldana\\\/2023\\\/01\\\/13\\\/dois-anos-sem-producao-local-ford-tem-85-das-vendas-em-comerciais-leves\\\/\"]}]},{\"@type\":\"BreadcrumbList\",\"@id\":\"https:\\\/\\\/dana.com.br\\\/canaldana\\\/2023\\\/01\\\/13\\\/dois-anos-sem-producao-local-ford-tem-85-das-vendas-em-comerciais-leves\\\/#breadcrumb\",\"itemListElement\":[{\"@type\":\"ListItem\",\"position\":1,\"name\":\"Home\",\"item\":\"https:\\\/\\\/dana.com.br\\\/canaldana\\\/\"},{\"@type\":\"ListItem\",\"position\":2,\"name\":\"Destaques\",\"item\":\"https:\\\/\\\/dana.com.br\\\/canaldana\\\/destaques\\\/\"},{\"@type\":\"ListItem\",\"position\":3,\"name\":\"Dois anos sem produ\u00e7\u00e3o local, Ford tem 85% das vendas em comerciais leves\"}]},{\"@type\":\"WebSite\",\"@id\":\"https:\\\/\\\/dana.com.br\\\/canaldana\\\/#website\",\"url\":\"https:\\\/\\\/dana.com.br\\\/canaldana\\\/\",\"name\":\"Canal Dana\",\"description\":\"Informativo com as principais not\u00edcias da ind\u00fastria automotiva\",\"potentialAction\":[{\"@type\":\"SearchAction\",\"target\":{\"@type\":\"EntryPoint\",\"urlTemplate\":\"https:\\\/\\\/dana.com.br\\\/canaldana\\\/?s={search_term_string}\"},\"query-input\":{\"@type\":\"PropertyValueSpecification\",\"valueRequired\":true,\"valueName\":\"search_term_string\"}}],\"inLanguage\":\"pt-BR\"},{\"@type\":\"Person\",\"@id\":\"https:\\\/\\\/dana.com.br\\\/canaldana\\\/#\\\/schema\\\/person\\\/3c21f22f56fcf3bc46b94bc60ea4fef6\",\"name\":\"Canal Dana\",\"image\":{\"@type\":\"ImageObject\",\"inLanguage\":\"pt-BR\",\"@id\":\"https:\\\/\\\/secure.gravatar.com\\\/avatar\\\/420aaf9278582877d9018637c6817617705899d2858d7572ef0fe59a6b6454b4?s=96&d=mm&r=g\",\"url\":\"https:\\\/\\\/secure.gravatar.com\\\/avatar\\\/420aaf9278582877d9018637c6817617705899d2858d7572ef0fe59a6b6454b4?s=96&d=mm&r=g\",\"contentUrl\":\"https:\\\/\\\/secure.gravatar.com\\\/avatar\\\/420aaf9278582877d9018637c6817617705899d2858d7572ef0fe59a6b6454b4?s=96&d=mm&r=g\",\"caption\":\"Canal Dana\"},\"url\":\"https:\\\/\\\/dana.com.br\\\/canaldana\\\/author\\\/cdeditor\\\/\"}]}<\/script>\n<!-- \/ Yoast SEO plugin. -->","yoast_head_json":{"title":"Dois anos sem produ\u00e7\u00e3o local, Ford tem 85% das vendas em comerciais leves - Canal Dana","robots":{"index":"index","follow":"follow","max-snippet":"max-snippet:-1","max-image-preview":"max-image-preview:large","max-video-preview":"max-video-preview:-1"},"canonical":"https:\/\/dana.com.br\/canaldana\/2023\/01\/13\/dois-anos-sem-producao-local-ford-tem-85-das-vendas-em-comerciais-leves\/","og_locale":"pt_BR","og_type":"article","og_title":"Dois anos sem produ\u00e7\u00e3o local, Ford tem 85% das vendas em comerciais leves - Canal Dana","og_description":"AutoInd\u00fastria &nbsp; H\u00e1 exatos dois anos, em 11 de janeiro de 2021, a Ford anunciava o fim de sua centen\u00e1ria produ\u00e7\u00e3o de ve\u00edculos no Brasil. Desde ent\u00e3o, a marca norte-americana passou a atuar localmente apenas com ve\u00edculos importados. Encerrado 2022, por\u00e9m, est\u00e1 claro que o maior fil\u00e3o a ser explorado pela agora importadora s\u00e3o mesmo\u2026 Leia mais \u00bb","og_url":"https:\/\/dana.com.br\/canaldana\/2023\/01\/13\/dois-anos-sem-producao-local-ford-tem-85-das-vendas-em-comerciais-leves\/","og_site_name":"Canal Dana","article_published_time":"2023-01-13T11:40:59+00:00","author":"Canal Dana","twitter_card":"summary_large_image","twitter_misc":{"Escrito por":"Canal Dana","Est. tempo de leitura":"2 minutos"},"schema":{"@context":"https:\/\/schema.org","@graph":[{"@type":"Article","@id":"https:\/\/dana.com.br\/canaldana\/2023\/01\/13\/dois-anos-sem-producao-local-ford-tem-85-das-vendas-em-comerciais-leves\/#article","isPartOf":{"@id":"https:\/\/dana.com.br\/canaldana\/2023\/01\/13\/dois-anos-sem-producao-local-ford-tem-85-das-vendas-em-comerciais-leves\/"},"author":{"name":"Canal Dana","@id":"https:\/\/dana.com.br\/canaldana\/#\/schema\/person\/3c21f22f56fcf3bc46b94bc60ea4fef6"},"headline":"Dois anos sem produ\u00e7\u00e3o local, Ford tem 85% das vendas em comerciais leves","datePublished":"2023-01-13T11:40:59+00:00","mainEntityOfPage":{"@id":"https:\/\/dana.com.br\/canaldana\/2023\/01\/13\/dois-anos-sem-producao-local-ford-tem-85-das-vendas-em-comerciais-leves\/"},"wordCount":456,"articleSection":["Destaques"],"inLanguage":"pt-BR"},{"@type":"WebPage","@id":"https:\/\/dana.com.br\/canaldana\/2023\/01\/13\/dois-anos-sem-producao-local-ford-tem-85-das-vendas-em-comerciais-leves\/","url":"https:\/\/dana.com.br\/canaldana\/2023\/01\/13\/dois-anos-sem-producao-local-ford-tem-85-das-vendas-em-comerciais-leves\/","name":"Dois anos sem produ\u00e7\u00e3o local, Ford tem 85% das vendas em comerciais leves - Canal Dana","isPartOf":{"@id":"https:\/\/dana.com.br\/canaldana\/#website"},"datePublished":"2023-01-13T11:40:59+00:00","author":{"@id":"https:\/\/dana.com.br\/canaldana\/#\/schema\/person\/3c21f22f56fcf3bc46b94bc60ea4fef6"},"breadcrumb":{"@id":"https:\/\/dana.com.br\/canaldana\/2023\/01\/13\/dois-anos-sem-producao-local-ford-tem-85-das-vendas-em-comerciais-leves\/#breadcrumb"},"inLanguage":"pt-BR","potentialAction":[{"@type":"ReadAction","target":["https:\/\/dana.com.br\/canaldana\/2023\/01\/13\/dois-anos-sem-producao-local-ford-tem-85-das-vendas-em-comerciais-leves\/"]}]},{"@type":"BreadcrumbList","@id":"https:\/\/dana.com.br\/canaldana\/2023\/01\/13\/dois-anos-sem-producao-local-ford-tem-85-das-vendas-em-comerciais-leves\/#breadcrumb","itemListElement":[{"@type":"ListItem","position":1,"name":"Home","item":"https:\/\/dana.com.br\/canaldana\/"},{"@type":"ListItem","position":2,"name":"Destaques","item":"https:\/\/dana.com.br\/canaldana\/destaques\/"},{"@type":"ListItem","position":3,"name":"Dois anos sem produ\u00e7\u00e3o local, Ford tem 85% das vendas em comerciais leves"}]},{"@type":"WebSite","@id":"https:\/\/dana.com.br\/canaldana\/#website","url":"https:\/\/dana.com.br\/canaldana\/","name":"Canal Dana","description":"Informativo com as principais not\u00edcias da ind\u00fastria automotiva","potentialAction":[{"@type":"SearchAction","target":{"@type":"EntryPoint","urlTemplate":"https:\/\/dana.com.br\/canaldana\/?s={search_term_string}"},"query-input":{"@type":"PropertyValueSpecification","valueRequired":true,"valueName":"search_term_string"}}],"inLanguage":"pt-BR"},{"@type":"Person","@id":"https:\/\/dana.com.br\/canaldana\/#\/schema\/person\/3c21f22f56fcf3bc46b94bc60ea4fef6","name":"Canal Dana","image":{"@type":"ImageObject","inLanguage":"pt-BR","@id":"https:\/\/secure.gravatar.com\/avatar\/420aaf9278582877d9018637c6817617705899d2858d7572ef0fe59a6b6454b4?s=96&d=mm&r=g","url":"https:\/\/secure.gravatar.com\/avatar\/420aaf9278582877d9018637c6817617705899d2858d7572ef0fe59a6b6454b4?s=96&d=mm&r=g","contentUrl":"https:\/\/secure.gravatar.com\/avatar\/420aaf9278582877d9018637c6817617705899d2858d7572ef0fe59a6b6454b4?s=96&d=mm&r=g","caption":"Canal Dana"},"url":"https:\/\/dana.com.br\/canaldana\/author\/cdeditor\/"}]}},"_links":{"self":[{"href":"https:\/\/dana.com.br\/canaldana\/wp-json\/wp\/v2\/posts\/63169","targetHints":{"allow":["GET"]}}],"collection":[{"href":"https:\/\/dana.com.br\/canaldana\/wp-json\/wp\/v2\/posts"}],"about":[{"href":"https:\/\/dana.com.br\/canaldana\/wp-json\/wp\/v2\/types\/post"}],"author":[{"embeddable":true,"href":"https:\/\/dana.com.br\/canaldana\/wp-json\/wp\/v2\/users\/3"}],"replies":[{"embeddable":true,"href":"https:\/\/dana.com.br\/canaldana\/wp-json\/wp\/v2\/comments?post=63169"}],"version-history":[{"count":0,"href":"https:\/\/dana.com.br\/canaldana\/wp-json\/wp\/v2\/posts\/63169\/revisions"}],"wp:attachment":[{"href":"https:\/\/dana.com.br\/canaldana\/wp-json\/wp\/v2\/media?parent=63169"}],"wp:term":[{"taxonomy":"category","embeddable":true,"href":"https:\/\/dana.com.br\/canaldana\/wp-json\/wp\/v2\/categories?post=63169"},{"taxonomy":"post_tag","embeddable":true,"href":"https:\/\/dana.com.br\/canaldana\/wp-json\/wp\/v2\/tags?post=63169"}],"curies":[{"name":"wp","href":"https:\/\/api.w.org\/{rel}","templated":true}]}}