{"id":63138,"date":"2023-01-12T08:28:40","date_gmt":"2023-01-12T11:28:40","guid":{"rendered":"https:\/\/dana.com.br\/canaldana\/?p=63138"},"modified":"2023-01-12T08:28:40","modified_gmt":"2023-01-12T11:28:40","slug":"caminhoes-volkswagen-lideram-vendas-em-2022","status":"publish","type":"post","link":"https:\/\/dana.com.br\/canaldana\/2023\/01\/12\/caminhoes-volkswagen-lideram-vendas-em-2022\/","title":{"rendered":"Caminh\u00f5es Volkswagen lideram vendas em 2022"},"content":{"rendered":"<p><em>Truck &amp; Bus Builder Am\u00e9rica do Sul<\/em><\/p>\n<p>&nbsp;<\/p>\n<p>A Volkswagen Caminh\u00f5es e \u00d4nibus foi a l\u00edder de vendas de caminh\u00f5es no mercado brasileiro em 2022 pelo segundo ano consecutivo, de acordo com os dados divulgados pela Associa\u00e7\u00e3o Nacional dos Fabricantes de Ve\u00edculos Automotores (Anfavea). Foram licenciados 34.506 caminh\u00f5es da marca, o que corresponde a 27,2% do mercado total. Al\u00e9m disso, a montadora comercializou 2.127 unidades do Delivery Express, que se enquadra entre os comerciais leves.<\/p>\n<p>&nbsp;<\/p>\n<p>No mercado de \u00f4nibus, a montadora com f\u00e1brica em Resende (RJ) comemorou a vice-lideran\u00e7a, com 4.671 chassis Volksbus registrados e 26,9% de participa\u00e7\u00e3o no segmento.<\/p>\n<p>&nbsp;<\/p>\n<p>\u201cEsse resultado reflete a combina\u00e7\u00e3o acertada de ve\u00edculos e servi\u00e7os com um p\u00f3s-vendas de alta qualidade. Temos mantido ciclos consecutivos de investimentos, expandimos nossa atua\u00e7\u00e3o para novos segmentos e refor\u00e7amos a oferta nos que j\u00e1 est\u00e1vamos presentes, sempre atentos \u00e0 demanda de opera\u00e7\u00e3o do transportador brasileiro. Isso nos garantiu essa lideran\u00e7a e, para 2023, temos mais de 30 novos caminh\u00f5es e \u00f4nibus focados em efici\u00eancia, conforto, seguran\u00e7a e tecnologia para continuar a conquistar o cliente nacional\u201d, afirma Roberto Cortes, presidente e CEO da Volkswagen Caminh\u00f5es e \u00d4nibus.<\/p>\n<p>&nbsp;<\/p>\n<p>Entre 2021 e 2025, a empresa prev\u00ea investir R$ 2 bilh\u00f5es USD 450 milh\u00f5es) para lan\u00e7ar novas tecnologias focadas em uma mobilidade mais sustent\u00e1vel, como a propuls\u00e3o el\u00e9trica e a melhoria da efici\u00eancia energ\u00e9tica com redu\u00e7\u00e3o de CO2. Tamb\u00e9m seguir\u00e1 avan\u00e7ando na digitaliza\u00e7\u00e3o e na conectividade para solu\u00e7\u00f5es de transporte cada vez mais modernas e eficientes.<\/p>\n<p>&nbsp;<\/p>\n<p>No mercado externo, a Volkswagen Caminh\u00f5es e \u00d4nibus exportou cerca de 10 mil unidades no ano, com um crescimento em torno de 15% quando comparado a 2021 e mais do que o dobro do volume negociado no exterior em 2020. O resultado \u00e9 o melhor dos \u00faltimos cinco anos e colocam a marca entre as mais vendidas em diversos pa\u00edses. Em Angola, \u00e9 a l\u00edder de mercado, com market share acima de 40%. A mesma posi\u00e7\u00e3o se repete em caminh\u00f5es no Uruguai: a cada quatro ve\u00edculos emplacados, um deles \u00e9 VW. No Chile e na Costa Rica a VWCO seguem entre as preferidas do cliente.<\/p>\n<p>&nbsp;<\/p>\n<p>\u201cFechamos 2022 com resultados expressivos no Brasil e no exterior. Continuaremos a investir no mercado nacional para manter nossa posi\u00e7\u00e3o, mas queremos replicar esse sucesso mundo afora. Assim como ocorreu no ano passado, vamos intensificar nossa internacionaliza\u00e7\u00e3o e dar in\u00edcio a uma nova fase nesse plano, buscando ainda mais oportunidades\u201d, afirma Roberto Cortes, presidente e CEO da Volkswagen Caminh\u00f5es e \u00d4nibus.<\/p>\n<p>&nbsp;<\/p>\n<p>A marca expandiu seu territ\u00f3rio de atua\u00e7\u00e3o no ano passado. Desembarcou na \u00c1sia com o in\u00edcio das vendas e montagem de seus ve\u00edculos em Filipinas, atrav\u00e9s de uma parceria com a MACC. Tamb\u00e9m fechou acordo para ter seu primeiro importador oficial no Oriente M\u00e9dio, na Jord\u00e2nia. Ao mesmo tempo, continuou a ampliar os neg\u00f3cios nos continentes que j\u00e1 atua. \u00c9 o caso do lan\u00e7amento dos caminh\u00f5es VW Delivery em El Salvador, no Panam\u00e1 e na Nicar\u00e1gua. Em breve, a produ\u00e7\u00e3o na Argentina, anunciada para in\u00edcio de 2024, vai apoiar esse crescimento internacional. Novos produtos tamb\u00e9m contribu\u00edram para o resultado, como os \u00f4nibus VW com dire\u00e7\u00e3o do lado direito para atender a pa\u00edses com essa demanda. Outro destaque \u00e9 o Delivery 11.170, em sua vers\u00e3o rec\u00e9m-lan\u00e7ada 4\u00d72 e tamb\u00e9m a 4\u00d74, que j\u00e1 conquistou os clientes. As primeiras exporta\u00e7\u00f5es do e-Delivery para o M\u00e9xico e Paraguai tamb\u00e9m foram conquistas alcan\u00e7adas em 2022. (Truck &amp; Bus Builder Am\u00e9rica do Sul)<\/p>\n","protected":false},"excerpt":{"rendered":"<p>Truck &amp; Bus Builder Am\u00e9rica do Sul &nbsp; A Volkswagen Caminh\u00f5es e \u00d4nibus foi a l\u00edder de vendas de caminh\u00f5es no mercado brasileiro em 2022 pelo segundo ano consecutivo, de acordo com os dados divulgados pela Associa\u00e7\u00e3o Nacional dos Fabricantes de Ve\u00edculos Automotores (Anfavea). Foram licenciados 34.506 caminh\u00f5es da marca, o que corresponde a 27,2%\u2026 <a class=\"readmore\" href=\"https:\/\/dana.com.br\/canaldana\/2023\/01\/12\/caminhoes-volkswagen-lideram-vendas-em-2022\/\">Leia mais \u00bb<\/a><\/p>\n","protected":false},"author":3,"featured_media":0,"comment_status":"closed","ping_status":"closed","sticky":false,"template":"","format":"standard","meta":{"_acf_changed":false,"footnotes":""},"categories":[61],"tags":[],"class_list":["post-63138","post","type-post","status-publish","format-standard","hentry","category-destaques"],"acf":[],"yoast_head":"<!-- This site is optimized with the Yoast SEO plugin v27.3 - https:\/\/yoast.com\/product\/yoast-seo-wordpress\/ -->\n<title>Caminh\u00f5es Volkswagen lideram vendas em 2022 - Canal Dana<\/title>\n<meta name=\"robots\" content=\"index, follow, max-snippet:-1, max-image-preview:large, max-video-preview:-1\" \/>\n<link rel=\"canonical\" href=\"https:\/\/dana.com.br\/canaldana\/2023\/01\/12\/caminhoes-volkswagen-lideram-vendas-em-2022\/\" \/>\n<meta property=\"og:locale\" content=\"pt_BR\" \/>\n<meta property=\"og:type\" content=\"article\" \/>\n<meta property=\"og:title\" content=\"Caminh\u00f5es Volkswagen lideram vendas em 2022 - Canal Dana\" \/>\n<meta property=\"og:description\" content=\"Truck &amp; Bus Builder Am\u00e9rica do Sul &nbsp; A Volkswagen Caminh\u00f5es e \u00d4nibus foi a l\u00edder de vendas de caminh\u00f5es no mercado brasileiro em 2022 pelo segundo ano consecutivo, de acordo com os dados divulgados pela Associa\u00e7\u00e3o Nacional dos Fabricantes de Ve\u00edculos Automotores (Anfavea). Foram licenciados 34.506 caminh\u00f5es da marca, o que corresponde a 27,2%\u2026 Leia mais \u00bb\" \/>\n<meta property=\"og:url\" content=\"https:\/\/dana.com.br\/canaldana\/2023\/01\/12\/caminhoes-volkswagen-lideram-vendas-em-2022\/\" \/>\n<meta property=\"og:site_name\" content=\"Canal Dana\" \/>\n<meta property=\"article:published_time\" content=\"2023-01-12T11:28:40+00:00\" \/>\n<meta name=\"author\" content=\"Canal Dana\" \/>\n<meta name=\"twitter:card\" content=\"summary_large_image\" \/>\n<meta name=\"twitter:label1\" content=\"Escrito por\" \/>\n\t<meta name=\"twitter:data1\" content=\"Canal Dana\" \/>\n\t<meta name=\"twitter:label2\" content=\"Est. tempo de leitura\" \/>\n\t<meta name=\"twitter:data2\" content=\"4 minutos\" \/>\n<script type=\"application\/ld+json\" class=\"yoast-schema-graph\">{\"@context\":\"https:\\\/\\\/schema.org\",\"@graph\":[{\"@type\":\"Article\",\"@id\":\"https:\\\/\\\/dana.com.br\\\/canaldana\\\/2023\\\/01\\\/12\\\/caminhoes-volkswagen-lideram-vendas-em-2022\\\/#article\",\"isPartOf\":{\"@id\":\"https:\\\/\\\/dana.com.br\\\/canaldana\\\/2023\\\/01\\\/12\\\/caminhoes-volkswagen-lideram-vendas-em-2022\\\/\"},\"author\":{\"name\":\"Canal Dana\",\"@id\":\"https:\\\/\\\/dana.com.br\\\/canaldana\\\/#\\\/schema\\\/person\\\/3c21f22f56fcf3bc46b94bc60ea4fef6\"},\"headline\":\"Caminh\u00f5es Volkswagen lideram vendas em 2022\",\"datePublished\":\"2023-01-12T11:28:40+00:00\",\"mainEntityOfPage\":{\"@id\":\"https:\\\/\\\/dana.com.br\\\/canaldana\\\/2023\\\/01\\\/12\\\/caminhoes-volkswagen-lideram-vendas-em-2022\\\/\"},\"wordCount\":624,\"articleSection\":[\"Destaques\"],\"inLanguage\":\"pt-BR\"},{\"@type\":\"WebPage\",\"@id\":\"https:\\\/\\\/dana.com.br\\\/canaldana\\\/2023\\\/01\\\/12\\\/caminhoes-volkswagen-lideram-vendas-em-2022\\\/\",\"url\":\"https:\\\/\\\/dana.com.br\\\/canaldana\\\/2023\\\/01\\\/12\\\/caminhoes-volkswagen-lideram-vendas-em-2022\\\/\",\"name\":\"Caminh\u00f5es Volkswagen lideram vendas em 2022 - Canal Dana\",\"isPartOf\":{\"@id\":\"https:\\\/\\\/dana.com.br\\\/canaldana\\\/#website\"},\"datePublished\":\"2023-01-12T11:28:40+00:00\",\"author\":{\"@id\":\"https:\\\/\\\/dana.com.br\\\/canaldana\\\/#\\\/schema\\\/person\\\/3c21f22f56fcf3bc46b94bc60ea4fef6\"},\"breadcrumb\":{\"@id\":\"https:\\\/\\\/dana.com.br\\\/canaldana\\\/2023\\\/01\\\/12\\\/caminhoes-volkswagen-lideram-vendas-em-2022\\\/#breadcrumb\"},\"inLanguage\":\"pt-BR\",\"potentialAction\":[{\"@type\":\"ReadAction\",\"target\":[\"https:\\\/\\\/dana.com.br\\\/canaldana\\\/2023\\\/01\\\/12\\\/caminhoes-volkswagen-lideram-vendas-em-2022\\\/\"]}]},{\"@type\":\"BreadcrumbList\",\"@id\":\"https:\\\/\\\/dana.com.br\\\/canaldana\\\/2023\\\/01\\\/12\\\/caminhoes-volkswagen-lideram-vendas-em-2022\\\/#breadcrumb\",\"itemListElement\":[{\"@type\":\"ListItem\",\"position\":1,\"name\":\"Home\",\"item\":\"https:\\\/\\\/dana.com.br\\\/canaldana\\\/\"},{\"@type\":\"ListItem\",\"position\":2,\"name\":\"Destaques\",\"item\":\"https:\\\/\\\/dana.com.br\\\/canaldana\\\/destaques\\\/\"},{\"@type\":\"ListItem\",\"position\":3,\"name\":\"Caminh\u00f5es Volkswagen lideram vendas em 2022\"}]},{\"@type\":\"WebSite\",\"@id\":\"https:\\\/\\\/dana.com.br\\\/canaldana\\\/#website\",\"url\":\"https:\\\/\\\/dana.com.br\\\/canaldana\\\/\",\"name\":\"Canal Dana\",\"description\":\"Informativo com as principais not\u00edcias da ind\u00fastria automotiva\",\"potentialAction\":[{\"@type\":\"SearchAction\",\"target\":{\"@type\":\"EntryPoint\",\"urlTemplate\":\"https:\\\/\\\/dana.com.br\\\/canaldana\\\/?s={search_term_string}\"},\"query-input\":{\"@type\":\"PropertyValueSpecification\",\"valueRequired\":true,\"valueName\":\"search_term_string\"}}],\"inLanguage\":\"pt-BR\"},{\"@type\":\"Person\",\"@id\":\"https:\\\/\\\/dana.com.br\\\/canaldana\\\/#\\\/schema\\\/person\\\/3c21f22f56fcf3bc46b94bc60ea4fef6\",\"name\":\"Canal Dana\",\"image\":{\"@type\":\"ImageObject\",\"inLanguage\":\"pt-BR\",\"@id\":\"https:\\\/\\\/secure.gravatar.com\\\/avatar\\\/420aaf9278582877d9018637c6817617705899d2858d7572ef0fe59a6b6454b4?s=96&d=mm&r=g\",\"url\":\"https:\\\/\\\/secure.gravatar.com\\\/avatar\\\/420aaf9278582877d9018637c6817617705899d2858d7572ef0fe59a6b6454b4?s=96&d=mm&r=g\",\"contentUrl\":\"https:\\\/\\\/secure.gravatar.com\\\/avatar\\\/420aaf9278582877d9018637c6817617705899d2858d7572ef0fe59a6b6454b4?s=96&d=mm&r=g\",\"caption\":\"Canal Dana\"},\"url\":\"https:\\\/\\\/dana.com.br\\\/canaldana\\\/author\\\/cdeditor\\\/\"}]}<\/script>\n<!-- \/ Yoast SEO plugin. -->","yoast_head_json":{"title":"Caminh\u00f5es Volkswagen lideram vendas em 2022 - Canal Dana","robots":{"index":"index","follow":"follow","max-snippet":"max-snippet:-1","max-image-preview":"max-image-preview:large","max-video-preview":"max-video-preview:-1"},"canonical":"https:\/\/dana.com.br\/canaldana\/2023\/01\/12\/caminhoes-volkswagen-lideram-vendas-em-2022\/","og_locale":"pt_BR","og_type":"article","og_title":"Caminh\u00f5es Volkswagen lideram vendas em 2022 - Canal Dana","og_description":"Truck &amp; Bus Builder Am\u00e9rica do Sul &nbsp; A Volkswagen Caminh\u00f5es e \u00d4nibus foi a l\u00edder de vendas de caminh\u00f5es no mercado brasileiro em 2022 pelo segundo ano consecutivo, de acordo com os dados divulgados pela Associa\u00e7\u00e3o Nacional dos Fabricantes de Ve\u00edculos Automotores (Anfavea). Foram licenciados 34.506 caminh\u00f5es da marca, o que corresponde a 27,2%\u2026 Leia mais \u00bb","og_url":"https:\/\/dana.com.br\/canaldana\/2023\/01\/12\/caminhoes-volkswagen-lideram-vendas-em-2022\/","og_site_name":"Canal Dana","article_published_time":"2023-01-12T11:28:40+00:00","author":"Canal Dana","twitter_card":"summary_large_image","twitter_misc":{"Escrito por":"Canal Dana","Est. tempo de leitura":"4 minutos"},"schema":{"@context":"https:\/\/schema.org","@graph":[{"@type":"Article","@id":"https:\/\/dana.com.br\/canaldana\/2023\/01\/12\/caminhoes-volkswagen-lideram-vendas-em-2022\/#article","isPartOf":{"@id":"https:\/\/dana.com.br\/canaldana\/2023\/01\/12\/caminhoes-volkswagen-lideram-vendas-em-2022\/"},"author":{"name":"Canal Dana","@id":"https:\/\/dana.com.br\/canaldana\/#\/schema\/person\/3c21f22f56fcf3bc46b94bc60ea4fef6"},"headline":"Caminh\u00f5es Volkswagen lideram vendas em 2022","datePublished":"2023-01-12T11:28:40+00:00","mainEntityOfPage":{"@id":"https:\/\/dana.com.br\/canaldana\/2023\/01\/12\/caminhoes-volkswagen-lideram-vendas-em-2022\/"},"wordCount":624,"articleSection":["Destaques"],"inLanguage":"pt-BR"},{"@type":"WebPage","@id":"https:\/\/dana.com.br\/canaldana\/2023\/01\/12\/caminhoes-volkswagen-lideram-vendas-em-2022\/","url":"https:\/\/dana.com.br\/canaldana\/2023\/01\/12\/caminhoes-volkswagen-lideram-vendas-em-2022\/","name":"Caminh\u00f5es Volkswagen lideram vendas em 2022 - Canal Dana","isPartOf":{"@id":"https:\/\/dana.com.br\/canaldana\/#website"},"datePublished":"2023-01-12T11:28:40+00:00","author":{"@id":"https:\/\/dana.com.br\/canaldana\/#\/schema\/person\/3c21f22f56fcf3bc46b94bc60ea4fef6"},"breadcrumb":{"@id":"https:\/\/dana.com.br\/canaldana\/2023\/01\/12\/caminhoes-volkswagen-lideram-vendas-em-2022\/#breadcrumb"},"inLanguage":"pt-BR","potentialAction":[{"@type":"ReadAction","target":["https:\/\/dana.com.br\/canaldana\/2023\/01\/12\/caminhoes-volkswagen-lideram-vendas-em-2022\/"]}]},{"@type":"BreadcrumbList","@id":"https:\/\/dana.com.br\/canaldana\/2023\/01\/12\/caminhoes-volkswagen-lideram-vendas-em-2022\/#breadcrumb","itemListElement":[{"@type":"ListItem","position":1,"name":"Home","item":"https:\/\/dana.com.br\/canaldana\/"},{"@type":"ListItem","position":2,"name":"Destaques","item":"https:\/\/dana.com.br\/canaldana\/destaques\/"},{"@type":"ListItem","position":3,"name":"Caminh\u00f5es Volkswagen lideram vendas em 2022"}]},{"@type":"WebSite","@id":"https:\/\/dana.com.br\/canaldana\/#website","url":"https:\/\/dana.com.br\/canaldana\/","name":"Canal Dana","description":"Informativo com as principais not\u00edcias da ind\u00fastria automotiva","potentialAction":[{"@type":"SearchAction","target":{"@type":"EntryPoint","urlTemplate":"https:\/\/dana.com.br\/canaldana\/?s={search_term_string}"},"query-input":{"@type":"PropertyValueSpecification","valueRequired":true,"valueName":"search_term_string"}}],"inLanguage":"pt-BR"},{"@type":"Person","@id":"https:\/\/dana.com.br\/canaldana\/#\/schema\/person\/3c21f22f56fcf3bc46b94bc60ea4fef6","name":"Canal Dana","image":{"@type":"ImageObject","inLanguage":"pt-BR","@id":"https:\/\/secure.gravatar.com\/avatar\/420aaf9278582877d9018637c6817617705899d2858d7572ef0fe59a6b6454b4?s=96&d=mm&r=g","url":"https:\/\/secure.gravatar.com\/avatar\/420aaf9278582877d9018637c6817617705899d2858d7572ef0fe59a6b6454b4?s=96&d=mm&r=g","contentUrl":"https:\/\/secure.gravatar.com\/avatar\/420aaf9278582877d9018637c6817617705899d2858d7572ef0fe59a6b6454b4?s=96&d=mm&r=g","caption":"Canal Dana"},"url":"https:\/\/dana.com.br\/canaldana\/author\/cdeditor\/"}]}},"_links":{"self":[{"href":"https:\/\/dana.com.br\/canaldana\/wp-json\/wp\/v2\/posts\/63138","targetHints":{"allow":["GET"]}}],"collection":[{"href":"https:\/\/dana.com.br\/canaldana\/wp-json\/wp\/v2\/posts"}],"about":[{"href":"https:\/\/dana.com.br\/canaldana\/wp-json\/wp\/v2\/types\/post"}],"author":[{"embeddable":true,"href":"https:\/\/dana.com.br\/canaldana\/wp-json\/wp\/v2\/users\/3"}],"replies":[{"embeddable":true,"href":"https:\/\/dana.com.br\/canaldana\/wp-json\/wp\/v2\/comments?post=63138"}],"version-history":[{"count":0,"href":"https:\/\/dana.com.br\/canaldana\/wp-json\/wp\/v2\/posts\/63138\/revisions"}],"wp:attachment":[{"href":"https:\/\/dana.com.br\/canaldana\/wp-json\/wp\/v2\/media?parent=63138"}],"wp:term":[{"taxonomy":"category","embeddable":true,"href":"https:\/\/dana.com.br\/canaldana\/wp-json\/wp\/v2\/categories?post=63138"},{"taxonomy":"post_tag","embeddable":true,"href":"https:\/\/dana.com.br\/canaldana\/wp-json\/wp\/v2\/tags?post=63138"}],"curies":[{"name":"wp","href":"https:\/\/api.w.org\/{rel}","templated":true}]}}