{"id":63083,"date":"2023-01-11T08:39:45","date_gmt":"2023-01-11T11:39:45","guid":{"rendered":"https:\/\/dana.com.br\/canaldana\/?p=63083"},"modified":"2023-01-11T08:39:45","modified_gmt":"2023-01-11T11:39:45","slug":"renault-quer-produzir-carros-eletricos-na-india-comecando-pelo-kwid-e-tech","status":"publish","type":"post","link":"https:\/\/dana.com.br\/canaldana\/2023\/01\/11\/renault-quer-produzir-carros-eletricos-na-india-comecando-pelo-kwid-e-tech\/","title":{"rendered":"Renault quer produzir carros el\u00e9tricos na \u00cdndia, come\u00e7ando pelo Kwid E-Tech"},"content":{"rendered":"<p><em>InsideEVs Brasil\/Automotive News Europe <\/em><\/p>\n<p>&nbsp;<\/p>\n<p>A Renault est\u00e1 realmente considerando produzir carros el\u00e9tricos na \u00cdndia. Essa confirma\u00e7\u00e3o pode vir a acontecer em um cen\u00e1rio de transi\u00e7\u00e3o energ\u00e9tica da montadora, uma estrat\u00e9gia global e que est\u00e1 atenta ao pa\u00eds asi\u00e1tico, que j\u00e1 emerge como o 3\u00ba maior mercado do automotivo do mundo, superando o Jap\u00e3o.<\/p>\n<p>&nbsp;<\/p>\n<p>Segundo apurado pela Reuteurs e publicado pelo portal Automotive News, a montadora francesa estaria interessada em acelerar a ado\u00e7\u00e3o de carros el\u00e9tricos no pa\u00eds, um mercado onde a eletrifica\u00e7\u00e3o ainda \u00e9 incipiente, respondendo por menos de 1% do setor automotivo, mas que tem como meta avan\u00e7ar para 30% das vendas totais at\u00e9 2030. Isso dentro de um plano estrat\u00e9gico do governo indiano que tenta atrair montadoras internacionais com uma s\u00e9rie de incentivos e subs\u00eddios.<\/p>\n<p>&nbsp;<\/p>\n<p>O relatado estudo da Renault tamb\u00e9m aponta para a mudan\u00e7a de percep\u00e7\u00e3o sobre o segmento automotivo da \u00cdndia, que apresentou o maior crescimento de produ\u00e7\u00e3o em 2022 entre os grandes mercados mundiais, atingindo 4,4 milh\u00f5es de unidades no ano passado, um aumento de 22% sobre o ano anterior.<\/p>\n<p>&nbsp;<\/p>\n<p>E segundo a reportagem, a ideia da montadora era come\u00e7ar pelo segmento de entrada, lan\u00e7ando uma vers\u00e3o do Renault Kwid E-Tech produzida na pr\u00f3pria \u00cdndia &#8211; atualmente, tanto o modelo vendido no Brasil, quanto na Europa e demais mercados, \u00e9 montado na China.<\/p>\n<p>&nbsp;<\/p>\n<p>No entanto, ainda se trata de um estudo, onde a empresa estaria avaliando a demanda potencial, custos e pre\u00e7os a serem praticados e a capacidade de produzir o carro el\u00e9trico com um alto percentual de componentes locais, acrescentando que um poss\u00edvel lan\u00e7amento s\u00f3 ocorreria a partir do final de 2024 e com a anu\u00eancia da parceria Nissan.<\/p>\n<p>&nbsp;<\/p>\n<p>&#8220;A \u00cdndia desempenhar\u00e1 um papel importante em futuros projetos da Renault-Nissan, mas os planos locais n\u00e3o ser\u00e3o finalizados antes que um acordo global sobre uma reestrutura\u00e7\u00e3o da alian\u00e7a seja alcan\u00e7ado&#8221;, disse uma das fontes.<\/p>\n<p>&nbsp;<\/p>\n<p>A Renault \u00cdndia n\u00e3o comentou sobre a apura\u00e7\u00e3o da Reuters, mas reafirmou que a empresa tem um &#8220;forte foco na eletrifica\u00e7\u00e3o globalmente&#8221;, como parte da estrat\u00e9gia anunciada pelo CEO Luca de Meo e de que &#8220;a \u00cdndia \u00e9 um dos principais mercados&#8221; para o grupo. (InsideEVs Brasil\/Automotive News Europe\/Julio Cesar)<\/p>\n<p>&nbsp;<\/p>\n","protected":false},"excerpt":{"rendered":"<p>InsideEVs Brasil\/Automotive News Europe &nbsp; A Renault est\u00e1 realmente considerando produzir carros el\u00e9tricos na \u00cdndia. Essa confirma\u00e7\u00e3o pode vir a acontecer em um cen\u00e1rio de transi\u00e7\u00e3o energ\u00e9tica da montadora, uma estrat\u00e9gia global e que est\u00e1 atenta ao pa\u00eds asi\u00e1tico, que j\u00e1 emerge como o 3\u00ba maior mercado do automotivo do mundo, superando o Jap\u00e3o. &nbsp;\u2026 <a class=\"readmore\" href=\"https:\/\/dana.com.br\/canaldana\/2023\/01\/11\/renault-quer-produzir-carros-eletricos-na-india-comecando-pelo-kwid-e-tech\/\">Leia mais \u00bb<\/a><\/p>\n","protected":false},"author":3,"featured_media":0,"comment_status":"closed","ping_status":"closed","sticky":false,"template":"","format":"standard","meta":{"_acf_changed":false,"footnotes":""},"categories":[110],"tags":[],"class_list":["post-63083","post","type-post","status-publish","format-standard","hentry","category-eletricos"],"acf":[],"yoast_head":"<!-- This site is optimized with the Yoast SEO plugin v27.3 - https:\/\/yoast.com\/product\/yoast-seo-wordpress\/ -->\n<title>Renault quer produzir carros el\u00e9tricos na \u00cdndia, come\u00e7ando pelo Kwid E-Tech - Canal Dana<\/title>\n<meta name=\"robots\" content=\"index, follow, max-snippet:-1, max-image-preview:large, max-video-preview:-1\" \/>\n<link rel=\"canonical\" href=\"https:\/\/dana.com.br\/canaldana\/2023\/01\/11\/renault-quer-produzir-carros-eletricos-na-india-comecando-pelo-kwid-e-tech\/\" \/>\n<meta property=\"og:locale\" content=\"pt_BR\" \/>\n<meta property=\"og:type\" content=\"article\" \/>\n<meta property=\"og:title\" content=\"Renault quer produzir carros el\u00e9tricos na \u00cdndia, come\u00e7ando pelo Kwid E-Tech - Canal Dana\" \/>\n<meta property=\"og:description\" content=\"InsideEVs Brasil\/Automotive News Europe &nbsp; A Renault est\u00e1 realmente considerando produzir carros el\u00e9tricos na \u00cdndia. Essa confirma\u00e7\u00e3o pode vir a acontecer em um cen\u00e1rio de transi\u00e7\u00e3o energ\u00e9tica da montadora, uma estrat\u00e9gia global e que est\u00e1 atenta ao pa\u00eds asi\u00e1tico, que j\u00e1 emerge como o 3\u00ba maior mercado do automotivo do mundo, superando o Jap\u00e3o. &nbsp;\u2026 Leia mais \u00bb\" \/>\n<meta property=\"og:url\" content=\"https:\/\/dana.com.br\/canaldana\/2023\/01\/11\/renault-quer-produzir-carros-eletricos-na-india-comecando-pelo-kwid-e-tech\/\" \/>\n<meta property=\"og:site_name\" content=\"Canal Dana\" \/>\n<meta property=\"article:published_time\" content=\"2023-01-11T11:39:45+00:00\" \/>\n<meta name=\"author\" content=\"Canal Dana\" \/>\n<meta name=\"twitter:card\" content=\"summary_large_image\" \/>\n<meta name=\"twitter:label1\" content=\"Escrito por\" \/>\n\t<meta name=\"twitter:data1\" content=\"Canal Dana\" \/>\n\t<meta name=\"twitter:label2\" content=\"Est. tempo de leitura\" \/>\n\t<meta name=\"twitter:data2\" content=\"2 minutos\" \/>\n<script type=\"application\/ld+json\" class=\"yoast-schema-graph\">{\"@context\":\"https:\\\/\\\/schema.org\",\"@graph\":[{\"@type\":\"Article\",\"@id\":\"https:\\\/\\\/dana.com.br\\\/canaldana\\\/2023\\\/01\\\/11\\\/renault-quer-produzir-carros-eletricos-na-india-comecando-pelo-kwid-e-tech\\\/#article\",\"isPartOf\":{\"@id\":\"https:\\\/\\\/dana.com.br\\\/canaldana\\\/2023\\\/01\\\/11\\\/renault-quer-produzir-carros-eletricos-na-india-comecando-pelo-kwid-e-tech\\\/\"},\"author\":{\"name\":\"Canal Dana\",\"@id\":\"https:\\\/\\\/dana.com.br\\\/canaldana\\\/#\\\/schema\\\/person\\\/3c21f22f56fcf3bc46b94bc60ea4fef6\"},\"headline\":\"Renault quer produzir carros el\u00e9tricos na \u00cdndia, come\u00e7ando pelo Kwid E-Tech\",\"datePublished\":\"2023-01-11T11:39:45+00:00\",\"mainEntityOfPage\":{\"@id\":\"https:\\\/\\\/dana.com.br\\\/canaldana\\\/2023\\\/01\\\/11\\\/renault-quer-produzir-carros-eletricos-na-india-comecando-pelo-kwid-e-tech\\\/\"},\"wordCount\":412,\"articleSection\":[\"El\u00e9tricos\"],\"inLanguage\":\"pt-BR\"},{\"@type\":\"WebPage\",\"@id\":\"https:\\\/\\\/dana.com.br\\\/canaldana\\\/2023\\\/01\\\/11\\\/renault-quer-produzir-carros-eletricos-na-india-comecando-pelo-kwid-e-tech\\\/\",\"url\":\"https:\\\/\\\/dana.com.br\\\/canaldana\\\/2023\\\/01\\\/11\\\/renault-quer-produzir-carros-eletricos-na-india-comecando-pelo-kwid-e-tech\\\/\",\"name\":\"Renault quer produzir carros el\u00e9tricos na \u00cdndia, come\u00e7ando pelo Kwid E-Tech - Canal Dana\",\"isPartOf\":{\"@id\":\"https:\\\/\\\/dana.com.br\\\/canaldana\\\/#website\"},\"datePublished\":\"2023-01-11T11:39:45+00:00\",\"author\":{\"@id\":\"https:\\\/\\\/dana.com.br\\\/canaldana\\\/#\\\/schema\\\/person\\\/3c21f22f56fcf3bc46b94bc60ea4fef6\"},\"breadcrumb\":{\"@id\":\"https:\\\/\\\/dana.com.br\\\/canaldana\\\/2023\\\/01\\\/11\\\/renault-quer-produzir-carros-eletricos-na-india-comecando-pelo-kwid-e-tech\\\/#breadcrumb\"},\"inLanguage\":\"pt-BR\",\"potentialAction\":[{\"@type\":\"ReadAction\",\"target\":[\"https:\\\/\\\/dana.com.br\\\/canaldana\\\/2023\\\/01\\\/11\\\/renault-quer-produzir-carros-eletricos-na-india-comecando-pelo-kwid-e-tech\\\/\"]}]},{\"@type\":\"BreadcrumbList\",\"@id\":\"https:\\\/\\\/dana.com.br\\\/canaldana\\\/2023\\\/01\\\/11\\\/renault-quer-produzir-carros-eletricos-na-india-comecando-pelo-kwid-e-tech\\\/#breadcrumb\",\"itemListElement\":[{\"@type\":\"ListItem\",\"position\":1,\"name\":\"Home\",\"item\":\"https:\\\/\\\/dana.com.br\\\/canaldana\\\/\"},{\"@type\":\"ListItem\",\"position\":2,\"name\":\"El\u00e9tricos\",\"item\":\"https:\\\/\\\/dana.com.br\\\/canaldana\\\/eletricos\\\/\"},{\"@type\":\"ListItem\",\"position\":3,\"name\":\"Renault quer produzir carros el\u00e9tricos na \u00cdndia, come\u00e7ando pelo Kwid E-Tech\"}]},{\"@type\":\"WebSite\",\"@id\":\"https:\\\/\\\/dana.com.br\\\/canaldana\\\/#website\",\"url\":\"https:\\\/\\\/dana.com.br\\\/canaldana\\\/\",\"name\":\"Canal Dana\",\"description\":\"Informativo com as principais not\u00edcias da ind\u00fastria automotiva\",\"potentialAction\":[{\"@type\":\"SearchAction\",\"target\":{\"@type\":\"EntryPoint\",\"urlTemplate\":\"https:\\\/\\\/dana.com.br\\\/canaldana\\\/?s={search_term_string}\"},\"query-input\":{\"@type\":\"PropertyValueSpecification\",\"valueRequired\":true,\"valueName\":\"search_term_string\"}}],\"inLanguage\":\"pt-BR\"},{\"@type\":\"Person\",\"@id\":\"https:\\\/\\\/dana.com.br\\\/canaldana\\\/#\\\/schema\\\/person\\\/3c21f22f56fcf3bc46b94bc60ea4fef6\",\"name\":\"Canal Dana\",\"image\":{\"@type\":\"ImageObject\",\"inLanguage\":\"pt-BR\",\"@id\":\"https:\\\/\\\/secure.gravatar.com\\\/avatar\\\/420aaf9278582877d9018637c6817617705899d2858d7572ef0fe59a6b6454b4?s=96&d=mm&r=g\",\"url\":\"https:\\\/\\\/secure.gravatar.com\\\/avatar\\\/420aaf9278582877d9018637c6817617705899d2858d7572ef0fe59a6b6454b4?s=96&d=mm&r=g\",\"contentUrl\":\"https:\\\/\\\/secure.gravatar.com\\\/avatar\\\/420aaf9278582877d9018637c6817617705899d2858d7572ef0fe59a6b6454b4?s=96&d=mm&r=g\",\"caption\":\"Canal Dana\"},\"url\":\"https:\\\/\\\/dana.com.br\\\/canaldana\\\/author\\\/cdeditor\\\/\"}]}<\/script>\n<!-- \/ Yoast SEO plugin. -->","yoast_head_json":{"title":"Renault quer produzir carros el\u00e9tricos na \u00cdndia, come\u00e7ando pelo Kwid E-Tech - Canal Dana","robots":{"index":"index","follow":"follow","max-snippet":"max-snippet:-1","max-image-preview":"max-image-preview:large","max-video-preview":"max-video-preview:-1"},"canonical":"https:\/\/dana.com.br\/canaldana\/2023\/01\/11\/renault-quer-produzir-carros-eletricos-na-india-comecando-pelo-kwid-e-tech\/","og_locale":"pt_BR","og_type":"article","og_title":"Renault quer produzir carros el\u00e9tricos na \u00cdndia, come\u00e7ando pelo Kwid E-Tech - Canal Dana","og_description":"InsideEVs Brasil\/Automotive News Europe &nbsp; A Renault est\u00e1 realmente considerando produzir carros el\u00e9tricos na \u00cdndia. Essa confirma\u00e7\u00e3o pode vir a acontecer em um cen\u00e1rio de transi\u00e7\u00e3o energ\u00e9tica da montadora, uma estrat\u00e9gia global e que est\u00e1 atenta ao pa\u00eds asi\u00e1tico, que j\u00e1 emerge como o 3\u00ba maior mercado do automotivo do mundo, superando o Jap\u00e3o. &nbsp;\u2026 Leia mais \u00bb","og_url":"https:\/\/dana.com.br\/canaldana\/2023\/01\/11\/renault-quer-produzir-carros-eletricos-na-india-comecando-pelo-kwid-e-tech\/","og_site_name":"Canal Dana","article_published_time":"2023-01-11T11:39:45+00:00","author":"Canal Dana","twitter_card":"summary_large_image","twitter_misc":{"Escrito por":"Canal Dana","Est. tempo de leitura":"2 minutos"},"schema":{"@context":"https:\/\/schema.org","@graph":[{"@type":"Article","@id":"https:\/\/dana.com.br\/canaldana\/2023\/01\/11\/renault-quer-produzir-carros-eletricos-na-india-comecando-pelo-kwid-e-tech\/#article","isPartOf":{"@id":"https:\/\/dana.com.br\/canaldana\/2023\/01\/11\/renault-quer-produzir-carros-eletricos-na-india-comecando-pelo-kwid-e-tech\/"},"author":{"name":"Canal Dana","@id":"https:\/\/dana.com.br\/canaldana\/#\/schema\/person\/3c21f22f56fcf3bc46b94bc60ea4fef6"},"headline":"Renault quer produzir carros el\u00e9tricos na \u00cdndia, come\u00e7ando pelo Kwid E-Tech","datePublished":"2023-01-11T11:39:45+00:00","mainEntityOfPage":{"@id":"https:\/\/dana.com.br\/canaldana\/2023\/01\/11\/renault-quer-produzir-carros-eletricos-na-india-comecando-pelo-kwid-e-tech\/"},"wordCount":412,"articleSection":["El\u00e9tricos"],"inLanguage":"pt-BR"},{"@type":"WebPage","@id":"https:\/\/dana.com.br\/canaldana\/2023\/01\/11\/renault-quer-produzir-carros-eletricos-na-india-comecando-pelo-kwid-e-tech\/","url":"https:\/\/dana.com.br\/canaldana\/2023\/01\/11\/renault-quer-produzir-carros-eletricos-na-india-comecando-pelo-kwid-e-tech\/","name":"Renault quer produzir carros el\u00e9tricos na \u00cdndia, come\u00e7ando pelo Kwid E-Tech - Canal Dana","isPartOf":{"@id":"https:\/\/dana.com.br\/canaldana\/#website"},"datePublished":"2023-01-11T11:39:45+00:00","author":{"@id":"https:\/\/dana.com.br\/canaldana\/#\/schema\/person\/3c21f22f56fcf3bc46b94bc60ea4fef6"},"breadcrumb":{"@id":"https:\/\/dana.com.br\/canaldana\/2023\/01\/11\/renault-quer-produzir-carros-eletricos-na-india-comecando-pelo-kwid-e-tech\/#breadcrumb"},"inLanguage":"pt-BR","potentialAction":[{"@type":"ReadAction","target":["https:\/\/dana.com.br\/canaldana\/2023\/01\/11\/renault-quer-produzir-carros-eletricos-na-india-comecando-pelo-kwid-e-tech\/"]}]},{"@type":"BreadcrumbList","@id":"https:\/\/dana.com.br\/canaldana\/2023\/01\/11\/renault-quer-produzir-carros-eletricos-na-india-comecando-pelo-kwid-e-tech\/#breadcrumb","itemListElement":[{"@type":"ListItem","position":1,"name":"Home","item":"https:\/\/dana.com.br\/canaldana\/"},{"@type":"ListItem","position":2,"name":"El\u00e9tricos","item":"https:\/\/dana.com.br\/canaldana\/eletricos\/"},{"@type":"ListItem","position":3,"name":"Renault quer produzir carros el\u00e9tricos na \u00cdndia, come\u00e7ando pelo Kwid E-Tech"}]},{"@type":"WebSite","@id":"https:\/\/dana.com.br\/canaldana\/#website","url":"https:\/\/dana.com.br\/canaldana\/","name":"Canal Dana","description":"Informativo com as principais not\u00edcias da ind\u00fastria automotiva","potentialAction":[{"@type":"SearchAction","target":{"@type":"EntryPoint","urlTemplate":"https:\/\/dana.com.br\/canaldana\/?s={search_term_string}"},"query-input":{"@type":"PropertyValueSpecification","valueRequired":true,"valueName":"search_term_string"}}],"inLanguage":"pt-BR"},{"@type":"Person","@id":"https:\/\/dana.com.br\/canaldana\/#\/schema\/person\/3c21f22f56fcf3bc46b94bc60ea4fef6","name":"Canal Dana","image":{"@type":"ImageObject","inLanguage":"pt-BR","@id":"https:\/\/secure.gravatar.com\/avatar\/420aaf9278582877d9018637c6817617705899d2858d7572ef0fe59a6b6454b4?s=96&d=mm&r=g","url":"https:\/\/secure.gravatar.com\/avatar\/420aaf9278582877d9018637c6817617705899d2858d7572ef0fe59a6b6454b4?s=96&d=mm&r=g","contentUrl":"https:\/\/secure.gravatar.com\/avatar\/420aaf9278582877d9018637c6817617705899d2858d7572ef0fe59a6b6454b4?s=96&d=mm&r=g","caption":"Canal Dana"},"url":"https:\/\/dana.com.br\/canaldana\/author\/cdeditor\/"}]}},"_links":{"self":[{"href":"https:\/\/dana.com.br\/canaldana\/wp-json\/wp\/v2\/posts\/63083","targetHints":{"allow":["GET"]}}],"collection":[{"href":"https:\/\/dana.com.br\/canaldana\/wp-json\/wp\/v2\/posts"}],"about":[{"href":"https:\/\/dana.com.br\/canaldana\/wp-json\/wp\/v2\/types\/post"}],"author":[{"embeddable":true,"href":"https:\/\/dana.com.br\/canaldana\/wp-json\/wp\/v2\/users\/3"}],"replies":[{"embeddable":true,"href":"https:\/\/dana.com.br\/canaldana\/wp-json\/wp\/v2\/comments?post=63083"}],"version-history":[{"count":0,"href":"https:\/\/dana.com.br\/canaldana\/wp-json\/wp\/v2\/posts\/63083\/revisions"}],"wp:attachment":[{"href":"https:\/\/dana.com.br\/canaldana\/wp-json\/wp\/v2\/media?parent=63083"}],"wp:term":[{"taxonomy":"category","embeddable":true,"href":"https:\/\/dana.com.br\/canaldana\/wp-json\/wp\/v2\/categories?post=63083"},{"taxonomy":"post_tag","embeddable":true,"href":"https:\/\/dana.com.br\/canaldana\/wp-json\/wp\/v2\/tags?post=63083"}],"curies":[{"name":"wp","href":"https:\/\/api.w.org\/{rel}","templated":true}]}}