{"id":63081,"date":"2023-01-11T08:39:10","date_gmt":"2023-01-11T11:39:10","guid":{"rendered":"https:\/\/dana.com.br\/canaldana\/?p=63081"},"modified":"2023-01-11T08:39:10","modified_gmt":"2023-01-11T11:39:10","slug":"honda-abre-17-vagas-para-recem-formados","status":"publish","type":"post","link":"https:\/\/dana.com.br\/canaldana\/2023\/01\/11\/honda-abre-17-vagas-para-recem-formados\/","title":{"rendered":"Honda abre 17 vagas para rec\u00e9m-formados"},"content":{"rendered":"<p><em>AutoInd\u00fastria<\/em><\/p>\n<p>&nbsp;<\/p>\n<p>Com o objetivo de oferecer oportunidades para rec\u00e9m-formados iniciarem suas carreiras na empresa, a Honda abriu nesta segunda-feira, 9, um novo programa de trainee, oferecendo 17 vagas para as suas unidades da capital paulista, S\u00e3o Caetano do Sul (SP), Sumar\u00e9 (SP) e Manaus (AM).<\/p>\n<p>&nbsp;<\/p>\n<p>As \u00e1reas de atua\u00e7\u00e3o s\u00e3o Tecnologia da Informa\u00e7\u00e3o, Controladoria (Fiscal &amp; Tribut\u00e1rio), Gest\u00e3o da Inova\u00e7\u00e3o, Cr\u00e9dito, Comercial, Riscos, Seguros, Gest\u00e3o de Clientes e Centro de Treinamento. Podem se inscrever candidos f0rmados nos \u00faltimos dois anos, de dezembro de 2020 a dezembro de 2022, nos cursos de administra\u00e7\u00e3o, economia, engenharias, contabilidade, marketing, direito, sistemas de informa\u00e7\u00e3o, ci\u00eancias da computa\u00e7\u00e3o, estat\u00edstica e matem\u00e1tica, entre outros.<\/p>\n<p>&nbsp;<\/p>\n<p>Uma das exig\u00eancias \u00e9 o idioma ingl\u00eas em n\u00edvel avan\u00e7ado. \u201cOs trainees passar\u00e3o os primeiros tr\u00eas meses em uma experi\u00eancia pelas principais \u00e1reas da empresa e os nove meses seguintes em atividades em suas pr\u00f3prias \u00e1reas de atua\u00e7\u00e3o\u201d, informa comunicado da Gonda, destaca estarem previstos tamb\u00e9m o desenvolvimento de projetos de melhorias nas \u00e1reas atuantes, al\u00e9m de uma grade espec\u00edfica de treinamentos e mentoria com gestores.<\/p>\n<p>&nbsp;<\/p>\n<p>As inscri\u00e7\u00f5es para o processo seletivo, que acontece em parceria com a Cia de Talentos, seguem abertas at\u00e9 o dia 6 de fevereiro. Os interessados devem acessar o devido link no site da empresa, que traz todos os detalhes sobre o programa. Os aprovados iniciar\u00e3o as atividades em abril de 2023. (AutoInd\u00fastria)<\/p>\n","protected":false},"excerpt":{"rendered":"<p>AutoInd\u00fastria &nbsp; Com o objetivo de oferecer oportunidades para rec\u00e9m-formados iniciarem suas carreiras na empresa, a Honda abriu nesta segunda-feira, 9, um novo programa de trainee, oferecendo 17 vagas para as suas unidades da capital paulista, S\u00e3o Caetano do Sul (SP), Sumar\u00e9 (SP) e Manaus (AM). &nbsp; As \u00e1reas de atua\u00e7\u00e3o s\u00e3o Tecnologia da Informa\u00e7\u00e3o,\u2026 <a class=\"readmore\" href=\"https:\/\/dana.com.br\/canaldana\/2023\/01\/11\/honda-abre-17-vagas-para-recem-formados\/\">Leia mais \u00bb<\/a><\/p>\n","protected":false},"author":3,"featured_media":0,"comment_status":"closed","ping_status":"closed","sticky":false,"template":"","format":"standard","meta":{"_acf_changed":false,"footnotes":""},"categories":[58],"tags":[],"class_list":["post-63081","post","type-post","status-publish","format-standard","hentry","category-oportunidade"],"acf":[],"yoast_head":"<!-- This site is optimized with the Yoast SEO plugin v27.3 - https:\/\/yoast.com\/product\/yoast-seo-wordpress\/ -->\n<title>Honda abre 17 vagas para rec\u00e9m-formados - Canal Dana<\/title>\n<meta name=\"robots\" content=\"index, follow, max-snippet:-1, max-image-preview:large, max-video-preview:-1\" \/>\n<link rel=\"canonical\" href=\"https:\/\/dana.com.br\/canaldana\/2023\/01\/11\/honda-abre-17-vagas-para-recem-formados\/\" \/>\n<meta property=\"og:locale\" content=\"pt_BR\" \/>\n<meta property=\"og:type\" content=\"article\" \/>\n<meta property=\"og:title\" content=\"Honda abre 17 vagas para rec\u00e9m-formados - Canal Dana\" \/>\n<meta property=\"og:description\" content=\"AutoInd\u00fastria &nbsp; Com o objetivo de oferecer oportunidades para rec\u00e9m-formados iniciarem suas carreiras na empresa, a Honda abriu nesta segunda-feira, 9, um novo programa de trainee, oferecendo 17 vagas para as suas unidades da capital paulista, S\u00e3o Caetano do Sul (SP), Sumar\u00e9 (SP) e Manaus (AM). &nbsp; As \u00e1reas de atua\u00e7\u00e3o s\u00e3o Tecnologia da Informa\u00e7\u00e3o,\u2026 Leia mais \u00bb\" \/>\n<meta property=\"og:url\" content=\"https:\/\/dana.com.br\/canaldana\/2023\/01\/11\/honda-abre-17-vagas-para-recem-formados\/\" \/>\n<meta property=\"og:site_name\" content=\"Canal Dana\" \/>\n<meta property=\"article:published_time\" content=\"2023-01-11T11:39:10+00:00\" \/>\n<meta name=\"author\" content=\"Canal Dana\" \/>\n<meta name=\"twitter:card\" content=\"summary_large_image\" \/>\n<meta name=\"twitter:label1\" content=\"Escrito por\" \/>\n\t<meta name=\"twitter:data1\" content=\"Canal Dana\" \/>\n\t<meta name=\"twitter:label2\" content=\"Est. tempo de leitura\" \/>\n\t<meta name=\"twitter:data2\" content=\"1 minuto\" \/>\n<script type=\"application\/ld+json\" class=\"yoast-schema-graph\">{\"@context\":\"https:\\\/\\\/schema.org\",\"@graph\":[{\"@type\":\"Article\",\"@id\":\"https:\\\/\\\/dana.com.br\\\/canaldana\\\/2023\\\/01\\\/11\\\/honda-abre-17-vagas-para-recem-formados\\\/#article\",\"isPartOf\":{\"@id\":\"https:\\\/\\\/dana.com.br\\\/canaldana\\\/2023\\\/01\\\/11\\\/honda-abre-17-vagas-para-recem-formados\\\/\"},\"author\":{\"name\":\"Canal Dana\",\"@id\":\"https:\\\/\\\/dana.com.br\\\/canaldana\\\/#\\\/schema\\\/person\\\/3c21f22f56fcf3bc46b94bc60ea4fef6\"},\"headline\":\"Honda abre 17 vagas para rec\u00e9m-formados\",\"datePublished\":\"2023-01-11T11:39:10+00:00\",\"mainEntityOfPage\":{\"@id\":\"https:\\\/\\\/dana.com.br\\\/canaldana\\\/2023\\\/01\\\/11\\\/honda-abre-17-vagas-para-recem-formados\\\/\"},\"wordCount\":262,\"articleSection\":[\"Oportunidade\"],\"inLanguage\":\"pt-BR\"},{\"@type\":\"WebPage\",\"@id\":\"https:\\\/\\\/dana.com.br\\\/canaldana\\\/2023\\\/01\\\/11\\\/honda-abre-17-vagas-para-recem-formados\\\/\",\"url\":\"https:\\\/\\\/dana.com.br\\\/canaldana\\\/2023\\\/01\\\/11\\\/honda-abre-17-vagas-para-recem-formados\\\/\",\"name\":\"Honda abre 17 vagas para rec\u00e9m-formados - Canal Dana\",\"isPartOf\":{\"@id\":\"https:\\\/\\\/dana.com.br\\\/canaldana\\\/#website\"},\"datePublished\":\"2023-01-11T11:39:10+00:00\",\"author\":{\"@id\":\"https:\\\/\\\/dana.com.br\\\/canaldana\\\/#\\\/schema\\\/person\\\/3c21f22f56fcf3bc46b94bc60ea4fef6\"},\"breadcrumb\":{\"@id\":\"https:\\\/\\\/dana.com.br\\\/canaldana\\\/2023\\\/01\\\/11\\\/honda-abre-17-vagas-para-recem-formados\\\/#breadcrumb\"},\"inLanguage\":\"pt-BR\",\"potentialAction\":[{\"@type\":\"ReadAction\",\"target\":[\"https:\\\/\\\/dana.com.br\\\/canaldana\\\/2023\\\/01\\\/11\\\/honda-abre-17-vagas-para-recem-formados\\\/\"]}]},{\"@type\":\"BreadcrumbList\",\"@id\":\"https:\\\/\\\/dana.com.br\\\/canaldana\\\/2023\\\/01\\\/11\\\/honda-abre-17-vagas-para-recem-formados\\\/#breadcrumb\",\"itemListElement\":[{\"@type\":\"ListItem\",\"position\":1,\"name\":\"Home\",\"item\":\"https:\\\/\\\/dana.com.br\\\/canaldana\\\/\"},{\"@type\":\"ListItem\",\"position\":2,\"name\":\"Oportunidade\",\"item\":\"https:\\\/\\\/dana.com.br\\\/canaldana\\\/oportunidade\\\/\"},{\"@type\":\"ListItem\",\"position\":3,\"name\":\"Honda abre 17 vagas para rec\u00e9m-formados\"}]},{\"@type\":\"WebSite\",\"@id\":\"https:\\\/\\\/dana.com.br\\\/canaldana\\\/#website\",\"url\":\"https:\\\/\\\/dana.com.br\\\/canaldana\\\/\",\"name\":\"Canal Dana\",\"description\":\"Informativo com as principais not\u00edcias da ind\u00fastria automotiva\",\"potentialAction\":[{\"@type\":\"SearchAction\",\"target\":{\"@type\":\"EntryPoint\",\"urlTemplate\":\"https:\\\/\\\/dana.com.br\\\/canaldana\\\/?s={search_term_string}\"},\"query-input\":{\"@type\":\"PropertyValueSpecification\",\"valueRequired\":true,\"valueName\":\"search_term_string\"}}],\"inLanguage\":\"pt-BR\"},{\"@type\":\"Person\",\"@id\":\"https:\\\/\\\/dana.com.br\\\/canaldana\\\/#\\\/schema\\\/person\\\/3c21f22f56fcf3bc46b94bc60ea4fef6\",\"name\":\"Canal Dana\",\"image\":{\"@type\":\"ImageObject\",\"inLanguage\":\"pt-BR\",\"@id\":\"https:\\\/\\\/secure.gravatar.com\\\/avatar\\\/420aaf9278582877d9018637c6817617705899d2858d7572ef0fe59a6b6454b4?s=96&d=mm&r=g\",\"url\":\"https:\\\/\\\/secure.gravatar.com\\\/avatar\\\/420aaf9278582877d9018637c6817617705899d2858d7572ef0fe59a6b6454b4?s=96&d=mm&r=g\",\"contentUrl\":\"https:\\\/\\\/secure.gravatar.com\\\/avatar\\\/420aaf9278582877d9018637c6817617705899d2858d7572ef0fe59a6b6454b4?s=96&d=mm&r=g\",\"caption\":\"Canal Dana\"},\"url\":\"https:\\\/\\\/dana.com.br\\\/canaldana\\\/author\\\/cdeditor\\\/\"}]}<\/script>\n<!-- \/ Yoast SEO plugin. -->","yoast_head_json":{"title":"Honda abre 17 vagas para rec\u00e9m-formados - Canal Dana","robots":{"index":"index","follow":"follow","max-snippet":"max-snippet:-1","max-image-preview":"max-image-preview:large","max-video-preview":"max-video-preview:-1"},"canonical":"https:\/\/dana.com.br\/canaldana\/2023\/01\/11\/honda-abre-17-vagas-para-recem-formados\/","og_locale":"pt_BR","og_type":"article","og_title":"Honda abre 17 vagas para rec\u00e9m-formados - Canal Dana","og_description":"AutoInd\u00fastria &nbsp; Com o objetivo de oferecer oportunidades para rec\u00e9m-formados iniciarem suas carreiras na empresa, a Honda abriu nesta segunda-feira, 9, um novo programa de trainee, oferecendo 17 vagas para as suas unidades da capital paulista, S\u00e3o Caetano do Sul (SP), Sumar\u00e9 (SP) e Manaus (AM). &nbsp; As \u00e1reas de atua\u00e7\u00e3o s\u00e3o Tecnologia da Informa\u00e7\u00e3o,\u2026 Leia mais \u00bb","og_url":"https:\/\/dana.com.br\/canaldana\/2023\/01\/11\/honda-abre-17-vagas-para-recem-formados\/","og_site_name":"Canal Dana","article_published_time":"2023-01-11T11:39:10+00:00","author":"Canal Dana","twitter_card":"summary_large_image","twitter_misc":{"Escrito por":"Canal Dana","Est. tempo de leitura":"1 minuto"},"schema":{"@context":"https:\/\/schema.org","@graph":[{"@type":"Article","@id":"https:\/\/dana.com.br\/canaldana\/2023\/01\/11\/honda-abre-17-vagas-para-recem-formados\/#article","isPartOf":{"@id":"https:\/\/dana.com.br\/canaldana\/2023\/01\/11\/honda-abre-17-vagas-para-recem-formados\/"},"author":{"name":"Canal Dana","@id":"https:\/\/dana.com.br\/canaldana\/#\/schema\/person\/3c21f22f56fcf3bc46b94bc60ea4fef6"},"headline":"Honda abre 17 vagas para rec\u00e9m-formados","datePublished":"2023-01-11T11:39:10+00:00","mainEntityOfPage":{"@id":"https:\/\/dana.com.br\/canaldana\/2023\/01\/11\/honda-abre-17-vagas-para-recem-formados\/"},"wordCount":262,"articleSection":["Oportunidade"],"inLanguage":"pt-BR"},{"@type":"WebPage","@id":"https:\/\/dana.com.br\/canaldana\/2023\/01\/11\/honda-abre-17-vagas-para-recem-formados\/","url":"https:\/\/dana.com.br\/canaldana\/2023\/01\/11\/honda-abre-17-vagas-para-recem-formados\/","name":"Honda abre 17 vagas para rec\u00e9m-formados - Canal Dana","isPartOf":{"@id":"https:\/\/dana.com.br\/canaldana\/#website"},"datePublished":"2023-01-11T11:39:10+00:00","author":{"@id":"https:\/\/dana.com.br\/canaldana\/#\/schema\/person\/3c21f22f56fcf3bc46b94bc60ea4fef6"},"breadcrumb":{"@id":"https:\/\/dana.com.br\/canaldana\/2023\/01\/11\/honda-abre-17-vagas-para-recem-formados\/#breadcrumb"},"inLanguage":"pt-BR","potentialAction":[{"@type":"ReadAction","target":["https:\/\/dana.com.br\/canaldana\/2023\/01\/11\/honda-abre-17-vagas-para-recem-formados\/"]}]},{"@type":"BreadcrumbList","@id":"https:\/\/dana.com.br\/canaldana\/2023\/01\/11\/honda-abre-17-vagas-para-recem-formados\/#breadcrumb","itemListElement":[{"@type":"ListItem","position":1,"name":"Home","item":"https:\/\/dana.com.br\/canaldana\/"},{"@type":"ListItem","position":2,"name":"Oportunidade","item":"https:\/\/dana.com.br\/canaldana\/oportunidade\/"},{"@type":"ListItem","position":3,"name":"Honda abre 17 vagas para rec\u00e9m-formados"}]},{"@type":"WebSite","@id":"https:\/\/dana.com.br\/canaldana\/#website","url":"https:\/\/dana.com.br\/canaldana\/","name":"Canal Dana","description":"Informativo com as principais not\u00edcias da ind\u00fastria automotiva","potentialAction":[{"@type":"SearchAction","target":{"@type":"EntryPoint","urlTemplate":"https:\/\/dana.com.br\/canaldana\/?s={search_term_string}"},"query-input":{"@type":"PropertyValueSpecification","valueRequired":true,"valueName":"search_term_string"}}],"inLanguage":"pt-BR"},{"@type":"Person","@id":"https:\/\/dana.com.br\/canaldana\/#\/schema\/person\/3c21f22f56fcf3bc46b94bc60ea4fef6","name":"Canal Dana","image":{"@type":"ImageObject","inLanguage":"pt-BR","@id":"https:\/\/secure.gravatar.com\/avatar\/420aaf9278582877d9018637c6817617705899d2858d7572ef0fe59a6b6454b4?s=96&d=mm&r=g","url":"https:\/\/secure.gravatar.com\/avatar\/420aaf9278582877d9018637c6817617705899d2858d7572ef0fe59a6b6454b4?s=96&d=mm&r=g","contentUrl":"https:\/\/secure.gravatar.com\/avatar\/420aaf9278582877d9018637c6817617705899d2858d7572ef0fe59a6b6454b4?s=96&d=mm&r=g","caption":"Canal Dana"},"url":"https:\/\/dana.com.br\/canaldana\/author\/cdeditor\/"}]}},"_links":{"self":[{"href":"https:\/\/dana.com.br\/canaldana\/wp-json\/wp\/v2\/posts\/63081","targetHints":{"allow":["GET"]}}],"collection":[{"href":"https:\/\/dana.com.br\/canaldana\/wp-json\/wp\/v2\/posts"}],"about":[{"href":"https:\/\/dana.com.br\/canaldana\/wp-json\/wp\/v2\/types\/post"}],"author":[{"embeddable":true,"href":"https:\/\/dana.com.br\/canaldana\/wp-json\/wp\/v2\/users\/3"}],"replies":[{"embeddable":true,"href":"https:\/\/dana.com.br\/canaldana\/wp-json\/wp\/v2\/comments?post=63081"}],"version-history":[{"count":0,"href":"https:\/\/dana.com.br\/canaldana\/wp-json\/wp\/v2\/posts\/63081\/revisions"}],"wp:attachment":[{"href":"https:\/\/dana.com.br\/canaldana\/wp-json\/wp\/v2\/media?parent=63081"}],"wp:term":[{"taxonomy":"category","embeddable":true,"href":"https:\/\/dana.com.br\/canaldana\/wp-json\/wp\/v2\/categories?post=63081"},{"taxonomy":"post_tag","embeddable":true,"href":"https:\/\/dana.com.br\/canaldana\/wp-json\/wp\/v2\/tags?post=63081"}],"curies":[{"name":"wp","href":"https:\/\/api.w.org\/{rel}","templated":true}]}}