{"id":63079,"date":"2023-01-11T08:38:31","date_gmt":"2023-01-11T11:38:31","guid":{"rendered":"https:\/\/dana.com.br\/canaldana\/?p=63079"},"modified":"2023-01-11T08:38:31","modified_gmt":"2023-01-11T11:38:31","slug":"nano-locacao-de-veiculos-deve-invadir-o-mercado-da-mobilidade-em-2023","status":"publish","type":"post","link":"https:\/\/dana.com.br\/canaldana\/2023\/01\/11\/nano-locacao-de-veiculos-deve-invadir-o-mercado-da-mobilidade-em-2023\/","title":{"rendered":"Nano loca\u00e7\u00e3o de ve\u00edculos deve invadir o mercado da mobilidade em 2023"},"content":{"rendered":"<p><em>Portal Startupi <\/em><\/p>\n<p>&nbsp;<\/p>\n<p>Que o Brasil ser\u00e1 um celeiro de novas tecnologias e de investimento em sustentabilidade, j\u00e1 sabemos, e a nano loca\u00e7\u00e3o segue esse caminho. Nesta linha, j\u00e1 \u00e9 poss\u00edvel afirmar que o uso de ve\u00edculos por assinatura, que naturalmente tira muitos carros da rua, est\u00e1 consolidado no pa\u00eds.\u00a0 De acordo com a ABLA (Associa\u00e7\u00e3o Brasileira das Locadoras de Autom\u00f3veis), o servi\u00e7o cresceu 16,4% de janeiro a setembro deste ano. Em compara\u00e7\u00e3o com dezembro de 2021, quando contava com cerca de 91 mil ve\u00edculos assinados, em setembro de 2022 esse total saltou para 106 mil autom\u00f3veis.<\/p>\n<p>&nbsp;<\/p>\n<p>Agora esse setor d\u00e1 um novo passo no pa\u00eds, evoluindo para a nano loca\u00e7\u00e3o. Diferentemente dos servi\u00e7os tradicionais de aluguel de ve\u00edculos, este conceito de assinatura, disponibiliza para o cliente a possibilidade de utilizar o ve\u00edculo apenas por um determinado trajeto, e pelo tempo que precisar. Ele se diferencia, tamb\u00e9m, do j\u00e1 conhecido \u201ccarsharing\u201d, pois tem um conceito mais pr\u00f3ximo da realidade do usu\u00e1rio, com a possibilidade da loca\u00e7\u00e3o por menos tempo e sem a complica\u00e7\u00e3o do modelo tradicional.<\/p>\n<p>&nbsp;<\/p>\n<p>Um dos principais parceiros e provavelmente investidores no servi\u00e7o de nano loca\u00e7\u00e3o de ve\u00edculos, s\u00e3o as montadoras. Muito porque, este servi\u00e7o abre diversas possibilidades de validar modelos de neg\u00f3cios digitais. Por exemplo, ao oferecer para seus clientes a nano loca\u00e7\u00e3o de seus modelos, permitem que eles possam passar um tempo maior com o carro,\u00a0 do que num test drive comum.<\/p>\n<p>&nbsp;<\/p>\n<p>Al\u00e9m disso, \u00e9 uma excelente oportunidade de oferecer experimenta\u00e7\u00e3o de novos modelos aos usu\u00e1rios, principalmente de ve\u00edculos que eles geralmente n\u00e3o teriam acesso, como os eletrificados. Podendo ser uma maneira de se ter \u201cum olho no peixe e outro no gato\u201d, visto que, a maioria delas t\u00eam como compromisso at\u00e9 2025, chegar a 100% da produ\u00e7\u00e3o com carros deste modelo. Ou seja, a nano loca\u00e7\u00e3o, al\u00e9m de gerar a prometida experimenta\u00e7\u00e3o, pode influenciar positivamente no processo de compra, al\u00e9m de gerar receita para elas. Um grande exemplo \u00e9 a rec\u00e9m lan\u00e7ada\u00a0 FLOU, servi\u00e7o de nano loca\u00e7\u00e3o que est\u00e1 j\u00e1 nasceu gigante com Stellantis (Peugeot e Fiat), BMW e Jaguar Land Rover. Agora os usu\u00e1rios podem pagar a partir de 0,19 centavos por minuto e ter uma experi\u00eancia el\u00e9trica com o novo Peugeot e-2008, ou at\u00e9 um luxuoso\u00a0 Jaguar i-pace que estreia em Fevereiro de 2023.<\/p>\n<p>&nbsp;<\/p>\n<p><strong>Vantagens da nano loca\u00e7\u00e3o<\/strong><\/p>\n<p>&nbsp;<\/p>\n<p>Ao apostar em parcerias com startups focadas em nano loca\u00e7\u00e3o digital para seus modelos el\u00e9tricos, as montadoras est\u00e3o se resguardando de perder novos clientes. Veja o que est\u00e1 acontecendo com a Honda e com a Toyota. De acordo com pesquisa realizada pela S&amp;P Global Mobility, elas est\u00e3o entre as montadoras que menos oferecem op\u00e7\u00f5es de carros el\u00e9tricos, e em fun\u00e7\u00e3o disso, clientes tradicionais dessas marcas est\u00e3o migrando para outras concorrentes, como Tesla, Jaguar, Peugeot e Hyundai, que investem pesado nos el\u00e9tricos globalmente.<\/p>\n<p>&nbsp;<\/p>\n<p>N\u00e3o \u00e9 dif\u00edcil perceber, que\u00a0a nano loca\u00e7\u00e3o em pouco tempo, ser\u00e1 um dos modelos de \u201caluguel\/assinatura\u201d de ve\u00edculos mais popular no nosso pa\u00eds. E, ao ter as montadoras como prov\u00e1veis parceiras, ir\u00e3o ajudar demais a difundir o conceito de nova mobilidade ESG, e, ainda, no desenvolvimento sustent\u00e1vel do setor automotivo.<\/p>\n<p>&nbsp;<\/p>\n<p>Nano loca\u00e7\u00e3o de ve\u00edculos deve invadir o mercado da mobilidade em 2023. (Portal Startupi\/Guilherme Cavalcante, CEO e fundador do app UCorp)<\/p>\n","protected":false},"excerpt":{"rendered":"<p>Portal Startupi &nbsp; Que o Brasil ser\u00e1 um celeiro de novas tecnologias e de investimento em sustentabilidade, j\u00e1 sabemos, e a nano loca\u00e7\u00e3o segue esse caminho. Nesta linha, j\u00e1 \u00e9 poss\u00edvel afirmar que o uso de ve\u00edculos por assinatura, que naturalmente tira muitos carros da rua, est\u00e1 consolidado no pa\u00eds.\u00a0 De acordo com a ABLA\u2026 <a class=\"readmore\" href=\"https:\/\/dana.com.br\/canaldana\/2023\/01\/11\/nano-locacao-de-veiculos-deve-invadir-o-mercado-da-mobilidade-em-2023\/\">Leia mais \u00bb<\/a><\/p>\n","protected":false},"author":3,"featured_media":0,"comment_status":"closed","ping_status":"closed","sticky":false,"template":"","format":"standard","meta":{"_acf_changed":false,"footnotes":""},"categories":[100],"tags":[],"class_list":["post-63079","post","type-post","status-publish","format-standard","hentry","category-artigo"],"acf":[],"yoast_head":"<!-- This site is optimized with the Yoast SEO plugin v27.3 - https:\/\/yoast.com\/product\/yoast-seo-wordpress\/ -->\n<title>Nano loca\u00e7\u00e3o de ve\u00edculos deve invadir o mercado da mobilidade em 2023 - Canal Dana<\/title>\n<meta name=\"robots\" content=\"index, follow, max-snippet:-1, max-image-preview:large, max-video-preview:-1\" \/>\n<link rel=\"canonical\" href=\"https:\/\/dana.com.br\/canaldana\/2023\/01\/11\/nano-locacao-de-veiculos-deve-invadir-o-mercado-da-mobilidade-em-2023\/\" \/>\n<meta property=\"og:locale\" content=\"pt_BR\" \/>\n<meta property=\"og:type\" content=\"article\" \/>\n<meta property=\"og:title\" content=\"Nano loca\u00e7\u00e3o de ve\u00edculos deve invadir o mercado da mobilidade em 2023 - Canal Dana\" \/>\n<meta property=\"og:description\" content=\"Portal Startupi &nbsp; Que o Brasil ser\u00e1 um celeiro de novas tecnologias e de investimento em sustentabilidade, j\u00e1 sabemos, e a nano loca\u00e7\u00e3o segue esse caminho. Nesta linha, j\u00e1 \u00e9 poss\u00edvel afirmar que o uso de ve\u00edculos por assinatura, que naturalmente tira muitos carros da rua, est\u00e1 consolidado no pa\u00eds.\u00a0 De acordo com a ABLA\u2026 Leia mais \u00bb\" \/>\n<meta property=\"og:url\" content=\"https:\/\/dana.com.br\/canaldana\/2023\/01\/11\/nano-locacao-de-veiculos-deve-invadir-o-mercado-da-mobilidade-em-2023\/\" \/>\n<meta property=\"og:site_name\" content=\"Canal Dana\" \/>\n<meta property=\"article:published_time\" content=\"2023-01-11T11:38:31+00:00\" \/>\n<meta name=\"author\" content=\"Canal Dana\" \/>\n<meta name=\"twitter:card\" content=\"summary_large_image\" \/>\n<meta name=\"twitter:label1\" content=\"Escrito por\" \/>\n\t<meta name=\"twitter:data1\" content=\"Canal Dana\" \/>\n\t<meta name=\"twitter:label2\" content=\"Est. tempo de leitura\" \/>\n\t<meta name=\"twitter:data2\" content=\"3 minutos\" \/>\n<script type=\"application\/ld+json\" class=\"yoast-schema-graph\">{\"@context\":\"https:\\\/\\\/schema.org\",\"@graph\":[{\"@type\":\"Article\",\"@id\":\"https:\\\/\\\/dana.com.br\\\/canaldana\\\/2023\\\/01\\\/11\\\/nano-locacao-de-veiculos-deve-invadir-o-mercado-da-mobilidade-em-2023\\\/#article\",\"isPartOf\":{\"@id\":\"https:\\\/\\\/dana.com.br\\\/canaldana\\\/2023\\\/01\\\/11\\\/nano-locacao-de-veiculos-deve-invadir-o-mercado-da-mobilidade-em-2023\\\/\"},\"author\":{\"name\":\"Canal Dana\",\"@id\":\"https:\\\/\\\/dana.com.br\\\/canaldana\\\/#\\\/schema\\\/person\\\/3c21f22f56fcf3bc46b94bc60ea4fef6\"},\"headline\":\"Nano loca\u00e7\u00e3o de ve\u00edculos deve invadir o mercado da mobilidade em 2023\",\"datePublished\":\"2023-01-11T11:38:31+00:00\",\"mainEntityOfPage\":{\"@id\":\"https:\\\/\\\/dana.com.br\\\/canaldana\\\/2023\\\/01\\\/11\\\/nano-locacao-de-veiculos-deve-invadir-o-mercado-da-mobilidade-em-2023\\\/\"},\"wordCount\":614,\"articleSection\":[\"Artigo\"],\"inLanguage\":\"pt-BR\"},{\"@type\":\"WebPage\",\"@id\":\"https:\\\/\\\/dana.com.br\\\/canaldana\\\/2023\\\/01\\\/11\\\/nano-locacao-de-veiculos-deve-invadir-o-mercado-da-mobilidade-em-2023\\\/\",\"url\":\"https:\\\/\\\/dana.com.br\\\/canaldana\\\/2023\\\/01\\\/11\\\/nano-locacao-de-veiculos-deve-invadir-o-mercado-da-mobilidade-em-2023\\\/\",\"name\":\"Nano loca\u00e7\u00e3o de ve\u00edculos deve invadir o mercado da mobilidade em 2023 - Canal Dana\",\"isPartOf\":{\"@id\":\"https:\\\/\\\/dana.com.br\\\/canaldana\\\/#website\"},\"datePublished\":\"2023-01-11T11:38:31+00:00\",\"author\":{\"@id\":\"https:\\\/\\\/dana.com.br\\\/canaldana\\\/#\\\/schema\\\/person\\\/3c21f22f56fcf3bc46b94bc60ea4fef6\"},\"breadcrumb\":{\"@id\":\"https:\\\/\\\/dana.com.br\\\/canaldana\\\/2023\\\/01\\\/11\\\/nano-locacao-de-veiculos-deve-invadir-o-mercado-da-mobilidade-em-2023\\\/#breadcrumb\"},\"inLanguage\":\"pt-BR\",\"potentialAction\":[{\"@type\":\"ReadAction\",\"target\":[\"https:\\\/\\\/dana.com.br\\\/canaldana\\\/2023\\\/01\\\/11\\\/nano-locacao-de-veiculos-deve-invadir-o-mercado-da-mobilidade-em-2023\\\/\"]}]},{\"@type\":\"BreadcrumbList\",\"@id\":\"https:\\\/\\\/dana.com.br\\\/canaldana\\\/2023\\\/01\\\/11\\\/nano-locacao-de-veiculos-deve-invadir-o-mercado-da-mobilidade-em-2023\\\/#breadcrumb\",\"itemListElement\":[{\"@type\":\"ListItem\",\"position\":1,\"name\":\"Home\",\"item\":\"https:\\\/\\\/dana.com.br\\\/canaldana\\\/\"},{\"@type\":\"ListItem\",\"position\":2,\"name\":\"Artigo\",\"item\":\"https:\\\/\\\/dana.com.br\\\/canaldana\\\/artigo\\\/\"},{\"@type\":\"ListItem\",\"position\":3,\"name\":\"Nano loca\u00e7\u00e3o de ve\u00edculos deve invadir o mercado da mobilidade em 2023\"}]},{\"@type\":\"WebSite\",\"@id\":\"https:\\\/\\\/dana.com.br\\\/canaldana\\\/#website\",\"url\":\"https:\\\/\\\/dana.com.br\\\/canaldana\\\/\",\"name\":\"Canal Dana\",\"description\":\"Informativo com as principais not\u00edcias da ind\u00fastria automotiva\",\"potentialAction\":[{\"@type\":\"SearchAction\",\"target\":{\"@type\":\"EntryPoint\",\"urlTemplate\":\"https:\\\/\\\/dana.com.br\\\/canaldana\\\/?s={search_term_string}\"},\"query-input\":{\"@type\":\"PropertyValueSpecification\",\"valueRequired\":true,\"valueName\":\"search_term_string\"}}],\"inLanguage\":\"pt-BR\"},{\"@type\":\"Person\",\"@id\":\"https:\\\/\\\/dana.com.br\\\/canaldana\\\/#\\\/schema\\\/person\\\/3c21f22f56fcf3bc46b94bc60ea4fef6\",\"name\":\"Canal Dana\",\"image\":{\"@type\":\"ImageObject\",\"inLanguage\":\"pt-BR\",\"@id\":\"https:\\\/\\\/secure.gravatar.com\\\/avatar\\\/420aaf9278582877d9018637c6817617705899d2858d7572ef0fe59a6b6454b4?s=96&d=mm&r=g\",\"url\":\"https:\\\/\\\/secure.gravatar.com\\\/avatar\\\/420aaf9278582877d9018637c6817617705899d2858d7572ef0fe59a6b6454b4?s=96&d=mm&r=g\",\"contentUrl\":\"https:\\\/\\\/secure.gravatar.com\\\/avatar\\\/420aaf9278582877d9018637c6817617705899d2858d7572ef0fe59a6b6454b4?s=96&d=mm&r=g\",\"caption\":\"Canal Dana\"},\"url\":\"https:\\\/\\\/dana.com.br\\\/canaldana\\\/author\\\/cdeditor\\\/\"}]}<\/script>\n<!-- \/ Yoast SEO plugin. -->","yoast_head_json":{"title":"Nano loca\u00e7\u00e3o de ve\u00edculos deve invadir o mercado da mobilidade em 2023 - Canal Dana","robots":{"index":"index","follow":"follow","max-snippet":"max-snippet:-1","max-image-preview":"max-image-preview:large","max-video-preview":"max-video-preview:-1"},"canonical":"https:\/\/dana.com.br\/canaldana\/2023\/01\/11\/nano-locacao-de-veiculos-deve-invadir-o-mercado-da-mobilidade-em-2023\/","og_locale":"pt_BR","og_type":"article","og_title":"Nano loca\u00e7\u00e3o de ve\u00edculos deve invadir o mercado da mobilidade em 2023 - Canal Dana","og_description":"Portal Startupi &nbsp; Que o Brasil ser\u00e1 um celeiro de novas tecnologias e de investimento em sustentabilidade, j\u00e1 sabemos, e a nano loca\u00e7\u00e3o segue esse caminho. Nesta linha, j\u00e1 \u00e9 poss\u00edvel afirmar que o uso de ve\u00edculos por assinatura, que naturalmente tira muitos carros da rua, est\u00e1 consolidado no pa\u00eds.\u00a0 De acordo com a ABLA\u2026 Leia mais \u00bb","og_url":"https:\/\/dana.com.br\/canaldana\/2023\/01\/11\/nano-locacao-de-veiculos-deve-invadir-o-mercado-da-mobilidade-em-2023\/","og_site_name":"Canal Dana","article_published_time":"2023-01-11T11:38:31+00:00","author":"Canal Dana","twitter_card":"summary_large_image","twitter_misc":{"Escrito por":"Canal Dana","Est. tempo de leitura":"3 minutos"},"schema":{"@context":"https:\/\/schema.org","@graph":[{"@type":"Article","@id":"https:\/\/dana.com.br\/canaldana\/2023\/01\/11\/nano-locacao-de-veiculos-deve-invadir-o-mercado-da-mobilidade-em-2023\/#article","isPartOf":{"@id":"https:\/\/dana.com.br\/canaldana\/2023\/01\/11\/nano-locacao-de-veiculos-deve-invadir-o-mercado-da-mobilidade-em-2023\/"},"author":{"name":"Canal Dana","@id":"https:\/\/dana.com.br\/canaldana\/#\/schema\/person\/3c21f22f56fcf3bc46b94bc60ea4fef6"},"headline":"Nano loca\u00e7\u00e3o de ve\u00edculos deve invadir o mercado da mobilidade em 2023","datePublished":"2023-01-11T11:38:31+00:00","mainEntityOfPage":{"@id":"https:\/\/dana.com.br\/canaldana\/2023\/01\/11\/nano-locacao-de-veiculos-deve-invadir-o-mercado-da-mobilidade-em-2023\/"},"wordCount":614,"articleSection":["Artigo"],"inLanguage":"pt-BR"},{"@type":"WebPage","@id":"https:\/\/dana.com.br\/canaldana\/2023\/01\/11\/nano-locacao-de-veiculos-deve-invadir-o-mercado-da-mobilidade-em-2023\/","url":"https:\/\/dana.com.br\/canaldana\/2023\/01\/11\/nano-locacao-de-veiculos-deve-invadir-o-mercado-da-mobilidade-em-2023\/","name":"Nano loca\u00e7\u00e3o de ve\u00edculos deve invadir o mercado da mobilidade em 2023 - Canal Dana","isPartOf":{"@id":"https:\/\/dana.com.br\/canaldana\/#website"},"datePublished":"2023-01-11T11:38:31+00:00","author":{"@id":"https:\/\/dana.com.br\/canaldana\/#\/schema\/person\/3c21f22f56fcf3bc46b94bc60ea4fef6"},"breadcrumb":{"@id":"https:\/\/dana.com.br\/canaldana\/2023\/01\/11\/nano-locacao-de-veiculos-deve-invadir-o-mercado-da-mobilidade-em-2023\/#breadcrumb"},"inLanguage":"pt-BR","potentialAction":[{"@type":"ReadAction","target":["https:\/\/dana.com.br\/canaldana\/2023\/01\/11\/nano-locacao-de-veiculos-deve-invadir-o-mercado-da-mobilidade-em-2023\/"]}]},{"@type":"BreadcrumbList","@id":"https:\/\/dana.com.br\/canaldana\/2023\/01\/11\/nano-locacao-de-veiculos-deve-invadir-o-mercado-da-mobilidade-em-2023\/#breadcrumb","itemListElement":[{"@type":"ListItem","position":1,"name":"Home","item":"https:\/\/dana.com.br\/canaldana\/"},{"@type":"ListItem","position":2,"name":"Artigo","item":"https:\/\/dana.com.br\/canaldana\/artigo\/"},{"@type":"ListItem","position":3,"name":"Nano loca\u00e7\u00e3o de ve\u00edculos deve invadir o mercado da mobilidade em 2023"}]},{"@type":"WebSite","@id":"https:\/\/dana.com.br\/canaldana\/#website","url":"https:\/\/dana.com.br\/canaldana\/","name":"Canal Dana","description":"Informativo com as principais not\u00edcias da ind\u00fastria automotiva","potentialAction":[{"@type":"SearchAction","target":{"@type":"EntryPoint","urlTemplate":"https:\/\/dana.com.br\/canaldana\/?s={search_term_string}"},"query-input":{"@type":"PropertyValueSpecification","valueRequired":true,"valueName":"search_term_string"}}],"inLanguage":"pt-BR"},{"@type":"Person","@id":"https:\/\/dana.com.br\/canaldana\/#\/schema\/person\/3c21f22f56fcf3bc46b94bc60ea4fef6","name":"Canal Dana","image":{"@type":"ImageObject","inLanguage":"pt-BR","@id":"https:\/\/secure.gravatar.com\/avatar\/420aaf9278582877d9018637c6817617705899d2858d7572ef0fe59a6b6454b4?s=96&d=mm&r=g","url":"https:\/\/secure.gravatar.com\/avatar\/420aaf9278582877d9018637c6817617705899d2858d7572ef0fe59a6b6454b4?s=96&d=mm&r=g","contentUrl":"https:\/\/secure.gravatar.com\/avatar\/420aaf9278582877d9018637c6817617705899d2858d7572ef0fe59a6b6454b4?s=96&d=mm&r=g","caption":"Canal Dana"},"url":"https:\/\/dana.com.br\/canaldana\/author\/cdeditor\/"}]}},"_links":{"self":[{"href":"https:\/\/dana.com.br\/canaldana\/wp-json\/wp\/v2\/posts\/63079","targetHints":{"allow":["GET"]}}],"collection":[{"href":"https:\/\/dana.com.br\/canaldana\/wp-json\/wp\/v2\/posts"}],"about":[{"href":"https:\/\/dana.com.br\/canaldana\/wp-json\/wp\/v2\/types\/post"}],"author":[{"embeddable":true,"href":"https:\/\/dana.com.br\/canaldana\/wp-json\/wp\/v2\/users\/3"}],"replies":[{"embeddable":true,"href":"https:\/\/dana.com.br\/canaldana\/wp-json\/wp\/v2\/comments?post=63079"}],"version-history":[{"count":0,"href":"https:\/\/dana.com.br\/canaldana\/wp-json\/wp\/v2\/posts\/63079\/revisions"}],"wp:attachment":[{"href":"https:\/\/dana.com.br\/canaldana\/wp-json\/wp\/v2\/media?parent=63079"}],"wp:term":[{"taxonomy":"category","embeddable":true,"href":"https:\/\/dana.com.br\/canaldana\/wp-json\/wp\/v2\/categories?post=63079"},{"taxonomy":"post_tag","embeddable":true,"href":"https:\/\/dana.com.br\/canaldana\/wp-json\/wp\/v2\/tags?post=63079"}],"curies":[{"name":"wp","href":"https:\/\/api.w.org\/{rel}","templated":true}]}}