{"id":63071,"date":"2023-01-10T08:33:33","date_gmt":"2023-01-10T11:33:33","guid":{"rendered":"https:\/\/dana.com.br\/canaldana\/?p=63071"},"modified":"2023-01-10T08:33:33","modified_gmt":"2023-01-10T11:33:33","slug":"sem-falta-de-carros-problema-agora-e-escassez-de-credito","status":"publish","type":"post","link":"https:\/\/dana.com.br\/canaldana\/2023\/01\/10\/sem-falta-de-carros-problema-agora-e-escassez-de-credito\/","title":{"rendered":"Sem falta de carros, problema agora \u00e9 escassez de cr\u00e9dito"},"content":{"rendered":"<p><em>AutoInd\u00fastria <\/em><\/p>\n<p>&nbsp;<\/p>\n<p>H\u00e1 exatamente um ano, Anfavea e Fenabrave definiam a proje\u00e7\u00e3o para 2022 como uma das mais dif\u00edceis da hist\u00f3ria. Por causa da falta de produtos decorrente da escassez de semicondutores, que perdurou com maior for\u00e7a at\u00e9 meados do ano, argumentava-se que as estimativas levariam em conta a oferta e n\u00e3o a demanda, como normalmente ocorre.<\/p>\n<p>&nbsp;<\/p>\n<p>O quadro mudou neste in\u00edcio de 2023, com a clareza de que as dificuldades para obten\u00e7\u00e3o de cr\u00e9dito e o aumento no pre\u00e7o dos ve\u00edculos acima da infla\u00e7\u00e3o est\u00e3o afugentando os consumidores brasileiros das concession\u00e1rias. Tanto \u00e9 que no ano passado as vendas diretas dominaram mais da metade dos neg\u00f3cios do setor e Fenabrave e Anfavea est\u00e3o sendo bem conservadoras em suas proje\u00e7\u00f5es para este ano.<\/p>\n<p>&nbsp;<\/p>\n<p>A primeira estimando repetir o mesmo volume de emplacamentos de 2022 \u2013 2,1 milh\u00f5es de ve\u00edculos \u2013 e a segunda projetando crescimento inexpressivo de 3% no c\u00f4mputo total do mercado, incluindo carros, comerciais leves, pesados e \u00f4nibus.<\/p>\n<p>&nbsp;<\/p>\n<p>Enquanto a entidade dos concession\u00e1rios preferiu n\u00e3o separar as estimativas para os segmentos de leves e pesados, a Anfavea, que representa as montadoras, projeta alta de 4,2% nas vendas de autom\u00f3veis, picapes e furg\u00f5es \u2013 de 1,96 milh\u00e3o para 2,04 milh\u00f5es \u2013 e queda de 11,1% nas de pesados, de 144 mil para 128 mil unidades. Nesse caso, o recuo ocorrer\u00e1 pela introdu\u00e7\u00e3o da tecnologia Euro 5 este ano, que encareceu o pre\u00e7o dos caminh\u00f5es em cerca de 25%.<\/p>\n<p>&nbsp;<\/p>\n<p>Em entrevista coletiva nesta sexta-feira, 6, o presidente da Anfavea, M\u00e1rcio de Lima Leite, admitiu que o oferta de ve\u00edculos vem se normalizando. A perda de produ\u00e7\u00e3o de 2022, estimada em 250 mil ve\u00edculos, concentrou-se na primeira metade do ano.<\/p>\n<p>&nbsp;<\/p>\n<p>\u201cPode ter uma ou outra montadora com carteira de pedidos fechada para um ou dois meses, mas a maioria j\u00e1 est\u00e1 com produtos para pronta entrega\u201d, informou Leite.<\/p>\n<p>&nbsp;<\/p>\n<p>Na sua avalia\u00e7\u00e3o, a quest\u00e3o do cr\u00e9dito \u00e9 o tema mais urgente a ser atacado dentre todos os itens da agenda priorit\u00e1ria que a Anfavea entregou ao governo federal. \u201cPrecisamos de juros mais baixos para atrair mais compradores para os ve\u00edculos novos, sobretudo os modelos de entrada\u201d, comentou.<\/p>\n<p>&nbsp;<\/p>\n<p>O executivo comentou sobre o IOF, Imposto sobre Opera\u00e7\u00f5es Financeiras, que \u00e9 cobrado duplamente no setor: \u201cA concession\u00e1ria paga quando financia sua compra e o consumidor tamb\u00e9m\u201d. Lembrou que hoje as vendas \u00e0 vista respondem por 70% dos neg\u00f3cios com carros novos, \u00edndice que era de 30% anteriormente. \u201cO quadro inverteu-se e isso n\u00e3o faz sentido. No mundo inteiro as compras financiadas predominam em nosso setor\u201d.<\/p>\n<p>&nbsp;<\/p>\n<p>Dezembro, como \u00e9 tradicional, teve o maior volume de emplacamentos do ano \u2013 216,9 mil unidades -, superando em 4,8% o mesmo m\u00eas de 2021. O acumulado chegou a 2,104 milh\u00f5es de ve\u00edculos, apenas 0,7% abaixo do acumulado de 2021, confirmando o quadro de estabilidade que j\u00e1 era previsto pela Anfavea desde a metade do ano, quando a entidade revisou proje\u00e7\u00e3o inicial de crescimento para 2022. (AutoInd\u00fastria\/Alzira Rodrigues)<\/p>\n","protected":false},"excerpt":{"rendered":"<p>AutoInd\u00fastria &nbsp; H\u00e1 exatamente um ano, Anfavea e Fenabrave definiam a proje\u00e7\u00e3o para 2022 como uma das mais dif\u00edceis da hist\u00f3ria. Por causa da falta de produtos decorrente da escassez de semicondutores, que perdurou com maior for\u00e7a at\u00e9 meados do ano, argumentava-se que as estimativas levariam em conta a oferta e n\u00e3o a demanda, como\u2026 <a class=\"readmore\" href=\"https:\/\/dana.com.br\/canaldana\/2023\/01\/10\/sem-falta-de-carros-problema-agora-e-escassez-de-credito\/\">Leia mais \u00bb<\/a><\/p>\n","protected":false},"author":3,"featured_media":0,"comment_status":"closed","ping_status":"closed","sticky":false,"template":"","format":"standard","meta":{"_acf_changed":false,"footnotes":""},"categories":[61],"tags":[],"class_list":["post-63071","post","type-post","status-publish","format-standard","hentry","category-destaques"],"acf":[],"yoast_head":"<!-- This site is optimized with the Yoast SEO plugin v27.3 - https:\/\/yoast.com\/product\/yoast-seo-wordpress\/ -->\n<title>Sem falta de carros, problema agora \u00e9 escassez de cr\u00e9dito - Canal Dana<\/title>\n<meta name=\"robots\" content=\"index, follow, max-snippet:-1, max-image-preview:large, max-video-preview:-1\" \/>\n<link rel=\"canonical\" href=\"https:\/\/dana.com.br\/canaldana\/2023\/01\/10\/sem-falta-de-carros-problema-agora-e-escassez-de-credito\/\" \/>\n<meta property=\"og:locale\" content=\"pt_BR\" \/>\n<meta property=\"og:type\" content=\"article\" \/>\n<meta property=\"og:title\" content=\"Sem falta de carros, problema agora \u00e9 escassez de cr\u00e9dito - Canal Dana\" \/>\n<meta property=\"og:description\" content=\"AutoInd\u00fastria &nbsp; H\u00e1 exatamente um ano, Anfavea e Fenabrave definiam a proje\u00e7\u00e3o para 2022 como uma das mais dif\u00edceis da hist\u00f3ria. Por causa da falta de produtos decorrente da escassez de semicondutores, que perdurou com maior for\u00e7a at\u00e9 meados do ano, argumentava-se que as estimativas levariam em conta a oferta e n\u00e3o a demanda, como\u2026 Leia mais \u00bb\" \/>\n<meta property=\"og:url\" content=\"https:\/\/dana.com.br\/canaldana\/2023\/01\/10\/sem-falta-de-carros-problema-agora-e-escassez-de-credito\/\" \/>\n<meta property=\"og:site_name\" content=\"Canal Dana\" \/>\n<meta property=\"article:published_time\" content=\"2023-01-10T11:33:33+00:00\" \/>\n<meta name=\"author\" content=\"Canal Dana\" \/>\n<meta name=\"twitter:card\" content=\"summary_large_image\" \/>\n<meta name=\"twitter:label1\" content=\"Escrito por\" \/>\n\t<meta name=\"twitter:data1\" content=\"Canal Dana\" \/>\n\t<meta name=\"twitter:label2\" content=\"Est. tempo de leitura\" \/>\n\t<meta name=\"twitter:data2\" content=\"3 minutos\" \/>\n<script type=\"application\/ld+json\" class=\"yoast-schema-graph\">{\"@context\":\"https:\\\/\\\/schema.org\",\"@graph\":[{\"@type\":\"Article\",\"@id\":\"https:\\\/\\\/dana.com.br\\\/canaldana\\\/2023\\\/01\\\/10\\\/sem-falta-de-carros-problema-agora-e-escassez-de-credito\\\/#article\",\"isPartOf\":{\"@id\":\"https:\\\/\\\/dana.com.br\\\/canaldana\\\/2023\\\/01\\\/10\\\/sem-falta-de-carros-problema-agora-e-escassez-de-credito\\\/\"},\"author\":{\"name\":\"Canal Dana\",\"@id\":\"https:\\\/\\\/dana.com.br\\\/canaldana\\\/#\\\/schema\\\/person\\\/3c21f22f56fcf3bc46b94bc60ea4fef6\"},\"headline\":\"Sem falta de carros, problema agora \u00e9 escassez de cr\u00e9dito\",\"datePublished\":\"2023-01-10T11:33:33+00:00\",\"mainEntityOfPage\":{\"@id\":\"https:\\\/\\\/dana.com.br\\\/canaldana\\\/2023\\\/01\\\/10\\\/sem-falta-de-carros-problema-agora-e-escassez-de-credito\\\/\"},\"wordCount\":521,\"articleSection\":[\"Destaques\"],\"inLanguage\":\"pt-BR\"},{\"@type\":\"WebPage\",\"@id\":\"https:\\\/\\\/dana.com.br\\\/canaldana\\\/2023\\\/01\\\/10\\\/sem-falta-de-carros-problema-agora-e-escassez-de-credito\\\/\",\"url\":\"https:\\\/\\\/dana.com.br\\\/canaldana\\\/2023\\\/01\\\/10\\\/sem-falta-de-carros-problema-agora-e-escassez-de-credito\\\/\",\"name\":\"Sem falta de carros, problema agora \u00e9 escassez de cr\u00e9dito - Canal Dana\",\"isPartOf\":{\"@id\":\"https:\\\/\\\/dana.com.br\\\/canaldana\\\/#website\"},\"datePublished\":\"2023-01-10T11:33:33+00:00\",\"author\":{\"@id\":\"https:\\\/\\\/dana.com.br\\\/canaldana\\\/#\\\/schema\\\/person\\\/3c21f22f56fcf3bc46b94bc60ea4fef6\"},\"breadcrumb\":{\"@id\":\"https:\\\/\\\/dana.com.br\\\/canaldana\\\/2023\\\/01\\\/10\\\/sem-falta-de-carros-problema-agora-e-escassez-de-credito\\\/#breadcrumb\"},\"inLanguage\":\"pt-BR\",\"potentialAction\":[{\"@type\":\"ReadAction\",\"target\":[\"https:\\\/\\\/dana.com.br\\\/canaldana\\\/2023\\\/01\\\/10\\\/sem-falta-de-carros-problema-agora-e-escassez-de-credito\\\/\"]}]},{\"@type\":\"BreadcrumbList\",\"@id\":\"https:\\\/\\\/dana.com.br\\\/canaldana\\\/2023\\\/01\\\/10\\\/sem-falta-de-carros-problema-agora-e-escassez-de-credito\\\/#breadcrumb\",\"itemListElement\":[{\"@type\":\"ListItem\",\"position\":1,\"name\":\"Home\",\"item\":\"https:\\\/\\\/dana.com.br\\\/canaldana\\\/\"},{\"@type\":\"ListItem\",\"position\":2,\"name\":\"Destaques\",\"item\":\"https:\\\/\\\/dana.com.br\\\/canaldana\\\/destaques\\\/\"},{\"@type\":\"ListItem\",\"position\":3,\"name\":\"Sem falta de carros, problema agora \u00e9 escassez de cr\u00e9dito\"}]},{\"@type\":\"WebSite\",\"@id\":\"https:\\\/\\\/dana.com.br\\\/canaldana\\\/#website\",\"url\":\"https:\\\/\\\/dana.com.br\\\/canaldana\\\/\",\"name\":\"Canal Dana\",\"description\":\"Informativo com as principais not\u00edcias da ind\u00fastria automotiva\",\"potentialAction\":[{\"@type\":\"SearchAction\",\"target\":{\"@type\":\"EntryPoint\",\"urlTemplate\":\"https:\\\/\\\/dana.com.br\\\/canaldana\\\/?s={search_term_string}\"},\"query-input\":{\"@type\":\"PropertyValueSpecification\",\"valueRequired\":true,\"valueName\":\"search_term_string\"}}],\"inLanguage\":\"pt-BR\"},{\"@type\":\"Person\",\"@id\":\"https:\\\/\\\/dana.com.br\\\/canaldana\\\/#\\\/schema\\\/person\\\/3c21f22f56fcf3bc46b94bc60ea4fef6\",\"name\":\"Canal Dana\",\"image\":{\"@type\":\"ImageObject\",\"inLanguage\":\"pt-BR\",\"@id\":\"https:\\\/\\\/secure.gravatar.com\\\/avatar\\\/420aaf9278582877d9018637c6817617705899d2858d7572ef0fe59a6b6454b4?s=96&d=mm&r=g\",\"url\":\"https:\\\/\\\/secure.gravatar.com\\\/avatar\\\/420aaf9278582877d9018637c6817617705899d2858d7572ef0fe59a6b6454b4?s=96&d=mm&r=g\",\"contentUrl\":\"https:\\\/\\\/secure.gravatar.com\\\/avatar\\\/420aaf9278582877d9018637c6817617705899d2858d7572ef0fe59a6b6454b4?s=96&d=mm&r=g\",\"caption\":\"Canal Dana\"},\"url\":\"https:\\\/\\\/dana.com.br\\\/canaldana\\\/author\\\/cdeditor\\\/\"}]}<\/script>\n<!-- \/ Yoast SEO plugin. -->","yoast_head_json":{"title":"Sem falta de carros, problema agora \u00e9 escassez de cr\u00e9dito - Canal Dana","robots":{"index":"index","follow":"follow","max-snippet":"max-snippet:-1","max-image-preview":"max-image-preview:large","max-video-preview":"max-video-preview:-1"},"canonical":"https:\/\/dana.com.br\/canaldana\/2023\/01\/10\/sem-falta-de-carros-problema-agora-e-escassez-de-credito\/","og_locale":"pt_BR","og_type":"article","og_title":"Sem falta de carros, problema agora \u00e9 escassez de cr\u00e9dito - Canal Dana","og_description":"AutoInd\u00fastria &nbsp; H\u00e1 exatamente um ano, Anfavea e Fenabrave definiam a proje\u00e7\u00e3o para 2022 como uma das mais dif\u00edceis da hist\u00f3ria. Por causa da falta de produtos decorrente da escassez de semicondutores, que perdurou com maior for\u00e7a at\u00e9 meados do ano, argumentava-se que as estimativas levariam em conta a oferta e n\u00e3o a demanda, como\u2026 Leia mais \u00bb","og_url":"https:\/\/dana.com.br\/canaldana\/2023\/01\/10\/sem-falta-de-carros-problema-agora-e-escassez-de-credito\/","og_site_name":"Canal Dana","article_published_time":"2023-01-10T11:33:33+00:00","author":"Canal Dana","twitter_card":"summary_large_image","twitter_misc":{"Escrito por":"Canal Dana","Est. tempo de leitura":"3 minutos"},"schema":{"@context":"https:\/\/schema.org","@graph":[{"@type":"Article","@id":"https:\/\/dana.com.br\/canaldana\/2023\/01\/10\/sem-falta-de-carros-problema-agora-e-escassez-de-credito\/#article","isPartOf":{"@id":"https:\/\/dana.com.br\/canaldana\/2023\/01\/10\/sem-falta-de-carros-problema-agora-e-escassez-de-credito\/"},"author":{"name":"Canal Dana","@id":"https:\/\/dana.com.br\/canaldana\/#\/schema\/person\/3c21f22f56fcf3bc46b94bc60ea4fef6"},"headline":"Sem falta de carros, problema agora \u00e9 escassez de cr\u00e9dito","datePublished":"2023-01-10T11:33:33+00:00","mainEntityOfPage":{"@id":"https:\/\/dana.com.br\/canaldana\/2023\/01\/10\/sem-falta-de-carros-problema-agora-e-escassez-de-credito\/"},"wordCount":521,"articleSection":["Destaques"],"inLanguage":"pt-BR"},{"@type":"WebPage","@id":"https:\/\/dana.com.br\/canaldana\/2023\/01\/10\/sem-falta-de-carros-problema-agora-e-escassez-de-credito\/","url":"https:\/\/dana.com.br\/canaldana\/2023\/01\/10\/sem-falta-de-carros-problema-agora-e-escassez-de-credito\/","name":"Sem falta de carros, problema agora \u00e9 escassez de cr\u00e9dito - Canal Dana","isPartOf":{"@id":"https:\/\/dana.com.br\/canaldana\/#website"},"datePublished":"2023-01-10T11:33:33+00:00","author":{"@id":"https:\/\/dana.com.br\/canaldana\/#\/schema\/person\/3c21f22f56fcf3bc46b94bc60ea4fef6"},"breadcrumb":{"@id":"https:\/\/dana.com.br\/canaldana\/2023\/01\/10\/sem-falta-de-carros-problema-agora-e-escassez-de-credito\/#breadcrumb"},"inLanguage":"pt-BR","potentialAction":[{"@type":"ReadAction","target":["https:\/\/dana.com.br\/canaldana\/2023\/01\/10\/sem-falta-de-carros-problema-agora-e-escassez-de-credito\/"]}]},{"@type":"BreadcrumbList","@id":"https:\/\/dana.com.br\/canaldana\/2023\/01\/10\/sem-falta-de-carros-problema-agora-e-escassez-de-credito\/#breadcrumb","itemListElement":[{"@type":"ListItem","position":1,"name":"Home","item":"https:\/\/dana.com.br\/canaldana\/"},{"@type":"ListItem","position":2,"name":"Destaques","item":"https:\/\/dana.com.br\/canaldana\/destaques\/"},{"@type":"ListItem","position":3,"name":"Sem falta de carros, problema agora \u00e9 escassez de cr\u00e9dito"}]},{"@type":"WebSite","@id":"https:\/\/dana.com.br\/canaldana\/#website","url":"https:\/\/dana.com.br\/canaldana\/","name":"Canal Dana","description":"Informativo com as principais not\u00edcias da ind\u00fastria automotiva","potentialAction":[{"@type":"SearchAction","target":{"@type":"EntryPoint","urlTemplate":"https:\/\/dana.com.br\/canaldana\/?s={search_term_string}"},"query-input":{"@type":"PropertyValueSpecification","valueRequired":true,"valueName":"search_term_string"}}],"inLanguage":"pt-BR"},{"@type":"Person","@id":"https:\/\/dana.com.br\/canaldana\/#\/schema\/person\/3c21f22f56fcf3bc46b94bc60ea4fef6","name":"Canal Dana","image":{"@type":"ImageObject","inLanguage":"pt-BR","@id":"https:\/\/secure.gravatar.com\/avatar\/420aaf9278582877d9018637c6817617705899d2858d7572ef0fe59a6b6454b4?s=96&d=mm&r=g","url":"https:\/\/secure.gravatar.com\/avatar\/420aaf9278582877d9018637c6817617705899d2858d7572ef0fe59a6b6454b4?s=96&d=mm&r=g","contentUrl":"https:\/\/secure.gravatar.com\/avatar\/420aaf9278582877d9018637c6817617705899d2858d7572ef0fe59a6b6454b4?s=96&d=mm&r=g","caption":"Canal Dana"},"url":"https:\/\/dana.com.br\/canaldana\/author\/cdeditor\/"}]}},"_links":{"self":[{"href":"https:\/\/dana.com.br\/canaldana\/wp-json\/wp\/v2\/posts\/63071","targetHints":{"allow":["GET"]}}],"collection":[{"href":"https:\/\/dana.com.br\/canaldana\/wp-json\/wp\/v2\/posts"}],"about":[{"href":"https:\/\/dana.com.br\/canaldana\/wp-json\/wp\/v2\/types\/post"}],"author":[{"embeddable":true,"href":"https:\/\/dana.com.br\/canaldana\/wp-json\/wp\/v2\/users\/3"}],"replies":[{"embeddable":true,"href":"https:\/\/dana.com.br\/canaldana\/wp-json\/wp\/v2\/comments?post=63071"}],"version-history":[{"count":0,"href":"https:\/\/dana.com.br\/canaldana\/wp-json\/wp\/v2\/posts\/63071\/revisions"}],"wp:attachment":[{"href":"https:\/\/dana.com.br\/canaldana\/wp-json\/wp\/v2\/media?parent=63071"}],"wp:term":[{"taxonomy":"category","embeddable":true,"href":"https:\/\/dana.com.br\/canaldana\/wp-json\/wp\/v2\/categories?post=63071"},{"taxonomy":"post_tag","embeddable":true,"href":"https:\/\/dana.com.br\/canaldana\/wp-json\/wp\/v2\/tags?post=63071"}],"curies":[{"name":"wp","href":"https:\/\/api.w.org\/{rel}","templated":true}]}}