{"id":63051,"date":"2023-01-10T08:27:48","date_gmt":"2023-01-10T11:27:48","guid":{"rendered":"https:\/\/dana.com.br\/canaldana\/?p=63051"},"modified":"2023-01-10T08:27:48","modified_gmt":"2023-01-10T11:27:48","slug":"argentina-fecha-ano-com-vendas-estaveis","status":"publish","type":"post","link":"https:\/\/dana.com.br\/canaldana\/2023\/01\/10\/argentina-fecha-ano-com-vendas-estaveis\/","title":{"rendered":"Argentina fecha ano com vendas est\u00e1veis"},"content":{"rendered":"<p><em>Truck &amp; Bus Builder Am\u00e9rica do Sul<\/em><\/p>\n<p>&nbsp;<\/p>\n<p>De acordo com dados divulgados pela SIOMMA e Acara (Associa\u00e7\u00e3o dos Concession\u00e1rios de Automotores da Rep\u00fablica Argentina), o mercado argentino de ve\u00edculos comerciais fechou 2022 praticamente est\u00e1vel, com a venda de 14.666 ve\u00edculos pesados (caminh\u00f5es e \u00f4nibus) e queda de 0,6% em compara\u00e7\u00e3o com as 14.761 unidades do ano anterior.<\/p>\n<p>&nbsp;<\/p>\n<p>O presidente da Acara, Ricardo Salom\u00e9, considerou o resultado positivo. No \u00faltimo m\u00eas do ano foram vendidos 618 ve\u00edculos pesados, com queda de 15,7% em compara\u00e7\u00e3o com os 734 comercializados em dezembro de 2021.<\/p>\n<p>&nbsp;<\/p>\n<p>Entre as marcas, a Mercedes-Benz, mais uma vez, ocupou a lideran\u00e7a, com 5.639 ve\u00edculos vendidos, mas vem perdendo importante parcela do mercado para a IVECO, que cresceu 15,9% e atingiu 4.806 unidades.<\/p>\n<p>&nbsp;<\/p>\n<p>O desempenho da Mercedes-Benz reflete uma queda de 2,5% em rela\u00e7\u00e3o \u00e0s vendas de 2021, quando atingiu 5.781 unidades. No ano anterior, a IVECO havia comercializado 4.147 unidades. Com isso, a diferen\u00e7a que era de 1.634 unidades, em 2021, caiu quase pela metade, para 833 ve\u00edculos.<\/p>\n<p>&nbsp;<\/p>\n<p>Em terceiro lugar aparece a Scania, com 1.705 unidades e crescimento de 7,6% sobre as 1.585 unidades do per\u00edodo anterior.<\/p>\n<p>&nbsp;<\/p>\n<p>Outra empresa que tem apresentado crescimento constante \u00e9 a Agrale, que cresceu 15,2% e fechou o ano na quarta posi\u00e7\u00e3o, com 810 unidades (contra 703 unidades de 2021), \u00e0 frente da Volvo, com 765 ve\u00edculos faturados e queda de 8,3% em rela\u00e7\u00e3o \u00e0 833 unidades vendidas em 2021.<\/p>\n<p>&nbsp;<\/p>\n<p>A Volkswagen Argentina foi a empresa que apresentou a maior queda, 57,7%, com vendas acumuladas de 501 ve\u00edculos no ano contra 1.183 unidades do ano anterior. (Truck &amp; Bus Builder Am\u00e9rica do Sul)<\/p>\n","protected":false},"excerpt":{"rendered":"<p>Truck &amp; Bus Builder Am\u00e9rica do Sul &nbsp; De acordo com dados divulgados pela SIOMMA e Acara (Associa\u00e7\u00e3o dos Concession\u00e1rios de Automotores da Rep\u00fablica Argentina), o mercado argentino de ve\u00edculos comerciais fechou 2022 praticamente est\u00e1vel, com a venda de 14.666 ve\u00edculos pesados (caminh\u00f5es e \u00f4nibus) e queda de 0,6% em compara\u00e7\u00e3o com as 14.761 unidades\u2026 <a class=\"readmore\" href=\"https:\/\/dana.com.br\/canaldana\/2023\/01\/10\/argentina-fecha-ano-com-vendas-estaveis\/\">Leia mais \u00bb<\/a><\/p>\n","protected":false},"author":3,"featured_media":0,"comment_status":"closed","ping_status":"closed","sticky":false,"template":"","format":"standard","meta":{"_acf_changed":false,"footnotes":""},"categories":[79],"tags":[],"class_list":["post-63051","post","type-post","status-publish","format-standard","hentry","category-mercado"],"acf":[],"yoast_head":"<!-- This site is optimized with the Yoast SEO plugin v27.3 - https:\/\/yoast.com\/product\/yoast-seo-wordpress\/ -->\n<title>Argentina fecha ano com vendas est\u00e1veis - Canal Dana<\/title>\n<meta name=\"robots\" content=\"index, follow, max-snippet:-1, max-image-preview:large, max-video-preview:-1\" \/>\n<link rel=\"canonical\" href=\"https:\/\/dana.com.br\/canaldana\/2023\/01\/10\/argentina-fecha-ano-com-vendas-estaveis\/\" \/>\n<meta property=\"og:locale\" content=\"pt_BR\" \/>\n<meta property=\"og:type\" content=\"article\" \/>\n<meta property=\"og:title\" content=\"Argentina fecha ano com vendas est\u00e1veis - Canal Dana\" \/>\n<meta property=\"og:description\" content=\"Truck &amp; Bus Builder Am\u00e9rica do Sul &nbsp; De acordo com dados divulgados pela SIOMMA e Acara (Associa\u00e7\u00e3o dos Concession\u00e1rios de Automotores da Rep\u00fablica Argentina), o mercado argentino de ve\u00edculos comerciais fechou 2022 praticamente est\u00e1vel, com a venda de 14.666 ve\u00edculos pesados (caminh\u00f5es e \u00f4nibus) e queda de 0,6% em compara\u00e7\u00e3o com as 14.761 unidades\u2026 Leia mais \u00bb\" \/>\n<meta property=\"og:url\" content=\"https:\/\/dana.com.br\/canaldana\/2023\/01\/10\/argentina-fecha-ano-com-vendas-estaveis\/\" \/>\n<meta property=\"og:site_name\" content=\"Canal Dana\" \/>\n<meta property=\"article:published_time\" content=\"2023-01-10T11:27:48+00:00\" \/>\n<meta name=\"author\" content=\"Canal Dana\" \/>\n<meta name=\"twitter:card\" content=\"summary_large_image\" \/>\n<meta name=\"twitter:label1\" content=\"Escrito por\" \/>\n\t<meta name=\"twitter:data1\" content=\"Canal Dana\" \/>\n\t<meta name=\"twitter:label2\" content=\"Est. tempo de leitura\" \/>\n\t<meta name=\"twitter:data2\" content=\"1 minuto\" \/>\n<script type=\"application\/ld+json\" class=\"yoast-schema-graph\">{\"@context\":\"https:\\\/\\\/schema.org\",\"@graph\":[{\"@type\":\"Article\",\"@id\":\"https:\\\/\\\/dana.com.br\\\/canaldana\\\/2023\\\/01\\\/10\\\/argentina-fecha-ano-com-vendas-estaveis\\\/#article\",\"isPartOf\":{\"@id\":\"https:\\\/\\\/dana.com.br\\\/canaldana\\\/2023\\\/01\\\/10\\\/argentina-fecha-ano-com-vendas-estaveis\\\/\"},\"author\":{\"name\":\"Canal Dana\",\"@id\":\"https:\\\/\\\/dana.com.br\\\/canaldana\\\/#\\\/schema\\\/person\\\/3c21f22f56fcf3bc46b94bc60ea4fef6\"},\"headline\":\"Argentina fecha ano com vendas est\u00e1veis\",\"datePublished\":\"2023-01-10T11:27:48+00:00\",\"mainEntityOfPage\":{\"@id\":\"https:\\\/\\\/dana.com.br\\\/canaldana\\\/2023\\\/01\\\/10\\\/argentina-fecha-ano-com-vendas-estaveis\\\/\"},\"wordCount\":272,\"articleSection\":[\"Mercado\"],\"inLanguage\":\"pt-BR\"},{\"@type\":\"WebPage\",\"@id\":\"https:\\\/\\\/dana.com.br\\\/canaldana\\\/2023\\\/01\\\/10\\\/argentina-fecha-ano-com-vendas-estaveis\\\/\",\"url\":\"https:\\\/\\\/dana.com.br\\\/canaldana\\\/2023\\\/01\\\/10\\\/argentina-fecha-ano-com-vendas-estaveis\\\/\",\"name\":\"Argentina fecha ano com vendas est\u00e1veis - Canal Dana\",\"isPartOf\":{\"@id\":\"https:\\\/\\\/dana.com.br\\\/canaldana\\\/#website\"},\"datePublished\":\"2023-01-10T11:27:48+00:00\",\"author\":{\"@id\":\"https:\\\/\\\/dana.com.br\\\/canaldana\\\/#\\\/schema\\\/person\\\/3c21f22f56fcf3bc46b94bc60ea4fef6\"},\"breadcrumb\":{\"@id\":\"https:\\\/\\\/dana.com.br\\\/canaldana\\\/2023\\\/01\\\/10\\\/argentina-fecha-ano-com-vendas-estaveis\\\/#breadcrumb\"},\"inLanguage\":\"pt-BR\",\"potentialAction\":[{\"@type\":\"ReadAction\",\"target\":[\"https:\\\/\\\/dana.com.br\\\/canaldana\\\/2023\\\/01\\\/10\\\/argentina-fecha-ano-com-vendas-estaveis\\\/\"]}]},{\"@type\":\"BreadcrumbList\",\"@id\":\"https:\\\/\\\/dana.com.br\\\/canaldana\\\/2023\\\/01\\\/10\\\/argentina-fecha-ano-com-vendas-estaveis\\\/#breadcrumb\",\"itemListElement\":[{\"@type\":\"ListItem\",\"position\":1,\"name\":\"Home\",\"item\":\"https:\\\/\\\/dana.com.br\\\/canaldana\\\/\"},{\"@type\":\"ListItem\",\"position\":2,\"name\":\"Mercado\",\"item\":\"https:\\\/\\\/dana.com.br\\\/canaldana\\\/mercado\\\/\"},{\"@type\":\"ListItem\",\"position\":3,\"name\":\"Argentina fecha ano com vendas est\u00e1veis\"}]},{\"@type\":\"WebSite\",\"@id\":\"https:\\\/\\\/dana.com.br\\\/canaldana\\\/#website\",\"url\":\"https:\\\/\\\/dana.com.br\\\/canaldana\\\/\",\"name\":\"Canal Dana\",\"description\":\"Informativo com as principais not\u00edcias da ind\u00fastria automotiva\",\"potentialAction\":[{\"@type\":\"SearchAction\",\"target\":{\"@type\":\"EntryPoint\",\"urlTemplate\":\"https:\\\/\\\/dana.com.br\\\/canaldana\\\/?s={search_term_string}\"},\"query-input\":{\"@type\":\"PropertyValueSpecification\",\"valueRequired\":true,\"valueName\":\"search_term_string\"}}],\"inLanguage\":\"pt-BR\"},{\"@type\":\"Person\",\"@id\":\"https:\\\/\\\/dana.com.br\\\/canaldana\\\/#\\\/schema\\\/person\\\/3c21f22f56fcf3bc46b94bc60ea4fef6\",\"name\":\"Canal Dana\",\"image\":{\"@type\":\"ImageObject\",\"inLanguage\":\"pt-BR\",\"@id\":\"https:\\\/\\\/secure.gravatar.com\\\/avatar\\\/420aaf9278582877d9018637c6817617705899d2858d7572ef0fe59a6b6454b4?s=96&d=mm&r=g\",\"url\":\"https:\\\/\\\/secure.gravatar.com\\\/avatar\\\/420aaf9278582877d9018637c6817617705899d2858d7572ef0fe59a6b6454b4?s=96&d=mm&r=g\",\"contentUrl\":\"https:\\\/\\\/secure.gravatar.com\\\/avatar\\\/420aaf9278582877d9018637c6817617705899d2858d7572ef0fe59a6b6454b4?s=96&d=mm&r=g\",\"caption\":\"Canal Dana\"},\"url\":\"https:\\\/\\\/dana.com.br\\\/canaldana\\\/author\\\/cdeditor\\\/\"}]}<\/script>\n<!-- \/ Yoast SEO plugin. -->","yoast_head_json":{"title":"Argentina fecha ano com vendas est\u00e1veis - Canal Dana","robots":{"index":"index","follow":"follow","max-snippet":"max-snippet:-1","max-image-preview":"max-image-preview:large","max-video-preview":"max-video-preview:-1"},"canonical":"https:\/\/dana.com.br\/canaldana\/2023\/01\/10\/argentina-fecha-ano-com-vendas-estaveis\/","og_locale":"pt_BR","og_type":"article","og_title":"Argentina fecha ano com vendas est\u00e1veis - Canal Dana","og_description":"Truck &amp; Bus Builder Am\u00e9rica do Sul &nbsp; De acordo com dados divulgados pela SIOMMA e Acara (Associa\u00e7\u00e3o dos Concession\u00e1rios de Automotores da Rep\u00fablica Argentina), o mercado argentino de ve\u00edculos comerciais fechou 2022 praticamente est\u00e1vel, com a venda de 14.666 ve\u00edculos pesados (caminh\u00f5es e \u00f4nibus) e queda de 0,6% em compara\u00e7\u00e3o com as 14.761 unidades\u2026 Leia mais \u00bb","og_url":"https:\/\/dana.com.br\/canaldana\/2023\/01\/10\/argentina-fecha-ano-com-vendas-estaveis\/","og_site_name":"Canal Dana","article_published_time":"2023-01-10T11:27:48+00:00","author":"Canal Dana","twitter_card":"summary_large_image","twitter_misc":{"Escrito por":"Canal Dana","Est. tempo de leitura":"1 minuto"},"schema":{"@context":"https:\/\/schema.org","@graph":[{"@type":"Article","@id":"https:\/\/dana.com.br\/canaldana\/2023\/01\/10\/argentina-fecha-ano-com-vendas-estaveis\/#article","isPartOf":{"@id":"https:\/\/dana.com.br\/canaldana\/2023\/01\/10\/argentina-fecha-ano-com-vendas-estaveis\/"},"author":{"name":"Canal Dana","@id":"https:\/\/dana.com.br\/canaldana\/#\/schema\/person\/3c21f22f56fcf3bc46b94bc60ea4fef6"},"headline":"Argentina fecha ano com vendas est\u00e1veis","datePublished":"2023-01-10T11:27:48+00:00","mainEntityOfPage":{"@id":"https:\/\/dana.com.br\/canaldana\/2023\/01\/10\/argentina-fecha-ano-com-vendas-estaveis\/"},"wordCount":272,"articleSection":["Mercado"],"inLanguage":"pt-BR"},{"@type":"WebPage","@id":"https:\/\/dana.com.br\/canaldana\/2023\/01\/10\/argentina-fecha-ano-com-vendas-estaveis\/","url":"https:\/\/dana.com.br\/canaldana\/2023\/01\/10\/argentina-fecha-ano-com-vendas-estaveis\/","name":"Argentina fecha ano com vendas est\u00e1veis - Canal Dana","isPartOf":{"@id":"https:\/\/dana.com.br\/canaldana\/#website"},"datePublished":"2023-01-10T11:27:48+00:00","author":{"@id":"https:\/\/dana.com.br\/canaldana\/#\/schema\/person\/3c21f22f56fcf3bc46b94bc60ea4fef6"},"breadcrumb":{"@id":"https:\/\/dana.com.br\/canaldana\/2023\/01\/10\/argentina-fecha-ano-com-vendas-estaveis\/#breadcrumb"},"inLanguage":"pt-BR","potentialAction":[{"@type":"ReadAction","target":["https:\/\/dana.com.br\/canaldana\/2023\/01\/10\/argentina-fecha-ano-com-vendas-estaveis\/"]}]},{"@type":"BreadcrumbList","@id":"https:\/\/dana.com.br\/canaldana\/2023\/01\/10\/argentina-fecha-ano-com-vendas-estaveis\/#breadcrumb","itemListElement":[{"@type":"ListItem","position":1,"name":"Home","item":"https:\/\/dana.com.br\/canaldana\/"},{"@type":"ListItem","position":2,"name":"Mercado","item":"https:\/\/dana.com.br\/canaldana\/mercado\/"},{"@type":"ListItem","position":3,"name":"Argentina fecha ano com vendas est\u00e1veis"}]},{"@type":"WebSite","@id":"https:\/\/dana.com.br\/canaldana\/#website","url":"https:\/\/dana.com.br\/canaldana\/","name":"Canal Dana","description":"Informativo com as principais not\u00edcias da ind\u00fastria automotiva","potentialAction":[{"@type":"SearchAction","target":{"@type":"EntryPoint","urlTemplate":"https:\/\/dana.com.br\/canaldana\/?s={search_term_string}"},"query-input":{"@type":"PropertyValueSpecification","valueRequired":true,"valueName":"search_term_string"}}],"inLanguage":"pt-BR"},{"@type":"Person","@id":"https:\/\/dana.com.br\/canaldana\/#\/schema\/person\/3c21f22f56fcf3bc46b94bc60ea4fef6","name":"Canal Dana","image":{"@type":"ImageObject","inLanguage":"pt-BR","@id":"https:\/\/secure.gravatar.com\/avatar\/420aaf9278582877d9018637c6817617705899d2858d7572ef0fe59a6b6454b4?s=96&d=mm&r=g","url":"https:\/\/secure.gravatar.com\/avatar\/420aaf9278582877d9018637c6817617705899d2858d7572ef0fe59a6b6454b4?s=96&d=mm&r=g","contentUrl":"https:\/\/secure.gravatar.com\/avatar\/420aaf9278582877d9018637c6817617705899d2858d7572ef0fe59a6b6454b4?s=96&d=mm&r=g","caption":"Canal Dana"},"url":"https:\/\/dana.com.br\/canaldana\/author\/cdeditor\/"}]}},"_links":{"self":[{"href":"https:\/\/dana.com.br\/canaldana\/wp-json\/wp\/v2\/posts\/63051","targetHints":{"allow":["GET"]}}],"collection":[{"href":"https:\/\/dana.com.br\/canaldana\/wp-json\/wp\/v2\/posts"}],"about":[{"href":"https:\/\/dana.com.br\/canaldana\/wp-json\/wp\/v2\/types\/post"}],"author":[{"embeddable":true,"href":"https:\/\/dana.com.br\/canaldana\/wp-json\/wp\/v2\/users\/3"}],"replies":[{"embeddable":true,"href":"https:\/\/dana.com.br\/canaldana\/wp-json\/wp\/v2\/comments?post=63051"}],"version-history":[{"count":0,"href":"https:\/\/dana.com.br\/canaldana\/wp-json\/wp\/v2\/posts\/63051\/revisions"}],"wp:attachment":[{"href":"https:\/\/dana.com.br\/canaldana\/wp-json\/wp\/v2\/media?parent=63051"}],"wp:term":[{"taxonomy":"category","embeddable":true,"href":"https:\/\/dana.com.br\/canaldana\/wp-json\/wp\/v2\/categories?post=63051"},{"taxonomy":"post_tag","embeddable":true,"href":"https:\/\/dana.com.br\/canaldana\/wp-json\/wp\/v2\/tags?post=63051"}],"curies":[{"name":"wp","href":"https:\/\/api.w.org\/{rel}","templated":true}]}}